{"id":69872,"date":"2022-03-29T11:21:12","date_gmt":"2022-03-29T11:21:12","guid":{"rendered":"http:\/\/www.noticiasradioreflejos.com.ar\/2021\/?p=69872"},"modified":"2022-03-29T11:21:12","modified_gmt":"2022-03-29T11:21:12","slug":"senadores-del-fdt-presentaron-un-proyecto-para-pagar-deuda-con-dinero-fugado","status":"publish","type":"post","link":"https:\/\/www.noticiasradioreflejos.com.ar\/2021\/senadores-del-fdt-presentaron-un-proyecto-para-pagar-deuda-con-dinero-fugado\/","title":{"rendered":"Senadores del FdT presentaron un proyecto para pagar deuda con dinero fugado"},"content":{"rendered":"<p>El bloque del Frente de Todos impulsa la creaci\u00f3n de un \u00abFondo Nacional para la cancelaci\u00f3n de la deuda con el FMI\u00bb para quienes tienen bienes no declarados fuera del pa\u00eds.<br \/>\n<!--more--><\/p>\n<figure class=\"mb-3\"><img decoding=\"async\" src=\"https:\/\/www.telam.com.ar\/thumbs\/bluesteel\/advf\/imagenes\/2022\/03\/62339729ebec0_900.jpg\" alt=\"El oficialismo impulsa un fondo para pagar la deuda con el FMI \" width=\"100%\" height=\"100%\" \/><\/p>\n<div class=\"media-icons\"><\/div><figcaption>El oficialismo impulsa un fondo para pagar la deuda con el FMI.<\/figcaption><\/figure>\n<p>Con el respaldo del Gobierno y un pedido de colaboraci\u00f3n a Estados Unidos efectuado por la vicepresidenta Cristina Fern\u00e1ndez de Kirchner, el bloque de senadores nacionales del Frente de Todos present\u00f3 este lunes un proyecto de ley que propone crear un \u00abFondo Nacional para la cancelaci\u00f3n de la deuda con el FMI\u00bb con \u00abun aporte especial de emergencia\u00bb de aquellas personas que tengan bienes en el exterior \u00abque fueron fugados y no est\u00e1n declarados ante el fisco\u00bb.<\/p>\n<p><strong>La iniciativa fue presentada luego de que el Gobierno firmara el acuerdo con el organismo multilateral de cr\u00e9dito para modificar los plazos de devoluci\u00f3n del cr\u00e9dito de m\u00e1s de 44 mil millones de d\u00f3lares adquirido durante el gobierno del expresidente Mauricio Macri,<\/strong>\u00a0que recibi\u00f3 el aval parlamentario y la reciente ratificaci\u00f3n del FMI.<\/p>\n<p>Seg\u00fan el documento difundido este lunes, el aporte \u00abno representar\u00e1 una nueva carga impositiva para la mayor\u00eda de los argentinos y argentinas, ya que s\u00f3lo le corresponder\u00e1 pagar a quienes tengan bienes en el exterior y est\u00e9n evadiendo impuestos o lavando dinero\u00bb.<\/p>\n<p><strong>Los alcanzados por esta iniciativa deber\u00e1n realizar un aporte del 20% de sus bienes no declarados<\/strong>, porci\u00f3n que deber\u00e1 ser abonada en d\u00f3lares.<\/p>\n<p>Casi en simult\u00e1neo con la presentaci\u00f3n del proyecto, la titular del Senado recibi\u00f3 en su despacho del Congreso al embajador de Estados Unidos en la Argentina, Mark Stanley.<\/p>\n<p><strong>\u00abRecib\u00ed en el Senado a Marc R. Stanley, embajador de los Estados Unidos. Conversamos sobre distintos temas de inter\u00e9s com\u00fan: lavado de dinero, trata de personas y derechos humanos\u00bb,<\/strong>\u00a0inform\u00f3 la expresidenta en su cuenta de Twitter.<\/p>\n<p>\u00abAdem\u00e1s -agreg\u00f3- le solicit\u00e9 la colaboraci\u00f3n de su pa\u00eds con el proyecto de ley que presentaron hoy los<\/p>\n<p>senadores del Frente de Todos para crear un Fondo Nacional para la cancelaci\u00f3n de la deuda con el FMI, con recursos recuperados en el exterior del lavado y la evasi\u00f3n\u00bb.<\/p>\n<p>https:\/\/twitter.com\/gabicerru\/status\/1508511329757315091?ref_src=twsrc%5Etfw%7Ctwcamp%5Etweetembed%7Ctwterm%5E1508511329757315091%7Ctwgr%5E%7Ctwcon%5Es1_c10&#038;ref_url=https%3A%2F%2Fwww.telam.com.ar%2Fnotas%2F202203%2F587773-senado-pago-deuda-dinero-fugado.html<\/p>\n<p>A su vez, la portavoz de la Presidencia, Gabriela<strong>\u00a0Cerruti, resalt\u00f3 en su cuenta de Twitter que \u00abel Gobierno nacional valora la iniciativa del Bloque de Senadores del Frente de Todos que impulsa la creaci\u00f3n de un aporte especial de emergencia para quienes tengan bienes en el exterior no declarados\u00bb.<\/strong><\/p>\n<p>\u00abEste Fondo, basado en un estricto sentido de justicia distributiva, contribuir\u00e1 a la cancelaci\u00f3n de la deuda con el FMI tomada por Mauricio Macri\u00bb, a\u00f1adi\u00f3 la portavoz.<\/p>\n<p>Seg\u00fan se indica en el proyecto de los senadores, se estima que hay casi 420 mil millones de d\u00f3lares de argentinos \u00aben el exterior y\/o fuera del sistema financiero institucionalizado de nuestro pa\u00eds\u00bb, de los cuales est\u00e1 declarada aproximadamente solo una sexta parte.<\/p>\n<p><strong>El proyecto indica que \u00aben el caso de declarar los bienes pasados los seis meses de la entrada en vigencia de la ley, la al\u00edcuota subir\u00e1 al 35%\u00bb, y agrega que quienes no se allanen al pago de este aporte \u00abcorren el riesgo de tener una pena en prisi\u00f3n\u00bb,<\/strong>\u00a0tal como lo estipula la ley vigente.<\/p>\n<p>La norma tambi\u00e9n alcanzar\u00e1 a quienes hayan hecho un cambio de residencia fiscal a otro pa\u00eds, \u00abcuando el verdadero centro vital de intereses contin\u00fae siendo la Rep\u00fablica Argentina\u00bb.<\/p>\n<p><strong>Los senadores oficialistas proponen tambi\u00e9n usar la figura del \u00abcolaborador\u00bb, que se aplicar\u00e1 a quienes faciliten el hallazgo de bienes no declarados.<\/strong><\/p>\n<p>Podr\u00e1n colaborar tanto las personas f\u00edsicas como tambi\u00e9n las entidades bancarias, que ser\u00e1n liberadas de cualquier acuerdo de confidencialidad con el evasor.<\/p>\n<p>Los que ayuden a este fin ser\u00e1n premiados con hasta el 30% de lo que se obtenga por la informaci\u00f3n aportada.<\/p>\n<p>En ese sentido, para poner en vigencia esa figura se inform\u00f3 que<strong>\u00a0\u00abse presentar\u00e1 otra iniciativa que modifique las excepciones al secreto bancario, burs\u00e1til y fiscal\u00bb, lo que le permitir\u00eda a los fiscales a cargo de la investigaci\u00f3n de la causa no tener que esperar la autorizaci\u00f3n de un juez para acceder a esa informaci\u00f3n.<\/strong><\/p>\n<p>A trav\u00e9s de sus considerandos, los legisladores oficialistas aseguran que \u00abal 31 de diciembre de 2021, seg\u00fan las estad\u00edsticas oficiales, hay 417.507 millones de d\u00f3lares de argentinos en el exterior y\/o fuera del sistema financiero institucionalizado de nuestro pa\u00eds\u00bb y afirman que \u00abde ellos se encuentran declarados ante la AFIP solo 69.000 millones de d\u00f3lares\u00bb.<\/p>\n<p><strong>\u00abQuienes se beneficiaron con los recursos del FMI, fugaron divisas de la Argentina y no las declararon -acto profundamente lesivo para los contribuyentes de nuestra Naci\u00f3n- son los que deben hacer el mayor esfuerzo contributivo y a quienes en definitiva apunta este proyecto de ley para amortizar la deuda con el FMI. Es un acto de estricta justicia distributiva, tributaria e hist\u00f3rica\u00bb,<\/strong>\u00a0subraya el comunicado.<\/p>\n","protected":false},"excerpt":{"rendered":"<p>El bloque del Frente de Todos impulsa la creaci\u00f3n de un \u00abFondo Nacional para la cancelaci\u00f3n de la deuda con el FMI\u00bb para quienes tienen bienes no declarados fuera del pa\u00eds.<\/p>\n","protected":false},"author":3,"featured_media":0,"comment_status":"closed","ping_status":"closed","sticky":false,"template":"","format":"standard","meta":{"footnotes":""},"categories":[24],"tags":[],"class_list":["post-69872","post","type-post","status-publish","format-standard","hentry","category-politica"],"yoast_head":"<!-- This site is optimized with the Yoast SEO plugin v25.9 - https:\/\/yoast.com\/wordpress\/plugins\/seo\/ -->\n<title>Senadores del FdT presentaron un proyecto para pagar deuda con dinero fugado - Noticias Radio Reflejos<\/title>\n<meta name=\"robots\" content=\"index, follow, max-snippet:-1, max-image-preview:large, max-video-preview:-1\" \/>\n<link rel=\"canonical\" href=\"https:\/\/www.noticiasradioreflejos.com.ar\/2021\/senadores-del-fdt-presentaron-un-proyecto-para-pagar-deuda-con-dinero-fugado\/\" \/>\n<meta property=\"og:locale\" content=\"es_ES\" \/>\n<meta property=\"og:type\" content=\"article\" \/>\n<meta property=\"og:title\" content=\"Senadores del FdT presentaron un proyecto para pagar deuda con dinero fugado - Noticias Radio Reflejos\" \/>\n<meta property=\"og:description\" content=\"El bloque del Frente de Todos impulsa la creaci\u00f3n de un \u00abFondo Nacional para la cancelaci\u00f3n de la deuda con el FMI\u00bb para quienes tienen bienes no declarados fuera del pa\u00eds.\" \/>\n<meta property=\"og:url\" content=\"https:\/\/www.noticiasradioreflejos.com.ar\/2021\/senadores-del-fdt-presentaron-un-proyecto-para-pagar-deuda-con-dinero-fugado\/\" \/>\n<meta property=\"og:site_name\" content=\"Noticias Radio Reflejos\" \/>\n<meta property=\"article:published_time\" content=\"2022-03-29T11:21:12+00:00\" \/>\n<meta property=\"og:image\" content=\"https:\/\/www.telam.com.ar\/thumbs\/bluesteel\/advf\/imagenes\/2022\/03\/62339729ebec0_900.jpg\" \/>\n<meta name=\"author\" content=\"Arnaldo Botto\" \/>\n<meta name=\"twitter:card\" content=\"summary_large_image\" \/>\n<script type=\"application\/ld+json\" class=\"yoast-schema-graph\">{\"@context\":\"https:\/\/schema.org\",\"@graph\":[{\"@type\":\"WebPage\",\"@id\":\"https:\/\/www.noticiasradioreflejos.com.ar\/2021\/senadores-del-fdt-presentaron-un-proyecto-para-pagar-deuda-con-dinero-fugado\/\",\"url\":\"https:\/\/www.noticiasradioreflejos.com.ar\/2021\/senadores-del-fdt-presentaron-un-proyecto-para-pagar-deuda-con-dinero-fugado\/\",\"name\":\"Senadores del FdT presentaron un proyecto para pagar deuda con dinero fugado - Noticias Radio Reflejos\",\"isPartOf\":{\"@id\":\"https:\/\/www.noticiasradioreflejos.com.ar\/2021\/#website\"},\"primaryImageOfPage\":{\"@id\":\"https:\/\/www.noticiasradioreflejos.com.ar\/2021\/senadores-del-fdt-presentaron-un-proyecto-para-pagar-deuda-con-dinero-fugado\/#primaryimage\"},\"image\":{\"@id\":\"https:\/\/www.noticiasradioreflejos.com.ar\/2021\/senadores-del-fdt-presentaron-un-proyecto-para-pagar-deuda-con-dinero-fugado\/#primaryimage\"},\"thumbnailUrl\":\"https:\/\/www.telam.com.ar\/thumbs\/bluesteel\/advf\/imagenes\/2022\/03\/62339729ebec0_900.jpg\",\"datePublished\":\"2022-03-29T11:21:12+00:00\",\"author\":{\"@id\":\"https:\/\/www.noticiasradioreflejos.com.ar\/2021\/#\/schema\/person\/ad82545263dcc5ec0996818884fd5fb1\"},\"breadcrumb\":{\"@id\":\"https:\/\/www.noticiasradioreflejos.com.ar\/2021\/senadores-del-fdt-presentaron-un-proyecto-para-pagar-deuda-con-dinero-fugado\/#breadcrumb\"},\"inLanguage\":\"es\",\"potentialAction\":[{\"@type\":\"ReadAction\",\"target\":[\"https:\/\/www.noticiasradioreflejos.com.ar\/2021\/senadores-del-fdt-presentaron-un-proyecto-para-pagar-deuda-con-dinero-fugado\/\"]}]},{\"@type\":\"ImageObject\",\"inLanguage\":\"es\",\"@id\":\"https:\/\/www.noticiasradioreflejos.com.ar\/2021\/senadores-del-fdt-presentaron-un-proyecto-para-pagar-deuda-con-dinero-fugado\/#primaryimage\",\"url\":\"https:\/\/www.telam.com.ar\/thumbs\/bluesteel\/advf\/imagenes\/2022\/03\/62339729ebec0_900.jpg\",\"contentUrl\":\"https:\/\/www.telam.com.ar\/thumbs\/bluesteel\/advf\/imagenes\/2022\/03\/62339729ebec0_900.jpg\"},{\"@type\":\"BreadcrumbList\",\"@id\":\"https:\/\/www.noticiasradioreflejos.com.ar\/2021\/senadores-del-fdt-presentaron-un-proyecto-para-pagar-deuda-con-dinero-fugado\/#breadcrumb\",\"itemListElement\":[{\"@type\":\"ListItem\",\"position\":1,\"name\":\"Portada\",\"item\":\"https:\/\/www.noticiasradioreflejos.com.ar\/2021\/\"},{\"@type\":\"ListItem\",\"position\":2,\"name\":\"Senadores del FdT presentaron un proyecto para pagar deuda con dinero fugado\"}]},{\"@type\":\"WebSite\",\"@id\":\"https:\/\/www.noticiasradioreflejos.com.ar\/2021\/#website\",\"url\":\"https:\/\/www.noticiasradioreflejos.com.ar\/2021\/\",\"name\":\"Noticias Radio Reflejos\",\"description\":\"Las noticias de mi comarca\",\"potentialAction\":[{\"@type\":\"SearchAction\",\"target\":{\"@type\":\"EntryPoint\",\"urlTemplate\":\"https:\/\/www.noticiasradioreflejos.com.ar\/2021\/?s={search_term_string}\"},\"query-input\":{\"@type\":\"PropertyValueSpecification\",\"valueRequired\":true,\"valueName\":\"search_term_string\"}}],\"inLanguage\":\"es\"},{\"@type\":\"Person\",\"@id\":\"https:\/\/www.noticiasradioreflejos.com.ar\/2021\/#\/schema\/person\/ad82545263dcc5ec0996818884fd5fb1\",\"name\":\"Arnaldo Botto\",\"image\":{\"@type\":\"ImageObject\",\"inLanguage\":\"es\",\"@id\":\"https:\/\/www.noticiasradioreflejos.com.ar\/2021\/#\/schema\/person\/image\/\",\"url\":\"https:\/\/secure.gravatar.com\/avatar\/55cb5e37c1efa326397366e6974cb338056df65cb50e7d64d1cf314e87504837?s=96&d=mm&r=g\",\"contentUrl\":\"https:\/\/secure.gravatar.com\/avatar\/55cb5e37c1efa326397366e6974cb338056df65cb50e7d64d1cf314e87504837?s=96&d=mm&r=g\",\"caption\":\"Arnaldo Botto\"},\"url\":\"https:\/\/www.noticiasradioreflejos.com.ar\/2021\/author\/arnaldo\/\"}]}<\/script>\n<!-- \/ Yoast SEO plugin. -->","yoast_head_json":{"title":"Senadores del FdT presentaron un proyecto para pagar deuda con dinero fugado - Noticias Radio Reflejos","robots":{"index":"index","follow":"follow","max-snippet":"max-snippet:-1","max-image-preview":"max-image-preview:large","max-video-preview":"max-video-preview:-1"},"canonical":"https:\/\/www.noticiasradioreflejos.com.ar\/2021\/senadores-del-fdt-presentaron-un-proyecto-para-pagar-deuda-con-dinero-fugado\/","og_locale":"es_ES","og_type":"article","og_title":"Senadores del FdT presentaron un proyecto para pagar deuda con dinero fugado - Noticias Radio Reflejos","og_description":"El bloque del Frente de Todos impulsa la creaci\u00f3n de un \u00abFondo Nacional para la cancelaci\u00f3n de la deuda con el FMI\u00bb para quienes tienen bienes no declarados fuera del pa\u00eds.","og_url":"https:\/\/www.noticiasradioreflejos.com.ar\/2021\/senadores-del-fdt-presentaron-un-proyecto-para-pagar-deuda-con-dinero-fugado\/","og_site_name":"Noticias Radio Reflejos","article_published_time":"2022-03-29T11:21:12+00:00","og_image":[{"url":"https:\/\/www.telam.com.ar\/thumbs\/bluesteel\/advf\/imagenes\/2022\/03\/62339729ebec0_900.jpg","type":"","width":"","height":""}],"author":"Arnaldo Botto","twitter_card":"summary_large_image","schema":{"@context":"https:\/\/schema.org","@graph":[{"@type":"WebPage","@id":"https:\/\/www.noticiasradioreflejos.com.ar\/2021\/senadores-del-fdt-presentaron-un-proyecto-para-pagar-deuda-con-dinero-fugado\/","url":"https:\/\/www.noticiasradioreflejos.com.ar\/2021\/senadores-del-fdt-presentaron-un-proyecto-para-pagar-deuda-con-dinero-fugado\/","name":"Senadores del FdT presentaron un proyecto para pagar deuda con dinero fugado - Noticias Radio Reflejos","isPartOf":{"@id":"https:\/\/www.noticiasradioreflejos.com.ar\/2021\/#website"},"primaryImageOfPage":{"@id":"https:\/\/www.noticiasradioreflejos.com.ar\/2021\/senadores-del-fdt-presentaron-un-proyecto-para-pagar-deuda-con-dinero-fugado\/#primaryimage"},"image":{"@id":"https:\/\/www.noticiasradioreflejos.com.ar\/2021\/senadores-del-fdt-presentaron-un-proyecto-para-pagar-deuda-con-dinero-fugado\/#primaryimage"},"thumbnailUrl":"https:\/\/www.telam.com.ar\/thumbs\/bluesteel\/advf\/imagenes\/2022\/03\/62339729ebec0_900.jpg","datePublished":"2022-03-29T11:21:12+00:00","author":{"@id":"https:\/\/www.noticiasradioreflejos.com.ar\/2021\/#\/schema\/person\/ad82545263dcc5ec0996818884fd5fb1"},"breadcrumb":{"@id":"https:\/\/www.noticiasradioreflejos.com.ar\/2021\/senadores-del-fdt-presentaron-un-proyecto-para-pagar-deuda-con-dinero-fugado\/#breadcrumb"},"inLanguage":"es","potentialAction":[{"@type":"ReadAction","target":["https:\/\/www.noticiasradioreflejos.com.ar\/2021\/senadores-del-fdt-presentaron-un-proyecto-para-pagar-deuda-con-dinero-fugado\/"]}]},{"@type":"ImageObject","inLanguage":"es","@id":"https:\/\/www.noticiasradioreflejos.com.ar\/2021\/senadores-del-fdt-presentaron-un-proyecto-para-pagar-deuda-con-dinero-fugado\/#primaryimage","url":"https:\/\/www.telam.com.ar\/thumbs\/bluesteel\/advf\/imagenes\/2022\/03\/62339729ebec0_900.jpg","contentUrl":"https:\/\/www.telam.com.ar\/thumbs\/bluesteel\/advf\/imagenes\/2022\/03\/62339729ebec0_900.jpg"},{"@type":"BreadcrumbList","@id":"https:\/\/www.noticiasradioreflejos.com.ar\/2021\/senadores-del-fdt-presentaron-un-proyecto-para-pagar-deuda-con-dinero-fugado\/#breadcrumb","itemListElement":[{"@type":"ListItem","position":1,"name":"Portada","item":"https:\/\/www.noticiasradioreflejos.com.ar\/2021\/"},{"@type":"ListItem","position":2,"name":"Senadores del FdT presentaron un proyecto para pagar deuda con dinero fugado"}]},{"@type":"WebSite","@id":"https:\/\/www.noticiasradioreflejos.com.ar\/2021\/#website","url":"https:\/\/www.noticiasradioreflejos.com.ar\/2021\/","name":"Noticias Radio Reflejos","description":"Las noticias de mi comarca","potentialAction":[{"@type":"SearchAction","target":{"@type":"EntryPoint","urlTemplate":"https:\/\/www.noticiasradioreflejos.com.ar\/2021\/?s={search_term_string}"},"query-input":{"@type":"PropertyValueSpecification","valueRequired":true,"valueName":"search_term_string"}}],"inLanguage":"es"},{"@type":"Person","@id":"https:\/\/www.noticiasradioreflejos.com.ar\/2021\/#\/schema\/person\/ad82545263dcc5ec0996818884fd5fb1","name":"Arnaldo Botto","image":{"@type":"ImageObject","inLanguage":"es","@id":"https:\/\/www.noticiasradioreflejos.com.ar\/2021\/#\/schema\/person\/image\/","url":"https:\/\/secure.gravatar.com\/avatar\/55cb5e37c1efa326397366e6974cb338056df65cb50e7d64d1cf314e87504837?s=96&d=mm&r=g","contentUrl":"https:\/\/secure.gravatar.com\/avatar\/55cb5e37c1efa326397366e6974cb338056df65cb50e7d64d1cf314e87504837?s=96&d=mm&r=g","caption":"Arnaldo Botto"},"url":"https:\/\/www.noticiasradioreflejos.com.ar\/2021\/author\/arnaldo\/"}]}},"_links":{"self":[{"href":"https:\/\/www.noticiasradioreflejos.com.ar\/2021\/wp-json\/wp\/v2\/posts\/69872","targetHints":{"allow":["GET"]}}],"collection":[{"href":"https:\/\/www.noticiasradioreflejos.com.ar\/2021\/wp-json\/wp\/v2\/posts"}],"about":[{"href":"https:\/\/www.noticiasradioreflejos.com.ar\/2021\/wp-json\/wp\/v2\/types\/post"}],"author":[{"embeddable":true,"href":"https:\/\/www.noticiasradioreflejos.com.ar\/2021\/wp-json\/wp\/v2\/users\/3"}],"replies":[{"embeddable":true,"href":"https:\/\/www.noticiasradioreflejos.com.ar\/2021\/wp-json\/wp\/v2\/comments?post=69872"}],"version-history":[{"count":1,"href":"https:\/\/www.noticiasradioreflejos.com.ar\/2021\/wp-json\/wp\/v2\/posts\/69872\/revisions"}],"predecessor-version":[{"id":69873,"href":"https:\/\/www.noticiasradioreflejos.com.ar\/2021\/wp-json\/wp\/v2\/posts\/69872\/revisions\/69873"}],"wp:attachment":[{"href":"https:\/\/www.noticiasradioreflejos.com.ar\/2021\/wp-json\/wp\/v2\/media?parent=69872"}],"wp:term":[{"taxonomy":"category","embeddable":true,"href":"https:\/\/www.noticiasradioreflejos.com.ar\/2021\/wp-json\/wp\/v2\/categories?post=69872"},{"taxonomy":"post_tag","embeddable":true,"href":"https:\/\/www.noticiasradioreflejos.com.ar\/2021\/wp-json\/wp\/v2\/tags?post=69872"}],"curies":[{"name":"wp","href":"https:\/\/api.w.org\/{rel}","templated":true}]}}