{"id":69862,"date":"2022-03-29T11:14:03","date_gmt":"2022-03-29T11:14:03","guid":{"rendered":"http:\/\/www.noticiasradioreflejos.com.ar\/2021\/?p=69862"},"modified":"2022-03-29T11:14:03","modified_gmt":"2022-03-29T11:14:03","slug":"el-partido-justicialista-presento-a-sus-nuevas-autoridades-con-la-mira-puesta-en-recuperar-la-intendencia-en-2023","status":"publish","type":"post","link":"https:\/\/www.noticiasradioreflejos.com.ar\/2021\/el-partido-justicialista-presento-a-sus-nuevas-autoridades-con-la-mira-puesta-en-recuperar-la-intendencia-en-2023\/","title":{"rendered":"El Partido Justicialista present\u00f3 a sus nuevas autoridades con la mira puesta en recuperar la intendencia en 2023"},"content":{"rendered":"<div class=\"hnoti\">Con un clima de militancia, este lunes el partido justicialista de Tornquist, present\u00f3 a sus nuevas autoridades luego de ser<strong>\u00a0consagrada como lista \u00fanica, la encabezada por Gustavo Trankels<\/strong>, actual director de vialidad del distrito 19.<\/div>\n<div class=\"text\">\n<p>A Trankels, lo acompa\u00f1a como vicepresidente una de las mujeres de su ri\u00f1\u00f3n pol\u00edtico como,\u00a0<strong>Carmen Soverchia, actual titular de la agencia Pami de Tornquist.<\/strong><\/p>\n<p><strong>La sede de<\/strong>\u00a0Rivadavia, sirvi\u00f3 para que Andrea Camus, diera a conocer la n\u00f3mina y luego dirigieran la palabra\u00a0<strong>Guillermo Beck de Sierra de la Ventana\u00a0<\/strong>que se incorpora al Consejo de Partido, destacando en sus palabras que el mismo debe tener permanencia plena, bregando para trabajar en unidad por el recupero de la comuna en 2023.<\/p>\n<p>Tambi\u00e9n el rol de la mujer con Carmen Soverchia que destac\u00f3 el respeto del cupo femenino y el protagonismo de las mujeres en la nueva conformaci\u00f3n de este consejo.<\/p>\n<p>Gustavo Trankels fue el encargado del cierre y breg\u00f3 por mantener inalterables los principios del justicialismo de la mano de \u201cJuan y Eva Per\u00f3n\u201d y carg\u00f3 contra aquellos que quieren desestabilizar al actual gobierno nacional como el se\u00f1or de los \u201cPelos Parados\u201d en referencia a Milei.<\/p>\n<p>Trankels dijo que espera la mayor unidad posible dentro del PJ que a pesar de no obtener triunfos, conserva un caudal de votos que en los \u00faltimos diez a\u00f1os, lo tiene como la segunda fuerza mayormente votada.<\/p>\n<p>Consultado sobre la candidatura ya lanzada por Jorge Scharff, dijo sentirse feliz aunque no descart\u00f3 que mas candidatos o candidatas puedan aparecer dentro del seno del partido con aspiraciones.<\/p>\n<p>PRESIDENTE<br \/>\nTRANKELS \u00a0GUSTAVO GUILLERMO<\/p>\n<p>VICEPRESIDENTE<br \/>\nSOVERCHIA CARMEN BEATRIZ<\/p>\n<p>SEC. GENERAL<br \/>\nPASCALE LEANDRO ARIEL<\/p>\n<p>SEC. ADM. Y DE ACTAS<br \/>\nSAGREDO MONICA BEATRIZ<\/p>\n<p>SEC. ORGANIZACI\u00d3N<br \/>\nCAMUS ANDREA FABIANA<\/p>\n<p>SEC. FORMACI\u00d3N POLITICA<br \/>\nQUINTANA LUIS ROBERTO<\/p>\n<p>SEC. DESARROLLO HUMANO<br \/>\nVAZQUEZ MONICA PATRICIA<\/p>\n<p>SEC. DE RELACIONES<br \/>\nBECK GUILLERMO ARNOLDO<\/p>\n<p>SEC. DE FINANZAS<br \/>\nGUERRERO LEANDRO EZEQUIEL<\/p>\n<p>SEC. DE CULTURA Y COMUNICACI\u00d3N<br \/>\nVALLEJOS JOSE LUIS<\/p>\n<p>SEC. DE LA \u00a0MUJER<br \/>\nSGAMMINI JULIANA CANDELA<\/p>\n<p>SEC. ASUNTOS GREMIALES<br \/>\nMU\u00d1OS PAULA ANDREA<\/p>\n<p>SEC. DE LA JUVENTUD<br \/>\nBECKER LUDMILA AILEN<\/p>\n<p>SEC. DCHOS HUMANOS<br \/>\nPORSEL CARLOS ALBERTO<\/p>\n<p>SEC. TECNICO PROF.<br \/>\nTAYLOR WALTER OSCAR<\/p>\n<p>SEC. DISCAPACIDAD<br \/>\nSARTORE SONIA MARIEL<\/p>\n<p>VOCALES<\/p>\n<p>GISLER JUAN CARLOS<\/p>\n<p>MOLINA GRACIELA \u00a0HAYDEE<\/p>\n<p>DEL RIO NESTOR RAUL<\/p>\n<p>BALMA DINA MARIA<\/p>\n<p>PALAU SEBASTIAN HORACIO<\/p>\n<p>ESMOLI PERLA ISABEL<\/p>\n<p>OVIEDO JULIO ANIBAL<\/p>\n<p>BERTH GRACIELA MARIA<\/p>\n<p>CONGRESALES TITULARES<\/p>\n<p>LOFFLER GUILLERMO MARTIN<\/p>\n<p>ROSATELLI LAURA F<\/p>\n<p>CONGRESALES SUPLENTES<\/p>\n<p>TRANKELS CHRISTIAN<\/p>\n<p>SALGADO MARIA SOL<\/p>\n<p><strong><a href=\"https:\/\/www.facebook.com\/noticastornquist\/posts\/375742824558223\">ALBUM DE FOTOS<\/a><\/strong><\/p>\n<p>&nbsp;<\/p>\n<p><iframe loading=\"lazy\" src=\"https:\/\/www.facebook.com\/plugins\/video.php?height=274&amp;href=https%3A%2F%2Fwww.facebook.com%2Fnoticastornquist%2Fvideos%2F463788058823408%2F&amp;show_text=false&amp;width=560&amp;t=0\" width=\"560\" height=\"274\" frameborder=\"0\" scrolling=\"no\" allowfullscreen=\"allowfullscreen\" data-mce-fragment=\"1\"><\/iframe><\/p>\n<p><iframe loading=\"lazy\" src=\"https:\/\/www.facebook.com\/plugins\/video.php?height=274&amp;href=https%3A%2F%2Fwww.facebook.com%2Fnoticastornquist%2Fvideos%2F3316026448667316%2F&amp;show_text=false&amp;width=560&amp;t=0\" width=\"560\" height=\"274\" frameborder=\"0\" scrolling=\"no\" allowfullscreen=\"allowfullscreen\" data-mce-fragment=\"1\"><\/iframe><\/p>\n<p><img decoding=\"async\" src=\"https:\/\/www.noticiastornquist.com.ar\/imagen.php?imagen=2022-03\/dsc0010-1280x768.jpg\" \/><\/p>\n<div><\/div>\n<hr \/>\n<p><img decoding=\"async\" src=\"https:\/\/www.noticiastornquist.com.ar\/imagen.php?imagen=2022-03\/dsc0015-1280x768.jpg\" \/><\/p>\n<div><\/div>\n<hr \/>\n<p><img decoding=\"async\" src=\"https:\/\/www.noticiastornquist.com.ar\/imagen.php?imagen=2022-03\/dsc0023-1280x768.jpg\" \/><\/p>\n<div><\/div>\n<hr \/>\n<p><img decoding=\"async\" src=\"https:\/\/www.noticiastornquist.com.ar\/imagen.php?imagen=2022-03\/dsc0035-1280x768.jpg\" \/><\/p>\n<div><\/div>\n<hr \/>\n<p><img decoding=\"async\" src=\"https:\/\/www.noticiastornquist.com.ar\/imagen.php?imagen=2022-03\/dsc0037-1280x768.jpg\" \/><\/p>\n<div><\/div>\n<hr \/>\n<p><img decoding=\"async\" src=\"https:\/\/www.noticiastornquist.com.ar\/imagen.php?imagen=2022-03\/consejo-1.jpg\" \/><\/p>\n<\/div>\n<div><\/div>\n<div><\/div>\n<div><strong>Gentileza Noticias Tornquist<\/strong><\/div>\n<div>\n<hr \/>\n<\/div>\n","protected":false},"excerpt":{"rendered":"<p>Con un clima de militancia, este lunes el partido justicialista de Tornquist, present\u00f3 a sus nuevas autoridades luego de ser\u00a0consagrada como lista \u00fanica, la encabezada por Gustavo Trankels, actual director de vialidad del distrito 19. A Trankels, lo acompa\u00f1a como vicepresidente una de las mujeres de su ri\u00f1\u00f3n pol\u00edtico como,\u00a0Carmen Soverchia, actual titular de la [&hellip;]<\/p>\n","protected":false},"author":3,"featured_media":0,"comment_status":"closed","ping_status":"closed","sticky":false,"template":"","format":"standard","meta":{"footnotes":""},"categories":[24],"tags":[],"class_list":["post-69862","post","type-post","status-publish","format-standard","hentry","category-politica"],"yoast_head":"<!-- This site is optimized with the Yoast SEO plugin v25.9 - https:\/\/yoast.com\/wordpress\/plugins\/seo\/ -->\n<title>El Partido Justicialista present\u00f3 a sus nuevas autoridades con la mira puesta en recuperar la intendencia en 2023 - Noticias Radio Reflejos<\/title>\n<meta name=\"robots\" content=\"index, follow, max-snippet:-1, max-image-preview:large, max-video-preview:-1\" \/>\n<link rel=\"canonical\" href=\"https:\/\/www.noticiasradioreflejos.com.ar\/2021\/el-partido-justicialista-presento-a-sus-nuevas-autoridades-con-la-mira-puesta-en-recuperar-la-intendencia-en-2023\/\" \/>\n<meta property=\"og:locale\" content=\"es_ES\" \/>\n<meta property=\"og:type\" content=\"article\" \/>\n<meta property=\"og:title\" content=\"El Partido Justicialista present\u00f3 a sus nuevas autoridades con la mira puesta en recuperar la intendencia en 2023 - Noticias Radio Reflejos\" \/>\n<meta property=\"og:description\" content=\"Con un clima de militancia, este lunes el partido justicialista de Tornquist, present\u00f3 a sus nuevas autoridades luego de ser\u00a0consagrada como lista \u00fanica, la encabezada por Gustavo Trankels, actual director de vialidad del distrito 19. A Trankels, lo acompa\u00f1a como vicepresidente una de las mujeres de su ri\u00f1\u00f3n pol\u00edtico como,\u00a0Carmen Soverchia, actual titular de la [&hellip;]\" \/>\n<meta property=\"og:url\" content=\"https:\/\/www.noticiasradioreflejos.com.ar\/2021\/el-partido-justicialista-presento-a-sus-nuevas-autoridades-con-la-mira-puesta-en-recuperar-la-intendencia-en-2023\/\" \/>\n<meta property=\"og:site_name\" content=\"Noticias Radio Reflejos\" \/>\n<meta property=\"article:published_time\" content=\"2022-03-29T11:14:03+00:00\" \/>\n<meta property=\"og:image\" content=\"https:\/\/www.noticiastornquist.com.ar\/imagen.php?imagen=2022-03\/dsc0010-1280x768.jpg\" \/>\n<meta name=\"author\" content=\"Arnaldo Botto\" \/>\n<meta name=\"twitter:card\" content=\"summary_large_image\" \/>\n<script type=\"application\/ld+json\" class=\"yoast-schema-graph\">{\"@context\":\"https:\/\/schema.org\",\"@graph\":[{\"@type\":\"WebPage\",\"@id\":\"https:\/\/www.noticiasradioreflejos.com.ar\/2021\/el-partido-justicialista-presento-a-sus-nuevas-autoridades-con-la-mira-puesta-en-recuperar-la-intendencia-en-2023\/\",\"url\":\"https:\/\/www.noticiasradioreflejos.com.ar\/2021\/el-partido-justicialista-presento-a-sus-nuevas-autoridades-con-la-mira-puesta-en-recuperar-la-intendencia-en-2023\/\",\"name\":\"El Partido Justicialista present\u00f3 a sus nuevas autoridades con la mira puesta en recuperar la intendencia en 2023 - Noticias Radio Reflejos\",\"isPartOf\":{\"@id\":\"https:\/\/www.noticiasradioreflejos.com.ar\/2021\/#website\"},\"primaryImageOfPage\":{\"@id\":\"https:\/\/www.noticiasradioreflejos.com.ar\/2021\/el-partido-justicialista-presento-a-sus-nuevas-autoridades-con-la-mira-puesta-en-recuperar-la-intendencia-en-2023\/#primaryimage\"},\"image\":{\"@id\":\"https:\/\/www.noticiasradioreflejos.com.ar\/2021\/el-partido-justicialista-presento-a-sus-nuevas-autoridades-con-la-mira-puesta-en-recuperar-la-intendencia-en-2023\/#primaryimage\"},\"thumbnailUrl\":\"https:\/\/www.noticiastornquist.com.ar\/imagen.php?imagen=2022-03\/dsc0010-1280x768.jpg\",\"datePublished\":\"2022-03-29T11:14:03+00:00\",\"author\":{\"@id\":\"https:\/\/www.noticiasradioreflejos.com.ar\/2021\/#\/schema\/person\/ad82545263dcc5ec0996818884fd5fb1\"},\"breadcrumb\":{\"@id\":\"https:\/\/www.noticiasradioreflejos.com.ar\/2021\/el-partido-justicialista-presento-a-sus-nuevas-autoridades-con-la-mira-puesta-en-recuperar-la-intendencia-en-2023\/#breadcrumb\"},\"inLanguage\":\"es\",\"potentialAction\":[{\"@type\":\"ReadAction\",\"target\":[\"https:\/\/www.noticiasradioreflejos.com.ar\/2021\/el-partido-justicialista-presento-a-sus-nuevas-autoridades-con-la-mira-puesta-en-recuperar-la-intendencia-en-2023\/\"]}]},{\"@type\":\"ImageObject\",\"inLanguage\":\"es\",\"@id\":\"https:\/\/www.noticiasradioreflejos.com.ar\/2021\/el-partido-justicialista-presento-a-sus-nuevas-autoridades-con-la-mira-puesta-en-recuperar-la-intendencia-en-2023\/#primaryimage\",\"url\":\"https:\/\/www.noticiastornquist.com.ar\/imagen.php?imagen=2022-03\/dsc0010-1280x768.jpg\",\"contentUrl\":\"https:\/\/www.noticiastornquist.com.ar\/imagen.php?imagen=2022-03\/dsc0010-1280x768.jpg\"},{\"@type\":\"BreadcrumbList\",\"@id\":\"https:\/\/www.noticiasradioreflejos.com.ar\/2021\/el-partido-justicialista-presento-a-sus-nuevas-autoridades-con-la-mira-puesta-en-recuperar-la-intendencia-en-2023\/#breadcrumb\",\"itemListElement\":[{\"@type\":\"ListItem\",\"position\":1,\"name\":\"Portada\",\"item\":\"https:\/\/www.noticiasradioreflejos.com.ar\/2021\/\"},{\"@type\":\"ListItem\",\"position\":2,\"name\":\"El Partido Justicialista present\u00f3 a sus nuevas autoridades con la mira puesta en recuperar la intendencia en 2023\"}]},{\"@type\":\"WebSite\",\"@id\":\"https:\/\/www.noticiasradioreflejos.com.ar\/2021\/#website\",\"url\":\"https:\/\/www.noticiasradioreflejos.com.ar\/2021\/\",\"name\":\"Noticias Radio Reflejos\",\"description\":\"Las noticias de mi comarca\",\"potentialAction\":[{\"@type\":\"SearchAction\",\"target\":{\"@type\":\"EntryPoint\",\"urlTemplate\":\"https:\/\/www.noticiasradioreflejos.com.ar\/2021\/?s={search_term_string}\"},\"query-input\":{\"@type\":\"PropertyValueSpecification\",\"valueRequired\":true,\"valueName\":\"search_term_string\"}}],\"inLanguage\":\"es\"},{\"@type\":\"Person\",\"@id\":\"https:\/\/www.noticiasradioreflejos.com.ar\/2021\/#\/schema\/person\/ad82545263dcc5ec0996818884fd5fb1\",\"name\":\"Arnaldo Botto\",\"image\":{\"@type\":\"ImageObject\",\"inLanguage\":\"es\",\"@id\":\"https:\/\/www.noticiasradioreflejos.com.ar\/2021\/#\/schema\/person\/image\/\",\"url\":\"https:\/\/secure.gravatar.com\/avatar\/55cb5e37c1efa326397366e6974cb338056df65cb50e7d64d1cf314e87504837?s=96&d=mm&r=g\",\"contentUrl\":\"https:\/\/secure.gravatar.com\/avatar\/55cb5e37c1efa326397366e6974cb338056df65cb50e7d64d1cf314e87504837?s=96&d=mm&r=g\",\"caption\":\"Arnaldo Botto\"},\"url\":\"https:\/\/www.noticiasradioreflejos.com.ar\/2021\/author\/arnaldo\/\"}]}<\/script>\n<!-- \/ Yoast SEO plugin. -->","yoast_head_json":{"title":"El Partido Justicialista present\u00f3 a sus nuevas autoridades con la mira puesta en recuperar la intendencia en 2023 - Noticias Radio Reflejos","robots":{"index":"index","follow":"follow","max-snippet":"max-snippet:-1","max-image-preview":"max-image-preview:large","max-video-preview":"max-video-preview:-1"},"canonical":"https:\/\/www.noticiasradioreflejos.com.ar\/2021\/el-partido-justicialista-presento-a-sus-nuevas-autoridades-con-la-mira-puesta-en-recuperar-la-intendencia-en-2023\/","og_locale":"es_ES","og_type":"article","og_title":"El Partido Justicialista present\u00f3 a sus nuevas autoridades con la mira puesta en recuperar la intendencia en 2023 - Noticias Radio Reflejos","og_description":"Con un clima de militancia, este lunes el partido justicialista de Tornquist, present\u00f3 a sus nuevas autoridades luego de ser\u00a0consagrada como lista \u00fanica, la encabezada por Gustavo Trankels, actual director de vialidad del distrito 19. A Trankels, lo acompa\u00f1a como vicepresidente una de las mujeres de su ri\u00f1\u00f3n pol\u00edtico como,\u00a0Carmen Soverchia, actual titular de la [&hellip;]","og_url":"https:\/\/www.noticiasradioreflejos.com.ar\/2021\/el-partido-justicialista-presento-a-sus-nuevas-autoridades-con-la-mira-puesta-en-recuperar-la-intendencia-en-2023\/","og_site_name":"Noticias Radio Reflejos","article_published_time":"2022-03-29T11:14:03+00:00","og_image":[{"url":"https:\/\/www.noticiastornquist.com.ar\/imagen.php?imagen=2022-03\/dsc0010-1280x768.jpg","type":"","width":"","height":""}],"author":"Arnaldo Botto","twitter_card":"summary_large_image","schema":{"@context":"https:\/\/schema.org","@graph":[{"@type":"WebPage","@id":"https:\/\/www.noticiasradioreflejos.com.ar\/2021\/el-partido-justicialista-presento-a-sus-nuevas-autoridades-con-la-mira-puesta-en-recuperar-la-intendencia-en-2023\/","url":"https:\/\/www.noticiasradioreflejos.com.ar\/2021\/el-partido-justicialista-presento-a-sus-nuevas-autoridades-con-la-mira-puesta-en-recuperar-la-intendencia-en-2023\/","name":"El Partido Justicialista present\u00f3 a sus nuevas autoridades con la mira puesta en recuperar la intendencia en 2023 - Noticias Radio Reflejos","isPartOf":{"@id":"https:\/\/www.noticiasradioreflejos.com.ar\/2021\/#website"},"primaryImageOfPage":{"@id":"https:\/\/www.noticiasradioreflejos.com.ar\/2021\/el-partido-justicialista-presento-a-sus-nuevas-autoridades-con-la-mira-puesta-en-recuperar-la-intendencia-en-2023\/#primaryimage"},"image":{"@id":"https:\/\/www.noticiasradioreflejos.com.ar\/2021\/el-partido-justicialista-presento-a-sus-nuevas-autoridades-con-la-mira-puesta-en-recuperar-la-intendencia-en-2023\/#primaryimage"},"thumbnailUrl":"https:\/\/www.noticiastornquist.com.ar\/imagen.php?imagen=2022-03\/dsc0010-1280x768.jpg","datePublished":"2022-03-29T11:14:03+00:00","author":{"@id":"https:\/\/www.noticiasradioreflejos.com.ar\/2021\/#\/schema\/person\/ad82545263dcc5ec0996818884fd5fb1"},"breadcrumb":{"@id":"https:\/\/www.noticiasradioreflejos.com.ar\/2021\/el-partido-justicialista-presento-a-sus-nuevas-autoridades-con-la-mira-puesta-en-recuperar-la-intendencia-en-2023\/#breadcrumb"},"inLanguage":"es","potentialAction":[{"@type":"ReadAction","target":["https:\/\/www.noticiasradioreflejos.com.ar\/2021\/el-partido-justicialista-presento-a-sus-nuevas-autoridades-con-la-mira-puesta-en-recuperar-la-intendencia-en-2023\/"]}]},{"@type":"ImageObject","inLanguage":"es","@id":"https:\/\/www.noticiasradioreflejos.com.ar\/2021\/el-partido-justicialista-presento-a-sus-nuevas-autoridades-con-la-mira-puesta-en-recuperar-la-intendencia-en-2023\/#primaryimage","url":"https:\/\/www.noticiastornquist.com.ar\/imagen.php?imagen=2022-03\/dsc0010-1280x768.jpg","contentUrl":"https:\/\/www.noticiastornquist.com.ar\/imagen.php?imagen=2022-03\/dsc0010-1280x768.jpg"},{"@type":"BreadcrumbList","@id":"https:\/\/www.noticiasradioreflejos.com.ar\/2021\/el-partido-justicialista-presento-a-sus-nuevas-autoridades-con-la-mira-puesta-en-recuperar-la-intendencia-en-2023\/#breadcrumb","itemListElement":[{"@type":"ListItem","position":1,"name":"Portada","item":"https:\/\/www.noticiasradioreflejos.com.ar\/2021\/"},{"@type":"ListItem","position":2,"name":"El Partido Justicialista present\u00f3 a sus nuevas autoridades con la mira puesta en recuperar la intendencia en 2023"}]},{"@type":"WebSite","@id":"https:\/\/www.noticiasradioreflejos.com.ar\/2021\/#website","url":"https:\/\/www.noticiasradioreflejos.com.ar\/2021\/","name":"Noticias Radio Reflejos","description":"Las noticias de mi comarca","potentialAction":[{"@type":"SearchAction","target":{"@type":"EntryPoint","urlTemplate":"https:\/\/www.noticiasradioreflejos.com.ar\/2021\/?s={search_term_string}"},"query-input":{"@type":"PropertyValueSpecification","valueRequired":true,"valueName":"search_term_string"}}],"inLanguage":"es"},{"@type":"Person","@id":"https:\/\/www.noticiasradioreflejos.com.ar\/2021\/#\/schema\/person\/ad82545263dcc5ec0996818884fd5fb1","name":"Arnaldo Botto","image":{"@type":"ImageObject","inLanguage":"es","@id":"https:\/\/www.noticiasradioreflejos.com.ar\/2021\/#\/schema\/person\/image\/","url":"https:\/\/secure.gravatar.com\/avatar\/55cb5e37c1efa326397366e6974cb338056df65cb50e7d64d1cf314e87504837?s=96&d=mm&r=g","contentUrl":"https:\/\/secure.gravatar.com\/avatar\/55cb5e37c1efa326397366e6974cb338056df65cb50e7d64d1cf314e87504837?s=96&d=mm&r=g","caption":"Arnaldo Botto"},"url":"https:\/\/www.noticiasradioreflejos.com.ar\/2021\/author\/arnaldo\/"}]}},"_links":{"self":[{"href":"https:\/\/www.noticiasradioreflejos.com.ar\/2021\/wp-json\/wp\/v2\/posts\/69862","targetHints":{"allow":["GET"]}}],"collection":[{"href":"https:\/\/www.noticiasradioreflejos.com.ar\/2021\/wp-json\/wp\/v2\/posts"}],"about":[{"href":"https:\/\/www.noticiasradioreflejos.com.ar\/2021\/wp-json\/wp\/v2\/types\/post"}],"author":[{"embeddable":true,"href":"https:\/\/www.noticiasradioreflejos.com.ar\/2021\/wp-json\/wp\/v2\/users\/3"}],"replies":[{"embeddable":true,"href":"https:\/\/www.noticiasradioreflejos.com.ar\/2021\/wp-json\/wp\/v2\/comments?post=69862"}],"version-history":[{"count":2,"href":"https:\/\/www.noticiasradioreflejos.com.ar\/2021\/wp-json\/wp\/v2\/posts\/69862\/revisions"}],"predecessor-version":[{"id":69869,"href":"https:\/\/www.noticiasradioreflejos.com.ar\/2021\/wp-json\/wp\/v2\/posts\/69862\/revisions\/69869"}],"wp:attachment":[{"href":"https:\/\/www.noticiasradioreflejos.com.ar\/2021\/wp-json\/wp\/v2\/media?parent=69862"}],"wp:term":[{"taxonomy":"category","embeddable":true,"href":"https:\/\/www.noticiasradioreflejos.com.ar\/2021\/wp-json\/wp\/v2\/categories?post=69862"},{"taxonomy":"post_tag","embeddable":true,"href":"https:\/\/www.noticiasradioreflejos.com.ar\/2021\/wp-json\/wp\/v2\/tags?post=69862"}],"curies":[{"name":"wp","href":"https:\/\/api.w.org\/{rel}","templated":true}]}}