{"id":69861,"date":"2022-03-29T11:08:20","date_gmt":"2022-03-29T11:08:20","guid":{"rendered":"http:\/\/www.noticiasradioreflejos.com.ar\/2021\/?p=69861"},"modified":"2022-03-29T11:26:59","modified_gmt":"2022-03-29T11:26:59","slug":"sierra-de-la-ventana-madrugada-tormentosa-con-truenos-relampagos-lluvia-y-granizo","status":"publish","type":"post","link":"https:\/\/www.noticiasradioreflejos.com.ar\/2021\/sierra-de-la-ventana-madrugada-tormentosa-con-truenos-relampagos-lluvia-y-granizo\/","title":{"rendered":"Sierra de la Ventana: Madrugada tormentosa, con truenos, rel\u00e1mpagos, lluvia y granizo"},"content":{"rendered":"<p>Una fuerte tormenta el\u00e9ctrica con muchos truenos, rel\u00e1mpagos, un fuerte chaparr\u00f3n y hasta la ca\u00edda de granizo sacudi\u00f3 a la localidad esta madrugada desde las 3,45 hs.<!--more--><\/p>\n<p>Toda la zona serrana tuvo esta madrugada una tormenta el\u00e9ctrica muy fuerte que dej\u00f3 registros de lluvia que van desde los 11 mm hasta los 26 en le ciudad cabecera. Tanto en Sierra de la Ventana como en Tornquist, cay\u00f3 granizo en diferentes formas, aunque en Sierra fue m\u00ednimo y hubo fuertes r\u00e1fagas de viento<\/p>\n<p>.<\/p>\n<p>Para esta tarde se esperan viento muy fuertes del sector sudoeste que se mantendr\u00e1n hasta la tarde de ma\u00f1ana jueves y har\u00e1n descender la temperaturas. La m\u00e1xima para hoy se espera en 16\u00b0, para ma\u00f1ana la m\u00ednima estar\u00e1 en los 5\u00b0 y la m\u00e1xima no superar\u00eda los 13\u00b0 con cielos parcialmente nublados y soleados.<\/p>\n<p>&nbsp;<\/p>\n<p><strong>Registros de lluvias hasta las 8 hs<\/strong><\/p>\n<p>10.6 mm en Sierra de la Ventana<br \/>\n13 mm en Calqu\u00edn<br \/>\n14.8 mm e Villa Ventana<br \/>\n12 mm en Saldungaray<br \/>\n7.8 mm en Cumbre del Cerro Naposta<br \/>\n22 mm en Tornquist<br \/>\n3.5 mm en Dufaur<br \/>\n5.6 mm en Funke<br \/>\n15.4 mm en Cabildo<br \/>\n0.5 mm en Pig\u00fc\u00e9<br \/>\n10.6 mm en San Eloy<br \/>\n21 mm en el Pantanoso<br \/>\n0.4 mm en Cura Malal<br \/>\n7.5 mm en Cnel Pringles<br \/>\n0.5 mm en Carhu\u00e9<br \/>\n2.7 mm en El Zorro (Cnel Dorrego)<\/p>\n<p>&nbsp;<\/p>\n<p><strong>Foto de Archivo de Franco SC<\/strong><\/p>\n<p>&nbsp;<\/p>\n<p>&nbsp;<\/p>\n","protected":false},"excerpt":{"rendered":"<p>Una fuerte tormenta el\u00e9ctrica con muchos truenos, rel\u00e1mpagos, un fuerte chaparr\u00f3n y hasta la ca\u00edda de granizo sacudi\u00f3 a la localidad esta madrugada desde las 3,45 hs.<\/p>\n","protected":false},"author":3,"featured_media":67415,"comment_status":"closed","ping_status":"closed","sticky":false,"template":"","format":"standard","meta":{"footnotes":""},"categories":[26],"tags":[],"class_list":["post-69861","post","type-post","status-publish","format-standard","has-post-thumbnail","hentry","category-sociedad"],"yoast_head":"<!-- This site is optimized with the Yoast SEO plugin v25.9 - https:\/\/yoast.com\/wordpress\/plugins\/seo\/ -->\n<title>Sierra de la Ventana: Madrugada tormentosa, con truenos, rel\u00e1mpagos, lluvia y granizo - Noticias Radio Reflejos<\/title>\n<meta name=\"robots\" content=\"index, follow, max-snippet:-1, max-image-preview:large, max-video-preview:-1\" \/>\n<link rel=\"canonical\" href=\"https:\/\/www.noticiasradioreflejos.com.ar\/2021\/sierra-de-la-ventana-madrugada-tormentosa-con-truenos-relampagos-lluvia-y-granizo\/\" \/>\n<meta property=\"og:locale\" content=\"es_ES\" \/>\n<meta property=\"og:type\" content=\"article\" \/>\n<meta property=\"og:title\" content=\"Sierra de la Ventana: Madrugada tormentosa, con truenos, rel\u00e1mpagos, lluvia y granizo - Noticias Radio Reflejos\" \/>\n<meta property=\"og:description\" content=\"Una fuerte tormenta el\u00e9ctrica con muchos truenos, rel\u00e1mpagos, un fuerte chaparr\u00f3n y hasta la ca\u00edda de granizo sacudi\u00f3 a la localidad esta madrugada desde las 3,45 hs.\" \/>\n<meta property=\"og:url\" content=\"https:\/\/www.noticiasradioreflejos.com.ar\/2021\/sierra-de-la-ventana-madrugada-tormentosa-con-truenos-relampagos-lluvia-y-granizo\/\" \/>\n<meta property=\"og:site_name\" content=\"Noticias Radio Reflejos\" \/>\n<meta property=\"article:published_time\" content=\"2022-03-29T11:08:20+00:00\" \/>\n<meta property=\"article:modified_time\" content=\"2022-03-29T11:26:59+00:00\" \/>\n<meta property=\"og:image\" content=\"https:\/\/www.noticiasradioreflejos.com.ar\/2021\/wp-content\/uploads\/2022\/01\/Tormenta-de-rayos.jpg\" \/>\n\t<meta property=\"og:image:width\" content=\"1080\" \/>\n\t<meta property=\"og:image:height\" content=\"720\" \/>\n\t<meta property=\"og:image:type\" content=\"image\/jpeg\" \/>\n<meta name=\"author\" content=\"Arnaldo Botto\" \/>\n<meta name=\"twitter:card\" content=\"summary_large_image\" \/>\n<script type=\"application\/ld+json\" class=\"yoast-schema-graph\">{\"@context\":\"https:\/\/schema.org\",\"@graph\":[{\"@type\":\"WebPage\",\"@id\":\"https:\/\/www.noticiasradioreflejos.com.ar\/2021\/sierra-de-la-ventana-madrugada-tormentosa-con-truenos-relampagos-lluvia-y-granizo\/\",\"url\":\"https:\/\/www.noticiasradioreflejos.com.ar\/2021\/sierra-de-la-ventana-madrugada-tormentosa-con-truenos-relampagos-lluvia-y-granizo\/\",\"name\":\"Sierra de la Ventana: Madrugada tormentosa, con truenos, rel\u00e1mpagos, lluvia y granizo - Noticias Radio Reflejos\",\"isPartOf\":{\"@id\":\"https:\/\/www.noticiasradioreflejos.com.ar\/2021\/#website\"},\"primaryImageOfPage\":{\"@id\":\"https:\/\/www.noticiasradioreflejos.com.ar\/2021\/sierra-de-la-ventana-madrugada-tormentosa-con-truenos-relampagos-lluvia-y-granizo\/#primaryimage\"},\"image\":{\"@id\":\"https:\/\/www.noticiasradioreflejos.com.ar\/2021\/sierra-de-la-ventana-madrugada-tormentosa-con-truenos-relampagos-lluvia-y-granizo\/#primaryimage\"},\"thumbnailUrl\":\"https:\/\/www.noticiasradioreflejos.com.ar\/2021\/wp-content\/uploads\/2022\/01\/Tormenta-de-rayos.jpg\",\"datePublished\":\"2022-03-29T11:08:20+00:00\",\"dateModified\":\"2022-03-29T11:26:59+00:00\",\"author\":{\"@id\":\"https:\/\/www.noticiasradioreflejos.com.ar\/2021\/#\/schema\/person\/ad82545263dcc5ec0996818884fd5fb1\"},\"breadcrumb\":{\"@id\":\"https:\/\/www.noticiasradioreflejos.com.ar\/2021\/sierra-de-la-ventana-madrugada-tormentosa-con-truenos-relampagos-lluvia-y-granizo\/#breadcrumb\"},\"inLanguage\":\"es\",\"potentialAction\":[{\"@type\":\"ReadAction\",\"target\":[\"https:\/\/www.noticiasradioreflejos.com.ar\/2021\/sierra-de-la-ventana-madrugada-tormentosa-con-truenos-relampagos-lluvia-y-granizo\/\"]}]},{\"@type\":\"ImageObject\",\"inLanguage\":\"es\",\"@id\":\"https:\/\/www.noticiasradioreflejos.com.ar\/2021\/sierra-de-la-ventana-madrugada-tormentosa-con-truenos-relampagos-lluvia-y-granizo\/#primaryimage\",\"url\":\"https:\/\/www.noticiasradioreflejos.com.ar\/2021\/wp-content\/uploads\/2022\/01\/Tormenta-de-rayos.jpg\",\"contentUrl\":\"https:\/\/www.noticiasradioreflejos.com.ar\/2021\/wp-content\/uploads\/2022\/01\/Tormenta-de-rayos.jpg\",\"width\":1080,\"height\":720},{\"@type\":\"BreadcrumbList\",\"@id\":\"https:\/\/www.noticiasradioreflejos.com.ar\/2021\/sierra-de-la-ventana-madrugada-tormentosa-con-truenos-relampagos-lluvia-y-granizo\/#breadcrumb\",\"itemListElement\":[{\"@type\":\"ListItem\",\"position\":1,\"name\":\"Portada\",\"item\":\"https:\/\/www.noticiasradioreflejos.com.ar\/2021\/\"},{\"@type\":\"ListItem\",\"position\":2,\"name\":\"Sierra de la Ventana: Madrugada tormentosa, con truenos, rel\u00e1mpagos, lluvia y granizo\"}]},{\"@type\":\"WebSite\",\"@id\":\"https:\/\/www.noticiasradioreflejos.com.ar\/2021\/#website\",\"url\":\"https:\/\/www.noticiasradioreflejos.com.ar\/2021\/\",\"name\":\"Noticias Radio Reflejos\",\"description\":\"Las noticias de mi comarca\",\"potentialAction\":[{\"@type\":\"SearchAction\",\"target\":{\"@type\":\"EntryPoint\",\"urlTemplate\":\"https:\/\/www.noticiasradioreflejos.com.ar\/2021\/?s={search_term_string}\"},\"query-input\":{\"@type\":\"PropertyValueSpecification\",\"valueRequired\":true,\"valueName\":\"search_term_string\"}}],\"inLanguage\":\"es\"},{\"@type\":\"Person\",\"@id\":\"https:\/\/www.noticiasradioreflejos.com.ar\/2021\/#\/schema\/person\/ad82545263dcc5ec0996818884fd5fb1\",\"name\":\"Arnaldo Botto\",\"image\":{\"@type\":\"ImageObject\",\"inLanguage\":\"es\",\"@id\":\"https:\/\/www.noticiasradioreflejos.com.ar\/2021\/#\/schema\/person\/image\/\",\"url\":\"https:\/\/secure.gravatar.com\/avatar\/55cb5e37c1efa326397366e6974cb338056df65cb50e7d64d1cf314e87504837?s=96&d=mm&r=g\",\"contentUrl\":\"https:\/\/secure.gravatar.com\/avatar\/55cb5e37c1efa326397366e6974cb338056df65cb50e7d64d1cf314e87504837?s=96&d=mm&r=g\",\"caption\":\"Arnaldo Botto\"},\"url\":\"https:\/\/www.noticiasradioreflejos.com.ar\/2021\/author\/arnaldo\/\"}]}<\/script>\n<!-- \/ Yoast SEO plugin. -->","yoast_head_json":{"title":"Sierra de la Ventana: Madrugada tormentosa, con truenos, rel\u00e1mpagos, lluvia y granizo - Noticias Radio Reflejos","robots":{"index":"index","follow":"follow","max-snippet":"max-snippet:-1","max-image-preview":"max-image-preview:large","max-video-preview":"max-video-preview:-1"},"canonical":"https:\/\/www.noticiasradioreflejos.com.ar\/2021\/sierra-de-la-ventana-madrugada-tormentosa-con-truenos-relampagos-lluvia-y-granizo\/","og_locale":"es_ES","og_type":"article","og_title":"Sierra de la Ventana: Madrugada tormentosa, con truenos, rel\u00e1mpagos, lluvia y granizo - Noticias Radio Reflejos","og_description":"Una fuerte tormenta el\u00e9ctrica con muchos truenos, rel\u00e1mpagos, un fuerte chaparr\u00f3n y hasta la ca\u00edda de granizo sacudi\u00f3 a la localidad esta madrugada desde las 3,45 hs.","og_url":"https:\/\/www.noticiasradioreflejos.com.ar\/2021\/sierra-de-la-ventana-madrugada-tormentosa-con-truenos-relampagos-lluvia-y-granizo\/","og_site_name":"Noticias Radio Reflejos","article_published_time":"2022-03-29T11:08:20+00:00","article_modified_time":"2022-03-29T11:26:59+00:00","og_image":[{"width":1080,"height":720,"url":"https:\/\/www.noticiasradioreflejos.com.ar\/2021\/wp-content\/uploads\/2022\/01\/Tormenta-de-rayos.jpg","type":"image\/jpeg"}],"author":"Arnaldo Botto","twitter_card":"summary_large_image","schema":{"@context":"https:\/\/schema.org","@graph":[{"@type":"WebPage","@id":"https:\/\/www.noticiasradioreflejos.com.ar\/2021\/sierra-de-la-ventana-madrugada-tormentosa-con-truenos-relampagos-lluvia-y-granizo\/","url":"https:\/\/www.noticiasradioreflejos.com.ar\/2021\/sierra-de-la-ventana-madrugada-tormentosa-con-truenos-relampagos-lluvia-y-granizo\/","name":"Sierra de la Ventana: Madrugada tormentosa, con truenos, rel\u00e1mpagos, lluvia y granizo - Noticias Radio Reflejos","isPartOf":{"@id":"https:\/\/www.noticiasradioreflejos.com.ar\/2021\/#website"},"primaryImageOfPage":{"@id":"https:\/\/www.noticiasradioreflejos.com.ar\/2021\/sierra-de-la-ventana-madrugada-tormentosa-con-truenos-relampagos-lluvia-y-granizo\/#primaryimage"},"image":{"@id":"https:\/\/www.noticiasradioreflejos.com.ar\/2021\/sierra-de-la-ventana-madrugada-tormentosa-con-truenos-relampagos-lluvia-y-granizo\/#primaryimage"},"thumbnailUrl":"https:\/\/www.noticiasradioreflejos.com.ar\/2021\/wp-content\/uploads\/2022\/01\/Tormenta-de-rayos.jpg","datePublished":"2022-03-29T11:08:20+00:00","dateModified":"2022-03-29T11:26:59+00:00","author":{"@id":"https:\/\/www.noticiasradioreflejos.com.ar\/2021\/#\/schema\/person\/ad82545263dcc5ec0996818884fd5fb1"},"breadcrumb":{"@id":"https:\/\/www.noticiasradioreflejos.com.ar\/2021\/sierra-de-la-ventana-madrugada-tormentosa-con-truenos-relampagos-lluvia-y-granizo\/#breadcrumb"},"inLanguage":"es","potentialAction":[{"@type":"ReadAction","target":["https:\/\/www.noticiasradioreflejos.com.ar\/2021\/sierra-de-la-ventana-madrugada-tormentosa-con-truenos-relampagos-lluvia-y-granizo\/"]}]},{"@type":"ImageObject","inLanguage":"es","@id":"https:\/\/www.noticiasradioreflejos.com.ar\/2021\/sierra-de-la-ventana-madrugada-tormentosa-con-truenos-relampagos-lluvia-y-granizo\/#primaryimage","url":"https:\/\/www.noticiasradioreflejos.com.ar\/2021\/wp-content\/uploads\/2022\/01\/Tormenta-de-rayos.jpg","contentUrl":"https:\/\/www.noticiasradioreflejos.com.ar\/2021\/wp-content\/uploads\/2022\/01\/Tormenta-de-rayos.jpg","width":1080,"height":720},{"@type":"BreadcrumbList","@id":"https:\/\/www.noticiasradioreflejos.com.ar\/2021\/sierra-de-la-ventana-madrugada-tormentosa-con-truenos-relampagos-lluvia-y-granizo\/#breadcrumb","itemListElement":[{"@type":"ListItem","position":1,"name":"Portada","item":"https:\/\/www.noticiasradioreflejos.com.ar\/2021\/"},{"@type":"ListItem","position":2,"name":"Sierra de la Ventana: Madrugada tormentosa, con truenos, rel\u00e1mpagos, lluvia y granizo"}]},{"@type":"WebSite","@id":"https:\/\/www.noticiasradioreflejos.com.ar\/2021\/#website","url":"https:\/\/www.noticiasradioreflejos.com.ar\/2021\/","name":"Noticias Radio Reflejos","description":"Las noticias de mi comarca","potentialAction":[{"@type":"SearchAction","target":{"@type":"EntryPoint","urlTemplate":"https:\/\/www.noticiasradioreflejos.com.ar\/2021\/?s={search_term_string}"},"query-input":{"@type":"PropertyValueSpecification","valueRequired":true,"valueName":"search_term_string"}}],"inLanguage":"es"},{"@type":"Person","@id":"https:\/\/www.noticiasradioreflejos.com.ar\/2021\/#\/schema\/person\/ad82545263dcc5ec0996818884fd5fb1","name":"Arnaldo Botto","image":{"@type":"ImageObject","inLanguage":"es","@id":"https:\/\/www.noticiasradioreflejos.com.ar\/2021\/#\/schema\/person\/image\/","url":"https:\/\/secure.gravatar.com\/avatar\/55cb5e37c1efa326397366e6974cb338056df65cb50e7d64d1cf314e87504837?s=96&d=mm&r=g","contentUrl":"https:\/\/secure.gravatar.com\/avatar\/55cb5e37c1efa326397366e6974cb338056df65cb50e7d64d1cf314e87504837?s=96&d=mm&r=g","caption":"Arnaldo Botto"},"url":"https:\/\/www.noticiasradioreflejos.com.ar\/2021\/author\/arnaldo\/"}]}},"_links":{"self":[{"href":"https:\/\/www.noticiasradioreflejos.com.ar\/2021\/wp-json\/wp\/v2\/posts\/69861","targetHints":{"allow":["GET"]}}],"collection":[{"href":"https:\/\/www.noticiasradioreflejos.com.ar\/2021\/wp-json\/wp\/v2\/posts"}],"about":[{"href":"https:\/\/www.noticiasradioreflejos.com.ar\/2021\/wp-json\/wp\/v2\/types\/post"}],"author":[{"embeddable":true,"href":"https:\/\/www.noticiasradioreflejos.com.ar\/2021\/wp-json\/wp\/v2\/users\/3"}],"replies":[{"embeddable":true,"href":"https:\/\/www.noticiasradioreflejos.com.ar\/2021\/wp-json\/wp\/v2\/comments?post=69861"}],"version-history":[{"count":5,"href":"https:\/\/www.noticiasradioreflejos.com.ar\/2021\/wp-json\/wp\/v2\/posts\/69861\/revisions"}],"predecessor-version":[{"id":69874,"href":"https:\/\/www.noticiasradioreflejos.com.ar\/2021\/wp-json\/wp\/v2\/posts\/69861\/revisions\/69874"}],"wp:featuredmedia":[{"embeddable":true,"href":"https:\/\/www.noticiasradioreflejos.com.ar\/2021\/wp-json\/wp\/v2\/media\/67415"}],"wp:attachment":[{"href":"https:\/\/www.noticiasradioreflejos.com.ar\/2021\/wp-json\/wp\/v2\/media?parent=69861"}],"wp:term":[{"taxonomy":"category","embeddable":true,"href":"https:\/\/www.noticiasradioreflejos.com.ar\/2021\/wp-json\/wp\/v2\/categories?post=69861"},{"taxonomy":"post_tag","embeddable":true,"href":"https:\/\/www.noticiasradioreflejos.com.ar\/2021\/wp-json\/wp\/v2\/tags?post=69861"}],"curies":[{"name":"wp","href":"https:\/\/api.w.org\/{rel}","templated":true}]}}