{"id":69856,"date":"2022-03-29T03:05:22","date_gmt":"2022-03-29T03:05:22","guid":{"rendered":"http:\/\/www.noticiasradioreflejos.com.ar\/2021\/?p=69856"},"modified":"2022-03-29T03:05:22","modified_gmt":"2022-03-29T03:05:22","slug":"villa-la-arcadia-se-incendio-un-galpon-hay-perdidas-importantes","status":"publish","type":"post","link":"https:\/\/www.noticiasradioreflejos.com.ar\/2021\/villa-la-arcadia-se-incendio-un-galpon-hay-perdidas-importantes\/","title":{"rendered":"Villa la Arcadia: se incendi\u00f3 un galp\u00f3n; hay p\u00e9rdidas importantes"},"content":{"rendered":"<p>En horas de esta noche se desat\u00f3 un incendio en una carpinter\u00eda. Las p\u00e9rdidas son cuantiosas<!--more--><\/p>\n<p>El siniestro se inici\u00f3 pasadas las 21.55 hs en Calle Pillahuinc\u00f3\u00a0 entre Cnel Suarez y\u00a0 9 de Julio de Villa la Arcadia partido de Cnel Su\u00e1rez, donde un incendio consumi\u00f3 un galp\u00f3n que se usaba como carpinter\u00eda, el mismo se encontraba en el fondo de la propiedad de Nofri, Juan Guillermo. No s\u00e9 determinaron feacientemete las causas, pero se estima que pudo haberse iniciado en una salamandra que estaba en el lugar.<br \/>\nLas p\u00e9rdidas fueron de consideraci\u00f3n. Trabajaron en el lugar 4 dotaciones, m\u00f3vil 10, 11, 12 y 19 a cargo del Jefe De Vizia, Gustavo.<\/p>\n<p><a href=\"https:\/\/flic.kr\/p\/2nbfN7o\"><img loading=\"lazy\" decoding=\"async\" src=\"https:\/\/live.staticflickr.com\/65535\/51968236314_00c9f2b87d.jpg\" alt=\"2022-03-28_11-44-33\" width=\"500\" height=\"225\" \/><\/a><\/p>\n<p><a href=\"https:\/\/flic.kr\/p\/2nbeEKa\"><img loading=\"lazy\" decoding=\"async\" src=\"https:\/\/live.staticflickr.com\/65535\/51968016423_e4d47c277b.jpg\" alt=\"2022-03-28_11-44-58\" width=\"500\" height=\"225\" \/><\/a><\/p>\n<p><a href=\"https:\/\/flic.kr\/p\/2nb9cdq\"><img loading=\"lazy\" decoding=\"async\" src=\"https:\/\/live.staticflickr.com\/65535\/51966948252_4bda0e654d.jpg\" alt=\"2022-03-28_11-45-11\" width=\"500\" height=\"281\" \/><\/a><\/p>\n<p><a href=\"https:\/\/flic.kr\/p\/2nbfNtR\"><img loading=\"lazy\" decoding=\"async\" src=\"https:\/\/live.staticflickr.com\/65535\/51968237559_07169f2630.jpg\" alt=\"2022-03-28_11-45-29\" width=\"500\" height=\"281\" \/><\/a><\/p>\n<p>&nbsp;<\/p>\n","protected":false},"excerpt":{"rendered":"<p>En horas de esta noche se desat\u00f3 un incendio en una carpinter\u00eda. Las p\u00e9rdidas son cuantiosas<\/p>\n","protected":false},"author":3,"featured_media":0,"comment_status":"closed","ping_status":"closed","sticky":false,"template":"","format":"standard","meta":{"footnotes":""},"categories":[29],"tags":[48],"class_list":["post-69856","post","type-post","status-publish","format-standard","hentry","category-policiales","tag-destacada"],"yoast_head":"<!-- This site is optimized with the Yoast SEO plugin v25.9 - https:\/\/yoast.com\/wordpress\/plugins\/seo\/ -->\n<title>Villa la Arcadia: se incendi\u00f3 un galp\u00f3n; hay p\u00e9rdidas importantes - Noticias Radio Reflejos<\/title>\n<meta name=\"robots\" content=\"index, follow, max-snippet:-1, max-image-preview:large, max-video-preview:-1\" \/>\n<link rel=\"canonical\" href=\"https:\/\/www.noticiasradioreflejos.com.ar\/2021\/villa-la-arcadia-se-incendio-un-galpon-hay-perdidas-importantes\/\" \/>\n<meta property=\"og:locale\" content=\"es_ES\" \/>\n<meta property=\"og:type\" content=\"article\" \/>\n<meta property=\"og:title\" content=\"Villa la Arcadia: se incendi\u00f3 un galp\u00f3n; hay p\u00e9rdidas importantes - Noticias Radio Reflejos\" \/>\n<meta property=\"og:description\" content=\"En horas de esta noche se desat\u00f3 un incendio en una carpinter\u00eda. Las p\u00e9rdidas son cuantiosas\" \/>\n<meta property=\"og:url\" content=\"https:\/\/www.noticiasradioreflejos.com.ar\/2021\/villa-la-arcadia-se-incendio-un-galpon-hay-perdidas-importantes\/\" \/>\n<meta property=\"og:site_name\" content=\"Noticias Radio Reflejos\" \/>\n<meta property=\"article:published_time\" content=\"2022-03-29T03:05:22+00:00\" \/>\n<meta property=\"og:image\" content=\"https:\/\/www.noticiasradioreflejos.com.ar\/2021\/wp-content\/uploads\/2021\/07\/logosol300x200.png\" \/>\n\t<meta property=\"og:image:width\" content=\"300\" \/>\n\t<meta property=\"og:image:height\" content=\"200\" \/>\n\t<meta property=\"og:image:type\" content=\"image\/png\" \/>\n<meta name=\"author\" content=\"Arnaldo Botto\" \/>\n<meta name=\"twitter:card\" content=\"summary_large_image\" \/>\n<script type=\"application\/ld+json\" class=\"yoast-schema-graph\">{\"@context\":\"https:\/\/schema.org\",\"@graph\":[{\"@type\":\"WebPage\",\"@id\":\"https:\/\/www.noticiasradioreflejos.com.ar\/2021\/villa-la-arcadia-se-incendio-un-galpon-hay-perdidas-importantes\/\",\"url\":\"https:\/\/www.noticiasradioreflejos.com.ar\/2021\/villa-la-arcadia-se-incendio-un-galpon-hay-perdidas-importantes\/\",\"name\":\"Villa la Arcadia: se incendi\u00f3 un galp\u00f3n; hay p\u00e9rdidas importantes - Noticias Radio Reflejos\",\"isPartOf\":{\"@id\":\"https:\/\/www.noticiasradioreflejos.com.ar\/2021\/#website\"},\"datePublished\":\"2022-03-29T03:05:22+00:00\",\"author\":{\"@id\":\"https:\/\/www.noticiasradioreflejos.com.ar\/2021\/#\/schema\/person\/ad82545263dcc5ec0996818884fd5fb1\"},\"breadcrumb\":{\"@id\":\"https:\/\/www.noticiasradioreflejos.com.ar\/2021\/villa-la-arcadia-se-incendio-un-galpon-hay-perdidas-importantes\/#breadcrumb\"},\"inLanguage\":\"es\",\"potentialAction\":[{\"@type\":\"ReadAction\",\"target\":[\"https:\/\/www.noticiasradioreflejos.com.ar\/2021\/villa-la-arcadia-se-incendio-un-galpon-hay-perdidas-importantes\/\"]}]},{\"@type\":\"BreadcrumbList\",\"@id\":\"https:\/\/www.noticiasradioreflejos.com.ar\/2021\/villa-la-arcadia-se-incendio-un-galpon-hay-perdidas-importantes\/#breadcrumb\",\"itemListElement\":[{\"@type\":\"ListItem\",\"position\":1,\"name\":\"Portada\",\"item\":\"https:\/\/www.noticiasradioreflejos.com.ar\/2021\/\"},{\"@type\":\"ListItem\",\"position\":2,\"name\":\"Villa la Arcadia: se incendi\u00f3 un galp\u00f3n; hay p\u00e9rdidas importantes\"}]},{\"@type\":\"WebSite\",\"@id\":\"https:\/\/www.noticiasradioreflejos.com.ar\/2021\/#website\",\"url\":\"https:\/\/www.noticiasradioreflejos.com.ar\/2021\/\",\"name\":\"Noticias Radio Reflejos\",\"description\":\"Las noticias de mi comarca\",\"potentialAction\":[{\"@type\":\"SearchAction\",\"target\":{\"@type\":\"EntryPoint\",\"urlTemplate\":\"https:\/\/www.noticiasradioreflejos.com.ar\/2021\/?s={search_term_string}\"},\"query-input\":{\"@type\":\"PropertyValueSpecification\",\"valueRequired\":true,\"valueName\":\"search_term_string\"}}],\"inLanguage\":\"es\"},{\"@type\":\"Person\",\"@id\":\"https:\/\/www.noticiasradioreflejos.com.ar\/2021\/#\/schema\/person\/ad82545263dcc5ec0996818884fd5fb1\",\"name\":\"Arnaldo Botto\",\"image\":{\"@type\":\"ImageObject\",\"inLanguage\":\"es\",\"@id\":\"https:\/\/www.noticiasradioreflejos.com.ar\/2021\/#\/schema\/person\/image\/\",\"url\":\"https:\/\/secure.gravatar.com\/avatar\/55cb5e37c1efa326397366e6974cb338056df65cb50e7d64d1cf314e87504837?s=96&d=mm&r=g\",\"contentUrl\":\"https:\/\/secure.gravatar.com\/avatar\/55cb5e37c1efa326397366e6974cb338056df65cb50e7d64d1cf314e87504837?s=96&d=mm&r=g\",\"caption\":\"Arnaldo Botto\"},\"url\":\"https:\/\/www.noticiasradioreflejos.com.ar\/2021\/author\/arnaldo\/\"}]}<\/script>\n<!-- \/ Yoast SEO plugin. -->","yoast_head_json":{"title":"Villa la Arcadia: se incendi\u00f3 un galp\u00f3n; hay p\u00e9rdidas importantes - Noticias Radio Reflejos","robots":{"index":"index","follow":"follow","max-snippet":"max-snippet:-1","max-image-preview":"max-image-preview:large","max-video-preview":"max-video-preview:-1"},"canonical":"https:\/\/www.noticiasradioreflejos.com.ar\/2021\/villa-la-arcadia-se-incendio-un-galpon-hay-perdidas-importantes\/","og_locale":"es_ES","og_type":"article","og_title":"Villa la Arcadia: se incendi\u00f3 un galp\u00f3n; hay p\u00e9rdidas importantes - Noticias Radio Reflejos","og_description":"En horas de esta noche se desat\u00f3 un incendio en una carpinter\u00eda. Las p\u00e9rdidas son cuantiosas","og_url":"https:\/\/www.noticiasradioreflejos.com.ar\/2021\/villa-la-arcadia-se-incendio-un-galpon-hay-perdidas-importantes\/","og_site_name":"Noticias Radio Reflejos","article_published_time":"2022-03-29T03:05:22+00:00","og_image":[{"width":300,"height":200,"url":"https:\/\/www.noticiasradioreflejos.com.ar\/2021\/wp-content\/uploads\/2021\/07\/logosol300x200.png","type":"image\/png"}],"author":"Arnaldo Botto","twitter_card":"summary_large_image","schema":{"@context":"https:\/\/schema.org","@graph":[{"@type":"WebPage","@id":"https:\/\/www.noticiasradioreflejos.com.ar\/2021\/villa-la-arcadia-se-incendio-un-galpon-hay-perdidas-importantes\/","url":"https:\/\/www.noticiasradioreflejos.com.ar\/2021\/villa-la-arcadia-se-incendio-un-galpon-hay-perdidas-importantes\/","name":"Villa la Arcadia: se incendi\u00f3 un galp\u00f3n; hay p\u00e9rdidas importantes - Noticias Radio Reflejos","isPartOf":{"@id":"https:\/\/www.noticiasradioreflejos.com.ar\/2021\/#website"},"datePublished":"2022-03-29T03:05:22+00:00","author":{"@id":"https:\/\/www.noticiasradioreflejos.com.ar\/2021\/#\/schema\/person\/ad82545263dcc5ec0996818884fd5fb1"},"breadcrumb":{"@id":"https:\/\/www.noticiasradioreflejos.com.ar\/2021\/villa-la-arcadia-se-incendio-un-galpon-hay-perdidas-importantes\/#breadcrumb"},"inLanguage":"es","potentialAction":[{"@type":"ReadAction","target":["https:\/\/www.noticiasradioreflejos.com.ar\/2021\/villa-la-arcadia-se-incendio-un-galpon-hay-perdidas-importantes\/"]}]},{"@type":"BreadcrumbList","@id":"https:\/\/www.noticiasradioreflejos.com.ar\/2021\/villa-la-arcadia-se-incendio-un-galpon-hay-perdidas-importantes\/#breadcrumb","itemListElement":[{"@type":"ListItem","position":1,"name":"Portada","item":"https:\/\/www.noticiasradioreflejos.com.ar\/2021\/"},{"@type":"ListItem","position":2,"name":"Villa la Arcadia: se incendi\u00f3 un galp\u00f3n; hay p\u00e9rdidas importantes"}]},{"@type":"WebSite","@id":"https:\/\/www.noticiasradioreflejos.com.ar\/2021\/#website","url":"https:\/\/www.noticiasradioreflejos.com.ar\/2021\/","name":"Noticias Radio Reflejos","description":"Las noticias de mi comarca","potentialAction":[{"@type":"SearchAction","target":{"@type":"EntryPoint","urlTemplate":"https:\/\/www.noticiasradioreflejos.com.ar\/2021\/?s={search_term_string}"},"query-input":{"@type":"PropertyValueSpecification","valueRequired":true,"valueName":"search_term_string"}}],"inLanguage":"es"},{"@type":"Person","@id":"https:\/\/www.noticiasradioreflejos.com.ar\/2021\/#\/schema\/person\/ad82545263dcc5ec0996818884fd5fb1","name":"Arnaldo Botto","image":{"@type":"ImageObject","inLanguage":"es","@id":"https:\/\/www.noticiasradioreflejos.com.ar\/2021\/#\/schema\/person\/image\/","url":"https:\/\/secure.gravatar.com\/avatar\/55cb5e37c1efa326397366e6974cb338056df65cb50e7d64d1cf314e87504837?s=96&d=mm&r=g","contentUrl":"https:\/\/secure.gravatar.com\/avatar\/55cb5e37c1efa326397366e6974cb338056df65cb50e7d64d1cf314e87504837?s=96&d=mm&r=g","caption":"Arnaldo Botto"},"url":"https:\/\/www.noticiasradioreflejos.com.ar\/2021\/author\/arnaldo\/"}]}},"_links":{"self":[{"href":"https:\/\/www.noticiasradioreflejos.com.ar\/2021\/wp-json\/wp\/v2\/posts\/69856","targetHints":{"allow":["GET"]}}],"collection":[{"href":"https:\/\/www.noticiasradioreflejos.com.ar\/2021\/wp-json\/wp\/v2\/posts"}],"about":[{"href":"https:\/\/www.noticiasradioreflejos.com.ar\/2021\/wp-json\/wp\/v2\/types\/post"}],"author":[{"embeddable":true,"href":"https:\/\/www.noticiasradioreflejos.com.ar\/2021\/wp-json\/wp\/v2\/users\/3"}],"replies":[{"embeddable":true,"href":"https:\/\/www.noticiasradioreflejos.com.ar\/2021\/wp-json\/wp\/v2\/comments?post=69856"}],"version-history":[{"count":1,"href":"https:\/\/www.noticiasradioreflejos.com.ar\/2021\/wp-json\/wp\/v2\/posts\/69856\/revisions"}],"predecessor-version":[{"id":69858,"href":"https:\/\/www.noticiasradioreflejos.com.ar\/2021\/wp-json\/wp\/v2\/posts\/69856\/revisions\/69858"}],"wp:attachment":[{"href":"https:\/\/www.noticiasradioreflejos.com.ar\/2021\/wp-json\/wp\/v2\/media?parent=69856"}],"wp:term":[{"taxonomy":"category","embeddable":true,"href":"https:\/\/www.noticiasradioreflejos.com.ar\/2021\/wp-json\/wp\/v2\/categories?post=69856"},{"taxonomy":"post_tag","embeddable":true,"href":"https:\/\/www.noticiasradioreflejos.com.ar\/2021\/wp-json\/wp\/v2\/tags?post=69856"}],"curies":[{"name":"wp","href":"https:\/\/api.w.org\/{rel}","templated":true}]}}