{"id":69847,"date":"2022-03-29T00:44:58","date_gmt":"2022-03-29T00:44:58","guid":{"rendered":"http:\/\/www.noticiasradioreflejos.com.ar\/2021\/?p=69847"},"modified":"2022-03-29T00:44:58","modified_gmt":"2022-03-29T00:44:58","slug":"villa-ventana-tendra-la-2da-edicion-de-arte-por-malvinas-con-la-presencia-de-ignacio-copani-y-multiples-actividades","status":"publish","type":"post","link":"https:\/\/www.noticiasradioreflejos.com.ar\/2021\/villa-ventana-tendra-la-2da-edicion-de-arte-por-malvinas-con-la-presencia-de-ignacio-copani-y-multiples-actividades\/","title":{"rendered":"Villa Ventana tendr\u00e1 la 2da Edici\u00f3n de Arte por Malvinas con la presencia de Ignacio Copani y m\u00faltiples actividades.."},"content":{"rendered":"<p>El veterano de guerra estuvo inform\u00e1ndonos sobre la actividad en Villa Ventana en conmemoraci\u00f3n del 40 aniversarios de la gesta de Malvinas, que tendr\u00e1 la actuaci\u00f3n especial de <strong>Ignacio Copani.<\/strong><!--more--><\/p>\n<p>Al comenzar la nota, nos comparti\u00f3 el programa del evento:<\/p>\n<p>El evento tomar\u00e1 lugar este s\u00e1bado 2 de abril, el cual arrancar\u00e1 a las 00 horas con una vigilia y contar\u00e1 con la presencia de un ex combatiente de Villa Ventana.<br \/>\nA las 9 hs, junto con la Delegada Municipal, se izar\u00e1 la bandera Argentina en un acto no oficial.<br \/>\nA las 9:30, el evento se trasladar\u00e1 a la entrada de Villa Ventana donde se colocar\u00e1 un cartel en la ruta, haciendo alusi\u00f3n a los 40 a\u00f1os de Malvinas. Esto se realizar\u00e1 en conjunto con Vialidad Provincial y las autoridades.<br \/>\nA las 13 hs se har\u00e1 la segunda caminata por la paz, que finalizar\u00e1 en el paseo, donde se realizar\u00e1 una charla debate como cierre antes de que arranque el evento cultural, donde habr\u00e1 shows musicales, poes\u00eda y con Ignacio Copani al rededor de las 18hs.<br \/>\nEl evento cultural estar\u00e1 acompa\u00f1ado por carritos de comida.<\/p>\n<p>\u00abInvitar a toda la comunidad a participar. La idea es empezar a trabajar un poco m\u00e1s con la cultura, el deporte y la educaci\u00f3n. Tambi\u00e9n quiero agradecer a mi familia, que nos pusimos al hombro este evento, a Luc\u00eda Urriaga que nos va a prestar gazebo y sonido, a la delegada municipal que consigui\u00f3 que nos corten la calle, a Pablo Balario que va a hacer la locuci\u00f3n, a Bruno Bordoni que va a hacer un fondo de escenario con las Malvinas dibujadas, y despu\u00e9s muchos m\u00e1s que est\u00e1n colaborando silenciosamente\u00bb aprovech\u00f3 a agradecer luego de presentar el evento.<\/p>\n<p>Nota completa a continuaci\u00f3n:<br \/>\n<iframe loading=\"lazy\" src=\"https:\/\/w.soundcloud.com\/player\/?url=https%3A\/\/api.soundcloud.com\/tracks\/1240149685&amp;color=%23ff5500&amp;auto_play=false&amp;hide_related=false&amp;show_comments=true&amp;show_user=true&amp;show_reposts=false&amp;show_teaser=true\" width=\"100%\" height=\"166\" frameborder=\"no\" scrolling=\"no\"><\/iframe><\/p>\n<div style=\"font-size: 10px; color: #cccccc; line-break: anywhere; word-break: normal; overflow: hidden; white-space: nowrap; text-overflow: ellipsis; font-family: Interstate,Lucida Grande,Lucida Sans Unicode,Lucida Sans,Garuda,Verdana,Tahoma,sans-serif; font-weight: 100;\"><a style=\"color: #cccccc; text-decoration: none;\" title=\"fmreflejos 103.7\" href=\"https:\/\/soundcloud.com\/fmreflejos-103-7\" target=\"_blank\" rel=\"noopener\">fmreflejos 103.7<\/a> \u00b7 <a style=\"color: #cccccc; text-decoration: none;\" title=\"Enrique Cabral\" href=\"https:\/\/soundcloud.com\/fmreflejos-103-7\/enrique-cabral-5\" target=\"_blank\" rel=\"noopener\">Enrique Cabral<\/a><\/div>\n<p><a data-flickr-embed=\"true\" href=\"https:\/\/www.flickr.com\/photos\/182279889@N02\/51967781336\/in\/dateposted-public\/\" title=\"Arte por Malvinas (1)\"><img loading=\"lazy\" decoding=\"async\" src=\"https:\/\/live.staticflickr.com\/65535\/51967781336_435875409c_c.jpg\" width=\"565\" height=\"800\" alt=\"Arte por Malvinas (1)\"><\/a><script async src=\"\/\/embedr.flickr.com\/assets\/client-code.js\" charset=\"utf-8\"><\/script><\/p>\n<p><a data-flickr-embed=\"true\" href=\"https:\/\/www.flickr.com\/photos\/182279889@N02\/51968063454\/in\/dateposted-public\/\" title=\"Arte por Malvinas (2)\"><img loading=\"lazy\" decoding=\"async\" src=\"https:\/\/live.staticflickr.com\/65535\/51968063454_c51e20b1e9_c.jpg\" width=\"565\" height=\"800\" alt=\"Arte por Malvinas (2)\"><\/a><script async src=\"\/\/embedr.flickr.com\/assets\/client-code.js\" charset=\"utf-8\"><\/script><\/p>\n","protected":false},"excerpt":{"rendered":"<p>El veterano de guerra estuvo inform\u00e1ndonos sobre la actividad en Villa Ventana en conmemoraci\u00f3n del 40 aniversarios de la gesta de Malvinas, que tendr\u00e1 la actuaci\u00f3n especial de Ignacio Copani.<\/p>\n","protected":false},"author":3,"featured_media":0,"comment_status":"closed","ping_status":"closed","sticky":false,"template":"","format":"standard","meta":{"footnotes":""},"categories":[35,24,26],"tags":[48],"class_list":["post-69847","post","type-post","status-publish","format-standard","hentry","category-cultura","category-politica","category-sociedad","tag-destacada"],"yoast_head":"<!-- This site is optimized with the Yoast SEO plugin v25.9 - https:\/\/yoast.com\/wordpress\/plugins\/seo\/ -->\n<title>Villa Ventana tendr\u00e1 la 2da Edici\u00f3n de Arte por Malvinas con la presencia de Ignacio Copani y m\u00faltiples actividades.. - Noticias Radio Reflejos<\/title>\n<meta name=\"robots\" content=\"index, follow, max-snippet:-1, max-image-preview:large, max-video-preview:-1\" \/>\n<link rel=\"canonical\" href=\"https:\/\/www.noticiasradioreflejos.com.ar\/2021\/villa-ventana-tendra-la-2da-edicion-de-arte-por-malvinas-con-la-presencia-de-ignacio-copani-y-multiples-actividades\/\" \/>\n<meta property=\"og:locale\" content=\"es_ES\" \/>\n<meta property=\"og:type\" content=\"article\" \/>\n<meta property=\"og:title\" content=\"Villa Ventana tendr\u00e1 la 2da Edici\u00f3n de Arte por Malvinas con la presencia de Ignacio Copani y m\u00faltiples actividades.. - Noticias Radio Reflejos\" \/>\n<meta property=\"og:description\" content=\"El veterano de guerra estuvo inform\u00e1ndonos sobre la actividad en Villa Ventana en conmemoraci\u00f3n del 40 aniversarios de la gesta de Malvinas, que tendr\u00e1 la actuaci\u00f3n especial de Ignacio Copani.\" \/>\n<meta property=\"og:url\" content=\"https:\/\/www.noticiasradioreflejos.com.ar\/2021\/villa-ventana-tendra-la-2da-edicion-de-arte-por-malvinas-con-la-presencia-de-ignacio-copani-y-multiples-actividades\/\" \/>\n<meta property=\"og:site_name\" content=\"Noticias Radio Reflejos\" \/>\n<meta property=\"article:published_time\" content=\"2022-03-29T00:44:58+00:00\" \/>\n<meta property=\"og:image\" content=\"https:\/\/live.staticflickr.com\/65535\/51967781336_435875409c_c.jpg\" \/>\n<meta name=\"author\" content=\"Arnaldo Botto\" \/>\n<meta name=\"twitter:card\" content=\"summary_large_image\" \/>\n<script type=\"application\/ld+json\" class=\"yoast-schema-graph\">{\"@context\":\"https:\/\/schema.org\",\"@graph\":[{\"@type\":\"WebPage\",\"@id\":\"https:\/\/www.noticiasradioreflejos.com.ar\/2021\/villa-ventana-tendra-la-2da-edicion-de-arte-por-malvinas-con-la-presencia-de-ignacio-copani-y-multiples-actividades\/\",\"url\":\"https:\/\/www.noticiasradioreflejos.com.ar\/2021\/villa-ventana-tendra-la-2da-edicion-de-arte-por-malvinas-con-la-presencia-de-ignacio-copani-y-multiples-actividades\/\",\"name\":\"Villa Ventana tendr\u00e1 la 2da Edici\u00f3n de Arte por Malvinas con la presencia de Ignacio Copani y m\u00faltiples actividades.. - Noticias Radio Reflejos\",\"isPartOf\":{\"@id\":\"https:\/\/www.noticiasradioreflejos.com.ar\/2021\/#website\"},\"primaryImageOfPage\":{\"@id\":\"https:\/\/www.noticiasradioreflejos.com.ar\/2021\/villa-ventana-tendra-la-2da-edicion-de-arte-por-malvinas-con-la-presencia-de-ignacio-copani-y-multiples-actividades\/#primaryimage\"},\"image\":{\"@id\":\"https:\/\/www.noticiasradioreflejos.com.ar\/2021\/villa-ventana-tendra-la-2da-edicion-de-arte-por-malvinas-con-la-presencia-de-ignacio-copani-y-multiples-actividades\/#primaryimage\"},\"thumbnailUrl\":\"https:\/\/live.staticflickr.com\/65535\/51967781336_435875409c_c.jpg\",\"datePublished\":\"2022-03-29T00:44:58+00:00\",\"author\":{\"@id\":\"https:\/\/www.noticiasradioreflejos.com.ar\/2021\/#\/schema\/person\/ad82545263dcc5ec0996818884fd5fb1\"},\"breadcrumb\":{\"@id\":\"https:\/\/www.noticiasradioreflejos.com.ar\/2021\/villa-ventana-tendra-la-2da-edicion-de-arte-por-malvinas-con-la-presencia-de-ignacio-copani-y-multiples-actividades\/#breadcrumb\"},\"inLanguage\":\"es\",\"potentialAction\":[{\"@type\":\"ReadAction\",\"target\":[\"https:\/\/www.noticiasradioreflejos.com.ar\/2021\/villa-ventana-tendra-la-2da-edicion-de-arte-por-malvinas-con-la-presencia-de-ignacio-copani-y-multiples-actividades\/\"]}]},{\"@type\":\"ImageObject\",\"inLanguage\":\"es\",\"@id\":\"https:\/\/www.noticiasradioreflejos.com.ar\/2021\/villa-ventana-tendra-la-2da-edicion-de-arte-por-malvinas-con-la-presencia-de-ignacio-copani-y-multiples-actividades\/#primaryimage\",\"url\":\"https:\/\/live.staticflickr.com\/65535\/51967781336_435875409c_c.jpg\",\"contentUrl\":\"https:\/\/live.staticflickr.com\/65535\/51967781336_435875409c_c.jpg\"},{\"@type\":\"BreadcrumbList\",\"@id\":\"https:\/\/www.noticiasradioreflejos.com.ar\/2021\/villa-ventana-tendra-la-2da-edicion-de-arte-por-malvinas-con-la-presencia-de-ignacio-copani-y-multiples-actividades\/#breadcrumb\",\"itemListElement\":[{\"@type\":\"ListItem\",\"position\":1,\"name\":\"Portada\",\"item\":\"https:\/\/www.noticiasradioreflejos.com.ar\/2021\/\"},{\"@type\":\"ListItem\",\"position\":2,\"name\":\"Villa Ventana tendr\u00e1 la 2da Edici\u00f3n de Arte por Malvinas con la presencia de Ignacio Copani y m\u00faltiples actividades..\"}]},{\"@type\":\"WebSite\",\"@id\":\"https:\/\/www.noticiasradioreflejos.com.ar\/2021\/#website\",\"url\":\"https:\/\/www.noticiasradioreflejos.com.ar\/2021\/\",\"name\":\"Noticias Radio Reflejos\",\"description\":\"Las noticias de mi comarca\",\"potentialAction\":[{\"@type\":\"SearchAction\",\"target\":{\"@type\":\"EntryPoint\",\"urlTemplate\":\"https:\/\/www.noticiasradioreflejos.com.ar\/2021\/?s={search_term_string}\"},\"query-input\":{\"@type\":\"PropertyValueSpecification\",\"valueRequired\":true,\"valueName\":\"search_term_string\"}}],\"inLanguage\":\"es\"},{\"@type\":\"Person\",\"@id\":\"https:\/\/www.noticiasradioreflejos.com.ar\/2021\/#\/schema\/person\/ad82545263dcc5ec0996818884fd5fb1\",\"name\":\"Arnaldo Botto\",\"image\":{\"@type\":\"ImageObject\",\"inLanguage\":\"es\",\"@id\":\"https:\/\/www.noticiasradioreflejos.com.ar\/2021\/#\/schema\/person\/image\/\",\"url\":\"https:\/\/secure.gravatar.com\/avatar\/55cb5e37c1efa326397366e6974cb338056df65cb50e7d64d1cf314e87504837?s=96&d=mm&r=g\",\"contentUrl\":\"https:\/\/secure.gravatar.com\/avatar\/55cb5e37c1efa326397366e6974cb338056df65cb50e7d64d1cf314e87504837?s=96&d=mm&r=g\",\"caption\":\"Arnaldo Botto\"},\"url\":\"https:\/\/www.noticiasradioreflejos.com.ar\/2021\/author\/arnaldo\/\"}]}<\/script>\n<!-- \/ Yoast SEO plugin. -->","yoast_head_json":{"title":"Villa Ventana tendr\u00e1 la 2da Edici\u00f3n de Arte por Malvinas con la presencia de Ignacio Copani y m\u00faltiples actividades.. - Noticias Radio Reflejos","robots":{"index":"index","follow":"follow","max-snippet":"max-snippet:-1","max-image-preview":"max-image-preview:large","max-video-preview":"max-video-preview:-1"},"canonical":"https:\/\/www.noticiasradioreflejos.com.ar\/2021\/villa-ventana-tendra-la-2da-edicion-de-arte-por-malvinas-con-la-presencia-de-ignacio-copani-y-multiples-actividades\/","og_locale":"es_ES","og_type":"article","og_title":"Villa Ventana tendr\u00e1 la 2da Edici\u00f3n de Arte por Malvinas con la presencia de Ignacio Copani y m\u00faltiples actividades.. - Noticias Radio Reflejos","og_description":"El veterano de guerra estuvo inform\u00e1ndonos sobre la actividad en Villa Ventana en conmemoraci\u00f3n del 40 aniversarios de la gesta de Malvinas, que tendr\u00e1 la actuaci\u00f3n especial de Ignacio Copani.","og_url":"https:\/\/www.noticiasradioreflejos.com.ar\/2021\/villa-ventana-tendra-la-2da-edicion-de-arte-por-malvinas-con-la-presencia-de-ignacio-copani-y-multiples-actividades\/","og_site_name":"Noticias Radio Reflejos","article_published_time":"2022-03-29T00:44:58+00:00","og_image":[{"url":"https:\/\/live.staticflickr.com\/65535\/51967781336_435875409c_c.jpg","type":"","width":"","height":""}],"author":"Arnaldo Botto","twitter_card":"summary_large_image","schema":{"@context":"https:\/\/schema.org","@graph":[{"@type":"WebPage","@id":"https:\/\/www.noticiasradioreflejos.com.ar\/2021\/villa-ventana-tendra-la-2da-edicion-de-arte-por-malvinas-con-la-presencia-de-ignacio-copani-y-multiples-actividades\/","url":"https:\/\/www.noticiasradioreflejos.com.ar\/2021\/villa-ventana-tendra-la-2da-edicion-de-arte-por-malvinas-con-la-presencia-de-ignacio-copani-y-multiples-actividades\/","name":"Villa Ventana tendr\u00e1 la 2da Edici\u00f3n de Arte por Malvinas con la presencia de Ignacio Copani y m\u00faltiples actividades.. - Noticias Radio Reflejos","isPartOf":{"@id":"https:\/\/www.noticiasradioreflejos.com.ar\/2021\/#website"},"primaryImageOfPage":{"@id":"https:\/\/www.noticiasradioreflejos.com.ar\/2021\/villa-ventana-tendra-la-2da-edicion-de-arte-por-malvinas-con-la-presencia-de-ignacio-copani-y-multiples-actividades\/#primaryimage"},"image":{"@id":"https:\/\/www.noticiasradioreflejos.com.ar\/2021\/villa-ventana-tendra-la-2da-edicion-de-arte-por-malvinas-con-la-presencia-de-ignacio-copani-y-multiples-actividades\/#primaryimage"},"thumbnailUrl":"https:\/\/live.staticflickr.com\/65535\/51967781336_435875409c_c.jpg","datePublished":"2022-03-29T00:44:58+00:00","author":{"@id":"https:\/\/www.noticiasradioreflejos.com.ar\/2021\/#\/schema\/person\/ad82545263dcc5ec0996818884fd5fb1"},"breadcrumb":{"@id":"https:\/\/www.noticiasradioreflejos.com.ar\/2021\/villa-ventana-tendra-la-2da-edicion-de-arte-por-malvinas-con-la-presencia-de-ignacio-copani-y-multiples-actividades\/#breadcrumb"},"inLanguage":"es","potentialAction":[{"@type":"ReadAction","target":["https:\/\/www.noticiasradioreflejos.com.ar\/2021\/villa-ventana-tendra-la-2da-edicion-de-arte-por-malvinas-con-la-presencia-de-ignacio-copani-y-multiples-actividades\/"]}]},{"@type":"ImageObject","inLanguage":"es","@id":"https:\/\/www.noticiasradioreflejos.com.ar\/2021\/villa-ventana-tendra-la-2da-edicion-de-arte-por-malvinas-con-la-presencia-de-ignacio-copani-y-multiples-actividades\/#primaryimage","url":"https:\/\/live.staticflickr.com\/65535\/51967781336_435875409c_c.jpg","contentUrl":"https:\/\/live.staticflickr.com\/65535\/51967781336_435875409c_c.jpg"},{"@type":"BreadcrumbList","@id":"https:\/\/www.noticiasradioreflejos.com.ar\/2021\/villa-ventana-tendra-la-2da-edicion-de-arte-por-malvinas-con-la-presencia-de-ignacio-copani-y-multiples-actividades\/#breadcrumb","itemListElement":[{"@type":"ListItem","position":1,"name":"Portada","item":"https:\/\/www.noticiasradioreflejos.com.ar\/2021\/"},{"@type":"ListItem","position":2,"name":"Villa Ventana tendr\u00e1 la 2da Edici\u00f3n de Arte por Malvinas con la presencia de Ignacio Copani y m\u00faltiples actividades.."}]},{"@type":"WebSite","@id":"https:\/\/www.noticiasradioreflejos.com.ar\/2021\/#website","url":"https:\/\/www.noticiasradioreflejos.com.ar\/2021\/","name":"Noticias Radio Reflejos","description":"Las noticias de mi comarca","potentialAction":[{"@type":"SearchAction","target":{"@type":"EntryPoint","urlTemplate":"https:\/\/www.noticiasradioreflejos.com.ar\/2021\/?s={search_term_string}"},"query-input":{"@type":"PropertyValueSpecification","valueRequired":true,"valueName":"search_term_string"}}],"inLanguage":"es"},{"@type":"Person","@id":"https:\/\/www.noticiasradioreflejos.com.ar\/2021\/#\/schema\/person\/ad82545263dcc5ec0996818884fd5fb1","name":"Arnaldo Botto","image":{"@type":"ImageObject","inLanguage":"es","@id":"https:\/\/www.noticiasradioreflejos.com.ar\/2021\/#\/schema\/person\/image\/","url":"https:\/\/secure.gravatar.com\/avatar\/55cb5e37c1efa326397366e6974cb338056df65cb50e7d64d1cf314e87504837?s=96&d=mm&r=g","contentUrl":"https:\/\/secure.gravatar.com\/avatar\/55cb5e37c1efa326397366e6974cb338056df65cb50e7d64d1cf314e87504837?s=96&d=mm&r=g","caption":"Arnaldo Botto"},"url":"https:\/\/www.noticiasradioreflejos.com.ar\/2021\/author\/arnaldo\/"}]}},"_links":{"self":[{"href":"https:\/\/www.noticiasradioreflejos.com.ar\/2021\/wp-json\/wp\/v2\/posts\/69847","targetHints":{"allow":["GET"]}}],"collection":[{"href":"https:\/\/www.noticiasradioreflejos.com.ar\/2021\/wp-json\/wp\/v2\/posts"}],"about":[{"href":"https:\/\/www.noticiasradioreflejos.com.ar\/2021\/wp-json\/wp\/v2\/types\/post"}],"author":[{"embeddable":true,"href":"https:\/\/www.noticiasradioreflejos.com.ar\/2021\/wp-json\/wp\/v2\/users\/3"}],"replies":[{"embeddable":true,"href":"https:\/\/www.noticiasradioreflejos.com.ar\/2021\/wp-json\/wp\/v2\/comments?post=69847"}],"version-history":[{"count":2,"href":"https:\/\/www.noticiasradioreflejos.com.ar\/2021\/wp-json\/wp\/v2\/posts\/69847\/revisions"}],"predecessor-version":[{"id":69852,"href":"https:\/\/www.noticiasradioreflejos.com.ar\/2021\/wp-json\/wp\/v2\/posts\/69847\/revisions\/69852"}],"wp:attachment":[{"href":"https:\/\/www.noticiasradioreflejos.com.ar\/2021\/wp-json\/wp\/v2\/media?parent=69847"}],"wp:term":[{"taxonomy":"category","embeddable":true,"href":"https:\/\/www.noticiasradioreflejos.com.ar\/2021\/wp-json\/wp\/v2\/categories?post=69847"},{"taxonomy":"post_tag","embeddable":true,"href":"https:\/\/www.noticiasradioreflejos.com.ar\/2021\/wp-json\/wp\/v2\/tags?post=69847"}],"curies":[{"name":"wp","href":"https:\/\/api.w.org\/{rel}","templated":true}]}}