{"id":69844,"date":"2022-03-29T00:33:45","date_gmt":"2022-03-29T00:33:45","guid":{"rendered":"http:\/\/www.noticiasradioreflejos.com.ar\/2021\/?p=69844"},"modified":"2022-03-29T12:26:35","modified_gmt":"2022-03-29T12:26:35","slug":"no-hay-reconocimiento-que-alcance-a-todo-lo-que-han-dejado-alla-los-chicos-en-defensa-de-la-soberania-nacional","status":"publish","type":"post","link":"https:\/\/www.noticiasradioreflejos.com.ar\/2021\/no-hay-reconocimiento-que-alcance-a-todo-lo-que-han-dejado-alla-los-chicos-en-defensa-de-la-soberania-nacional\/","title":{"rendered":"\u00abNo hay reconocimiento que alcance a todo lo que han dejado all\u00e1 los chicos en defensa de la soberan\u00eda nacional\u00bb"},"content":{"rendered":"<p>El dirigente de Agrupaci\u00f3n Ventania, desarrolla un informe sobre el proyecto de ordenanza que fue presentado a la Secretar\u00eda del Honorable Concejo Deliberante de Tornquist y para toma de conocimiento en el Ejecutivo Municipal, que estipula un r\u00e9gimen de beneficios sociales para los h\u00e9roes de Malvinas, otorgando la eximici\u00f3n del pago de las Tasas Municipales sobre Inmuebles, Automotores, y la gratuidad de la licencia de conducir particular.<!--more--><\/p>\n<p>\u00abEs una semana que significa que son 40 a\u00f1os ya de Malvinas. No hay reconocimiento que alcance a todo lo que han dejado all\u00e1 los chicos en defensa de la soberan\u00eda nacional\u00bb expres\u00f3 Carlos al comenzar la nota, presentando las razones por las que decidieron impulsar la idea.<\/p>\n<p>Mencion\u00f3 que, en conjunto con la Agrupaci\u00f3n Ventania, decidieron presentar un proyecto en la Secretar\u00eda privada del intendente y en la Secretar\u00eda del Honorable Concejo Deliberante para brindarles, de alg\u00fan modo, un reconocimiento a los ex combatientes de Malvinas.<\/p>\n<p>Carlos explic\u00f3 que el presente proyecto propone la eximici\u00f3n de los veteranos de guerra en el pago de las tasas municipales sobre los inmuebles y sobre los automotores. Adem\u00e1s, el otorgamiento de las licencias de conducir de manera gratuita.<\/p>\n<p>\u00abEste proyecto contempla a militares no condenados a la violaci\u00f3n de los derechos humanos y a civiles que han participado del conflicto armado entre el 2 de abril y el 14 de junio de 1982. Tambi\u00e9n acceden a estos beneficios quienes tengan el certificado actualizado como veteranos de guerra y tener domicilio y residencia en el distrito\u00bb aclar\u00f3 Carlos qui\u00e9nes ser\u00edan los benefactores de este proyecto.<\/p>\n<p>Nota completa completa a continuaci\u00f3n:<br \/>\n<iframe loading=\"lazy\" src=\"https:\/\/w.soundcloud.com\/player\/?url=https%3A\/\/api.soundcloud.com\/tracks\/1240148782&amp;color=%23ff5500&amp;auto_play=false&amp;hide_related=false&amp;show_comments=true&amp;show_user=true&amp;show_reposts=false&amp;show_teaser=true&amp;visual=true\" width=\"100%\" height=\"300\" frameborder=\"no\" scrolling=\"no\"><\/iframe><\/p>\n<div style=\"font-size: 10px; color: #cccccc; line-break: anywhere; word-break: normal; overflow: hidden; white-space: nowrap; text-overflow: ellipsis; font-family: Interstate,Lucida Grande,Lucida Sans Unicode,Lucida Sans,Garuda,Verdana,Tahoma,sans-serif; font-weight: 100;\"><a style=\"color: #cccccc; text-decoration: none;\" title=\"fmreflejos 103.7\" href=\"https:\/\/soundcloud.com\/fmreflejos-103-7\" target=\"_blank\" rel=\"noopener\">fmreflejos 103.7<\/a> \u00b7 <a style=\"color: #cccccc; text-decoration: none;\" title=\"Carlos Dana\" href=\"https:\/\/soundcloud.com\/fmreflejos-103-7\/carlos-dana-3\" target=\"_blank\" rel=\"noopener\">Carlos Dana<\/a><\/div>\n<p><strong>Notas de presentaci\u00f3n y proyecto:<\/strong><br \/>\n<iframe loading=\"lazy\" class=\"scribd_iframe_embed\" tabindex=\"0\" title=\"Veteranos MALVINAS - Nota de Agrupaci\u00f3n Ventania\" src=\"https:\/\/www.scribd.com\/embeds\/566938261\/content?start_page=1&amp;view_mode=scroll&amp;access_key=key-kiptcVlOFSCvL2TY0C3y\" width=\"100%\" height=\"600\" frameborder=\"0\" scrolling=\"no\" data-auto-height=\"true\" data-aspect-ratio=\"0.7080062794348508\"><\/iframe><\/p>\n<p style=\"margin: 12px auto 6px auto; font-family: Helvetica,Arial,Sans-serif; font-style: normal; font-variant: normal; font-weight: normal; font-size: 14px; line-height: normal; font-size-adjust: none; font-stretch: normal; -x-system-font: none; display: block;\"><a style=\"text-decoration: underline;\" title=\"View Veteranos MALVINAS - Nota de Agrupaci\u00f3n Ventania on Scribd\" href=\"https:\/\/www.scribd.com\/document\/566938261\/Veteranos-MALVINAS-Nota-de-Agrupacion-Ventania#from_embed\">Veteranos MALVINAS &#8211; Nota d&#8230;<\/a> by <a style=\"text-decoration: underline;\" title=\"View FM Reflejos Sierra de la Ventana's profile on Scribd\" href=\"https:\/\/www.scribd.com\/user\/128459674\/FM-Reflejos-Sierra-de-la-Ventana#from_embed\">FM Reflejos Sierra de la Ve&#8230;<\/a><\/p>\n","protected":false},"excerpt":{"rendered":"<p>El dirigente de Agrupaci\u00f3n Ventania, desarrolla un informe sobre el proyecto de ordenanza que fue presentado a la Secretar\u00eda del Honorable Concejo Deliberante de Tornquist y para toma de conocimiento en el Ejecutivo Municipal, que estipula un r\u00e9gimen de beneficios sociales para los h\u00e9roes de Malvinas, otorgando la eximici\u00f3n del pago de las Tasas Municipales [&hellip;]<\/p>\n","protected":false},"author":3,"featured_media":69848,"comment_status":"closed","ping_status":"closed","sticky":false,"template":"","format":"standard","meta":{"footnotes":""},"categories":[24],"tags":[48],"class_list":["post-69844","post","type-post","status-publish","format-standard","has-post-thumbnail","hentry","category-politica","tag-destacada"],"yoast_head":"<!-- This site is optimized with the Yoast SEO plugin v25.9 - https:\/\/yoast.com\/wordpress\/plugins\/seo\/ -->\n<title>&quot;No hay reconocimiento que alcance a todo lo que han dejado all\u00e1 los chicos en defensa de la soberan\u00eda nacional&quot; - Noticias Radio Reflejos<\/title>\n<meta name=\"robots\" content=\"index, follow, max-snippet:-1, max-image-preview:large, max-video-preview:-1\" \/>\n<link rel=\"canonical\" href=\"https:\/\/www.noticiasradioreflejos.com.ar\/2021\/no-hay-reconocimiento-que-alcance-a-todo-lo-que-han-dejado-alla-los-chicos-en-defensa-de-la-soberania-nacional\/\" \/>\n<meta property=\"og:locale\" content=\"es_ES\" \/>\n<meta property=\"og:type\" content=\"article\" \/>\n<meta property=\"og:title\" content=\"&quot;No hay reconocimiento que alcance a todo lo que han dejado all\u00e1 los chicos en defensa de la soberan\u00eda nacional&quot; - Noticias Radio Reflejos\" \/>\n<meta property=\"og:description\" content=\"El dirigente de Agrupaci\u00f3n Ventania, desarrolla un informe sobre el proyecto de ordenanza que fue presentado a la Secretar\u00eda del Honorable Concejo Deliberante de Tornquist y para toma de conocimiento en el Ejecutivo Municipal, que estipula un r\u00e9gimen de beneficios sociales para los h\u00e9roes de Malvinas, otorgando la eximici\u00f3n del pago de las Tasas Municipales [&hellip;]\" \/>\n<meta property=\"og:url\" content=\"https:\/\/www.noticiasradioreflejos.com.ar\/2021\/no-hay-reconocimiento-que-alcance-a-todo-lo-que-han-dejado-alla-los-chicos-en-defensa-de-la-soberania-nacional\/\" \/>\n<meta property=\"og:site_name\" content=\"Noticias Radio Reflejos\" \/>\n<meta property=\"article:published_time\" content=\"2022-03-29T00:33:45+00:00\" \/>\n<meta property=\"article:modified_time\" content=\"2022-03-29T12:26:35+00:00\" \/>\n<meta property=\"og:image\" content=\"https:\/\/www.noticiasradioreflejos.com.ar\/2021\/wp-content\/uploads\/2022\/03\/Carlos-Dana.jpg\" \/>\n\t<meta property=\"og:image:width\" content=\"562\" \/>\n\t<meta property=\"og:image:height\" content=\"631\" \/>\n\t<meta property=\"og:image:type\" content=\"image\/jpeg\" \/>\n<meta name=\"author\" content=\"Arnaldo Botto\" \/>\n<meta name=\"twitter:card\" content=\"summary_large_image\" \/>\n<script type=\"application\/ld+json\" class=\"yoast-schema-graph\">{\"@context\":\"https:\/\/schema.org\",\"@graph\":[{\"@type\":\"WebPage\",\"@id\":\"https:\/\/www.noticiasradioreflejos.com.ar\/2021\/no-hay-reconocimiento-que-alcance-a-todo-lo-que-han-dejado-alla-los-chicos-en-defensa-de-la-soberania-nacional\/\",\"url\":\"https:\/\/www.noticiasradioreflejos.com.ar\/2021\/no-hay-reconocimiento-que-alcance-a-todo-lo-que-han-dejado-alla-los-chicos-en-defensa-de-la-soberania-nacional\/\",\"name\":\"\\\"No hay reconocimiento que alcance a todo lo que han dejado all\u00e1 los chicos en defensa de la soberan\u00eda nacional\\\" - Noticias Radio Reflejos\",\"isPartOf\":{\"@id\":\"https:\/\/www.noticiasradioreflejos.com.ar\/2021\/#website\"},\"primaryImageOfPage\":{\"@id\":\"https:\/\/www.noticiasradioreflejos.com.ar\/2021\/no-hay-reconocimiento-que-alcance-a-todo-lo-que-han-dejado-alla-los-chicos-en-defensa-de-la-soberania-nacional\/#primaryimage\"},\"image\":{\"@id\":\"https:\/\/www.noticiasradioreflejos.com.ar\/2021\/no-hay-reconocimiento-que-alcance-a-todo-lo-que-han-dejado-alla-los-chicos-en-defensa-de-la-soberania-nacional\/#primaryimage\"},\"thumbnailUrl\":\"https:\/\/www.noticiasradioreflejos.com.ar\/2021\/wp-content\/uploads\/2022\/03\/Carlos-Dana.jpg\",\"datePublished\":\"2022-03-29T00:33:45+00:00\",\"dateModified\":\"2022-03-29T12:26:35+00:00\",\"author\":{\"@id\":\"https:\/\/www.noticiasradioreflejos.com.ar\/2021\/#\/schema\/person\/ad82545263dcc5ec0996818884fd5fb1\"},\"breadcrumb\":{\"@id\":\"https:\/\/www.noticiasradioreflejos.com.ar\/2021\/no-hay-reconocimiento-que-alcance-a-todo-lo-que-han-dejado-alla-los-chicos-en-defensa-de-la-soberania-nacional\/#breadcrumb\"},\"inLanguage\":\"es\",\"potentialAction\":[{\"@type\":\"ReadAction\",\"target\":[\"https:\/\/www.noticiasradioreflejos.com.ar\/2021\/no-hay-reconocimiento-que-alcance-a-todo-lo-que-han-dejado-alla-los-chicos-en-defensa-de-la-soberania-nacional\/\"]}]},{\"@type\":\"ImageObject\",\"inLanguage\":\"es\",\"@id\":\"https:\/\/www.noticiasradioreflejos.com.ar\/2021\/no-hay-reconocimiento-que-alcance-a-todo-lo-que-han-dejado-alla-los-chicos-en-defensa-de-la-soberania-nacional\/#primaryimage\",\"url\":\"https:\/\/www.noticiasradioreflejos.com.ar\/2021\/wp-content\/uploads\/2022\/03\/Carlos-Dana.jpg\",\"contentUrl\":\"https:\/\/www.noticiasradioreflejos.com.ar\/2021\/wp-content\/uploads\/2022\/03\/Carlos-Dana.jpg\",\"width\":562,\"height\":631},{\"@type\":\"BreadcrumbList\",\"@id\":\"https:\/\/www.noticiasradioreflejos.com.ar\/2021\/no-hay-reconocimiento-que-alcance-a-todo-lo-que-han-dejado-alla-los-chicos-en-defensa-de-la-soberania-nacional\/#breadcrumb\",\"itemListElement\":[{\"@type\":\"ListItem\",\"position\":1,\"name\":\"Portada\",\"item\":\"https:\/\/www.noticiasradioreflejos.com.ar\/2021\/\"},{\"@type\":\"ListItem\",\"position\":2,\"name\":\"\u00abNo hay reconocimiento que alcance a todo lo que han dejado all\u00e1 los chicos en defensa de la soberan\u00eda nacional\u00bb\"}]},{\"@type\":\"WebSite\",\"@id\":\"https:\/\/www.noticiasradioreflejos.com.ar\/2021\/#website\",\"url\":\"https:\/\/www.noticiasradioreflejos.com.ar\/2021\/\",\"name\":\"Noticias Radio Reflejos\",\"description\":\"Las noticias de mi comarca\",\"potentialAction\":[{\"@type\":\"SearchAction\",\"target\":{\"@type\":\"EntryPoint\",\"urlTemplate\":\"https:\/\/www.noticiasradioreflejos.com.ar\/2021\/?s={search_term_string}\"},\"query-input\":{\"@type\":\"PropertyValueSpecification\",\"valueRequired\":true,\"valueName\":\"search_term_string\"}}],\"inLanguage\":\"es\"},{\"@type\":\"Person\",\"@id\":\"https:\/\/www.noticiasradioreflejos.com.ar\/2021\/#\/schema\/person\/ad82545263dcc5ec0996818884fd5fb1\",\"name\":\"Arnaldo Botto\",\"image\":{\"@type\":\"ImageObject\",\"inLanguage\":\"es\",\"@id\":\"https:\/\/www.noticiasradioreflejos.com.ar\/2021\/#\/schema\/person\/image\/\",\"url\":\"https:\/\/secure.gravatar.com\/avatar\/55cb5e37c1efa326397366e6974cb338056df65cb50e7d64d1cf314e87504837?s=96&d=mm&r=g\",\"contentUrl\":\"https:\/\/secure.gravatar.com\/avatar\/55cb5e37c1efa326397366e6974cb338056df65cb50e7d64d1cf314e87504837?s=96&d=mm&r=g\",\"caption\":\"Arnaldo Botto\"},\"url\":\"https:\/\/www.noticiasradioreflejos.com.ar\/2021\/author\/arnaldo\/\"}]}<\/script>\n<!-- \/ Yoast SEO plugin. -->","yoast_head_json":{"title":"\"No hay reconocimiento que alcance a todo lo que han dejado all\u00e1 los chicos en defensa de la soberan\u00eda nacional\" - Noticias Radio Reflejos","robots":{"index":"index","follow":"follow","max-snippet":"max-snippet:-1","max-image-preview":"max-image-preview:large","max-video-preview":"max-video-preview:-1"},"canonical":"https:\/\/www.noticiasradioreflejos.com.ar\/2021\/no-hay-reconocimiento-que-alcance-a-todo-lo-que-han-dejado-alla-los-chicos-en-defensa-de-la-soberania-nacional\/","og_locale":"es_ES","og_type":"article","og_title":"\"No hay reconocimiento que alcance a todo lo que han dejado all\u00e1 los chicos en defensa de la soberan\u00eda nacional\" - Noticias Radio Reflejos","og_description":"El dirigente de Agrupaci\u00f3n Ventania, desarrolla un informe sobre el proyecto de ordenanza que fue presentado a la Secretar\u00eda del Honorable Concejo Deliberante de Tornquist y para toma de conocimiento en el Ejecutivo Municipal, que estipula un r\u00e9gimen de beneficios sociales para los h\u00e9roes de Malvinas, otorgando la eximici\u00f3n del pago de las Tasas Municipales [&hellip;]","og_url":"https:\/\/www.noticiasradioreflejos.com.ar\/2021\/no-hay-reconocimiento-que-alcance-a-todo-lo-que-han-dejado-alla-los-chicos-en-defensa-de-la-soberania-nacional\/","og_site_name":"Noticias Radio Reflejos","article_published_time":"2022-03-29T00:33:45+00:00","article_modified_time":"2022-03-29T12:26:35+00:00","og_image":[{"width":562,"height":631,"url":"https:\/\/www.noticiasradioreflejos.com.ar\/2021\/wp-content\/uploads\/2022\/03\/Carlos-Dana.jpg","type":"image\/jpeg"}],"author":"Arnaldo Botto","twitter_card":"summary_large_image","schema":{"@context":"https:\/\/schema.org","@graph":[{"@type":"WebPage","@id":"https:\/\/www.noticiasradioreflejos.com.ar\/2021\/no-hay-reconocimiento-que-alcance-a-todo-lo-que-han-dejado-alla-los-chicos-en-defensa-de-la-soberania-nacional\/","url":"https:\/\/www.noticiasradioreflejos.com.ar\/2021\/no-hay-reconocimiento-que-alcance-a-todo-lo-que-han-dejado-alla-los-chicos-en-defensa-de-la-soberania-nacional\/","name":"\"No hay reconocimiento que alcance a todo lo que han dejado all\u00e1 los chicos en defensa de la soberan\u00eda nacional\" - Noticias Radio Reflejos","isPartOf":{"@id":"https:\/\/www.noticiasradioreflejos.com.ar\/2021\/#website"},"primaryImageOfPage":{"@id":"https:\/\/www.noticiasradioreflejos.com.ar\/2021\/no-hay-reconocimiento-que-alcance-a-todo-lo-que-han-dejado-alla-los-chicos-en-defensa-de-la-soberania-nacional\/#primaryimage"},"image":{"@id":"https:\/\/www.noticiasradioreflejos.com.ar\/2021\/no-hay-reconocimiento-que-alcance-a-todo-lo-que-han-dejado-alla-los-chicos-en-defensa-de-la-soberania-nacional\/#primaryimage"},"thumbnailUrl":"https:\/\/www.noticiasradioreflejos.com.ar\/2021\/wp-content\/uploads\/2022\/03\/Carlos-Dana.jpg","datePublished":"2022-03-29T00:33:45+00:00","dateModified":"2022-03-29T12:26:35+00:00","author":{"@id":"https:\/\/www.noticiasradioreflejos.com.ar\/2021\/#\/schema\/person\/ad82545263dcc5ec0996818884fd5fb1"},"breadcrumb":{"@id":"https:\/\/www.noticiasradioreflejos.com.ar\/2021\/no-hay-reconocimiento-que-alcance-a-todo-lo-que-han-dejado-alla-los-chicos-en-defensa-de-la-soberania-nacional\/#breadcrumb"},"inLanguage":"es","potentialAction":[{"@type":"ReadAction","target":["https:\/\/www.noticiasradioreflejos.com.ar\/2021\/no-hay-reconocimiento-que-alcance-a-todo-lo-que-han-dejado-alla-los-chicos-en-defensa-de-la-soberania-nacional\/"]}]},{"@type":"ImageObject","inLanguage":"es","@id":"https:\/\/www.noticiasradioreflejos.com.ar\/2021\/no-hay-reconocimiento-que-alcance-a-todo-lo-que-han-dejado-alla-los-chicos-en-defensa-de-la-soberania-nacional\/#primaryimage","url":"https:\/\/www.noticiasradioreflejos.com.ar\/2021\/wp-content\/uploads\/2022\/03\/Carlos-Dana.jpg","contentUrl":"https:\/\/www.noticiasradioreflejos.com.ar\/2021\/wp-content\/uploads\/2022\/03\/Carlos-Dana.jpg","width":562,"height":631},{"@type":"BreadcrumbList","@id":"https:\/\/www.noticiasradioreflejos.com.ar\/2021\/no-hay-reconocimiento-que-alcance-a-todo-lo-que-han-dejado-alla-los-chicos-en-defensa-de-la-soberania-nacional\/#breadcrumb","itemListElement":[{"@type":"ListItem","position":1,"name":"Portada","item":"https:\/\/www.noticiasradioreflejos.com.ar\/2021\/"},{"@type":"ListItem","position":2,"name":"\u00abNo hay reconocimiento que alcance a todo lo que han dejado all\u00e1 los chicos en defensa de la soberan\u00eda nacional\u00bb"}]},{"@type":"WebSite","@id":"https:\/\/www.noticiasradioreflejos.com.ar\/2021\/#website","url":"https:\/\/www.noticiasradioreflejos.com.ar\/2021\/","name":"Noticias Radio Reflejos","description":"Las noticias de mi comarca","potentialAction":[{"@type":"SearchAction","target":{"@type":"EntryPoint","urlTemplate":"https:\/\/www.noticiasradioreflejos.com.ar\/2021\/?s={search_term_string}"},"query-input":{"@type":"PropertyValueSpecification","valueRequired":true,"valueName":"search_term_string"}}],"inLanguage":"es"},{"@type":"Person","@id":"https:\/\/www.noticiasradioreflejos.com.ar\/2021\/#\/schema\/person\/ad82545263dcc5ec0996818884fd5fb1","name":"Arnaldo Botto","image":{"@type":"ImageObject","inLanguage":"es","@id":"https:\/\/www.noticiasradioreflejos.com.ar\/2021\/#\/schema\/person\/image\/","url":"https:\/\/secure.gravatar.com\/avatar\/55cb5e37c1efa326397366e6974cb338056df65cb50e7d64d1cf314e87504837?s=96&d=mm&r=g","contentUrl":"https:\/\/secure.gravatar.com\/avatar\/55cb5e37c1efa326397366e6974cb338056df65cb50e7d64d1cf314e87504837?s=96&d=mm&r=g","caption":"Arnaldo Botto"},"url":"https:\/\/www.noticiasradioreflejos.com.ar\/2021\/author\/arnaldo\/"}]}},"_links":{"self":[{"href":"https:\/\/www.noticiasradioreflejos.com.ar\/2021\/wp-json\/wp\/v2\/posts\/69844","targetHints":{"allow":["GET"]}}],"collection":[{"href":"https:\/\/www.noticiasradioreflejos.com.ar\/2021\/wp-json\/wp\/v2\/posts"}],"about":[{"href":"https:\/\/www.noticiasradioreflejos.com.ar\/2021\/wp-json\/wp\/v2\/types\/post"}],"author":[{"embeddable":true,"href":"https:\/\/www.noticiasradioreflejos.com.ar\/2021\/wp-json\/wp\/v2\/users\/3"}],"replies":[{"embeddable":true,"href":"https:\/\/www.noticiasradioreflejos.com.ar\/2021\/wp-json\/wp\/v2\/comments?post=69844"}],"version-history":[{"count":5,"href":"https:\/\/www.noticiasradioreflejos.com.ar\/2021\/wp-json\/wp\/v2\/posts\/69844\/revisions"}],"predecessor-version":[{"id":69882,"href":"https:\/\/www.noticiasradioreflejos.com.ar\/2021\/wp-json\/wp\/v2\/posts\/69844\/revisions\/69882"}],"wp:featuredmedia":[{"embeddable":true,"href":"https:\/\/www.noticiasradioreflejos.com.ar\/2021\/wp-json\/wp\/v2\/media\/69848"}],"wp:attachment":[{"href":"https:\/\/www.noticiasradioreflejos.com.ar\/2021\/wp-json\/wp\/v2\/media?parent=69844"}],"wp:term":[{"taxonomy":"category","embeddable":true,"href":"https:\/\/www.noticiasradioreflejos.com.ar\/2021\/wp-json\/wp\/v2\/categories?post=69844"},{"taxonomy":"post_tag","embeddable":true,"href":"https:\/\/www.noticiasradioreflejos.com.ar\/2021\/wp-json\/wp\/v2\/tags?post=69844"}],"curies":[{"name":"wp","href":"https:\/\/api.w.org\/{rel}","templated":true}]}}