{"id":69839,"date":"2022-03-28T23:20:29","date_gmt":"2022-03-28T23:20:29","guid":{"rendered":"http:\/\/www.noticiasradioreflejos.com.ar\/2021\/?p=69839"},"modified":"2022-03-28T23:20:29","modified_gmt":"2022-03-28T23:20:29","slug":"en-que-situaciones-se-usara-el-var-que-llega-en-la-proxima-fecha-del-futbol-argentino","status":"publish","type":"post","link":"https:\/\/www.noticiasradioreflejos.com.ar\/2021\/en-que-situaciones-se-usara-el-var-que-llega-en-la-proxima-fecha-del-futbol-argentino\/","title":{"rendered":"En qu\u00e9 situaciones se usar\u00e1 el VAR, que llega en la pr\u00f3xima fecha del f\u00fatbol argentino"},"content":{"rendered":"<p>En la octava fecha del torneo de primera divisi\u00f3n desembarca el \u00abVideo Assistant Referee\u00bb y la AFA junto a la Direcci\u00f3n Nacional de Arbitraje explicaron en qu\u00e9 situaciones se podr\u00e1 requerir su uso y c\u00f3mo funcionar\u00e1 en los penales.<!--more--><\/p>\n<div>\n<div class=\"wrapper-editable-content\">\n<div>\n<div class=\"container-md\">\n<div class=\"row\">\n<div class=\"col-md-12 speak\">\n<div class=\"paragraph\">\n<figure class=\"mb-3\"><img decoding=\"async\" src=\"https:\/\/www.telam.com.ar\/thumbs\/bluesteel\/advf\/imagenes\/2019\/10\/5daf9bcebf68f_900.jpg\" alt=\"Foto Archivo\" width=\"100%\" height=\"100%\" \/><\/p>\n<div class=\"media-icons\"><\/div><figcaption>Foto: Archivo<\/figcaption><\/figure>\n<p>La Liga Profesional de F\u00fatbol (LPF) comenzar\u00e1 a utilizar el VAR (Video Assistant Referee) desde la pr\u00f3xima fecha, la octava, y este s\u00e1bado -junto a la AFA y a la Direcci\u00f3n Nacional de Arbitraje- se explic\u00f3 en qu\u00e9 casos se usar\u00e1.<\/p>\n<p>El asistente de video es para situaciones de:<\/p>\n<p><span class=\"badge badge-primary\">\u27a4<\/span>\u00a0Gol\/no gol\u200b.<\/p>\n<p><span class=\"badge badge-primary\">\u27a4<\/span>\u00a0El bal\u00f3n ha salido del campo en la jugada del gol.<\/p>\n<p><span class=\"badge badge-primary\">\u27a4<\/span>\u00a0Existe un fuera de juego previo en la jugada de gol.<\/p>\n<p><span class=\"badge badge-primary\">\u27a4<\/span>\u00a0Existe una falta previa del atacante en la jugada de gol.<\/p>\n<blockquote class=\"twitter-tweet\" data-width=\"500\" data-dnt=\"true\">\n<p lang=\"es\" dir=\"ltr\">A partir de la <a href=\"https:\/\/twitter.com\/hashtag\/Fecha8?src=hash&amp;ref_src=twsrc%5Etfw\">#Fecha8<\/a> de la <a href=\"https:\/\/twitter.com\/hashtag\/CopaBinance?src=hash&amp;ref_src=twsrc%5Etfw\">#CopaBinance<\/a> \ud83c\udfc6 se utilizar\u00e1 el VAR y la <a href=\"https:\/\/twitter.com\/hashtag\/LigaProfesional?src=hash&amp;ref_src=twsrc%5Etfw\">#LigaProfesional<\/a>, junto a <a href=\"https:\/\/twitter.com\/afa?ref_src=twsrc%5Etfw\">@afa<\/a> y la Direcci\u00f3n Nacional de Arbitraje, te muestran en qu\u00e9 casos se debe utilizar \ud83d\ude4c <a href=\"https:\/\/t.co\/NkkctJNK5i\">pic.twitter.com\/NkkctJNK5i<\/a><\/p>\n<p>&mdash; Liga Profesional de F\u00fatbol (@LigaAFA) <a href=\"https:\/\/twitter.com\/LigaAFA\/status\/1507726567014764547?ref_src=twsrc%5Etfw\">March 26, 2022<\/a><\/p><\/blockquote>\n<p><script async src=\"https:\/\/platform.twitter.com\/widgets.js\" charset=\"utf-8\"><\/script><\/p>\n<p>El VAR\u00a0<strong>tambi\u00e9n puede intervenir para aclarar errores en la identificaci\u00f3n de jugadores, tanto en el caso de una tarjeta amarilla como el de una roja<\/strong>. El asistente de video participar\u00e1 en los casos de claras tarjetas rojas, tanto de las no mostradas que s\u00ed correspond\u00edan, como de las mostradas incorrectamente. No actuar\u00e1, sin embargo, sobre las expulsiones por doble amarilla.<\/p>\n<p>En cuanto a los\u00a0<strong>penales<\/strong>, el VAR se usar\u00e1 si:<\/p>\n<p><span class=\"badge badge-primary\">\u27a4<\/span>\u00a0El \u00e1rbitro sanciona como penal una infracci\u00f3n que no era tal o una falta cometida fuera del \u00e1rea.<\/p>\n<p><span class=\"badge badge-primary\">\u27a4<\/span>\u00a0El \u00e1rbitro no sanciona como penal una infracci\u00f3n que s\u00ed era tal o una falta cometida dentro del \u00e1rea.<\/p>\n<p><span class=\"badge badge-primary\">\u27a4<\/span>\u00a0El bal\u00f3n ha salido del campo de juego en la jugada del penal.<\/p>\n<p><span class=\"badge badge-primary\">\u27a4<\/span>\u00a0Existe un fuera de juego en la jugada del penal.<\/p>\n<p><span class=\"badge badge-primary\">\u27a4<\/span>\u00a0Existe una falta previa del atacante en la jugada del penal.<\/p>\n<p>El monitoreo del VAR no se dar\u00e1 en cada cancha sino desde el Centro de Tecnolog\u00eda y Desarrollo Arbitral que se construy\u00f3 dentro del predio de la AFA en Ezeiza. El Centro, de 900 metros cuadrados, cuenta con siete salas y su instalaci\u00f3n cost\u00f3 8 millones de d\u00f3lares. Lo que se podr\u00e1 ver en cada estadio ser\u00e1 la pantalla de TV al lado de los bancos de suplentes para que el \u00e1rbitro, de ser necesario, vaya a observar alguna jugada puntual de VAR.<\/p>\n<\/div>\n<\/div>\n<\/div>\n<\/div>\n<\/div>\n<\/div>\n<\/div>\n","protected":false},"excerpt":{"rendered":"<p>En la octava fecha del torneo de primera divisi\u00f3n desembarca el \u00abVideo Assistant Referee\u00bb y la AFA junto a la Direcci\u00f3n Nacional de Arbitraje explicaron en qu\u00e9 situaciones se podr\u00e1 requerir su uso y c\u00f3mo funcionar\u00e1 en los penales.<\/p>\n","protected":false},"author":3,"featured_media":0,"comment_status":"closed","ping_status":"closed","sticky":false,"template":"","format":"standard","meta":{"footnotes":""},"categories":[27],"tags":[],"class_list":["post-69839","post","type-post","status-publish","format-standard","hentry","category-deportes"],"yoast_head":"<!-- This site is optimized with the Yoast SEO plugin v25.9 - https:\/\/yoast.com\/wordpress\/plugins\/seo\/ -->\n<title>En qu\u00e9 situaciones se usar\u00e1 el VAR, que llega en la pr\u00f3xima fecha del f\u00fatbol argentino - Noticias Radio Reflejos<\/title>\n<meta name=\"robots\" content=\"index, follow, max-snippet:-1, max-image-preview:large, max-video-preview:-1\" \/>\n<link rel=\"canonical\" href=\"https:\/\/www.noticiasradioreflejos.com.ar\/2021\/en-que-situaciones-se-usara-el-var-que-llega-en-la-proxima-fecha-del-futbol-argentino\/\" \/>\n<meta property=\"og:locale\" content=\"es_ES\" \/>\n<meta property=\"og:type\" content=\"article\" \/>\n<meta property=\"og:title\" content=\"En qu\u00e9 situaciones se usar\u00e1 el VAR, que llega en la pr\u00f3xima fecha del f\u00fatbol argentino - Noticias Radio Reflejos\" \/>\n<meta property=\"og:description\" content=\"En la octava fecha del torneo de primera divisi\u00f3n desembarca el \u00abVideo Assistant Referee\u00bb y la AFA junto a la Direcci\u00f3n Nacional de Arbitraje explicaron en qu\u00e9 situaciones se podr\u00e1 requerir su uso y c\u00f3mo funcionar\u00e1 en los penales.\" \/>\n<meta property=\"og:url\" content=\"https:\/\/www.noticiasradioreflejos.com.ar\/2021\/en-que-situaciones-se-usara-el-var-que-llega-en-la-proxima-fecha-del-futbol-argentino\/\" \/>\n<meta property=\"og:site_name\" content=\"Noticias Radio Reflejos\" \/>\n<meta property=\"article:published_time\" content=\"2022-03-28T23:20:29+00:00\" \/>\n<meta property=\"og:image\" content=\"https:\/\/www.telam.com.ar\/thumbs\/bluesteel\/advf\/imagenes\/2019\/10\/5daf9bcebf68f_900.jpg\" \/>\n<meta name=\"author\" content=\"Arnaldo Botto\" \/>\n<meta name=\"twitter:card\" content=\"summary_large_image\" \/>\n<script type=\"application\/ld+json\" class=\"yoast-schema-graph\">{\"@context\":\"https:\/\/schema.org\",\"@graph\":[{\"@type\":\"WebPage\",\"@id\":\"https:\/\/www.noticiasradioreflejos.com.ar\/2021\/en-que-situaciones-se-usara-el-var-que-llega-en-la-proxima-fecha-del-futbol-argentino\/\",\"url\":\"https:\/\/www.noticiasradioreflejos.com.ar\/2021\/en-que-situaciones-se-usara-el-var-que-llega-en-la-proxima-fecha-del-futbol-argentino\/\",\"name\":\"En qu\u00e9 situaciones se usar\u00e1 el VAR, que llega en la pr\u00f3xima fecha del f\u00fatbol argentino - Noticias Radio Reflejos\",\"isPartOf\":{\"@id\":\"https:\/\/www.noticiasradioreflejos.com.ar\/2021\/#website\"},\"primaryImageOfPage\":{\"@id\":\"https:\/\/www.noticiasradioreflejos.com.ar\/2021\/en-que-situaciones-se-usara-el-var-que-llega-en-la-proxima-fecha-del-futbol-argentino\/#primaryimage\"},\"image\":{\"@id\":\"https:\/\/www.noticiasradioreflejos.com.ar\/2021\/en-que-situaciones-se-usara-el-var-que-llega-en-la-proxima-fecha-del-futbol-argentino\/#primaryimage\"},\"thumbnailUrl\":\"https:\/\/www.telam.com.ar\/thumbs\/bluesteel\/advf\/imagenes\/2019\/10\/5daf9bcebf68f_900.jpg\",\"datePublished\":\"2022-03-28T23:20:29+00:00\",\"author\":{\"@id\":\"https:\/\/www.noticiasradioreflejos.com.ar\/2021\/#\/schema\/person\/ad82545263dcc5ec0996818884fd5fb1\"},\"breadcrumb\":{\"@id\":\"https:\/\/www.noticiasradioreflejos.com.ar\/2021\/en-que-situaciones-se-usara-el-var-que-llega-en-la-proxima-fecha-del-futbol-argentino\/#breadcrumb\"},\"inLanguage\":\"es\",\"potentialAction\":[{\"@type\":\"ReadAction\",\"target\":[\"https:\/\/www.noticiasradioreflejos.com.ar\/2021\/en-que-situaciones-se-usara-el-var-que-llega-en-la-proxima-fecha-del-futbol-argentino\/\"]}]},{\"@type\":\"ImageObject\",\"inLanguage\":\"es\",\"@id\":\"https:\/\/www.noticiasradioreflejos.com.ar\/2021\/en-que-situaciones-se-usara-el-var-que-llega-en-la-proxima-fecha-del-futbol-argentino\/#primaryimage\",\"url\":\"https:\/\/www.telam.com.ar\/thumbs\/bluesteel\/advf\/imagenes\/2019\/10\/5daf9bcebf68f_900.jpg\",\"contentUrl\":\"https:\/\/www.telam.com.ar\/thumbs\/bluesteel\/advf\/imagenes\/2019\/10\/5daf9bcebf68f_900.jpg\"},{\"@type\":\"BreadcrumbList\",\"@id\":\"https:\/\/www.noticiasradioreflejos.com.ar\/2021\/en-que-situaciones-se-usara-el-var-que-llega-en-la-proxima-fecha-del-futbol-argentino\/#breadcrumb\",\"itemListElement\":[{\"@type\":\"ListItem\",\"position\":1,\"name\":\"Portada\",\"item\":\"https:\/\/www.noticiasradioreflejos.com.ar\/2021\/\"},{\"@type\":\"ListItem\",\"position\":2,\"name\":\"En qu\u00e9 situaciones se usar\u00e1 el VAR, que llega en la pr\u00f3xima fecha del f\u00fatbol argentino\"}]},{\"@type\":\"WebSite\",\"@id\":\"https:\/\/www.noticiasradioreflejos.com.ar\/2021\/#website\",\"url\":\"https:\/\/www.noticiasradioreflejos.com.ar\/2021\/\",\"name\":\"Noticias Radio Reflejos\",\"description\":\"Las noticias de mi comarca\",\"potentialAction\":[{\"@type\":\"SearchAction\",\"target\":{\"@type\":\"EntryPoint\",\"urlTemplate\":\"https:\/\/www.noticiasradioreflejos.com.ar\/2021\/?s={search_term_string}\"},\"query-input\":{\"@type\":\"PropertyValueSpecification\",\"valueRequired\":true,\"valueName\":\"search_term_string\"}}],\"inLanguage\":\"es\"},{\"@type\":\"Person\",\"@id\":\"https:\/\/www.noticiasradioreflejos.com.ar\/2021\/#\/schema\/person\/ad82545263dcc5ec0996818884fd5fb1\",\"name\":\"Arnaldo Botto\",\"image\":{\"@type\":\"ImageObject\",\"inLanguage\":\"es\",\"@id\":\"https:\/\/www.noticiasradioreflejos.com.ar\/2021\/#\/schema\/person\/image\/\",\"url\":\"https:\/\/secure.gravatar.com\/avatar\/55cb5e37c1efa326397366e6974cb338056df65cb50e7d64d1cf314e87504837?s=96&d=mm&r=g\",\"contentUrl\":\"https:\/\/secure.gravatar.com\/avatar\/55cb5e37c1efa326397366e6974cb338056df65cb50e7d64d1cf314e87504837?s=96&d=mm&r=g\",\"caption\":\"Arnaldo Botto\"},\"url\":\"https:\/\/www.noticiasradioreflejos.com.ar\/2021\/author\/arnaldo\/\"}]}<\/script>\n<!-- \/ Yoast SEO plugin. -->","yoast_head_json":{"title":"En qu\u00e9 situaciones se usar\u00e1 el VAR, que llega en la pr\u00f3xima fecha del f\u00fatbol argentino - Noticias Radio Reflejos","robots":{"index":"index","follow":"follow","max-snippet":"max-snippet:-1","max-image-preview":"max-image-preview:large","max-video-preview":"max-video-preview:-1"},"canonical":"https:\/\/www.noticiasradioreflejos.com.ar\/2021\/en-que-situaciones-se-usara-el-var-que-llega-en-la-proxima-fecha-del-futbol-argentino\/","og_locale":"es_ES","og_type":"article","og_title":"En qu\u00e9 situaciones se usar\u00e1 el VAR, que llega en la pr\u00f3xima fecha del f\u00fatbol argentino - Noticias Radio Reflejos","og_description":"En la octava fecha del torneo de primera divisi\u00f3n desembarca el \u00abVideo Assistant Referee\u00bb y la AFA junto a la Direcci\u00f3n Nacional de Arbitraje explicaron en qu\u00e9 situaciones se podr\u00e1 requerir su uso y c\u00f3mo funcionar\u00e1 en los penales.","og_url":"https:\/\/www.noticiasradioreflejos.com.ar\/2021\/en-que-situaciones-se-usara-el-var-que-llega-en-la-proxima-fecha-del-futbol-argentino\/","og_site_name":"Noticias Radio Reflejos","article_published_time":"2022-03-28T23:20:29+00:00","og_image":[{"url":"https:\/\/www.telam.com.ar\/thumbs\/bluesteel\/advf\/imagenes\/2019\/10\/5daf9bcebf68f_900.jpg","type":"","width":"","height":""}],"author":"Arnaldo Botto","twitter_card":"summary_large_image","schema":{"@context":"https:\/\/schema.org","@graph":[{"@type":"WebPage","@id":"https:\/\/www.noticiasradioreflejos.com.ar\/2021\/en-que-situaciones-se-usara-el-var-que-llega-en-la-proxima-fecha-del-futbol-argentino\/","url":"https:\/\/www.noticiasradioreflejos.com.ar\/2021\/en-que-situaciones-se-usara-el-var-que-llega-en-la-proxima-fecha-del-futbol-argentino\/","name":"En qu\u00e9 situaciones se usar\u00e1 el VAR, que llega en la pr\u00f3xima fecha del f\u00fatbol argentino - Noticias Radio Reflejos","isPartOf":{"@id":"https:\/\/www.noticiasradioreflejos.com.ar\/2021\/#website"},"primaryImageOfPage":{"@id":"https:\/\/www.noticiasradioreflejos.com.ar\/2021\/en-que-situaciones-se-usara-el-var-que-llega-en-la-proxima-fecha-del-futbol-argentino\/#primaryimage"},"image":{"@id":"https:\/\/www.noticiasradioreflejos.com.ar\/2021\/en-que-situaciones-se-usara-el-var-que-llega-en-la-proxima-fecha-del-futbol-argentino\/#primaryimage"},"thumbnailUrl":"https:\/\/www.telam.com.ar\/thumbs\/bluesteel\/advf\/imagenes\/2019\/10\/5daf9bcebf68f_900.jpg","datePublished":"2022-03-28T23:20:29+00:00","author":{"@id":"https:\/\/www.noticiasradioreflejos.com.ar\/2021\/#\/schema\/person\/ad82545263dcc5ec0996818884fd5fb1"},"breadcrumb":{"@id":"https:\/\/www.noticiasradioreflejos.com.ar\/2021\/en-que-situaciones-se-usara-el-var-que-llega-en-la-proxima-fecha-del-futbol-argentino\/#breadcrumb"},"inLanguage":"es","potentialAction":[{"@type":"ReadAction","target":["https:\/\/www.noticiasradioreflejos.com.ar\/2021\/en-que-situaciones-se-usara-el-var-que-llega-en-la-proxima-fecha-del-futbol-argentino\/"]}]},{"@type":"ImageObject","inLanguage":"es","@id":"https:\/\/www.noticiasradioreflejos.com.ar\/2021\/en-que-situaciones-se-usara-el-var-que-llega-en-la-proxima-fecha-del-futbol-argentino\/#primaryimage","url":"https:\/\/www.telam.com.ar\/thumbs\/bluesteel\/advf\/imagenes\/2019\/10\/5daf9bcebf68f_900.jpg","contentUrl":"https:\/\/www.telam.com.ar\/thumbs\/bluesteel\/advf\/imagenes\/2019\/10\/5daf9bcebf68f_900.jpg"},{"@type":"BreadcrumbList","@id":"https:\/\/www.noticiasradioreflejos.com.ar\/2021\/en-que-situaciones-se-usara-el-var-que-llega-en-la-proxima-fecha-del-futbol-argentino\/#breadcrumb","itemListElement":[{"@type":"ListItem","position":1,"name":"Portada","item":"https:\/\/www.noticiasradioreflejos.com.ar\/2021\/"},{"@type":"ListItem","position":2,"name":"En qu\u00e9 situaciones se usar\u00e1 el VAR, que llega en la pr\u00f3xima fecha del f\u00fatbol argentino"}]},{"@type":"WebSite","@id":"https:\/\/www.noticiasradioreflejos.com.ar\/2021\/#website","url":"https:\/\/www.noticiasradioreflejos.com.ar\/2021\/","name":"Noticias Radio Reflejos","description":"Las noticias de mi comarca","potentialAction":[{"@type":"SearchAction","target":{"@type":"EntryPoint","urlTemplate":"https:\/\/www.noticiasradioreflejos.com.ar\/2021\/?s={search_term_string}"},"query-input":{"@type":"PropertyValueSpecification","valueRequired":true,"valueName":"search_term_string"}}],"inLanguage":"es"},{"@type":"Person","@id":"https:\/\/www.noticiasradioreflejos.com.ar\/2021\/#\/schema\/person\/ad82545263dcc5ec0996818884fd5fb1","name":"Arnaldo Botto","image":{"@type":"ImageObject","inLanguage":"es","@id":"https:\/\/www.noticiasradioreflejos.com.ar\/2021\/#\/schema\/person\/image\/","url":"https:\/\/secure.gravatar.com\/avatar\/55cb5e37c1efa326397366e6974cb338056df65cb50e7d64d1cf314e87504837?s=96&d=mm&r=g","contentUrl":"https:\/\/secure.gravatar.com\/avatar\/55cb5e37c1efa326397366e6974cb338056df65cb50e7d64d1cf314e87504837?s=96&d=mm&r=g","caption":"Arnaldo Botto"},"url":"https:\/\/www.noticiasradioreflejos.com.ar\/2021\/author\/arnaldo\/"}]}},"_links":{"self":[{"href":"https:\/\/www.noticiasradioreflejos.com.ar\/2021\/wp-json\/wp\/v2\/posts\/69839","targetHints":{"allow":["GET"]}}],"collection":[{"href":"https:\/\/www.noticiasradioreflejos.com.ar\/2021\/wp-json\/wp\/v2\/posts"}],"about":[{"href":"https:\/\/www.noticiasradioreflejos.com.ar\/2021\/wp-json\/wp\/v2\/types\/post"}],"author":[{"embeddable":true,"href":"https:\/\/www.noticiasradioreflejos.com.ar\/2021\/wp-json\/wp\/v2\/users\/3"}],"replies":[{"embeddable":true,"href":"https:\/\/www.noticiasradioreflejos.com.ar\/2021\/wp-json\/wp\/v2\/comments?post=69839"}],"version-history":[{"count":1,"href":"https:\/\/www.noticiasradioreflejos.com.ar\/2021\/wp-json\/wp\/v2\/posts\/69839\/revisions"}],"predecessor-version":[{"id":69842,"href":"https:\/\/www.noticiasradioreflejos.com.ar\/2021\/wp-json\/wp\/v2\/posts\/69839\/revisions\/69842"}],"wp:attachment":[{"href":"https:\/\/www.noticiasradioreflejos.com.ar\/2021\/wp-json\/wp\/v2\/media?parent=69839"}],"wp:term":[{"taxonomy":"category","embeddable":true,"href":"https:\/\/www.noticiasradioreflejos.com.ar\/2021\/wp-json\/wp\/v2\/categories?post=69839"},{"taxonomy":"post_tag","embeddable":true,"href":"https:\/\/www.noticiasradioreflejos.com.ar\/2021\/wp-json\/wp\/v2\/tags?post=69839"}],"curies":[{"name":"wp","href":"https:\/\/api.w.org\/{rel}","templated":true}]}}