{"id":69810,"date":"2022-03-28T12:07:18","date_gmt":"2022-03-28T12:07:18","guid":{"rendered":"http:\/\/www.noticiasradioreflejos.com.ar\/2021\/?p=69810"},"modified":"2022-03-28T12:07:33","modified_gmt":"2022-03-28T12:07:33","slug":"el-desembarco-argentino-en-malvinas-la-llegada-de-la-flota-britanica-y-el-inicio-de-la-guerra","status":"publish","type":"post","link":"https:\/\/www.noticiasradioreflejos.com.ar\/2021\/el-desembarco-argentino-en-malvinas-la-llegada-de-la-flota-britanica-y-el-inicio-de-la-guerra\/","title":{"rendered":"El desembarco argentino en Malvinas, la llegada de la flota brit\u00e1nica y el inicio de la guerra"},"content":{"rendered":"<p>El 2 de abril de 1982 comandos anfibios de la Armada, tropas de la Infanter\u00eda de Marina y efectivos del Regimiento 25 del Ej\u00e9rcito desembarcaron en Puerto Argentino, interrumpiendo 149 a\u00f1os de ileg\u00edtima posesi\u00f3n brit\u00e1nica sobre el archipi\u00e9lago y otros territorios del Atl\u00e1ntico Sur.<!--more--><\/p>\n<p>&nbsp;<\/p>\n<p><span style=\"color: #1d1f20; font-size: 1.953em;\">El desembarco argentino en Malvinas, la llegada de la flota brit\u00e1nica y el inicio de la guerra<\/span><\/p>\n<div>\n<div class=\"wrapper-editable-content\">\n<div class=\"container-md\">\n<div class=\"row\">\n<div class=\"col-md-12 speak\">\n<div class=\"paragraph\">\n<div class=\"video_repositive\">\n<div id=\"spl23U-cccs\" class=\"video_telam\">\n<div class=\"feature_article_inner\">\n<div class=\"feature_article_title\">\n<p><iframe loading=\"lazy\" title=\"YouTube video player\" src=\"https:\/\/www.youtube.com\/embed\/spl23U-cccs\" width=\"1110\" height=\"624\" frameborder=\"0\" allowfullscreen=\"allowfullscreen\"><\/iframe><\/p>\n<p>Tropas argentinas desembarcaron el 2 de abril de 1982 en las islas Malvinas y tras completar con \u00e9xito en unas horas la denominada operaci\u00f3n Rosario se interrumpieron 149 a\u00f1os de ileg\u00edtima posesi\u00f3n brit\u00e1nica sobre el archipi\u00e9lago y otros territorios del Atl\u00e1ntico Sur.<\/p>\n<p>El 28 de marzo, en medio de un clima de tensi\u00f3n diplom\u00e1tica entre ambos pa\u00edses por los incidentes en las islas Georgias del Sur, nav\u00edos argentinos de la Armada zarparon de Puerto Belgrano con destino a las islas.<\/p>\n<p>Se trataba de\u00a0<strong>efectivos del Regimiento 25 del Ej\u00e9rcito y tropas de la Infanter\u00eda de Marina<\/strong>, a bordo del destructor ARA Sant\u00edsima Trinidad, el rompehielos Irizar y el transporte Cabo San Antonio.<\/p>\n<p><strong>Las malas condiciones del tiempo<\/strong>, vientos de m\u00e1s de 70 kil\u00f3metros por hora que azotaban los mares y el fuerte oleaje que imperaron entre el 29 y 30 de marzo\u00a0<strong>obligaron a posponer el desembarco por unas horas<\/strong>.<\/p>\n<p>Hac\u00eda meses que la Armada ten\u00eda concebido un plan para la recuperaci\u00f3n de las islas que se hab\u00eda denominado como la Operaci\u00f3n Azul, pero antes de tocar las islas, los efectivos del Ej\u00e9rcito sugirieron renombrarla como\u00a0<strong>Operaci\u00f3n Rosario<\/strong>.<\/p>\n<p>Los oficiales del Ej\u00e9rcito recordaron que\u00a0<strong>durante las Invasiones Inglesas, las tropas criollas y espa\u00f1olas se pusieron bajo protecci\u00f3n de la v\u00edrgen del Rosario<\/strong>\u00a0y as\u00ed se consensu\u00f3 en alta mar el cambio de denominaci\u00f3n del operativo.<\/p>\n<figure class=\"mb-3\"><img decoding=\"async\" src=\"https:\/\/www.telam.com.ar\/thumbs\/bluesteel\/advf\/imagenes\/2022\/03\/623f1a6017297_900.jpg\" alt=\"Foto archivo de Tlam\" width=\"100%\" height=\"100%\" \/><\/p>\n<div class=\"media-icons\"><\/div><figcaption>Foto: archivo de T\u00e9lam.<\/figcaption><\/figure>\n<p>La fecha para iniciar las operaciones fue entonces el 2 de abril, un viernes, y los objetivos eran claros y precisos: desplegarse r\u00e1pido por Puerto Stanley (la capital de Malvinas);\u00a0<strong>tomar la casa del gobernador brit\u00e1nico, Rex Hunt; neutralizar el cuartel de los Royal Marines y ocupar el aeropuerto para facilitar el aterrizaje de los primeros aviones de la Fuerza A\u00e9rea<\/strong>\u00a0que iban a establecer un puente a\u00e9reo entre las islas y el continente.<\/p>\n<p>Un d\u00eda antes, el presidente estadounidense Ronald Reagan llam\u00f3 al dictador argentino Leopoldo Fortunato Galtieri para disuadirlo de ordenar el desembarco.<\/p>\n<p><strong>Galtieri respondi\u00f3 que los hechos estaban \u00abdisparados\u00bb y le record\u00f3 que Gran Breta\u00f1a era un aliado \u00abparticular\u00bb de los Estados Unidos<\/strong>, y, tras cortar la comunicaci\u00f3n, le manifest\u00f3 a Thatcher su apoyo.<\/p>\n<p><strong>En la noche del 1 de abril,<\/strong>\u00a0comandos navales y buzos t\u00e1cticos desembarcaron en inmediaciones de Stanley y ocuparon el faro del Cabo San Felipe con apoyo del submarino ARA Santa Fe.<\/p>\n<figure class=\"mb-3\"><img decoding=\"async\" src=\"https:\/\/www.telam.com.ar\/thumbs\/bluesteel\/advf\/imagenes\/2022\/03\/623f1a5fe1baa_900.jpg\" alt=\"Foto archivo de Tlam\" width=\"100%\" height=\"100%\" \/><\/p>\n<div class=\"media-icons\"><\/div><figcaption>Foto: archivo de T\u00e9lam.<\/figcaption><\/figure>\n<p>Poco despu\u00e9s de las 6 de las ma\u00f1ana, desembarcaron en veh\u00edculos anfibios tropas de la infanter\u00eda de Marina y del Regimiento 25 y poco despu\u00e9s de una hora se logr\u00f3 tomar el aeropuerto de la capital de Malvinas.<\/p>\n<p>A las 8.45,\u00a0<strong>un H\u00e9rcules de la Fuerza A\u00e9rea tocaba pista y minutos despu\u00e9s, tras algunos tiroteos en la casa del gobernador, la guarnici\u00f3n brit\u00e1nica se rend\u00eda sin haber sufrido bajas<\/strong>, tal como pretend\u00edan los mandos argentinos.<\/p>\n<p>En cambio, hubo un ca\u00eddo entre los efectivos de la Armada: el capit\u00e1n de corbeta Pedro Giacchino, quien intent\u00f3 ingresar a la casa del gobernador para intimar la rendici\u00f3n, recibi\u00f3 un disparo de ametralladora que le ocasion\u00f3 la muerte.<\/p>\n<p>Poco despu\u00e9s,\u00a0<strong>Hunt se rend\u00eda ante el contraalmirante Carlos B\u00fcsser<\/strong>, el jefe del desembarco argentino y cerca del mediod\u00eda, la Uni\u00f3n Jack era arriada en Stanley y se izaba el pabell\u00f3n celeste y blanco en las islas.<\/p>\n<p>En paralelo, otro grupo de tropas de la Armada ocupaba las islas Georgias del Sur, en un operativo en el que morir\u00edan tres soldados conscriptos bajo el fuego de una veintena de marines brit\u00e1nicos que se rindieron para ser trasladados un d\u00eda despu\u00e9s a R\u00edo Grande y ser llevados a Montevideo.<\/p>\n<p>La recuperaci\u00f3n de las islas fue recibida con euforia por parte de la poblaci\u00f3n en Argentina, que en varias ciudades se volc\u00f3 a las calles a festejar la incorporaci\u00f3n de Malvinas al territorio nacional.<\/p>\n<figure class=\"mb-3\"><img decoding=\"async\" src=\"https:\/\/www.telam.com.ar\/thumbs\/bluesteel\/advf\/imagenes\/2022\/03\/623f58e48263d_900.jpg\" alt=\"El ARA General Belgrano navegaba lejos de la zona de exclusin y seguido por el submarino HMS Conqueror\" width=\"100%\" height=\"100%\" \/><\/p>\n<div class=\"media-icons\"><\/div><figcaption>El ARA General Belgrano, navegaba lejos de la zona de exclusi\u00f3n y seguido por el submarino HMS Conqueror.<\/figcaption><\/figure>\n<p><strong>La idea original del plan de recuperaci\u00f3n dise\u00f1ado por la Armada era dejar en las islas un fuerza que realizar\u00eda tareas de polic\u00eda mientras se llevaba a cabo una negociaci\u00f3n diplom\u00e1tica<\/strong>, en la creencia que los brit\u00e1nicos no enviar\u00edan una flota hasta los remotos mares australes.<\/p>\n<p>\u00abEl gran respaldo que tuvo la operaci\u00f3n Rosario por parte del pueblo sorprendi\u00f3 a los militares y es posible que los haya envalentonado a cambiar los planes iniciales y decidirse por sostener una contienda b\u00e9lica en vez de negociar\u00bb, sostiene en di\u00e1logo con T\u00e9lam el historiador Federico Lorenz.<\/p>\n<p>La reacci\u00f3n del gobierno de Margaret Thatcher no dej\u00f3 lugar a dudas: Gran Breta\u00f1a rompi\u00f3 relaciones diplom\u00e1ticas con Argentina y dispuso el env\u00edo de una fuerza de tareas (Task Force) de la Royal Navy para recuperar las islas.<\/p>\n<p>Adem\u00e1s, la Corona impuso sanciones econ\u00f3micas y congel\u00f3 fondos que Argentina ten\u00eda en Londres, algo que la Comunidad Econ\u00f3mica Europea sigui\u00f3 poco despu\u00e9s.<\/p>\n<p>El consejo de Seguridad de Naciones Unidas se reuni\u00f3 de urgencia el 3 de abril y emiti\u00f3 la Resoluci\u00f3n 502 que orden\u00f3 el retiro de las tropas argentinas de Malvinas y el inicio de negociaciones.<\/p>\n<div class=\"card col-md-10 offset-md-1 mb-4\">\n<h3 class=\"pt-2\">Relacionadas<\/h3>\n<div class=\"card-body\">\n<ul>\n<li>\n<h4>\u00abCuatro veces pis\u00e9 el suelo de Malvinas\u00bb: una experiencia inolvidable en primera persona<\/h4>\n<\/li>\n<li>\n<h4>\u00abH\u00e9roes de Malvinas\u00bb, un homenaje a excombatientes desde un basti\u00f3n de defensa de nuestra soberan\u00eda<\/h4>\n<\/li>\n<li>\n<h4>\u201cMi perro fue el \u00e1ngel guardi\u00e1n que Dios me mand\u00f3 para cuidarme en Malvinas\u201d<\/h4>\n<\/li>\n<li>\n<h4>Las mujeres de Malvinas: un cap\u00edtulo que el machismo intent\u00f3 dejar en el olvido<\/h4>\n<\/li>\n<li>\n<h4>Geoffrey Cardozo, el veterano brit\u00e1nico que prefiere pensar en personas y no en cuerpos<\/h4>\n<\/li>\n<\/ul>\n<\/div>\n<\/div>\n<p>Reagan designa a Alexander Haig, secretario de Estado y veterano de las guerras de Corea y Vietnam, como negociador entre ambos pa\u00edses.<\/p>\n<p>El 7 de abril, mientras la flota viajaba con destino hacia el Atl\u00e1ntico Sur,\u00a0<strong>Gran Breta\u00f1a declara una zona de exclusi\u00f3n naval de 200 millas alrededor de Malvinas y anuncia que atacar\u00e1 a cualquier embarcaci\u00f3n que se encuentre en el \u00e1rea<\/strong>.<\/p>\n<p>Ese mismo d\u00eda, el general del Ej\u00e9rcito Mario Benjam\u00edn Men\u00e9ndez es designado como gobernador militar de Malvinas, cuya capital es rebautizada con el nombre de Puerto Argentino.<\/p>\n<figure class=\"mb-3\"><img decoding=\"async\" src=\"https:\/\/www.telam.com.ar\/thumbs\/bluesteel\/advf\/imagenes\/2022\/03\/623f1a6041d00_900.jpg\" alt=\"Foto archivo de Tlam\" width=\"100%\" height=\"100%\" \/><\/p>\n<div class=\"media-icons\"><\/div><figcaption>Foto: archivo de T\u00e9lam.<\/figcaption><\/figure>\n<p>Haig se entrevista primero en Londres con Thatcher y luego viaja el 10 a Buenos Aires para reunirse con Galtieri en Casa Rosada.<\/p>\n<p>El funcionario de Washington intenta persuadir una vez a los militares argentinos que no mantengan un gobernador militar en las islas.<\/p>\n<p>Tras la reuni\u00f3n, Galtieri se dirige a una Plaza de Mayo llena de manifestantes que hab\u00edan sido convocados para reivindicar los derechos soberanos del pa\u00eds sobre Malvinas.<\/p>\n<p>\u00abSi quieren venir que vengan, les presentaremos batalla\u00bb, remarca el presidente de facto ante una multitud que vitorea la decisi\u00f3n de escalar en el conflicto.<\/p>\n<p>Fernando Morales era un joven de 23 a\u00f1os, reci\u00e9n recibido como oficial de la Marina Mercante y como tal reservista con el grado de guardiamarina en la Armada Argentina.<\/p>\n<p>El 2 de abril era su cumplea\u00f1os y a la noche se embarc\u00f3 a Malvinas en el buque R\u00edo Cincel de la empresa estatal ELMA, que se convirti\u00f3 en el primer barco de carga que lleg\u00f3 a Malvinas tras la recuperaci\u00f3n.<\/p>\n<p>Transportaba planchas de aluminio para reforzar la pista del aeropuerto de Puerto Argentino que utilizar\u00eda la Fuerza A\u00e9rea.<\/p>\n<p>\u00abLas Fuerzas Armadas en Malvinas trabajaban de forma descoordinada y estanca. Cada una ten\u00eda una tarea asignada y parec\u00eda ejecutarla de manera aut\u00f3noma en relaci\u00f3n a las otras armas\u00bb, indic\u00f3 Morales en una charla con T\u00e9lam.<\/p>\n<figure class=\"mb-3\"><img decoding=\"async\" src=\"https:\/\/www.telam.com.ar\/thumbs\/bluesteel\/advf\/imagenes\/2022\/03\/623f1a5fbdd5a_900.jpg\" alt=\"Foto archivo de Tlam\" width=\"100%\" height=\"100%\" \/><\/p>\n<div class=\"media-icons\"><\/div><figcaption>Foto: archivo de T\u00e9lam.<\/figcaption><\/figure>\n<p>En Malvinas, el R\u00edo Cincel particip\u00f3 de un rescate y llev\u00f3 desde las islas a Mar del Plata datos de los isle\u00f1os brit\u00e1nicos que hab\u00edan sido recolectados por la inteligencia naval, adem\u00e1s de cumplir otras traves\u00edas en esos d\u00edas de guerra.<\/p>\n<p><strong>El 25 de abril, Gran Breta\u00f1a retoma el control de las Georgias<\/strong>\u00a0mediante la operaci\u00f3n Parequet y entre los militares de la guarnici\u00f3n argentina que se rindieron se encontraba el teniente Alfredo Astiz, un represor de la ESMA.<\/p>\n<p>El submarino nuclear HMS Conqueror de la Royal Navy navegaba desde mediados de abril la zona y hab\u00eda brindado cobertura a las naves que desembarcaron en Georgias y patrullaba las aguas del Atl\u00e1ntico Sur.<\/p>\n<p>\u00abUn d\u00eda salimos de Malvinas con destino a Madryn y nos ordenaron volver y luego retomar el curso. Entramos y salimos de la zona de exclusi\u00f3n con el R\u00edo Cincel. Poco despu\u00e9s nos enteramos que quer\u00edan ver si \u00e9ramos detectados por alguno de los submarinos nucleares que navegaban por esas aguas\u00bb, record\u00f3 Morales.<\/p>\n<p>La flota brit\u00e1nica se encontraba en posici\u00f3n y horas antes del 1 de mayo e intim\u00f3 por radio la rendici\u00f3n de la guarnici\u00f3n argentina en las islas.<\/p>\n<p>A las 4.45 de ese d\u00eda, un avi\u00f3n Vulcan proveniente desde la isla de Ascensi\u00f3n, una base brit\u00e1nica en el medio del Atl\u00e1ntico, lanz\u00f3 proyectiles y bombas racimo sobre la pista de Puerto Argentino, donde caus\u00f3 un agujero de unos 20 metros.<\/p>\n<p>Sin embargo, la pista sigui\u00f3 operativa hasta el final del conflicto con la llegada y salida de varias misiones de aviones H\u00e9rcules que mantuvieron el puente a\u00e9reo con el continente.<\/p>\n<p>Pero ese d\u00eda se repitieron las incursiones a\u00e9reas brit\u00e1nicas con ataques de cazas bombarderos Harrier y Sea Harrier que fueron contrarrestados por las defensas antia\u00e9reas de la Fuerza A\u00e9rea y la Armada.<\/p>\n<p>La Royal Navy abri\u00f3 fuego naval sobre las islas en horas de la tarde y golpe\u00f3 las posiciones argentinas para reanudar los ataques por la noche.<\/p>\n<p>Tres aviones Harrier fueron derribados y otros cuatro seriamente averiados y los brit\u00e1nicos ya no volver\u00edan a incursionar en las islas a baja altura.<\/p>\n<p>M\u00e1s al oeste del Teatro de Operaciones de Malvinas,\u00a0<strong>el ARA General Belgrano, un buque argentino que en la Segunda Guerra Mundial hab\u00eda servido en la flota estadounidense del Pac\u00edfico, navegaba lejos de la zona de exclusi\u00f3n y seguido por el submarino HMS Conqueror.<\/strong><\/p>\n<figure class=\"mb-3\"><img decoding=\"async\" src=\"https:\/\/www.telam.com.ar\/thumbs\/bluesteel\/advf\/imagenes\/2022\/03\/623f1a6072c74_900.jpg\" alt=\"Foto archivo de Tlam\" width=\"100%\" height=\"100%\" \/><\/p>\n<div class=\"media-icons\"><\/div><figcaption>Foto: archivo de T\u00e9lam.<\/figcaption><\/figure>\n<p>En horas de la tarde del domingo 2 de mayo, el comandante del sumergible nuclear, Crhis Wreford Brown, recibi\u00f3 una orden desde Londres que confirm\u00f3 en tres oportunidades.<\/p>\n<p>\u00abEs correcto, Conqueror. Repetimos, es correcto. Hundan al Belgrano. Procedan, Conqueror\u00bb&#8230;<\/p>\n<p>&nbsp;<\/p>\n<\/div>\n<h4><span style=\"color: #000080;\">POR LEONARDO CASTILLO para Telam<\/span><\/h4>\n<\/div>\n<\/div>\n<\/div>\n<\/div>\n<\/div>\n<\/div>\n<\/div>\n<\/div>\n<\/div>\n","protected":false},"excerpt":{"rendered":"<p>El 2 de abril de 1982 comandos anfibios de la Armada, tropas de la Infanter\u00eda de Marina y efectivos del Regimiento 25 del Ej\u00e9rcito desembarcaron en Puerto Argentino, interrumpiendo 149 a\u00f1os de ileg\u00edtima posesi\u00f3n brit\u00e1nica sobre el archipi\u00e9lago y otros territorios del Atl\u00e1ntico Sur.<\/p>\n","protected":false},"author":3,"featured_media":0,"comment_status":"closed","ping_status":"closed","sticky":false,"template":"","format":"standard","meta":{"footnotes":""},"categories":[24],"tags":[48],"class_list":["post-69810","post","type-post","status-publish","format-standard","hentry","category-politica","tag-destacada"],"yoast_head":"<!-- This site is optimized with the Yoast SEO plugin v25.9 - https:\/\/yoast.com\/wordpress\/plugins\/seo\/ -->\n<title>El desembarco argentino en Malvinas, la llegada de la flota brit\u00e1nica y el inicio de la guerra - Noticias Radio Reflejos<\/title>\n<meta name=\"robots\" content=\"index, follow, max-snippet:-1, max-image-preview:large, max-video-preview:-1\" \/>\n<link rel=\"canonical\" href=\"https:\/\/www.noticiasradioreflejos.com.ar\/2021\/el-desembarco-argentino-en-malvinas-la-llegada-de-la-flota-britanica-y-el-inicio-de-la-guerra\/\" \/>\n<meta property=\"og:locale\" content=\"es_ES\" \/>\n<meta property=\"og:type\" content=\"article\" \/>\n<meta property=\"og:title\" content=\"El desembarco argentino en Malvinas, la llegada de la flota brit\u00e1nica y el inicio de la guerra - Noticias Radio Reflejos\" \/>\n<meta property=\"og:description\" content=\"El 2 de abril de 1982 comandos anfibios de la Armada, tropas de la Infanter\u00eda de Marina y efectivos del Regimiento 25 del Ej\u00e9rcito desembarcaron en Puerto Argentino, interrumpiendo 149 a\u00f1os de ileg\u00edtima posesi\u00f3n brit\u00e1nica sobre el archipi\u00e9lago y otros territorios del Atl\u00e1ntico Sur.\" \/>\n<meta property=\"og:url\" content=\"https:\/\/www.noticiasradioreflejos.com.ar\/2021\/el-desembarco-argentino-en-malvinas-la-llegada-de-la-flota-britanica-y-el-inicio-de-la-guerra\/\" \/>\n<meta property=\"og:site_name\" content=\"Noticias Radio Reflejos\" \/>\n<meta property=\"article:published_time\" content=\"2022-03-28T12:07:18+00:00\" \/>\n<meta property=\"article:modified_time\" content=\"2022-03-28T12:07:33+00:00\" \/>\n<meta property=\"og:image\" content=\"https:\/\/www.telam.com.ar\/thumbs\/bluesteel\/advf\/imagenes\/2022\/03\/623f1a6017297_900.jpg\" \/>\n<meta name=\"author\" content=\"Arnaldo Botto\" \/>\n<meta name=\"twitter:card\" content=\"summary_large_image\" \/>\n<script type=\"application\/ld+json\" class=\"yoast-schema-graph\">{\"@context\":\"https:\/\/schema.org\",\"@graph\":[{\"@type\":\"WebPage\",\"@id\":\"https:\/\/www.noticiasradioreflejos.com.ar\/2021\/el-desembarco-argentino-en-malvinas-la-llegada-de-la-flota-britanica-y-el-inicio-de-la-guerra\/\",\"url\":\"https:\/\/www.noticiasradioreflejos.com.ar\/2021\/el-desembarco-argentino-en-malvinas-la-llegada-de-la-flota-britanica-y-el-inicio-de-la-guerra\/\",\"name\":\"El desembarco argentino en Malvinas, la llegada de la flota brit\u00e1nica y el inicio de la guerra - Noticias Radio Reflejos\",\"isPartOf\":{\"@id\":\"https:\/\/www.noticiasradioreflejos.com.ar\/2021\/#website\"},\"primaryImageOfPage\":{\"@id\":\"https:\/\/www.noticiasradioreflejos.com.ar\/2021\/el-desembarco-argentino-en-malvinas-la-llegada-de-la-flota-britanica-y-el-inicio-de-la-guerra\/#primaryimage\"},\"image\":{\"@id\":\"https:\/\/www.noticiasradioreflejos.com.ar\/2021\/el-desembarco-argentino-en-malvinas-la-llegada-de-la-flota-britanica-y-el-inicio-de-la-guerra\/#primaryimage\"},\"thumbnailUrl\":\"https:\/\/www.telam.com.ar\/thumbs\/bluesteel\/advf\/imagenes\/2022\/03\/623f1a6017297_900.jpg\",\"datePublished\":\"2022-03-28T12:07:18+00:00\",\"dateModified\":\"2022-03-28T12:07:33+00:00\",\"author\":{\"@id\":\"https:\/\/www.noticiasradioreflejos.com.ar\/2021\/#\/schema\/person\/ad82545263dcc5ec0996818884fd5fb1\"},\"breadcrumb\":{\"@id\":\"https:\/\/www.noticiasradioreflejos.com.ar\/2021\/el-desembarco-argentino-en-malvinas-la-llegada-de-la-flota-britanica-y-el-inicio-de-la-guerra\/#breadcrumb\"},\"inLanguage\":\"es\",\"potentialAction\":[{\"@type\":\"ReadAction\",\"target\":[\"https:\/\/www.noticiasradioreflejos.com.ar\/2021\/el-desembarco-argentino-en-malvinas-la-llegada-de-la-flota-britanica-y-el-inicio-de-la-guerra\/\"]}]},{\"@type\":\"ImageObject\",\"inLanguage\":\"es\",\"@id\":\"https:\/\/www.noticiasradioreflejos.com.ar\/2021\/el-desembarco-argentino-en-malvinas-la-llegada-de-la-flota-britanica-y-el-inicio-de-la-guerra\/#primaryimage\",\"url\":\"https:\/\/www.telam.com.ar\/thumbs\/bluesteel\/advf\/imagenes\/2022\/03\/623f1a6017297_900.jpg\",\"contentUrl\":\"https:\/\/www.telam.com.ar\/thumbs\/bluesteel\/advf\/imagenes\/2022\/03\/623f1a6017297_900.jpg\"},{\"@type\":\"BreadcrumbList\",\"@id\":\"https:\/\/www.noticiasradioreflejos.com.ar\/2021\/el-desembarco-argentino-en-malvinas-la-llegada-de-la-flota-britanica-y-el-inicio-de-la-guerra\/#breadcrumb\",\"itemListElement\":[{\"@type\":\"ListItem\",\"position\":1,\"name\":\"Portada\",\"item\":\"https:\/\/www.noticiasradioreflejos.com.ar\/2021\/\"},{\"@type\":\"ListItem\",\"position\":2,\"name\":\"El desembarco argentino en Malvinas, la llegada de la flota brit\u00e1nica y el inicio de la guerra\"}]},{\"@type\":\"WebSite\",\"@id\":\"https:\/\/www.noticiasradioreflejos.com.ar\/2021\/#website\",\"url\":\"https:\/\/www.noticiasradioreflejos.com.ar\/2021\/\",\"name\":\"Noticias Radio Reflejos\",\"description\":\"Las noticias de mi comarca\",\"potentialAction\":[{\"@type\":\"SearchAction\",\"target\":{\"@type\":\"EntryPoint\",\"urlTemplate\":\"https:\/\/www.noticiasradioreflejos.com.ar\/2021\/?s={search_term_string}\"},\"query-input\":{\"@type\":\"PropertyValueSpecification\",\"valueRequired\":true,\"valueName\":\"search_term_string\"}}],\"inLanguage\":\"es\"},{\"@type\":\"Person\",\"@id\":\"https:\/\/www.noticiasradioreflejos.com.ar\/2021\/#\/schema\/person\/ad82545263dcc5ec0996818884fd5fb1\",\"name\":\"Arnaldo Botto\",\"image\":{\"@type\":\"ImageObject\",\"inLanguage\":\"es\",\"@id\":\"https:\/\/www.noticiasradioreflejos.com.ar\/2021\/#\/schema\/person\/image\/\",\"url\":\"https:\/\/secure.gravatar.com\/avatar\/55cb5e37c1efa326397366e6974cb338056df65cb50e7d64d1cf314e87504837?s=96&d=mm&r=g\",\"contentUrl\":\"https:\/\/secure.gravatar.com\/avatar\/55cb5e37c1efa326397366e6974cb338056df65cb50e7d64d1cf314e87504837?s=96&d=mm&r=g\",\"caption\":\"Arnaldo Botto\"},\"url\":\"https:\/\/www.noticiasradioreflejos.com.ar\/2021\/author\/arnaldo\/\"}]}<\/script>\n<!-- \/ Yoast SEO plugin. -->","yoast_head_json":{"title":"El desembarco argentino en Malvinas, la llegada de la flota brit\u00e1nica y el inicio de la guerra - Noticias Radio Reflejos","robots":{"index":"index","follow":"follow","max-snippet":"max-snippet:-1","max-image-preview":"max-image-preview:large","max-video-preview":"max-video-preview:-1"},"canonical":"https:\/\/www.noticiasradioreflejos.com.ar\/2021\/el-desembarco-argentino-en-malvinas-la-llegada-de-la-flota-britanica-y-el-inicio-de-la-guerra\/","og_locale":"es_ES","og_type":"article","og_title":"El desembarco argentino en Malvinas, la llegada de la flota brit\u00e1nica y el inicio de la guerra - Noticias Radio Reflejos","og_description":"El 2 de abril de 1982 comandos anfibios de la Armada, tropas de la Infanter\u00eda de Marina y efectivos del Regimiento 25 del Ej\u00e9rcito desembarcaron en Puerto Argentino, interrumpiendo 149 a\u00f1os de ileg\u00edtima posesi\u00f3n brit\u00e1nica sobre el archipi\u00e9lago y otros territorios del Atl\u00e1ntico Sur.","og_url":"https:\/\/www.noticiasradioreflejos.com.ar\/2021\/el-desembarco-argentino-en-malvinas-la-llegada-de-la-flota-britanica-y-el-inicio-de-la-guerra\/","og_site_name":"Noticias Radio Reflejos","article_published_time":"2022-03-28T12:07:18+00:00","article_modified_time":"2022-03-28T12:07:33+00:00","og_image":[{"url":"https:\/\/www.telam.com.ar\/thumbs\/bluesteel\/advf\/imagenes\/2022\/03\/623f1a6017297_900.jpg","type":"","width":"","height":""}],"author":"Arnaldo Botto","twitter_card":"summary_large_image","schema":{"@context":"https:\/\/schema.org","@graph":[{"@type":"WebPage","@id":"https:\/\/www.noticiasradioreflejos.com.ar\/2021\/el-desembarco-argentino-en-malvinas-la-llegada-de-la-flota-britanica-y-el-inicio-de-la-guerra\/","url":"https:\/\/www.noticiasradioreflejos.com.ar\/2021\/el-desembarco-argentino-en-malvinas-la-llegada-de-la-flota-britanica-y-el-inicio-de-la-guerra\/","name":"El desembarco argentino en Malvinas, la llegada de la flota brit\u00e1nica y el inicio de la guerra - Noticias Radio Reflejos","isPartOf":{"@id":"https:\/\/www.noticiasradioreflejos.com.ar\/2021\/#website"},"primaryImageOfPage":{"@id":"https:\/\/www.noticiasradioreflejos.com.ar\/2021\/el-desembarco-argentino-en-malvinas-la-llegada-de-la-flota-britanica-y-el-inicio-de-la-guerra\/#primaryimage"},"image":{"@id":"https:\/\/www.noticiasradioreflejos.com.ar\/2021\/el-desembarco-argentino-en-malvinas-la-llegada-de-la-flota-britanica-y-el-inicio-de-la-guerra\/#primaryimage"},"thumbnailUrl":"https:\/\/www.telam.com.ar\/thumbs\/bluesteel\/advf\/imagenes\/2022\/03\/623f1a6017297_900.jpg","datePublished":"2022-03-28T12:07:18+00:00","dateModified":"2022-03-28T12:07:33+00:00","author":{"@id":"https:\/\/www.noticiasradioreflejos.com.ar\/2021\/#\/schema\/person\/ad82545263dcc5ec0996818884fd5fb1"},"breadcrumb":{"@id":"https:\/\/www.noticiasradioreflejos.com.ar\/2021\/el-desembarco-argentino-en-malvinas-la-llegada-de-la-flota-britanica-y-el-inicio-de-la-guerra\/#breadcrumb"},"inLanguage":"es","potentialAction":[{"@type":"ReadAction","target":["https:\/\/www.noticiasradioreflejos.com.ar\/2021\/el-desembarco-argentino-en-malvinas-la-llegada-de-la-flota-britanica-y-el-inicio-de-la-guerra\/"]}]},{"@type":"ImageObject","inLanguage":"es","@id":"https:\/\/www.noticiasradioreflejos.com.ar\/2021\/el-desembarco-argentino-en-malvinas-la-llegada-de-la-flota-britanica-y-el-inicio-de-la-guerra\/#primaryimage","url":"https:\/\/www.telam.com.ar\/thumbs\/bluesteel\/advf\/imagenes\/2022\/03\/623f1a6017297_900.jpg","contentUrl":"https:\/\/www.telam.com.ar\/thumbs\/bluesteel\/advf\/imagenes\/2022\/03\/623f1a6017297_900.jpg"},{"@type":"BreadcrumbList","@id":"https:\/\/www.noticiasradioreflejos.com.ar\/2021\/el-desembarco-argentino-en-malvinas-la-llegada-de-la-flota-britanica-y-el-inicio-de-la-guerra\/#breadcrumb","itemListElement":[{"@type":"ListItem","position":1,"name":"Portada","item":"https:\/\/www.noticiasradioreflejos.com.ar\/2021\/"},{"@type":"ListItem","position":2,"name":"El desembarco argentino en Malvinas, la llegada de la flota brit\u00e1nica y el inicio de la guerra"}]},{"@type":"WebSite","@id":"https:\/\/www.noticiasradioreflejos.com.ar\/2021\/#website","url":"https:\/\/www.noticiasradioreflejos.com.ar\/2021\/","name":"Noticias Radio Reflejos","description":"Las noticias de mi comarca","potentialAction":[{"@type":"SearchAction","target":{"@type":"EntryPoint","urlTemplate":"https:\/\/www.noticiasradioreflejos.com.ar\/2021\/?s={search_term_string}"},"query-input":{"@type":"PropertyValueSpecification","valueRequired":true,"valueName":"search_term_string"}}],"inLanguage":"es"},{"@type":"Person","@id":"https:\/\/www.noticiasradioreflejos.com.ar\/2021\/#\/schema\/person\/ad82545263dcc5ec0996818884fd5fb1","name":"Arnaldo Botto","image":{"@type":"ImageObject","inLanguage":"es","@id":"https:\/\/www.noticiasradioreflejos.com.ar\/2021\/#\/schema\/person\/image\/","url":"https:\/\/secure.gravatar.com\/avatar\/55cb5e37c1efa326397366e6974cb338056df65cb50e7d64d1cf314e87504837?s=96&d=mm&r=g","contentUrl":"https:\/\/secure.gravatar.com\/avatar\/55cb5e37c1efa326397366e6974cb338056df65cb50e7d64d1cf314e87504837?s=96&d=mm&r=g","caption":"Arnaldo Botto"},"url":"https:\/\/www.noticiasradioreflejos.com.ar\/2021\/author\/arnaldo\/"}]}},"_links":{"self":[{"href":"https:\/\/www.noticiasradioreflejos.com.ar\/2021\/wp-json\/wp\/v2\/posts\/69810","targetHints":{"allow":["GET"]}}],"collection":[{"href":"https:\/\/www.noticiasradioreflejos.com.ar\/2021\/wp-json\/wp\/v2\/posts"}],"about":[{"href":"https:\/\/www.noticiasradioreflejos.com.ar\/2021\/wp-json\/wp\/v2\/types\/post"}],"author":[{"embeddable":true,"href":"https:\/\/www.noticiasradioreflejos.com.ar\/2021\/wp-json\/wp\/v2\/users\/3"}],"replies":[{"embeddable":true,"href":"https:\/\/www.noticiasradioreflejos.com.ar\/2021\/wp-json\/wp\/v2\/comments?post=69810"}],"version-history":[{"count":2,"href":"https:\/\/www.noticiasradioreflejos.com.ar\/2021\/wp-json\/wp\/v2\/posts\/69810\/revisions"}],"predecessor-version":[{"id":69813,"href":"https:\/\/www.noticiasradioreflejos.com.ar\/2021\/wp-json\/wp\/v2\/posts\/69810\/revisions\/69813"}],"wp:attachment":[{"href":"https:\/\/www.noticiasradioreflejos.com.ar\/2021\/wp-json\/wp\/v2\/media?parent=69810"}],"wp:term":[{"taxonomy":"category","embeddable":true,"href":"https:\/\/www.noticiasradioreflejos.com.ar\/2021\/wp-json\/wp\/v2\/categories?post=69810"},{"taxonomy":"post_tag","embeddable":true,"href":"https:\/\/www.noticiasradioreflejos.com.ar\/2021\/wp-json\/wp\/v2\/tags?post=69810"}],"curies":[{"name":"wp","href":"https:\/\/api.w.org\/{rel}","templated":true}]}}