{"id":69804,"date":"2022-03-28T11:23:51","date_gmt":"2022-03-28T11:23:51","guid":{"rendered":"http:\/\/www.noticiasradioreflejos.com.ar\/2021\/?p=69804"},"modified":"2022-03-28T11:23:51","modified_gmt":"2022-03-28T11:23:51","slug":"cuales-fueron-las-anomalias-y-eventos-climaticos-extremos-en-2021","status":"publish","type":"post","link":"https:\/\/www.noticiasradioreflejos.com.ar\/2021\/cuales-fueron-las-anomalias-y-eventos-climaticos-extremos-en-2021\/","title":{"rendered":"Cu\u00e1les fueron las \u00abanomal\u00edas\u00bb y eventos clim\u00e1ticos extremos en 2021"},"content":{"rendered":"<div class=\"wrapper-header\">\n<div class=\"container-xl\">\n<div class=\"row\">\n<div class=\"col-12\">\n<div class=\"head-content mb-4\">\n<div class=\"my-3\">\n<div class=\"social mt-3\">Seg\u00fan el reporte anual que dio a conocer el Servicio Meteorol\u00f3gico Nacional la temperatura media del pa\u00eds fue superior a lo normal y que la regi\u00f3n con mayores anomal\u00edas positivas fue la Patagonia.<\/div>\n<\/div>\n<\/div>\n<\/div>\n<\/div>\n<\/div>\n<\/div>\n<p><!--more--><\/p>\n<div class=\"wrapper-editable-content\">\n<div>\n<div class=\"wrapper-editable-content\">\n<div>\n<div class=\"container-md\">\n<div class=\"row\">\n<div class=\"col-md-12 speak\">\n<div class=\"paragraph\">\n<figure class=\"mb-3\"><img decoding=\"async\" src=\"https:\/\/www.telam.com.ar\/thumbs\/bluesteel\/advf\/imagenes\/2022\/01\/61ea972d7bb86_900.jpg\" alt=\"En 2021 la sequa hizo sentir sus efectos en todo el pas \" width=\"100%\" height=\"100%\" \/><\/p>\n<div class=\"media-icons\"><\/div><figcaption>En 2021 la sequ\u00eda hizo sentir sus efectos en todo el pa\u00eds.<\/figcaption><\/figure>\n<p>R\u00e9cords de temperaturas y olas de calor, lluvias por encima de la media y sequ\u00eda extrema, poca nieve o demasiada, y un preocupante aumento de los gases de efecto invernadero son algunas de las \u00abanomal\u00edas\u00bb destacadas del reporte del Servicio Meteorol\u00f3gico Nacional (SMN) \u00abEstado del clima en Argentina 2021\u00bb.<\/p>\n<p>El informe, de 46 p\u00e1ginas, realiza una evaluaci\u00f3n de las condiciones clim\u00e1ticas que afectaron a la Argentina durante el 2021.<\/p>\n<p>El dato conocido es que l<strong>a temperatura media del pa\u00eds fue superior a lo normal y que la regi\u00f3n con mayores anomal\u00edas positivas fue la Patagonia.<\/strong><\/p>\n<p>\u00abDesde mi punto de vista, es para remarcar la anomal\u00eda t\u00e9rmica, de temperatura, porque 2021 fue el quinto a\u00f1o m\u00e1s c\u00e1lido desde 1961, as\u00ed como el hecho de que hayan sido 11 a\u00f1os consecutivo de temperaturas por encima de lo normal\u00bb, dijo a T\u00e9lam Celeste Saulo, directora del SMN.<\/p>\n<figure class=\"mb-3\"><img decoding=\"async\" src=\"https:\/\/www.telam.com.ar\/thumbs\/bluesteel\/advf\/imagenes\/2021\/05\/609b1ec9bd4a3_900.jpg\" alt=\"La bajante del Paran \" width=\"100%\" height=\"100%\" \/><\/p>\n<div class=\"media-icons\"><\/div><figcaption>La bajante del Paran\u00e1.<\/figcaption><\/figure>\n<p>\u00abArgentina est\u00e1 dando cuenta de lo mismo que est\u00e1 ocurriendo a nivel global, que es\u00a0<strong>el aumento sostenido de la temperatura por encima de los niveles de referencia\u00bb, coment\u00f3.<\/strong><\/p>\n<p>A nivel pa\u00eds, entre enero y diciembre de 2021, la anomal\u00eda de temperatura media anual estimada a nivel pa\u00eds fue de<strong>\u00a0+0,58\u00b0C con respecto al per\u00edodo climatol\u00f3gico 1981-2010.<\/strong><\/p>\n<p>Durante el 2021 se destac\u00f3 el desv\u00edo promedio en Patagonia (+1,1\u00b0C), donde se quebr\u00f3 el r\u00e9cord hist\u00f3rico de calor anual, \u00absuperando por varias d\u00e9cimas de grado al m\u00e1ximo anterior de 1998 (+0,77\u00b0C)\u00bb, indic\u00f3 el reporte, publicado con fecha 20 de marzo.<\/p>\n<figure class=\"mb-3\"><img decoding=\"async\" src=\"https:\/\/www.telam.com.ar\/thumbs\/bluesteel\/advf\/imagenes\/2021\/10\/61799a50ba6e8_900.jpg\" alt=\"Calor hubo temperaturas por encima del promedio \" width=\"100%\" height=\"100%\" \/><\/p>\n<div class=\"media-icons\"><\/div><figcaption>Calor: hubo temperaturas por encima del promedio.<\/figcaption><\/figure>\n<p>En cuanto al calor,\u00a0<strong>en enero tuvo lugar la ola de calor m\u00e1s significativa del verano,\u00a0<\/strong>cuando se rompi\u00f3 el r\u00e9cord hist\u00f3rico de temperatura m\u00e1xima absoluta en Cipolletti (43,8\u00b0C) y Maquinchao (38,9\u00b0C). La m\u00e1xima duraci\u00f3n de este fen\u00f3meno ocurri\u00f3 en las localidades de Las Flores (8 d\u00edas), Malarg\u00fce y R\u00edo Colorado (7 d\u00edas).<\/p>\n<p><strong>En gran parte de la regi\u00f3n se superaron los 35\u00b0C.<\/strong>\u00a0Las temperaturas alcanzadas en las localidades de El Bols\u00f3n (38,2\u00b0C el d\u00eda 5) y Paso de Indios (38,5\u00b0C el d\u00eda 4) rompieron los r\u00e9cords hist\u00f3ricos de esas localidades.<\/p>\n<p>Lo mismo pas\u00f3 en oto\u00f1o: en Bariloche, con 17,6\u00b0C como media m\u00e1xima m\u00e1s alta del oto\u00f1o, y El Bols\u00f3n, con 19,4, por encima de las cifras de 2015 y 2016 respectivamente.<\/p>\n<figure class=\"mb-3\"><img decoding=\"async\" src=\"https:\/\/www.telam.com.ar\/thumbs\/bluesteel\/advf\/imagenes\/2022\/03\/6240a2d99e8d2_900.jpg\" alt=\"Telam SE\" width=\"100%\" height=\"100%\" \/><\/p>\n<div class=\"media-icons\"><\/div><figcaption><\/figcaption><\/figure>\n<p>A nivel pa\u00eds, el mes de septiembre fue el que present\u00f3 los mayores \u00abapartamientos positivos (valores superiores a los +3\u00b0C)\u00bb, y fue el s<strong>egundo septiembre m\u00e1s c\u00e1lido a nivel pa\u00eds desde 1961<\/strong>. En la primavera, por ejemplo, Comodoro Rivadavia, con 9 grados de m\u00ednima media m\u00e1s alta, pas\u00f3 un registro de 1971.<\/p>\n<p>Durante el<strong>\u00a0invierno 2021 se registraron \u00abepisodios de fr\u00edo extremo\u00bb en el centro y noreste de Argentina.<\/strong>\u00a0Las dos primeras olas de fr\u00edo ocurrieron durante la segunda mitad de junio y se originaron debido a dos potentes ingresos de aire polar.<\/p>\n<p>Se registraron r\u00e9cords de temperatura m\u00ednima m\u00e1s baja en Villa Mar\u00eda de R\u00edo Seco (-9,0\u00b0C), Catamarca (-6,2\u00b0C) y Mercedes (-2,5\u00b0C).<\/p>\n<p>Tambi\u00e9n se destac\u00f3 la persistencia de temperaturas m\u00e1ximas muy bajas sobre el sur del Litoral y noreste de Buenos Aires. \u00abLa ciudad de Buenos Aires no ten\u00eda una seguidilla de tardes tan fr\u00edas desde julio de 2007\u00bb, destac\u00f3 el informe.<\/p>\n<figure class=\"mb-3\"><img decoding=\"async\" src=\"https:\/\/www.telam.com.ar\/thumbs\/bluesteel\/advf\/imagenes\/2022\/01\/61df7a8150915_900.jpg\" alt=\"Telam SE\" width=\"100%\" height=\"100%\" \/><\/p>\n<div class=\"media-icons\"><\/div><figcaption><\/figcaption><\/figure>\n<p>En cuanto a las precipitaciones,\u00a0<strong>en el 2021 se observaron condiciones deficitarias a nivel pa\u00eds<\/strong>. Se posicion\u00f3 en el puesto 13 de entre los m\u00e1s secos desde 1961, similar a lo ocurrido en el 2020, uno de los a\u00f1os m\u00e1s secos registrados desde 1961 y el m\u00e1s seco desde 1995.<\/p>\n<p>En algunas \u00e1reas hubo exceso de agua. Por ejemplo<strong>, con 276 mil\u00edmetros de lluvia acumulada en 24 horas, el 5 de enero se bati\u00f3 un r\u00e9cord de 1990 y en San Juan, en noviembre, 34 mil\u00edmetros dejaron atr\u00e1s una marca de 1976.<\/strong><\/p>\n<p>Tambi\u00e9n en San Luis, con 260 mil\u00edmetros de precipitaci\u00f3n acumulada en enero se bati\u00f3 un r\u00e9cord de 1983.<\/p>\n<p>Por el contrario, Ezeiza tuvo 11,3 mm de lluvias acumuladas en diciembre, menos que el r\u00e9cord de 1956, y estaciones meteorol\u00f3gicas como la de Jun\u00edn tuvieron su r\u00e9cord m\u00ednimo de precipitaci\u00f3n acumulada anual con 644,3 mil\u00edmetros, menos que lo registrado en 1960.<\/p>\n<p>De enero a marzo del a\u00f1o pasado, gran parte del pa\u00eds\u00a0<strong>estuvo afectado por el fen\u00f3meno de sequ\u00eda.<\/strong><\/p>\n<figure class=\"mb-3\"><img decoding=\"async\" src=\"https:\/\/www.telam.com.ar\/thumbs\/bluesteel\/advf\/imagenes\/2021\/08\/611a8b6eef9ff_900.jpg\" alt=\"Telam SE\" width=\"100%\" height=\"100%\" \/><\/p>\n<div class=\"media-icons\"><\/div><figcaption><\/figcaption><\/figure>\n<p>Las \u00e1reas m\u00e1s afectadas fueron el noroeste de Patagonia, el noreste del pa\u00eds (Chaco, Misiones, Corrientes y Formosa) y la regi\u00f3n de Cuyo, mientras que el porcentaje de coberturas de nieve en la cordillera central entre abril y agosto fue muy inferior al promedio del per\u00edodo 2000-2019.<\/p>\n<p>Esto trajo aparejado la<strong>\u00a0bajante hidrol\u00f3gica del r\u00edo Paran\u00e1 a lo largo de todo su cauce.<\/strong>\u00a0Con m\u00ednimos hist\u00f3ricos, fue la m\u00e1s pronunciada desde el a\u00f1o 1944.<\/p>\n<figure class=\"mb-3\"><img decoding=\"async\" src=\"https:\/\/www.telam.com.ar\/thumbs\/bluesteel\/advf\/imagenes\/2020\/08\/5f3956e3a04c7_900.jpg\" alt=\"Telam SE\" width=\"100%\" height=\"100%\" \/><\/p>\n<div class=\"media-icons\"><\/div><figcaption><\/figcaption><\/figure>\n<p>La sequ\u00eda favoreci\u00f3 la generaci\u00f3n de incendios en gran parte del territorio nacional durante 2021 y tuvo sus consecuencias econ\u00f3micas: \u00abConsiderando \u00fanicamente las \u00e1reas con sequ\u00eda moderada, 7.192.087 cabezas de stock bovinos y 3.016.796 hect\u00e1reas de cultivos estuvieron en riesgo, siendo los de la soja, el ma\u00edz y el girasol los m\u00e1s perjudicados\u00bb, se precis\u00f3.<\/p>\n<p>A la hora de evaluar la importancia de este informe, Celeste Saulo dijo:<strong>\u00a0\u00abEsperamos que este bolet\u00edn sea utilizado por distintos sectores que toman decisiones, productivos, educativos, tambi\u00e9n por quienes comunican para que podamos compartir un recurso que es la informaci\u00f3n oficial<\/strong>\u00a0y que, analizada a la luz de una historia, nos permite a todos estar en la misma p\u00e1gina y en sinton\u00eda\u00bb.<\/p>\n<figure class=\"mb-3\"><img decoding=\"async\" src=\"https:\/\/www.telam.com.ar\/thumbs\/bluesteel\/advf\/imagenes\/2020\/09\/5f5ce158c3626_900.jpg\" alt=\"Telam SE\" width=\"100%\" height=\"100%\" \/><\/p>\n<div class=\"media-icons\"><\/div><figcaption><\/figcaption><\/figure>\n<p>Saulo mostr\u00f3 preocupaci\u00f3n por estos datos: el informe precis\u00f3 que los registros de di\u00f3xido de carbono y metano muestran un incremento constante a lo largo de los a\u00f1os. Siguiendo la tendencia mundial, ambos gases aumentaron su concentraci\u00f3n a lo largo del 2021, si bien los valores medidos por el SMN fueron menores a las concentraciones medias globales.<\/p>\n<p>\u00abLamentablemente los gases de efecto invernadero, que son los que se podr\u00edan controlar para evitar que se siga exacerbando el calentamiento global, no est\u00e1n disminuyendo, contin\u00faan un aumento sostenido m\u00e1s o menos desde 1980 hasta la fecha. Este es el mayor llamado de atenci\u00f3n que tenemos que hacer\u00bb, indic\u00f3 la directora del Servicio Meteorol\u00f3gico Nacional.<\/p><\/div>\n<\/div>\n<\/div>\n<\/div>\n<\/div>\n<\/div>\n<\/div>\n<\/div>\n","protected":false},"excerpt":{"rendered":"<p>Seg\u00fan el reporte anual que dio a conocer el Servicio Meteorol\u00f3gico Nacional la temperatura media del pa\u00eds fue superior a lo normal y que la regi\u00f3n con mayores anomal\u00edas positivas fue la Patagonia.<\/p>\n","protected":false},"author":3,"featured_media":0,"comment_status":"closed","ping_status":"closed","sticky":false,"template":"","format":"standard","meta":{"footnotes":""},"categories":[46],"tags":[],"class_list":["post-69804","post","type-post","status-publish","format-standard","hentry","category-ciencia-y-tecnologia"],"yoast_head":"<!-- This site is optimized with the Yoast SEO plugin v25.9 - https:\/\/yoast.com\/wordpress\/plugins\/seo\/ -->\n<title>Cu\u00e1les fueron las &quot;anomal\u00edas&quot; y eventos clim\u00e1ticos extremos en 2021 - Noticias Radio Reflejos<\/title>\n<meta name=\"robots\" content=\"index, follow, max-snippet:-1, max-image-preview:large, max-video-preview:-1\" \/>\n<link rel=\"canonical\" href=\"https:\/\/www.noticiasradioreflejos.com.ar\/2021\/cuales-fueron-las-anomalias-y-eventos-climaticos-extremos-en-2021\/\" \/>\n<meta property=\"og:locale\" content=\"es_ES\" \/>\n<meta property=\"og:type\" content=\"article\" \/>\n<meta property=\"og:title\" content=\"Cu\u00e1les fueron las &quot;anomal\u00edas&quot; y eventos clim\u00e1ticos extremos en 2021 - Noticias Radio Reflejos\" \/>\n<meta property=\"og:description\" content=\"Seg\u00fan el reporte anual que dio a conocer el Servicio Meteorol\u00f3gico Nacional la temperatura media del pa\u00eds fue superior a lo normal y que la regi\u00f3n con mayores anomal\u00edas positivas fue la Patagonia.\" \/>\n<meta property=\"og:url\" content=\"https:\/\/www.noticiasradioreflejos.com.ar\/2021\/cuales-fueron-las-anomalias-y-eventos-climaticos-extremos-en-2021\/\" \/>\n<meta property=\"og:site_name\" content=\"Noticias Radio Reflejos\" \/>\n<meta property=\"article:published_time\" content=\"2022-03-28T11:23:51+00:00\" \/>\n<meta property=\"og:image\" content=\"https:\/\/www.telam.com.ar\/thumbs\/bluesteel\/advf\/imagenes\/2022\/01\/61ea972d7bb86_900.jpg\" \/>\n<meta name=\"author\" content=\"Arnaldo Botto\" \/>\n<meta name=\"twitter:card\" content=\"summary_large_image\" \/>\n<script type=\"application\/ld+json\" class=\"yoast-schema-graph\">{\"@context\":\"https:\/\/schema.org\",\"@graph\":[{\"@type\":\"WebPage\",\"@id\":\"https:\/\/www.noticiasradioreflejos.com.ar\/2021\/cuales-fueron-las-anomalias-y-eventos-climaticos-extremos-en-2021\/\",\"url\":\"https:\/\/www.noticiasradioreflejos.com.ar\/2021\/cuales-fueron-las-anomalias-y-eventos-climaticos-extremos-en-2021\/\",\"name\":\"Cu\u00e1les fueron las \\\"anomal\u00edas\\\" y eventos clim\u00e1ticos extremos en 2021 - Noticias Radio Reflejos\",\"isPartOf\":{\"@id\":\"https:\/\/www.noticiasradioreflejos.com.ar\/2021\/#website\"},\"primaryImageOfPage\":{\"@id\":\"https:\/\/www.noticiasradioreflejos.com.ar\/2021\/cuales-fueron-las-anomalias-y-eventos-climaticos-extremos-en-2021\/#primaryimage\"},\"image\":{\"@id\":\"https:\/\/www.noticiasradioreflejos.com.ar\/2021\/cuales-fueron-las-anomalias-y-eventos-climaticos-extremos-en-2021\/#primaryimage\"},\"thumbnailUrl\":\"https:\/\/www.telam.com.ar\/thumbs\/bluesteel\/advf\/imagenes\/2022\/01\/61ea972d7bb86_900.jpg\",\"datePublished\":\"2022-03-28T11:23:51+00:00\",\"author\":{\"@id\":\"https:\/\/www.noticiasradioreflejos.com.ar\/2021\/#\/schema\/person\/ad82545263dcc5ec0996818884fd5fb1\"},\"breadcrumb\":{\"@id\":\"https:\/\/www.noticiasradioreflejos.com.ar\/2021\/cuales-fueron-las-anomalias-y-eventos-climaticos-extremos-en-2021\/#breadcrumb\"},\"inLanguage\":\"es\",\"potentialAction\":[{\"@type\":\"ReadAction\",\"target\":[\"https:\/\/www.noticiasradioreflejos.com.ar\/2021\/cuales-fueron-las-anomalias-y-eventos-climaticos-extremos-en-2021\/\"]}]},{\"@type\":\"ImageObject\",\"inLanguage\":\"es\",\"@id\":\"https:\/\/www.noticiasradioreflejos.com.ar\/2021\/cuales-fueron-las-anomalias-y-eventos-climaticos-extremos-en-2021\/#primaryimage\",\"url\":\"https:\/\/www.telam.com.ar\/thumbs\/bluesteel\/advf\/imagenes\/2022\/01\/61ea972d7bb86_900.jpg\",\"contentUrl\":\"https:\/\/www.telam.com.ar\/thumbs\/bluesteel\/advf\/imagenes\/2022\/01\/61ea972d7bb86_900.jpg\"},{\"@type\":\"BreadcrumbList\",\"@id\":\"https:\/\/www.noticiasradioreflejos.com.ar\/2021\/cuales-fueron-las-anomalias-y-eventos-climaticos-extremos-en-2021\/#breadcrumb\",\"itemListElement\":[{\"@type\":\"ListItem\",\"position\":1,\"name\":\"Portada\",\"item\":\"https:\/\/www.noticiasradioreflejos.com.ar\/2021\/\"},{\"@type\":\"ListItem\",\"position\":2,\"name\":\"Cu\u00e1les fueron las \u00abanomal\u00edas\u00bb y eventos clim\u00e1ticos extremos en 2021\"}]},{\"@type\":\"WebSite\",\"@id\":\"https:\/\/www.noticiasradioreflejos.com.ar\/2021\/#website\",\"url\":\"https:\/\/www.noticiasradioreflejos.com.ar\/2021\/\",\"name\":\"Noticias Radio Reflejos\",\"description\":\"Las noticias de mi comarca\",\"potentialAction\":[{\"@type\":\"SearchAction\",\"target\":{\"@type\":\"EntryPoint\",\"urlTemplate\":\"https:\/\/www.noticiasradioreflejos.com.ar\/2021\/?s={search_term_string}\"},\"query-input\":{\"@type\":\"PropertyValueSpecification\",\"valueRequired\":true,\"valueName\":\"search_term_string\"}}],\"inLanguage\":\"es\"},{\"@type\":\"Person\",\"@id\":\"https:\/\/www.noticiasradioreflejos.com.ar\/2021\/#\/schema\/person\/ad82545263dcc5ec0996818884fd5fb1\",\"name\":\"Arnaldo Botto\",\"image\":{\"@type\":\"ImageObject\",\"inLanguage\":\"es\",\"@id\":\"https:\/\/www.noticiasradioreflejos.com.ar\/2021\/#\/schema\/person\/image\/\",\"url\":\"https:\/\/secure.gravatar.com\/avatar\/55cb5e37c1efa326397366e6974cb338056df65cb50e7d64d1cf314e87504837?s=96&d=mm&r=g\",\"contentUrl\":\"https:\/\/secure.gravatar.com\/avatar\/55cb5e37c1efa326397366e6974cb338056df65cb50e7d64d1cf314e87504837?s=96&d=mm&r=g\",\"caption\":\"Arnaldo Botto\"},\"url\":\"https:\/\/www.noticiasradioreflejos.com.ar\/2021\/author\/arnaldo\/\"}]}<\/script>\n<!-- \/ Yoast SEO plugin. -->","yoast_head_json":{"title":"Cu\u00e1les fueron las \"anomal\u00edas\" y eventos clim\u00e1ticos extremos en 2021 - Noticias Radio Reflejos","robots":{"index":"index","follow":"follow","max-snippet":"max-snippet:-1","max-image-preview":"max-image-preview:large","max-video-preview":"max-video-preview:-1"},"canonical":"https:\/\/www.noticiasradioreflejos.com.ar\/2021\/cuales-fueron-las-anomalias-y-eventos-climaticos-extremos-en-2021\/","og_locale":"es_ES","og_type":"article","og_title":"Cu\u00e1les fueron las \"anomal\u00edas\" y eventos clim\u00e1ticos extremos en 2021 - Noticias Radio Reflejos","og_description":"Seg\u00fan el reporte anual que dio a conocer el Servicio Meteorol\u00f3gico Nacional la temperatura media del pa\u00eds fue superior a lo normal y que la regi\u00f3n con mayores anomal\u00edas positivas fue la Patagonia.","og_url":"https:\/\/www.noticiasradioreflejos.com.ar\/2021\/cuales-fueron-las-anomalias-y-eventos-climaticos-extremos-en-2021\/","og_site_name":"Noticias Radio Reflejos","article_published_time":"2022-03-28T11:23:51+00:00","og_image":[{"url":"https:\/\/www.telam.com.ar\/thumbs\/bluesteel\/advf\/imagenes\/2022\/01\/61ea972d7bb86_900.jpg","type":"","width":"","height":""}],"author":"Arnaldo Botto","twitter_card":"summary_large_image","schema":{"@context":"https:\/\/schema.org","@graph":[{"@type":"WebPage","@id":"https:\/\/www.noticiasradioreflejos.com.ar\/2021\/cuales-fueron-las-anomalias-y-eventos-climaticos-extremos-en-2021\/","url":"https:\/\/www.noticiasradioreflejos.com.ar\/2021\/cuales-fueron-las-anomalias-y-eventos-climaticos-extremos-en-2021\/","name":"Cu\u00e1les fueron las \"anomal\u00edas\" y eventos clim\u00e1ticos extremos en 2021 - Noticias Radio Reflejos","isPartOf":{"@id":"https:\/\/www.noticiasradioreflejos.com.ar\/2021\/#website"},"primaryImageOfPage":{"@id":"https:\/\/www.noticiasradioreflejos.com.ar\/2021\/cuales-fueron-las-anomalias-y-eventos-climaticos-extremos-en-2021\/#primaryimage"},"image":{"@id":"https:\/\/www.noticiasradioreflejos.com.ar\/2021\/cuales-fueron-las-anomalias-y-eventos-climaticos-extremos-en-2021\/#primaryimage"},"thumbnailUrl":"https:\/\/www.telam.com.ar\/thumbs\/bluesteel\/advf\/imagenes\/2022\/01\/61ea972d7bb86_900.jpg","datePublished":"2022-03-28T11:23:51+00:00","author":{"@id":"https:\/\/www.noticiasradioreflejos.com.ar\/2021\/#\/schema\/person\/ad82545263dcc5ec0996818884fd5fb1"},"breadcrumb":{"@id":"https:\/\/www.noticiasradioreflejos.com.ar\/2021\/cuales-fueron-las-anomalias-y-eventos-climaticos-extremos-en-2021\/#breadcrumb"},"inLanguage":"es","potentialAction":[{"@type":"ReadAction","target":["https:\/\/www.noticiasradioreflejos.com.ar\/2021\/cuales-fueron-las-anomalias-y-eventos-climaticos-extremos-en-2021\/"]}]},{"@type":"ImageObject","inLanguage":"es","@id":"https:\/\/www.noticiasradioreflejos.com.ar\/2021\/cuales-fueron-las-anomalias-y-eventos-climaticos-extremos-en-2021\/#primaryimage","url":"https:\/\/www.telam.com.ar\/thumbs\/bluesteel\/advf\/imagenes\/2022\/01\/61ea972d7bb86_900.jpg","contentUrl":"https:\/\/www.telam.com.ar\/thumbs\/bluesteel\/advf\/imagenes\/2022\/01\/61ea972d7bb86_900.jpg"},{"@type":"BreadcrumbList","@id":"https:\/\/www.noticiasradioreflejos.com.ar\/2021\/cuales-fueron-las-anomalias-y-eventos-climaticos-extremos-en-2021\/#breadcrumb","itemListElement":[{"@type":"ListItem","position":1,"name":"Portada","item":"https:\/\/www.noticiasradioreflejos.com.ar\/2021\/"},{"@type":"ListItem","position":2,"name":"Cu\u00e1les fueron las \u00abanomal\u00edas\u00bb y eventos clim\u00e1ticos extremos en 2021"}]},{"@type":"WebSite","@id":"https:\/\/www.noticiasradioreflejos.com.ar\/2021\/#website","url":"https:\/\/www.noticiasradioreflejos.com.ar\/2021\/","name":"Noticias Radio Reflejos","description":"Las noticias de mi comarca","potentialAction":[{"@type":"SearchAction","target":{"@type":"EntryPoint","urlTemplate":"https:\/\/www.noticiasradioreflejos.com.ar\/2021\/?s={search_term_string}"},"query-input":{"@type":"PropertyValueSpecification","valueRequired":true,"valueName":"search_term_string"}}],"inLanguage":"es"},{"@type":"Person","@id":"https:\/\/www.noticiasradioreflejos.com.ar\/2021\/#\/schema\/person\/ad82545263dcc5ec0996818884fd5fb1","name":"Arnaldo Botto","image":{"@type":"ImageObject","inLanguage":"es","@id":"https:\/\/www.noticiasradioreflejos.com.ar\/2021\/#\/schema\/person\/image\/","url":"https:\/\/secure.gravatar.com\/avatar\/55cb5e37c1efa326397366e6974cb338056df65cb50e7d64d1cf314e87504837?s=96&d=mm&r=g","contentUrl":"https:\/\/secure.gravatar.com\/avatar\/55cb5e37c1efa326397366e6974cb338056df65cb50e7d64d1cf314e87504837?s=96&d=mm&r=g","caption":"Arnaldo Botto"},"url":"https:\/\/www.noticiasradioreflejos.com.ar\/2021\/author\/arnaldo\/"}]}},"_links":{"self":[{"href":"https:\/\/www.noticiasradioreflejos.com.ar\/2021\/wp-json\/wp\/v2\/posts\/69804","targetHints":{"allow":["GET"]}}],"collection":[{"href":"https:\/\/www.noticiasradioreflejos.com.ar\/2021\/wp-json\/wp\/v2\/posts"}],"about":[{"href":"https:\/\/www.noticiasradioreflejos.com.ar\/2021\/wp-json\/wp\/v2\/types\/post"}],"author":[{"embeddable":true,"href":"https:\/\/www.noticiasradioreflejos.com.ar\/2021\/wp-json\/wp\/v2\/users\/3"}],"replies":[{"embeddable":true,"href":"https:\/\/www.noticiasradioreflejos.com.ar\/2021\/wp-json\/wp\/v2\/comments?post=69804"}],"version-history":[{"count":1,"href":"https:\/\/www.noticiasradioreflejos.com.ar\/2021\/wp-json\/wp\/v2\/posts\/69804\/revisions"}],"predecessor-version":[{"id":69806,"href":"https:\/\/www.noticiasradioreflejos.com.ar\/2021\/wp-json\/wp\/v2\/posts\/69804\/revisions\/69806"}],"wp:attachment":[{"href":"https:\/\/www.noticiasradioreflejos.com.ar\/2021\/wp-json\/wp\/v2\/media?parent=69804"}],"wp:term":[{"taxonomy":"category","embeddable":true,"href":"https:\/\/www.noticiasradioreflejos.com.ar\/2021\/wp-json\/wp\/v2\/categories?post=69804"},{"taxonomy":"post_tag","embeddable":true,"href":"https:\/\/www.noticiasradioreflejos.com.ar\/2021\/wp-json\/wp\/v2\/tags?post=69804"}],"curies":[{"name":"wp","href":"https:\/\/api.w.org\/{rel}","templated":true}]}}