{"id":69801,"date":"2022-03-28T11:20:29","date_gmt":"2022-03-28T11:20:29","guid":{"rendered":"http:\/\/www.noticiasradioreflejos.com.ar\/2021\/?p=69801"},"modified":"2022-03-28T11:20:29","modified_gmt":"2022-03-28T11:20:29","slug":"brutal-femicidio-en-pehuen-co-mato-a-su-pareja-a-punaladas","status":"publish","type":"post","link":"https:\/\/www.noticiasradioreflejos.com.ar\/2021\/brutal-femicidio-en-pehuen-co-mato-a-su-pareja-a-punaladas\/","title":{"rendered":"Brutal femicidio en Pehuen C\u00f3: mat\u00f3 a su pareja a pu\u00f1aladas"},"content":{"rendered":"<header id=\"mvp-post-head\" class=\"left relative\">El agresor atac\u00f3 a la mujer durante una discusi\u00f3n. La v\u00edctima falleci\u00f3 cuando era asistida en el Hospital Penna.<\/p>\n<\/header>\n<p><!--more--><\/p>\n<div class=\"mvp-post-main-out left relative\">\n<div class=\"mvp-post-main-in\">\n<div id=\"mvp-post-content\" class=\"left relative\">\n<div id=\"mvp-post-feat-img\" class=\"left relative mvp-post-feat-img-wide2\"><picture><source srcset=\"https:\/\/www.labrujula24.com\/wp-content\/webp-express\/webp-images\/uploads\/2022\/03\/femicida1.jpg.webp 1200w, https:\/\/www.labrujula24.com\/wp-content\/webp-express\/webp-images\/uploads\/2022\/03\/femicida1-768x461.jpg.webp 768w, https:\/\/www.labrujula24.com\/wp-content\/webp-express\/webp-images\/uploads\/2022\/03\/femicida1-1000x600.jpg.webp 1000w, https:\/\/www.labrujula24.com\/wp-content\/webp-express\/webp-images\/uploads\/2022\/03\/femicida1-590x354.jpg.webp 590w, https:\/\/www.labrujula24.com\/wp-content\/webp-express\/webp-images\/uploads\/2022\/03\/femicida1-400x240.jpg.webp 400w\" type=\"image\/webp\" sizes=\"(max-width: 1200px) 100vw, 1200px\" \/><img loading=\"lazy\" decoding=\"async\" class=\"attachment- size- wp-post-image webpexpress-processed\" src=\"https:\/\/www.labrujula24.com\/wp-content\/uploads\/2022\/03\/femicida1.jpg\" sizes=\"auto, (max-width: 1200px) 100vw, 1200px\" srcset=\"https:\/\/www.labrujula24.com\/wp-content\/uploads\/2022\/03\/femicida1.jpg 1200w, https:\/\/www.labrujula24.com\/wp-content\/uploads\/2022\/03\/femicida1-768x461.jpg 768w, https:\/\/www.labrujula24.com\/wp-content\/uploads\/2022\/03\/femicida1-1000x600.jpg 1000w, https:\/\/www.labrujula24.com\/wp-content\/uploads\/2022\/03\/femicida1-590x354.jpg 590w, https:\/\/www.labrujula24.com\/wp-content\/uploads\/2022\/03\/femicida1-400x240.jpg 400w\" alt=\"\" width=\"1200\" height=\"720\" \/><\/picture><\/div>\n<div id=\"mvp-content-wrap\" class=\"left relative\">\n<div class=\"mvp-post-soc-out right relative\">\n<div class=\"mvp-post-soc-in\">\n<div id=\"mvp-content-body\" class=\"left relative\">\n<div id=\"mvp-content-body-top\" class=\"left relative\">\n<div id=\"mvp-content-main\" class=\"left relative\">\n<div id=\"textbody\">\n<div class=\"at-above-post addthis_tool\" data-url=\"https:\/\/www.labrujula24.com\/notas\/2022\/03\/27\/brutal-femicidio-en-pehuen-co-mato-a-su-pareja-a-punaladas-n202505\/\"><\/div>\n<p>Un brutal femicidio ocurrido en las \u00faltimas horas en Pehuen C\u00f3 conmociona a toda la localidad. Un hombre de 50 a\u00f1os discuti\u00f3 con su pareja y la asesin\u00f3 a pu\u00f1aladas.<\/p>\n<p>El hecho ocurri\u00f3 en una vivienda de calle Rosales al 800, cuando a ra\u00edz de un llamado al 911 personal policial arrib\u00f3 en lugar y se encontraron con la terrible escena.<\/p>\n<div id=\"sm-it-main-container-1648464245138\" class=\"sm-it-main-container\" data-it=\"88868243-bf49-4dfa-95e6-44ae351effec\" data-device=\"desktop\" data-index=\"0\">\n<div id=\"sm-alternative-1648464245138\" class=\"sm-alternative\" data-it=\"88868243-bf49-4dfa-95e6-44ae351effec\" data-index=\"0\" data-device=\"desktop\">El femicida fue identificado como Jos\u00e9 Hugo Allende, quien con un cuchillo apu\u00f1al\u00f3 en la zona del t\u00f3rax y el brazo a Ver\u00f3nica Del Cero (50).<\/div>\n<\/div>\n<p>En di\u00e1logo con la redacci\u00f3n de\u00a0<strong>LA BR\u00daJULA 24<\/strong>, el jefe de la Polic\u00eda de Coronel Rosales, Agust\u00edn Gerbaldo, explic\u00f3 que \u201chab\u00eda denuncias previas por parte de la v\u00edctima, adem\u00e1s de una restricci\u00f3n de acercamiento\u201d. M\u00e1s all\u00e1 de esto, aparentemente al momento del crimen habr\u00edan estado conviviendo.<\/p>\n<div class=\"code-block code-block-1\"><\/div>\n<p>Seg\u00fan relata la cr\u00f3nica policial, el agresor se acerc\u00f3 a la vivienda y all\u00ed se produjo una discusi\u00f3n, mientras, un vecino que estaba arreglando el techo escuch\u00f3 la pelea y dio aviso al 911. Ya cuando los oficiales llegaron al domicilio se encontraron con la mujer tirada en el piso, ensangrentada, y con el autor del hecho, quien no se movi\u00f3 del lugar.<\/p>\n<p>Los efectivos procedieron con la detenci\u00f3n de Allende y secuestraron el arma utilizada. En el caso toma intervenci\u00f3n la UFIJ N\u00b05.<\/p>\n<\/div>\n<\/div>\n<\/div>\n<\/div>\n<\/div>\n<\/div>\n<\/div>\n<\/div>\n<\/div>\n<\/div>\n","protected":false},"excerpt":{"rendered":"<p>El agresor atac\u00f3 a la mujer durante una discusi\u00f3n. La v\u00edctima falleci\u00f3 cuando era asistida en el Hospital Penna.<\/p>\n","protected":false},"author":3,"featured_media":0,"comment_status":"closed","ping_status":"closed","sticky":false,"template":"","format":"standard","meta":{"footnotes":""},"categories":[1],"tags":[],"class_list":["post-69801","post","type-post","status-publish","format-standard","hentry","category-sin-categoria"],"yoast_head":"<!-- This site is optimized with the Yoast SEO plugin v25.9 - https:\/\/yoast.com\/wordpress\/plugins\/seo\/ -->\n<title>Brutal femicidio en Pehuen C\u00f3: mat\u00f3 a su pareja a pu\u00f1aladas - Noticias Radio Reflejos<\/title>\n<meta name=\"robots\" content=\"index, follow, max-snippet:-1, max-image-preview:large, max-video-preview:-1\" \/>\n<link rel=\"canonical\" href=\"https:\/\/www.noticiasradioreflejos.com.ar\/2021\/brutal-femicidio-en-pehuen-co-mato-a-su-pareja-a-punaladas\/\" \/>\n<meta property=\"og:locale\" content=\"es_ES\" \/>\n<meta property=\"og:type\" content=\"article\" \/>\n<meta property=\"og:title\" content=\"Brutal femicidio en Pehuen C\u00f3: mat\u00f3 a su pareja a pu\u00f1aladas - Noticias Radio Reflejos\" \/>\n<meta property=\"og:description\" content=\"El agresor atac\u00f3 a la mujer durante una discusi\u00f3n. La v\u00edctima falleci\u00f3 cuando era asistida en el Hospital Penna.\" \/>\n<meta property=\"og:url\" content=\"https:\/\/www.noticiasradioreflejos.com.ar\/2021\/brutal-femicidio-en-pehuen-co-mato-a-su-pareja-a-punaladas\/\" \/>\n<meta property=\"og:site_name\" content=\"Noticias Radio Reflejos\" \/>\n<meta property=\"article:published_time\" content=\"2022-03-28T11:20:29+00:00\" \/>\n<meta property=\"og:image\" content=\"https:\/\/www.labrujula24.com\/wp-content\/uploads\/2022\/03\/femicida1.jpg\" \/>\n<meta name=\"author\" content=\"Arnaldo Botto\" \/>\n<meta name=\"twitter:card\" content=\"summary_large_image\" \/>\n<script type=\"application\/ld+json\" class=\"yoast-schema-graph\">{\"@context\":\"https:\/\/schema.org\",\"@graph\":[{\"@type\":\"WebPage\",\"@id\":\"https:\/\/www.noticiasradioreflejos.com.ar\/2021\/brutal-femicidio-en-pehuen-co-mato-a-su-pareja-a-punaladas\/\",\"url\":\"https:\/\/www.noticiasradioreflejos.com.ar\/2021\/brutal-femicidio-en-pehuen-co-mato-a-su-pareja-a-punaladas\/\",\"name\":\"Brutal femicidio en Pehuen C\u00f3: mat\u00f3 a su pareja a pu\u00f1aladas - Noticias Radio Reflejos\",\"isPartOf\":{\"@id\":\"https:\/\/www.noticiasradioreflejos.com.ar\/2021\/#website\"},\"primaryImageOfPage\":{\"@id\":\"https:\/\/www.noticiasradioreflejos.com.ar\/2021\/brutal-femicidio-en-pehuen-co-mato-a-su-pareja-a-punaladas\/#primaryimage\"},\"image\":{\"@id\":\"https:\/\/www.noticiasradioreflejos.com.ar\/2021\/brutal-femicidio-en-pehuen-co-mato-a-su-pareja-a-punaladas\/#primaryimage\"},\"thumbnailUrl\":\"https:\/\/www.labrujula24.com\/wp-content\/uploads\/2022\/03\/femicida1.jpg\",\"datePublished\":\"2022-03-28T11:20:29+00:00\",\"author\":{\"@id\":\"https:\/\/www.noticiasradioreflejos.com.ar\/2021\/#\/schema\/person\/ad82545263dcc5ec0996818884fd5fb1\"},\"breadcrumb\":{\"@id\":\"https:\/\/www.noticiasradioreflejos.com.ar\/2021\/brutal-femicidio-en-pehuen-co-mato-a-su-pareja-a-punaladas\/#breadcrumb\"},\"inLanguage\":\"es\",\"potentialAction\":[{\"@type\":\"ReadAction\",\"target\":[\"https:\/\/www.noticiasradioreflejos.com.ar\/2021\/brutal-femicidio-en-pehuen-co-mato-a-su-pareja-a-punaladas\/\"]}]},{\"@type\":\"ImageObject\",\"inLanguage\":\"es\",\"@id\":\"https:\/\/www.noticiasradioreflejos.com.ar\/2021\/brutal-femicidio-en-pehuen-co-mato-a-su-pareja-a-punaladas\/#primaryimage\",\"url\":\"https:\/\/www.labrujula24.com\/wp-content\/uploads\/2022\/03\/femicida1.jpg\",\"contentUrl\":\"https:\/\/www.labrujula24.com\/wp-content\/uploads\/2022\/03\/femicida1.jpg\"},{\"@type\":\"BreadcrumbList\",\"@id\":\"https:\/\/www.noticiasradioreflejos.com.ar\/2021\/brutal-femicidio-en-pehuen-co-mato-a-su-pareja-a-punaladas\/#breadcrumb\",\"itemListElement\":[{\"@type\":\"ListItem\",\"position\":1,\"name\":\"Portada\",\"item\":\"https:\/\/www.noticiasradioreflejos.com.ar\/2021\/\"},{\"@type\":\"ListItem\",\"position\":2,\"name\":\"Brutal femicidio en Pehuen C\u00f3: mat\u00f3 a su pareja a pu\u00f1aladas\"}]},{\"@type\":\"WebSite\",\"@id\":\"https:\/\/www.noticiasradioreflejos.com.ar\/2021\/#website\",\"url\":\"https:\/\/www.noticiasradioreflejos.com.ar\/2021\/\",\"name\":\"Noticias Radio Reflejos\",\"description\":\"Las noticias de mi comarca\",\"potentialAction\":[{\"@type\":\"SearchAction\",\"target\":{\"@type\":\"EntryPoint\",\"urlTemplate\":\"https:\/\/www.noticiasradioreflejos.com.ar\/2021\/?s={search_term_string}\"},\"query-input\":{\"@type\":\"PropertyValueSpecification\",\"valueRequired\":true,\"valueName\":\"search_term_string\"}}],\"inLanguage\":\"es\"},{\"@type\":\"Person\",\"@id\":\"https:\/\/www.noticiasradioreflejos.com.ar\/2021\/#\/schema\/person\/ad82545263dcc5ec0996818884fd5fb1\",\"name\":\"Arnaldo Botto\",\"image\":{\"@type\":\"ImageObject\",\"inLanguage\":\"es\",\"@id\":\"https:\/\/www.noticiasradioreflejos.com.ar\/2021\/#\/schema\/person\/image\/\",\"url\":\"https:\/\/secure.gravatar.com\/avatar\/55cb5e37c1efa326397366e6974cb338056df65cb50e7d64d1cf314e87504837?s=96&d=mm&r=g\",\"contentUrl\":\"https:\/\/secure.gravatar.com\/avatar\/55cb5e37c1efa326397366e6974cb338056df65cb50e7d64d1cf314e87504837?s=96&d=mm&r=g\",\"caption\":\"Arnaldo Botto\"},\"url\":\"https:\/\/www.noticiasradioreflejos.com.ar\/2021\/author\/arnaldo\/\"}]}<\/script>\n<!-- \/ Yoast SEO plugin. -->","yoast_head_json":{"title":"Brutal femicidio en Pehuen C\u00f3: mat\u00f3 a su pareja a pu\u00f1aladas - Noticias Radio Reflejos","robots":{"index":"index","follow":"follow","max-snippet":"max-snippet:-1","max-image-preview":"max-image-preview:large","max-video-preview":"max-video-preview:-1"},"canonical":"https:\/\/www.noticiasradioreflejos.com.ar\/2021\/brutal-femicidio-en-pehuen-co-mato-a-su-pareja-a-punaladas\/","og_locale":"es_ES","og_type":"article","og_title":"Brutal femicidio en Pehuen C\u00f3: mat\u00f3 a su pareja a pu\u00f1aladas - Noticias Radio Reflejos","og_description":"El agresor atac\u00f3 a la mujer durante una discusi\u00f3n. La v\u00edctima falleci\u00f3 cuando era asistida en el Hospital Penna.","og_url":"https:\/\/www.noticiasradioreflejos.com.ar\/2021\/brutal-femicidio-en-pehuen-co-mato-a-su-pareja-a-punaladas\/","og_site_name":"Noticias Radio Reflejos","article_published_time":"2022-03-28T11:20:29+00:00","og_image":[{"url":"https:\/\/www.labrujula24.com\/wp-content\/uploads\/2022\/03\/femicida1.jpg","type":"","width":"","height":""}],"author":"Arnaldo Botto","twitter_card":"summary_large_image","schema":{"@context":"https:\/\/schema.org","@graph":[{"@type":"WebPage","@id":"https:\/\/www.noticiasradioreflejos.com.ar\/2021\/brutal-femicidio-en-pehuen-co-mato-a-su-pareja-a-punaladas\/","url":"https:\/\/www.noticiasradioreflejos.com.ar\/2021\/brutal-femicidio-en-pehuen-co-mato-a-su-pareja-a-punaladas\/","name":"Brutal femicidio en Pehuen C\u00f3: mat\u00f3 a su pareja a pu\u00f1aladas - Noticias Radio Reflejos","isPartOf":{"@id":"https:\/\/www.noticiasradioreflejos.com.ar\/2021\/#website"},"primaryImageOfPage":{"@id":"https:\/\/www.noticiasradioreflejos.com.ar\/2021\/brutal-femicidio-en-pehuen-co-mato-a-su-pareja-a-punaladas\/#primaryimage"},"image":{"@id":"https:\/\/www.noticiasradioreflejos.com.ar\/2021\/brutal-femicidio-en-pehuen-co-mato-a-su-pareja-a-punaladas\/#primaryimage"},"thumbnailUrl":"https:\/\/www.labrujula24.com\/wp-content\/uploads\/2022\/03\/femicida1.jpg","datePublished":"2022-03-28T11:20:29+00:00","author":{"@id":"https:\/\/www.noticiasradioreflejos.com.ar\/2021\/#\/schema\/person\/ad82545263dcc5ec0996818884fd5fb1"},"breadcrumb":{"@id":"https:\/\/www.noticiasradioreflejos.com.ar\/2021\/brutal-femicidio-en-pehuen-co-mato-a-su-pareja-a-punaladas\/#breadcrumb"},"inLanguage":"es","potentialAction":[{"@type":"ReadAction","target":["https:\/\/www.noticiasradioreflejos.com.ar\/2021\/brutal-femicidio-en-pehuen-co-mato-a-su-pareja-a-punaladas\/"]}]},{"@type":"ImageObject","inLanguage":"es","@id":"https:\/\/www.noticiasradioreflejos.com.ar\/2021\/brutal-femicidio-en-pehuen-co-mato-a-su-pareja-a-punaladas\/#primaryimage","url":"https:\/\/www.labrujula24.com\/wp-content\/uploads\/2022\/03\/femicida1.jpg","contentUrl":"https:\/\/www.labrujula24.com\/wp-content\/uploads\/2022\/03\/femicida1.jpg"},{"@type":"BreadcrumbList","@id":"https:\/\/www.noticiasradioreflejos.com.ar\/2021\/brutal-femicidio-en-pehuen-co-mato-a-su-pareja-a-punaladas\/#breadcrumb","itemListElement":[{"@type":"ListItem","position":1,"name":"Portada","item":"https:\/\/www.noticiasradioreflejos.com.ar\/2021\/"},{"@type":"ListItem","position":2,"name":"Brutal femicidio en Pehuen C\u00f3: mat\u00f3 a su pareja a pu\u00f1aladas"}]},{"@type":"WebSite","@id":"https:\/\/www.noticiasradioreflejos.com.ar\/2021\/#website","url":"https:\/\/www.noticiasradioreflejos.com.ar\/2021\/","name":"Noticias Radio Reflejos","description":"Las noticias de mi comarca","potentialAction":[{"@type":"SearchAction","target":{"@type":"EntryPoint","urlTemplate":"https:\/\/www.noticiasradioreflejos.com.ar\/2021\/?s={search_term_string}"},"query-input":{"@type":"PropertyValueSpecification","valueRequired":true,"valueName":"search_term_string"}}],"inLanguage":"es"},{"@type":"Person","@id":"https:\/\/www.noticiasradioreflejos.com.ar\/2021\/#\/schema\/person\/ad82545263dcc5ec0996818884fd5fb1","name":"Arnaldo Botto","image":{"@type":"ImageObject","inLanguage":"es","@id":"https:\/\/www.noticiasradioreflejos.com.ar\/2021\/#\/schema\/person\/image\/","url":"https:\/\/secure.gravatar.com\/avatar\/55cb5e37c1efa326397366e6974cb338056df65cb50e7d64d1cf314e87504837?s=96&d=mm&r=g","contentUrl":"https:\/\/secure.gravatar.com\/avatar\/55cb5e37c1efa326397366e6974cb338056df65cb50e7d64d1cf314e87504837?s=96&d=mm&r=g","caption":"Arnaldo Botto"},"url":"https:\/\/www.noticiasradioreflejos.com.ar\/2021\/author\/arnaldo\/"}]}},"_links":{"self":[{"href":"https:\/\/www.noticiasradioreflejos.com.ar\/2021\/wp-json\/wp\/v2\/posts\/69801","targetHints":{"allow":["GET"]}}],"collection":[{"href":"https:\/\/www.noticiasradioreflejos.com.ar\/2021\/wp-json\/wp\/v2\/posts"}],"about":[{"href":"https:\/\/www.noticiasradioreflejos.com.ar\/2021\/wp-json\/wp\/v2\/types\/post"}],"author":[{"embeddable":true,"href":"https:\/\/www.noticiasradioreflejos.com.ar\/2021\/wp-json\/wp\/v2\/users\/3"}],"replies":[{"embeddable":true,"href":"https:\/\/www.noticiasradioreflejos.com.ar\/2021\/wp-json\/wp\/v2\/comments?post=69801"}],"version-history":[{"count":1,"href":"https:\/\/www.noticiasradioreflejos.com.ar\/2021\/wp-json\/wp\/v2\/posts\/69801\/revisions"}],"predecessor-version":[{"id":69803,"href":"https:\/\/www.noticiasradioreflejos.com.ar\/2021\/wp-json\/wp\/v2\/posts\/69801\/revisions\/69803"}],"wp:attachment":[{"href":"https:\/\/www.noticiasradioreflejos.com.ar\/2021\/wp-json\/wp\/v2\/media?parent=69801"}],"wp:term":[{"taxonomy":"category","embeddable":true,"href":"https:\/\/www.noticiasradioreflejos.com.ar\/2021\/wp-json\/wp\/v2\/categories?post=69801"},{"taxonomy":"post_tag","embeddable":true,"href":"https:\/\/www.noticiasradioreflejos.com.ar\/2021\/wp-json\/wp\/v2\/tags?post=69801"}],"curies":[{"name":"wp","href":"https:\/\/api.w.org\/{rel}","templated":true}]}}