{"id":69797,"date":"2022-03-28T11:16:51","date_gmt":"2022-03-28T11:16:51","guid":{"rendered":"http:\/\/www.noticiasradioreflejos.com.ar\/2021\/?p=69797"},"modified":"2022-03-28T11:17:34","modified_gmt":"2022-03-28T11:17:34","slug":"en-la-rioja-se-desarrollaran-las-pruebas-para-la-colonizacion-de-martes","status":"publish","type":"post","link":"https:\/\/www.noticiasradioreflejos.com.ar\/2021\/en-la-rioja-se-desarrollaran-las-pruebas-para-la-colonizacion-de-martes\/","title":{"rendered":"En la Rioja se desarrollar\u00e1n las pruebas para la colonizaci\u00f3n de Marte"},"content":{"rendered":"<p><strong>Solar54<\/strong> es un proyecto fomentado y llevado adelante por el gobierno de La Rioja para reproducir las condiciones de Marte. Fue presentado en la feria internacional Satellite DC, en Washington, EEUU, y consiste en seis domos para entrenamiento de cient\u00edficos y astronautas. La base ser\u00e1 la primera en Latinoam\u00e9rica la 11\u00aa en el Mundo.<!--more--><\/p>\n<div>\n<div class=\"wrapper-editable-content\">\n<div>\n<div class=\"container-md\">\n<div class=\"row\">\n<div class=\"col-md-12 speak\">\n<div class=\"paragraph\">\n<figure class=\"mb-3\"><img decoding=\"async\" src=\"https:\/\/www.telam.com.ar\/thumbs\/bluesteel\/advf\/imagenes\/2022\/03\/6240b1a3b9b48_900.jpg\" alt=\"As sern los domos en el parque Los Colorados\" width=\"100%\" height=\"100%\" \/><\/figure>\n<\/div>\n<\/div>\n<\/div>\n<\/div>\n<\/div>\n<\/div>\n<\/div>\n<p><em>As\u00ed ser\u00e1n los domos en el parque Los Colorados.<\/em><\/p>\n<p>&nbsp;<\/p>\n<p>Una serie de estudios y ensayos de las diferentes variables que condicionar\u00e1n la colonizaci\u00f3n humana de Marte se desarrollar\u00e1n en un complejo ubicado en el parque natural Los Colorados de la provincia de La Rioja (a unos cien kil\u00f3metros de la capital), donde el proyecto Solar54 busca proveer de condiciones similares a las del planeta rojo a agencias espaciales de todo el mundo para lo que se conoce como misiones an\u00e1logas a Marte.<\/p>\n<p>Esta base permitir\u00e1 que diferentes organismos internacionales interesados en la exploraci\u00f3n espacial env\u00eden a sus grupos de cient\u00edficos, astronautas o ingenieros a vivir en aislamiento y realizar investigaci\u00f3n y desarrollo en relaci\u00f3n a la industria aeroespacial.<\/p>\n<p>Esta iniciativa fue parte de la representaci\u00f3n argentina que particip\u00f3 la semana pasada de Satellite DC,\u00a0<strong>la feria internacional de la industria aeroespacial que se desarrolla en Washington D.C.<\/strong><\/p>\n<p>El emplazamiento consiste en seis domos; uno para producci\u00f3n vegetal en un sistema hidrop\u00f3nico, uno para desarrollo de nanosat\u00e9lites, y tres destinados a alojamiento, cocina y recreaci\u00f3n de las \u00abtripulaciones\u00bb, mientras que el domo central ser\u00e1 destinado a la estaci\u00f3n terrena para comunicaci\u00f3n satelital y control de misi\u00f3n. Esta base ser\u00e1 la primera de Am\u00e9rica Latina y la onceava del mundo de su tipo.<\/p>\n<div class=\"video_repositive\">\n<div id=\"d0WNU1VF40s\" class=\"video_telam\">\n<div class=\"feature_article_inner\">\n<div class=\"feature_article_title\">\n<h2 class=\"text-center\">La Base Solar54<\/h2>\n<p><iframe loading=\"lazy\" title=\"YouTube video player\" src=\"https:\/\/www.youtube.com\/embed\/d0WNU1VF40s\" width=\"843\" height=\"474\" frameborder=\"0\" allowfullscreen=\"allowfullscreen\"><\/iframe><\/p>\n<p><strong>Solar54 es un proyecto fomentado y llevado adelante por el gobierno de La Rioja\u00a0<\/strong>con participaci\u00f3n de FANIoT, una empresa con participaci\u00f3n mayoritaria del estado de la provincia de Misiones dedicada al desarrollo Tecnolog\u00eda IoT, movilidad sustentable con su unidad de negocios Hamel Bot, entornos de realidad virtual bajo el nombre de FANLabs y recientemente inauguro su \u00e1rea de Acceso al Espacio denominada FANSat.<\/p>\n<p><strong>Ayelen Ebene tiene 30 a\u00f1os y es la directora de Innovaci\u00f3n en FANIoT<\/strong>\u00a0y desarrolla el proyecto Solar54 junto con la secretar\u00eda de Ciencia y Tecnolog\u00eda riojana a cargo de Hugo Vera.<\/p>\n<p>En di\u00e1logo con T\u00e9lam, Ebene afirm\u00f3 que \u00ab<strong>La Rioja es una provincia con una vinculaci\u00f3n hist\u00f3rica a la industria aeroespacial nacional a trav\u00e9s de la base de Chamical\u00a0<\/strong>y Solar54 es parte de un plan que busca revitalizar este sector de la econom\u00eda y reposicionar al pa\u00eds como proveedor de productos y servicios relacionados al aeroespacio\u00bb.<\/p>\n<p>En este sentido destac\u00f3 que \u00ab<strong>el parque provincial Los Colorados es uno de los ambientes m\u00e1s similares a la superficie de Marte en el mundo<\/strong>, y ese aspecto juega un rol diferenciador ya que aporta el entorno ideal para la realizaci\u00f3n de las simulaciones; Solar54 se lleva adelante en estrecha vinculaci\u00f3n con la comunidad que vive all\u00ed y un grupo de estudios de impacto ambiental para no afectar negativamente el ambiente\u00bb.<\/p>\n<p>\u00abAdem\u00e1s,<strong>\u00a0toda la infraestructura funcionar\u00e1 con energ\u00eda solar y generara todos los recursos necesarios para su funcionamiento en el mismo espacio<\/strong>, por lo que la huella de carbono es m\u00ednima\u00bb, agreg\u00f3.<\/p>\n<figure class=\"mb-3\"><img decoding=\"async\" src=\"https:\/\/www.telam.com.ar\/thumbs\/bluesteel\/advf\/imagenes\/2022\/03\/6240b2ba7bbed_900.jpg\" alt=\"Telam SE\" width=\"100%\" height=\"100%\" \/><\/p>\n<div class=\"media-icons\"><\/div><figcaption><\/figcaption><\/figure>\n<p>Ebene resalt\u00f3 que Solar54 \u00abes un proyecto muy innovador en materia constructiva, ya que\u00a0<strong>cada domo se construye utilizando piezas en forma de pent\u00e1gonos y hex\u00e1gonos que se encastran<\/strong>\u00a0logrando de este modo hacer m\u00e1s eficiente el desarrollo de la estructura y reduciendo los tiempos de implementaci\u00f3n; teniendo en cuenta que el traslado de grandes cantidades de materiales desde la Tierra hasta Marte no es una posibilidad viable se desarroll\u00f3 un sistema rob\u00f3tico que colecta el suelo del planeta rojo lo mezcla con aceites vegetales y utilizando alta presi\u00f3n forma las piezas que luego son ensambladas mediante otro robot\u00bb.<\/p>\n<p>\u00abEsta iniciativa funcionar\u00e1 como un centro de investigaci\u00f3n y desarrollo relacionado a la industria aeroespacial argentina, adem\u00e1s de ser una base para las misiones an\u00e1logas a Marte tambi\u00e9n proveer\u00e1 de un espacio donde los diferentes actores vinculados al aeroespacio en el pa\u00eds puedan llevar adelante sus actividades, funcionando como un nuevo modelo conceptual en materia de polo tecnol\u00f3gico\u00bb, consider\u00f3.<\/p>\n<p>\u00abEste es un proyecto con un gran esp\u00edritu colaborativo,<strong>\u00a0la idea es que todas las agencias espaciales del mundo puedan enviar a sus investigadores a realizar misiones en Solar54\u00a0<\/strong>y tambi\u00e9n que cada una pueda tener su propio domo dentro de nuestra estructura; en un futuro la idea es replicar el modelo de Solar54 en otras partes del mundo para que trabajen en conjunto en todas las actividades tendientes a la colonizaci\u00f3n de Marte\u00bb, complet\u00f3 Ebene.<\/p>\n<\/div>\n<\/div>\n<\/div>\n<\/div>\n","protected":false},"excerpt":{"rendered":"<p>Solar54 es un proyecto fomentado y llevado adelante por el gobierno de La Rioja para reproducir las condiciones de Marte. Fue presentado en la feria internacional Satellite DC, en Washington, EEUU, y consiste en seis domos para entrenamiento de cient\u00edficos y astronautas. La base ser\u00e1 la primera en Latinoam\u00e9rica la 11\u00aa en el Mundo.<\/p>\n","protected":false},"author":3,"featured_media":0,"comment_status":"closed","ping_status":"closed","sticky":false,"template":"","format":"standard","meta":{"footnotes":""},"categories":[46],"tags":[],"class_list":["post-69797","post","type-post","status-publish","format-standard","hentry","category-ciencia-y-tecnologia"],"yoast_head":"<!-- This site is optimized with the Yoast SEO plugin v25.9 - https:\/\/yoast.com\/wordpress\/plugins\/seo\/ -->\n<title>En la Rioja se desarrollar\u00e1n las pruebas para la colonizaci\u00f3n de Marte - Noticias Radio Reflejos<\/title>\n<meta name=\"robots\" content=\"index, follow, max-snippet:-1, max-image-preview:large, max-video-preview:-1\" \/>\n<link rel=\"canonical\" href=\"https:\/\/www.noticiasradioreflejos.com.ar\/2021\/en-la-rioja-se-desarrollaran-las-pruebas-para-la-colonizacion-de-martes\/\" \/>\n<meta property=\"og:locale\" content=\"es_ES\" \/>\n<meta property=\"og:type\" content=\"article\" \/>\n<meta property=\"og:title\" content=\"En la Rioja se desarrollar\u00e1n las pruebas para la colonizaci\u00f3n de Marte - Noticias Radio Reflejos\" \/>\n<meta property=\"og:description\" content=\"Solar54 es un proyecto fomentado y llevado adelante por el gobierno de La Rioja para reproducir las condiciones de Marte. Fue presentado en la feria internacional Satellite DC, en Washington, EEUU, y consiste en seis domos para entrenamiento de cient\u00edficos y astronautas. La base ser\u00e1 la primera en Latinoam\u00e9rica la 11\u00aa en el Mundo.\" \/>\n<meta property=\"og:url\" content=\"https:\/\/www.noticiasradioreflejos.com.ar\/2021\/en-la-rioja-se-desarrollaran-las-pruebas-para-la-colonizacion-de-martes\/\" \/>\n<meta property=\"og:site_name\" content=\"Noticias Radio Reflejos\" \/>\n<meta property=\"article:published_time\" content=\"2022-03-28T11:16:51+00:00\" \/>\n<meta property=\"article:modified_time\" content=\"2022-03-28T11:17:34+00:00\" \/>\n<meta property=\"og:image\" content=\"https:\/\/www.telam.com.ar\/thumbs\/bluesteel\/advf\/imagenes\/2022\/03\/6240b1a3b9b48_900.jpg\" \/>\n<meta name=\"author\" content=\"Arnaldo Botto\" \/>\n<meta name=\"twitter:card\" content=\"summary_large_image\" \/>\n<script type=\"application\/ld+json\" class=\"yoast-schema-graph\">{\"@context\":\"https:\/\/schema.org\",\"@graph\":[{\"@type\":\"WebPage\",\"@id\":\"https:\/\/www.noticiasradioreflejos.com.ar\/2021\/en-la-rioja-se-desarrollaran-las-pruebas-para-la-colonizacion-de-martes\/\",\"url\":\"https:\/\/www.noticiasradioreflejos.com.ar\/2021\/en-la-rioja-se-desarrollaran-las-pruebas-para-la-colonizacion-de-martes\/\",\"name\":\"En la Rioja se desarrollar\u00e1n las pruebas para la colonizaci\u00f3n de Marte - Noticias Radio Reflejos\",\"isPartOf\":{\"@id\":\"https:\/\/www.noticiasradioreflejos.com.ar\/2021\/#website\"},\"primaryImageOfPage\":{\"@id\":\"https:\/\/www.noticiasradioreflejos.com.ar\/2021\/en-la-rioja-se-desarrollaran-las-pruebas-para-la-colonizacion-de-martes\/#primaryimage\"},\"image\":{\"@id\":\"https:\/\/www.noticiasradioreflejos.com.ar\/2021\/en-la-rioja-se-desarrollaran-las-pruebas-para-la-colonizacion-de-martes\/#primaryimage\"},\"thumbnailUrl\":\"https:\/\/www.telam.com.ar\/thumbs\/bluesteel\/advf\/imagenes\/2022\/03\/6240b1a3b9b48_900.jpg\",\"datePublished\":\"2022-03-28T11:16:51+00:00\",\"dateModified\":\"2022-03-28T11:17:34+00:00\",\"author\":{\"@id\":\"https:\/\/www.noticiasradioreflejos.com.ar\/2021\/#\/schema\/person\/ad82545263dcc5ec0996818884fd5fb1\"},\"breadcrumb\":{\"@id\":\"https:\/\/www.noticiasradioreflejos.com.ar\/2021\/en-la-rioja-se-desarrollaran-las-pruebas-para-la-colonizacion-de-martes\/#breadcrumb\"},\"inLanguage\":\"es\",\"potentialAction\":[{\"@type\":\"ReadAction\",\"target\":[\"https:\/\/www.noticiasradioreflejos.com.ar\/2021\/en-la-rioja-se-desarrollaran-las-pruebas-para-la-colonizacion-de-martes\/\"]}]},{\"@type\":\"ImageObject\",\"inLanguage\":\"es\",\"@id\":\"https:\/\/www.noticiasradioreflejos.com.ar\/2021\/en-la-rioja-se-desarrollaran-las-pruebas-para-la-colonizacion-de-martes\/#primaryimage\",\"url\":\"https:\/\/www.telam.com.ar\/thumbs\/bluesteel\/advf\/imagenes\/2022\/03\/6240b1a3b9b48_900.jpg\",\"contentUrl\":\"https:\/\/www.telam.com.ar\/thumbs\/bluesteel\/advf\/imagenes\/2022\/03\/6240b1a3b9b48_900.jpg\"},{\"@type\":\"BreadcrumbList\",\"@id\":\"https:\/\/www.noticiasradioreflejos.com.ar\/2021\/en-la-rioja-se-desarrollaran-las-pruebas-para-la-colonizacion-de-martes\/#breadcrumb\",\"itemListElement\":[{\"@type\":\"ListItem\",\"position\":1,\"name\":\"Portada\",\"item\":\"https:\/\/www.noticiasradioreflejos.com.ar\/2021\/\"},{\"@type\":\"ListItem\",\"position\":2,\"name\":\"En la Rioja se desarrollar\u00e1n las pruebas para la colonizaci\u00f3n de Marte\"}]},{\"@type\":\"WebSite\",\"@id\":\"https:\/\/www.noticiasradioreflejos.com.ar\/2021\/#website\",\"url\":\"https:\/\/www.noticiasradioreflejos.com.ar\/2021\/\",\"name\":\"Noticias Radio Reflejos\",\"description\":\"Las noticias de mi comarca\",\"potentialAction\":[{\"@type\":\"SearchAction\",\"target\":{\"@type\":\"EntryPoint\",\"urlTemplate\":\"https:\/\/www.noticiasradioreflejos.com.ar\/2021\/?s={search_term_string}\"},\"query-input\":{\"@type\":\"PropertyValueSpecification\",\"valueRequired\":true,\"valueName\":\"search_term_string\"}}],\"inLanguage\":\"es\"},{\"@type\":\"Person\",\"@id\":\"https:\/\/www.noticiasradioreflejos.com.ar\/2021\/#\/schema\/person\/ad82545263dcc5ec0996818884fd5fb1\",\"name\":\"Arnaldo Botto\",\"image\":{\"@type\":\"ImageObject\",\"inLanguage\":\"es\",\"@id\":\"https:\/\/www.noticiasradioreflejos.com.ar\/2021\/#\/schema\/person\/image\/\",\"url\":\"https:\/\/secure.gravatar.com\/avatar\/55cb5e37c1efa326397366e6974cb338056df65cb50e7d64d1cf314e87504837?s=96&d=mm&r=g\",\"contentUrl\":\"https:\/\/secure.gravatar.com\/avatar\/55cb5e37c1efa326397366e6974cb338056df65cb50e7d64d1cf314e87504837?s=96&d=mm&r=g\",\"caption\":\"Arnaldo Botto\"},\"url\":\"https:\/\/www.noticiasradioreflejos.com.ar\/2021\/author\/arnaldo\/\"}]}<\/script>\n<!-- \/ Yoast SEO plugin. -->","yoast_head_json":{"title":"En la Rioja se desarrollar\u00e1n las pruebas para la colonizaci\u00f3n de Marte - Noticias Radio Reflejos","robots":{"index":"index","follow":"follow","max-snippet":"max-snippet:-1","max-image-preview":"max-image-preview:large","max-video-preview":"max-video-preview:-1"},"canonical":"https:\/\/www.noticiasradioreflejos.com.ar\/2021\/en-la-rioja-se-desarrollaran-las-pruebas-para-la-colonizacion-de-martes\/","og_locale":"es_ES","og_type":"article","og_title":"En la Rioja se desarrollar\u00e1n las pruebas para la colonizaci\u00f3n de Marte - Noticias Radio Reflejos","og_description":"Solar54 es un proyecto fomentado y llevado adelante por el gobierno de La Rioja para reproducir las condiciones de Marte. Fue presentado en la feria internacional Satellite DC, en Washington, EEUU, y consiste en seis domos para entrenamiento de cient\u00edficos y astronautas. La base ser\u00e1 la primera en Latinoam\u00e9rica la 11\u00aa en el Mundo.","og_url":"https:\/\/www.noticiasradioreflejos.com.ar\/2021\/en-la-rioja-se-desarrollaran-las-pruebas-para-la-colonizacion-de-martes\/","og_site_name":"Noticias Radio Reflejos","article_published_time":"2022-03-28T11:16:51+00:00","article_modified_time":"2022-03-28T11:17:34+00:00","og_image":[{"url":"https:\/\/www.telam.com.ar\/thumbs\/bluesteel\/advf\/imagenes\/2022\/03\/6240b1a3b9b48_900.jpg","type":"","width":"","height":""}],"author":"Arnaldo Botto","twitter_card":"summary_large_image","schema":{"@context":"https:\/\/schema.org","@graph":[{"@type":"WebPage","@id":"https:\/\/www.noticiasradioreflejos.com.ar\/2021\/en-la-rioja-se-desarrollaran-las-pruebas-para-la-colonizacion-de-martes\/","url":"https:\/\/www.noticiasradioreflejos.com.ar\/2021\/en-la-rioja-se-desarrollaran-las-pruebas-para-la-colonizacion-de-martes\/","name":"En la Rioja se desarrollar\u00e1n las pruebas para la colonizaci\u00f3n de Marte - Noticias Radio Reflejos","isPartOf":{"@id":"https:\/\/www.noticiasradioreflejos.com.ar\/2021\/#website"},"primaryImageOfPage":{"@id":"https:\/\/www.noticiasradioreflejos.com.ar\/2021\/en-la-rioja-se-desarrollaran-las-pruebas-para-la-colonizacion-de-martes\/#primaryimage"},"image":{"@id":"https:\/\/www.noticiasradioreflejos.com.ar\/2021\/en-la-rioja-se-desarrollaran-las-pruebas-para-la-colonizacion-de-martes\/#primaryimage"},"thumbnailUrl":"https:\/\/www.telam.com.ar\/thumbs\/bluesteel\/advf\/imagenes\/2022\/03\/6240b1a3b9b48_900.jpg","datePublished":"2022-03-28T11:16:51+00:00","dateModified":"2022-03-28T11:17:34+00:00","author":{"@id":"https:\/\/www.noticiasradioreflejos.com.ar\/2021\/#\/schema\/person\/ad82545263dcc5ec0996818884fd5fb1"},"breadcrumb":{"@id":"https:\/\/www.noticiasradioreflejos.com.ar\/2021\/en-la-rioja-se-desarrollaran-las-pruebas-para-la-colonizacion-de-martes\/#breadcrumb"},"inLanguage":"es","potentialAction":[{"@type":"ReadAction","target":["https:\/\/www.noticiasradioreflejos.com.ar\/2021\/en-la-rioja-se-desarrollaran-las-pruebas-para-la-colonizacion-de-martes\/"]}]},{"@type":"ImageObject","inLanguage":"es","@id":"https:\/\/www.noticiasradioreflejos.com.ar\/2021\/en-la-rioja-se-desarrollaran-las-pruebas-para-la-colonizacion-de-martes\/#primaryimage","url":"https:\/\/www.telam.com.ar\/thumbs\/bluesteel\/advf\/imagenes\/2022\/03\/6240b1a3b9b48_900.jpg","contentUrl":"https:\/\/www.telam.com.ar\/thumbs\/bluesteel\/advf\/imagenes\/2022\/03\/6240b1a3b9b48_900.jpg"},{"@type":"BreadcrumbList","@id":"https:\/\/www.noticiasradioreflejos.com.ar\/2021\/en-la-rioja-se-desarrollaran-las-pruebas-para-la-colonizacion-de-martes\/#breadcrumb","itemListElement":[{"@type":"ListItem","position":1,"name":"Portada","item":"https:\/\/www.noticiasradioreflejos.com.ar\/2021\/"},{"@type":"ListItem","position":2,"name":"En la Rioja se desarrollar\u00e1n las pruebas para la colonizaci\u00f3n de Marte"}]},{"@type":"WebSite","@id":"https:\/\/www.noticiasradioreflejos.com.ar\/2021\/#website","url":"https:\/\/www.noticiasradioreflejos.com.ar\/2021\/","name":"Noticias Radio Reflejos","description":"Las noticias de mi comarca","potentialAction":[{"@type":"SearchAction","target":{"@type":"EntryPoint","urlTemplate":"https:\/\/www.noticiasradioreflejos.com.ar\/2021\/?s={search_term_string}"},"query-input":{"@type":"PropertyValueSpecification","valueRequired":true,"valueName":"search_term_string"}}],"inLanguage":"es"},{"@type":"Person","@id":"https:\/\/www.noticiasradioreflejos.com.ar\/2021\/#\/schema\/person\/ad82545263dcc5ec0996818884fd5fb1","name":"Arnaldo Botto","image":{"@type":"ImageObject","inLanguage":"es","@id":"https:\/\/www.noticiasradioreflejos.com.ar\/2021\/#\/schema\/person\/image\/","url":"https:\/\/secure.gravatar.com\/avatar\/55cb5e37c1efa326397366e6974cb338056df65cb50e7d64d1cf314e87504837?s=96&d=mm&r=g","contentUrl":"https:\/\/secure.gravatar.com\/avatar\/55cb5e37c1efa326397366e6974cb338056df65cb50e7d64d1cf314e87504837?s=96&d=mm&r=g","caption":"Arnaldo Botto"},"url":"https:\/\/www.noticiasradioreflejos.com.ar\/2021\/author\/arnaldo\/"}]}},"_links":{"self":[{"href":"https:\/\/www.noticiasradioreflejos.com.ar\/2021\/wp-json\/wp\/v2\/posts\/69797","targetHints":{"allow":["GET"]}}],"collection":[{"href":"https:\/\/www.noticiasradioreflejos.com.ar\/2021\/wp-json\/wp\/v2\/posts"}],"about":[{"href":"https:\/\/www.noticiasradioreflejos.com.ar\/2021\/wp-json\/wp\/v2\/types\/post"}],"author":[{"embeddable":true,"href":"https:\/\/www.noticiasradioreflejos.com.ar\/2021\/wp-json\/wp\/v2\/users\/3"}],"replies":[{"embeddable":true,"href":"https:\/\/www.noticiasradioreflejos.com.ar\/2021\/wp-json\/wp\/v2\/comments?post=69797"}],"version-history":[{"count":2,"href":"https:\/\/www.noticiasradioreflejos.com.ar\/2021\/wp-json\/wp\/v2\/posts\/69797\/revisions"}],"predecessor-version":[{"id":69800,"href":"https:\/\/www.noticiasradioreflejos.com.ar\/2021\/wp-json\/wp\/v2\/posts\/69797\/revisions\/69800"}],"wp:attachment":[{"href":"https:\/\/www.noticiasradioreflejos.com.ar\/2021\/wp-json\/wp\/v2\/media?parent=69797"}],"wp:term":[{"taxonomy":"category","embeddable":true,"href":"https:\/\/www.noticiasradioreflejos.com.ar\/2021\/wp-json\/wp\/v2\/categories?post=69797"},{"taxonomy":"post_tag","embeddable":true,"href":"https:\/\/www.noticiasradioreflejos.com.ar\/2021\/wp-json\/wp\/v2\/tags?post=69797"}],"curies":[{"name":"wp","href":"https:\/\/api.w.org\/{rel}","templated":true}]}}