{"id":69795,"date":"2022-03-28T11:00:16","date_gmt":"2022-03-28T11:00:16","guid":{"rendered":"http:\/\/www.noticiasradioreflejos.com.ar\/2021\/?p=69795"},"modified":"2022-03-28T11:00:16","modified_gmt":"2022-03-28T11:00:16","slug":"que-hay-que-saber-para-hacer-el-censo-2022","status":"publish","type":"post","link":"https:\/\/www.noticiasradioreflejos.com.ar\/2021\/que-hay-que-saber-para-hacer-el-censo-2022\/","title":{"rendered":"Que hay que saber para hacer el Censo 2022"},"content":{"rendered":"<p>En nuestro Micro Radial <strong>Tiempo Educativo<\/strong>, durante el programa <strong>\u00abUn Mate y un Caf\u00e9\u00bb<\/strong> pudimos entrevistar al licenciado Mariano Hern\u00e1n Poledo, economista, docente y marplatense, que se desempe\u00f1o desde el 2001 en el ministerio de agricultura, luego en el INDEC donde realizo numerosas tareas censales, algunas ellas vinculadas al sector rural; y a partir del 2020 se desempa\u00f1a como Director de Planificaci\u00f3n Relaciones Institucionales e Internacionales del INDEC y es parte del equipo de coordinaci\u00f3n del Censo 2020.<!--more--><\/p>\n<p>Aprovechando su rol iniciamos la entrevista pregunt\u00e1ndole sobre la importancia del censo 2020 y la nueva modalidad virtual y Mariano nos responde que en primer lugar el censo tiene una importancia muy grande para la planificaci\u00f3n y toma de decisiones tanto el sector p\u00fablico como en el sector privado. \u201cUn censo de estas caracter\u00edsticas nos ofrece informaci\u00f3n estad\u00edstica estructural como las columnas y bigas de un edificio, a partir de la cual obtenernos marcos muestrales e insumos b\u00e1sicos de la informaci\u00f3n socio-demogr\u00e1fica de la poblaci\u00f3n objeto del censo que en este caso es toda la poblaci\u00f3n argentina, y poder luego establecer por ejemplo necesidades, definir inversiones como obras, carreteras, hospitales, etc., y nos agrega que, \u201cTambi\u00e9n es importante poder concretarlo porque hace 12 a\u00f1os que no tenemos esa informaci\u00f3n actualizada.<\/p>\n<p>En cuanto a la segunda pregunta estamos por primera vez en la historia con un operativo bimodal, la posibilidad digital, es una modalidad m\u00e1s que tiene la poblaci\u00f3n para censarse y mas en \u00e9ste contexto de pandemia. Esta modalidad virtual nos va a permitir realizar el d\u00eda 18 de Mayo un operativo mucho m\u00e1s r\u00e1pido y eficiente.<\/p>\n<p><a title=\"WhatsApp Image 2022-03-28 at 12.33.03 AM\" href=\"https:\/\/www.flickr.com\/photos\/182279889@N02\/51966879135\/in\/dateposted-public\/\" data-flickr-embed=\"true\"><img loading=\"lazy\" decoding=\"async\" class=\"alignleft\" src=\"https:\/\/live.staticflickr.com\/65535\/51966879135_ae1b3372e5.jpg\" alt=\"WhatsApp Image 2022-03-28 at 12.33.03 AM\" width=\"339\" height=\"500\" \/><\/a><script async src=\"\/\/embedr.flickr.com\/assets\/client-code.js\" charset=\"utf-8\"><\/script><\/p>\n<p>Al pedirle que profundice la importancia del censo para las inversiones tanto locales como internacionales Mariano expres\u00f3 que, \u201ceso es as\u00ed porque un censo te da caracter\u00edsticas demogr\u00e1ficas estructurales y especialmente nos provee de informaci\u00f3n por ejemplo para poder prever, planificar y proyectar demanda de bienes y servicios o caracter\u00edsticas educativas de la poblaci\u00f3n, que sirven para pensar recursos humanos existentes, es decir son insumos para planificar estimar y sobre todo tomar decisiones\u201d.<\/p>\n<p>Preguntado sobre el acceso al sitio <a href=\"https:\/\/digital.censo.gob.ar\/#\/\">https:\/\/digital.censo.gob.ar\/#\/<\/a>, \u00a0Mariano nos informa que los primeros d\u00edas tuvieron alrededor de 200.000 ingresos diarios, y esa cantidad se va estabilizando contando hoy con 800.000 viviendas censadas lo que hace un total de 2.300.000 personas, esto nos hace apreciar que la poblaci\u00f3n en general ha aceptado bien esta modalidad. Esto es muy importante porque por ejemplo en una entrevista a una vivienda donde vive un grupo familiar de 4 personas hablamos que el d\u00eda del censo se tardar\u00e1 solo 3\u00a0 minutos que es el tiempo en que se le entregara el c\u00f3digo que la persona obtiene luego de hacer el censo digital y en cambio si lo tiene que contestar todas las preguntas el tiempo es de m\u00e1s o menos 20 minutos. \u00a0Mariano estima que de mantenerse el actual ritmo es posible que al d\u00eda del censo lleguemos a un 30 por ciento de la poblaci\u00f3n con la modalidad digital.<\/p>\n<p>Al respecto del peligro de confundir esta iniciativa de censo digital y las llamadas estafas virtuales Mariano nos define y asegura que el INDEC, \u201cno env\u00eda informaci\u00f3n ni solicitudes de ning\u00fan tipo a trav\u00e9s de wathsApp u otra red social, solo se debe acceder al censo digital a trav\u00e9s de las cuentas oficiales del INDEC, bajo ninguna condici\u00f3n se env\u00edan mensajes a usuarios particulares y la \u00fanica pagina de acceso es <a href=\"https:\/\/www.censo.gob.ar\/\">https:\/\/www.censo.gob.ar\/<\/a> \u201c. Para dejarlo totalmente claro podr\u00eda pasar que alguna jurisdicci\u00f3n como la ciudad de Buenos Aires env\u00ede alguna informaci\u00f3n a participar del censo 2022 pero siempre haciendo referencia a la p\u00e1gina <a href=\"https:\/\/www.censo.gob.ar\/\">https:\/\/www.censo.gob.ar\/<\/a><\/p>\n<p>Al ser consultado sobre porque no se incluyeron en el censo preguntas vinculadas a determinadas caracter\u00edsticas de nuestra poblaci\u00f3n como enfermedades o necesidades especiales, Mariano concluye que, \u00e9ste censo debe captar generalidades y debe ser claro para facilitar la captaci\u00f3n de condiciones estructurales, para que luego si, podamos hacer estudios sobre fen\u00f3menos espec\u00edficos, no es un tema de voluntad, si hacemos lugar a las consultas determinadas sobre la poblaci\u00f3n el cuestionario ser\u00eda inabordable. Este Censo tiene otros objetivos principalmente el poblacional, el de vivienda y condiciones socioecon\u00f3micas estructurales.<\/p>\n<p>Al consultarlo sobre cu\u00e1ndo se van a obtener los datos completos del censo, Mariano nos informa que 30 d\u00edas para publicar resultados b\u00e1sicos preliminares, esto es el conteo poblacional por jurisdicci\u00f3n, sexo y edad; 8 meses resultados ampliados preliminares, y 13 meses resultados ampliados definitivos.<\/p>\n<p>Al respecto de cu\u00e1l debe ser la vivienda que informemos como de uso permanente es la vivienda donde se pasa 4 o m\u00e1s d\u00edas de la semana, cada ciudadano debe consignar como su vivienda habitual donde pasa 4 o m\u00e1s d\u00edas de la semana, la otra vivienda ser\u00e1 informada como desocupada u ociosa.<\/p>\n<p>Tambi\u00e9n la entrevista sirvi\u00f3 para transmitir dudas de los oyentes<\/p>\n<p>\u00bfQu\u00e9 pasa si cometo un error y ya envi\u00e9 el formulario?. Ante una situaci\u00f3n as\u00ed uno tiene que esperar el d\u00eda del censo, el 18 de Abril, notificar de ese error al censista y hacer el censo nuevamente; es decir la entrevista en papel cara a cara va a anular el censo digital, igualmente hay que entregar el c\u00f3digo de realizaci\u00f3n del censo digital al censista que realizar\u00e1 toda la entrevista nuevamente.<\/p>\n<p>\u00bfQu\u00e9 pasa si estoy haciendo el censo digital y por alg\u00fan motivo se interrumpe la contestaci\u00f3n de las preguntas? Mariano nos explica que cuanto usted ingresa al sitio <a href=\"https:\/\/digital.censo.gob.ar\/#\/\">https:\/\/digital.censo.gob.ar\/#\/<\/a> lo primero que usted tiene que hacer es generar un c\u00f3digo de \u00fanico de vivienda que es un c\u00f3digo alfanum\u00e9rico de 5 caracteres, si usted lleg\u00f3 a generar ese c\u00f3digo lo va a recibir en su correo electr\u00f3nico entonces si se corta la luz o cualquier otra circunstancia usted con ese condigo va a poder ingresar nuevamente y desarrollar el censo digital.<\/p>\n<p>Ha sido una verdadera clase muy clara y practica as\u00ed que terminamos la entrevista agradeciendo mucho a la oficina de prensa del INDEC y especialmente al licenciado Mariano Germ\u00e1n Poledo e invitando a todos y todas\u00a0 a hacer el Ccenso 2022 en <a href=\"https:\/\/digital.censo.gob.ar\/#\/\">https:\/\/digital.censo.gob.ar\/#\/<\/a>.<\/p>\n<p>M\u00e1s informaci\u00f3n en el audio a disposici\u00f3n.<\/p>\n<p><iframe loading=\"lazy\" src=\"https:\/\/w.soundcloud.com\/player\/?url=https%3A\/\/api.soundcloud.com\/tracks\/1238697835&amp;color=%23ff5500&amp;auto_play=false&amp;hide_related=false&amp;show_comments=true&amp;show_user=true&amp;show_reposts=false&amp;show_teaser=true&amp;visual=true\" width=\"100%\" height=\"300\" frameborder=\"no\" scrolling=\"no\"><\/iframe><\/p>\n<div style=\"font-size: 10px; color: #cccccc; line-break: anywhere; word-break: normal; overflow: hidden; white-space: nowrap; text-overflow: ellipsis; font-family: Interstate,Lucida Grande,Lucida Sans Unicode,Lucida Sans,Garuda,Verdana,Tahoma,sans-serif; font-weight: 100;\"><a style=\"color: #cccccc; text-decoration: none;\" title=\"fmreflejos 103.7\" href=\"https:\/\/soundcloud.com\/fmreflejos-103-7\" target=\"_blank\" rel=\"noopener\">fmreflejos 103.7<\/a> \u00b7 <a style=\"color: #cccccc; text-decoration: none;\" title=\"Mariano H Poledo\" href=\"https:\/\/soundcloud.com\/fmreflejos-103-7\/mariano-h-poledo\" target=\"_blank\" rel=\"noopener\">Mariano H Poledo<\/a><\/div>\n<p><a title=\"WhatsApp Image 2022-03-28 at 12.34.54 AM (1)\" href=\"https:\/\/www.flickr.com\/photos\/182279889@N02\/51966389243\/in\/dateposted-public\/\" data-flickr-embed=\"true\"><img loading=\"lazy\" decoding=\"async\" class=\"aligncenter\" src=\"https:\/\/live.staticflickr.com\/65535\/51966389243_da790d99a1.jpg\" alt=\"WhatsApp Image 2022-03-28 at 12.34.54 AM (1)\" width=\"325\" height=\"500\" \/><\/a><script async src=\"\/\/embedr.flickr.com\/assets\/client-code.js\" charset=\"utf-8\"><\/script><\/p>\n","protected":false},"excerpt":{"rendered":"<p>En nuestro Micro Radial Tiempo Educativo, durante el programa \u00abUn Mate y un Caf\u00e9\u00bb pudimos entrevistar al licenciado Mariano Hern\u00e1n Poledo, economista, docente y marplatense, que se desempe\u00f1o desde el 2001 en el ministerio de agricultura, luego en el INDEC donde realizo numerosas tareas censales, algunas ellas vinculadas al sector rural; y a partir del [&hellip;]<\/p>\n","protected":false},"author":3,"featured_media":0,"comment_status":"closed","ping_status":"closed","sticky":false,"template":"","format":"standard","meta":{"footnotes":""},"categories":[24,26],"tags":[48],"class_list":["post-69795","post","type-post","status-publish","format-standard","hentry","category-politica","category-sociedad","tag-destacada"],"yoast_head":"<!-- This site is optimized with the Yoast SEO plugin v25.9 - https:\/\/yoast.com\/wordpress\/plugins\/seo\/ -->\n<title>Que hay que saber para hacer el Censo 2022 - Noticias Radio Reflejos<\/title>\n<meta name=\"robots\" content=\"index, follow, max-snippet:-1, max-image-preview:large, max-video-preview:-1\" \/>\n<link rel=\"canonical\" href=\"https:\/\/www.noticiasradioreflejos.com.ar\/2021\/que-hay-que-saber-para-hacer-el-censo-2022\/\" \/>\n<meta property=\"og:locale\" content=\"es_ES\" \/>\n<meta property=\"og:type\" content=\"article\" \/>\n<meta property=\"og:title\" content=\"Que hay que saber para hacer el Censo 2022 - Noticias Radio Reflejos\" \/>\n<meta property=\"og:description\" content=\"En nuestro Micro Radial Tiempo Educativo, durante el programa \u00abUn Mate y un Caf\u00e9\u00bb pudimos entrevistar al licenciado Mariano Hern\u00e1n Poledo, economista, docente y marplatense, que se desempe\u00f1o desde el 2001 en el ministerio de agricultura, luego en el INDEC donde realizo numerosas tareas censales, algunas ellas vinculadas al sector rural; y a partir del [&hellip;]\" \/>\n<meta property=\"og:url\" content=\"https:\/\/www.noticiasradioreflejos.com.ar\/2021\/que-hay-que-saber-para-hacer-el-censo-2022\/\" \/>\n<meta property=\"og:site_name\" content=\"Noticias Radio Reflejos\" \/>\n<meta property=\"article:published_time\" content=\"2022-03-28T11:00:16+00:00\" \/>\n<meta property=\"og:image\" content=\"https:\/\/live.staticflickr.com\/65535\/51966879135_ae1b3372e5.jpg\" \/>\n<meta name=\"author\" content=\"Arnaldo Botto\" \/>\n<meta name=\"twitter:card\" content=\"summary_large_image\" \/>\n<script type=\"application\/ld+json\" class=\"yoast-schema-graph\">{\"@context\":\"https:\/\/schema.org\",\"@graph\":[{\"@type\":\"WebPage\",\"@id\":\"https:\/\/www.noticiasradioreflejos.com.ar\/2021\/que-hay-que-saber-para-hacer-el-censo-2022\/\",\"url\":\"https:\/\/www.noticiasradioreflejos.com.ar\/2021\/que-hay-que-saber-para-hacer-el-censo-2022\/\",\"name\":\"Que hay que saber para hacer el Censo 2022 - Noticias Radio Reflejos\",\"isPartOf\":{\"@id\":\"https:\/\/www.noticiasradioreflejos.com.ar\/2021\/#website\"},\"primaryImageOfPage\":{\"@id\":\"https:\/\/www.noticiasradioreflejos.com.ar\/2021\/que-hay-que-saber-para-hacer-el-censo-2022\/#primaryimage\"},\"image\":{\"@id\":\"https:\/\/www.noticiasradioreflejos.com.ar\/2021\/que-hay-que-saber-para-hacer-el-censo-2022\/#primaryimage\"},\"thumbnailUrl\":\"https:\/\/live.staticflickr.com\/65535\/51966879135_ae1b3372e5.jpg\",\"datePublished\":\"2022-03-28T11:00:16+00:00\",\"author\":{\"@id\":\"https:\/\/www.noticiasradioreflejos.com.ar\/2021\/#\/schema\/person\/ad82545263dcc5ec0996818884fd5fb1\"},\"breadcrumb\":{\"@id\":\"https:\/\/www.noticiasradioreflejos.com.ar\/2021\/que-hay-que-saber-para-hacer-el-censo-2022\/#breadcrumb\"},\"inLanguage\":\"es\",\"potentialAction\":[{\"@type\":\"ReadAction\",\"target\":[\"https:\/\/www.noticiasradioreflejos.com.ar\/2021\/que-hay-que-saber-para-hacer-el-censo-2022\/\"]}]},{\"@type\":\"ImageObject\",\"inLanguage\":\"es\",\"@id\":\"https:\/\/www.noticiasradioreflejos.com.ar\/2021\/que-hay-que-saber-para-hacer-el-censo-2022\/#primaryimage\",\"url\":\"https:\/\/live.staticflickr.com\/65535\/51966879135_ae1b3372e5.jpg\",\"contentUrl\":\"https:\/\/live.staticflickr.com\/65535\/51966879135_ae1b3372e5.jpg\"},{\"@type\":\"BreadcrumbList\",\"@id\":\"https:\/\/www.noticiasradioreflejos.com.ar\/2021\/que-hay-que-saber-para-hacer-el-censo-2022\/#breadcrumb\",\"itemListElement\":[{\"@type\":\"ListItem\",\"position\":1,\"name\":\"Portada\",\"item\":\"https:\/\/www.noticiasradioreflejos.com.ar\/2021\/\"},{\"@type\":\"ListItem\",\"position\":2,\"name\":\"Que hay que saber para hacer el Censo 2022\"}]},{\"@type\":\"WebSite\",\"@id\":\"https:\/\/www.noticiasradioreflejos.com.ar\/2021\/#website\",\"url\":\"https:\/\/www.noticiasradioreflejos.com.ar\/2021\/\",\"name\":\"Noticias Radio Reflejos\",\"description\":\"Las noticias de mi comarca\",\"potentialAction\":[{\"@type\":\"SearchAction\",\"target\":{\"@type\":\"EntryPoint\",\"urlTemplate\":\"https:\/\/www.noticiasradioreflejos.com.ar\/2021\/?s={search_term_string}\"},\"query-input\":{\"@type\":\"PropertyValueSpecification\",\"valueRequired\":true,\"valueName\":\"search_term_string\"}}],\"inLanguage\":\"es\"},{\"@type\":\"Person\",\"@id\":\"https:\/\/www.noticiasradioreflejos.com.ar\/2021\/#\/schema\/person\/ad82545263dcc5ec0996818884fd5fb1\",\"name\":\"Arnaldo Botto\",\"image\":{\"@type\":\"ImageObject\",\"inLanguage\":\"es\",\"@id\":\"https:\/\/www.noticiasradioreflejos.com.ar\/2021\/#\/schema\/person\/image\/\",\"url\":\"https:\/\/secure.gravatar.com\/avatar\/55cb5e37c1efa326397366e6974cb338056df65cb50e7d64d1cf314e87504837?s=96&d=mm&r=g\",\"contentUrl\":\"https:\/\/secure.gravatar.com\/avatar\/55cb5e37c1efa326397366e6974cb338056df65cb50e7d64d1cf314e87504837?s=96&d=mm&r=g\",\"caption\":\"Arnaldo Botto\"},\"url\":\"https:\/\/www.noticiasradioreflejos.com.ar\/2021\/author\/arnaldo\/\"}]}<\/script>\n<!-- \/ Yoast SEO plugin. -->","yoast_head_json":{"title":"Que hay que saber para hacer el Censo 2022 - Noticias Radio Reflejos","robots":{"index":"index","follow":"follow","max-snippet":"max-snippet:-1","max-image-preview":"max-image-preview:large","max-video-preview":"max-video-preview:-1"},"canonical":"https:\/\/www.noticiasradioreflejos.com.ar\/2021\/que-hay-que-saber-para-hacer-el-censo-2022\/","og_locale":"es_ES","og_type":"article","og_title":"Que hay que saber para hacer el Censo 2022 - Noticias Radio Reflejos","og_description":"En nuestro Micro Radial Tiempo Educativo, durante el programa \u00abUn Mate y un Caf\u00e9\u00bb pudimos entrevistar al licenciado Mariano Hern\u00e1n Poledo, economista, docente y marplatense, que se desempe\u00f1o desde el 2001 en el ministerio de agricultura, luego en el INDEC donde realizo numerosas tareas censales, algunas ellas vinculadas al sector rural; y a partir del [&hellip;]","og_url":"https:\/\/www.noticiasradioreflejos.com.ar\/2021\/que-hay-que-saber-para-hacer-el-censo-2022\/","og_site_name":"Noticias Radio Reflejos","article_published_time":"2022-03-28T11:00:16+00:00","og_image":[{"url":"https:\/\/live.staticflickr.com\/65535\/51966879135_ae1b3372e5.jpg","type":"","width":"","height":""}],"author":"Arnaldo Botto","twitter_card":"summary_large_image","schema":{"@context":"https:\/\/schema.org","@graph":[{"@type":"WebPage","@id":"https:\/\/www.noticiasradioreflejos.com.ar\/2021\/que-hay-que-saber-para-hacer-el-censo-2022\/","url":"https:\/\/www.noticiasradioreflejos.com.ar\/2021\/que-hay-que-saber-para-hacer-el-censo-2022\/","name":"Que hay que saber para hacer el Censo 2022 - Noticias Radio Reflejos","isPartOf":{"@id":"https:\/\/www.noticiasradioreflejos.com.ar\/2021\/#website"},"primaryImageOfPage":{"@id":"https:\/\/www.noticiasradioreflejos.com.ar\/2021\/que-hay-que-saber-para-hacer-el-censo-2022\/#primaryimage"},"image":{"@id":"https:\/\/www.noticiasradioreflejos.com.ar\/2021\/que-hay-que-saber-para-hacer-el-censo-2022\/#primaryimage"},"thumbnailUrl":"https:\/\/live.staticflickr.com\/65535\/51966879135_ae1b3372e5.jpg","datePublished":"2022-03-28T11:00:16+00:00","author":{"@id":"https:\/\/www.noticiasradioreflejos.com.ar\/2021\/#\/schema\/person\/ad82545263dcc5ec0996818884fd5fb1"},"breadcrumb":{"@id":"https:\/\/www.noticiasradioreflejos.com.ar\/2021\/que-hay-que-saber-para-hacer-el-censo-2022\/#breadcrumb"},"inLanguage":"es","potentialAction":[{"@type":"ReadAction","target":["https:\/\/www.noticiasradioreflejos.com.ar\/2021\/que-hay-que-saber-para-hacer-el-censo-2022\/"]}]},{"@type":"ImageObject","inLanguage":"es","@id":"https:\/\/www.noticiasradioreflejos.com.ar\/2021\/que-hay-que-saber-para-hacer-el-censo-2022\/#primaryimage","url":"https:\/\/live.staticflickr.com\/65535\/51966879135_ae1b3372e5.jpg","contentUrl":"https:\/\/live.staticflickr.com\/65535\/51966879135_ae1b3372e5.jpg"},{"@type":"BreadcrumbList","@id":"https:\/\/www.noticiasradioreflejos.com.ar\/2021\/que-hay-que-saber-para-hacer-el-censo-2022\/#breadcrumb","itemListElement":[{"@type":"ListItem","position":1,"name":"Portada","item":"https:\/\/www.noticiasradioreflejos.com.ar\/2021\/"},{"@type":"ListItem","position":2,"name":"Que hay que saber para hacer el Censo 2022"}]},{"@type":"WebSite","@id":"https:\/\/www.noticiasradioreflejos.com.ar\/2021\/#website","url":"https:\/\/www.noticiasradioreflejos.com.ar\/2021\/","name":"Noticias Radio Reflejos","description":"Las noticias de mi comarca","potentialAction":[{"@type":"SearchAction","target":{"@type":"EntryPoint","urlTemplate":"https:\/\/www.noticiasradioreflejos.com.ar\/2021\/?s={search_term_string}"},"query-input":{"@type":"PropertyValueSpecification","valueRequired":true,"valueName":"search_term_string"}}],"inLanguage":"es"},{"@type":"Person","@id":"https:\/\/www.noticiasradioreflejos.com.ar\/2021\/#\/schema\/person\/ad82545263dcc5ec0996818884fd5fb1","name":"Arnaldo Botto","image":{"@type":"ImageObject","inLanguage":"es","@id":"https:\/\/www.noticiasradioreflejos.com.ar\/2021\/#\/schema\/person\/image\/","url":"https:\/\/secure.gravatar.com\/avatar\/55cb5e37c1efa326397366e6974cb338056df65cb50e7d64d1cf314e87504837?s=96&d=mm&r=g","contentUrl":"https:\/\/secure.gravatar.com\/avatar\/55cb5e37c1efa326397366e6974cb338056df65cb50e7d64d1cf314e87504837?s=96&d=mm&r=g","caption":"Arnaldo Botto"},"url":"https:\/\/www.noticiasradioreflejos.com.ar\/2021\/author\/arnaldo\/"}]}},"_links":{"self":[{"href":"https:\/\/www.noticiasradioreflejos.com.ar\/2021\/wp-json\/wp\/v2\/posts\/69795","targetHints":{"allow":["GET"]}}],"collection":[{"href":"https:\/\/www.noticiasradioreflejos.com.ar\/2021\/wp-json\/wp\/v2\/posts"}],"about":[{"href":"https:\/\/www.noticiasradioreflejos.com.ar\/2021\/wp-json\/wp\/v2\/types\/post"}],"author":[{"embeddable":true,"href":"https:\/\/www.noticiasradioreflejos.com.ar\/2021\/wp-json\/wp\/v2\/users\/3"}],"replies":[{"embeddable":true,"href":"https:\/\/www.noticiasradioreflejos.com.ar\/2021\/wp-json\/wp\/v2\/comments?post=69795"}],"version-history":[{"count":1,"href":"https:\/\/www.noticiasradioreflejos.com.ar\/2021\/wp-json\/wp\/v2\/posts\/69795\/revisions"}],"predecessor-version":[{"id":69796,"href":"https:\/\/www.noticiasradioreflejos.com.ar\/2021\/wp-json\/wp\/v2\/posts\/69795\/revisions\/69796"}],"wp:attachment":[{"href":"https:\/\/www.noticiasradioreflejos.com.ar\/2021\/wp-json\/wp\/v2\/media?parent=69795"}],"wp:term":[{"taxonomy":"category","embeddable":true,"href":"https:\/\/www.noticiasradioreflejos.com.ar\/2021\/wp-json\/wp\/v2\/categories?post=69795"},{"taxonomy":"post_tag","embeddable":true,"href":"https:\/\/www.noticiasradioreflejos.com.ar\/2021\/wp-json\/wp\/v2\/tags?post=69795"}],"curies":[{"name":"wp","href":"https:\/\/api.w.org\/{rel}","templated":true}]}}