{"id":69781,"date":"2022-03-26T20:45:17","date_gmt":"2022-03-26T20:45:17","guid":{"rendered":"http:\/\/www.noticiasradioreflejos.com.ar\/2021\/?p=69781"},"modified":"2022-03-26T20:45:17","modified_gmt":"2022-03-26T20:45:17","slug":"se-realiza-en-la-argentina-el-evento-global-la-hora-del-planeta","status":"publish","type":"post","link":"https:\/\/www.noticiasradioreflejos.com.ar\/2021\/se-realiza-en-la-argentina-el-evento-global-la-hora-del-planeta\/","title":{"rendered":"Se realiza en la Argentina el evento global \u00abLa Hora del Planeta\u00bb"},"content":{"rendered":"<p>Entre las 20:30 y las 21:30\u00a0 se convoca a apagar las luces de edificios y monumentos durante una hora en todo el mundo para exigir un futuro \u00abm\u00e1s seguro, m\u00e1s justo y m\u00e1s sostenible\u00bb, una iniciativa de la que participan m\u00e1s de 200 pa\u00edses.<!--more--><\/p>\n<div>\n<div class=\"wrapper-editable-content\">\n<div>\n<div class=\"container-md\">\n<div class=\"row\">\n<div class=\"col-md-12 speak\">\n<div class=\"paragraph\">\n<figure class=\"mb-3\"><img decoding=\"async\" src=\"https:\/\/www.telam.com.ar\/thumbs\/bluesteel\/advf\/imagenes\/2022\/03\/623e2088343e9_900.jpg\" alt=\"Telam SE\" width=\"100%\" height=\"100%\" \/><\/figure>\n<\/div>\n<\/div>\n<\/div>\n<\/div>\n<\/div>\n<\/div>\n<\/div>\n<div class=\"media-icons\"><\/div>\n<p>La Hora del Planeta 2022, la iniciativa de concientizaci\u00f3n ambiental m\u00e1s importante del mundo, realizar\u00e1 una nueva edici\u00f3n con una convocatoria a apagar las luces de edificios y monumentos durante una hora en todo el mundo para exigir un futuro \u00abm\u00e1s seguro, m\u00e1s justo y m\u00e1s sostenible\u00bb, inform\u00f3 la Organizaci\u00f3n Mundial de Conservaci\u00f3n (WWF por sus siglas en ingl\u00e9s).<\/p>\n<p><strong>El evento, del que participan m\u00e1s de 200 pa\u00edses<\/strong>, se llevar\u00e1 a cabo este s\u00e1bado entre las 20.30 y 21.30.<\/p>\n<p>En la Argentina, diferentes marcas comerciales anunciaron que reducir\u00e1n en esa hora el consumo de energ\u00eda en las pantallas Led situadas en la v\u00eda p\u00fablica de la Ciudad de Buenos Aires, inform\u00f3 la agencia Havas Argentina.<\/p>\n<p>\u00abEl objetivo de esta acci\u00f3n ser\u00e1 concientizar llegar a millones de personas y estimular el uso racional de la energ\u00eda. Buscamos demostrar que todos somos responsables por nuestro planeta, que a todos nos une un mismo prop\u00f3sito, que podemos estar juntos en esto y que el aporte de cada uno, por m\u00e1s peque\u00f1o que parezca, es importante\u00bb, destac\u00f3 la agencia que re\u00fane en la iniciativa a al menos 14 marcas comerciales.<\/p>\n<p>En las redes sociales la iniciativa ser\u00e1 promocionada con el hashtag #Changeforclimatechange<\/p>\n<p>La WWF entidad que promueve esta iniciativa en todo el mundo, destac\u00f3 que\u00a0<strong>\u00abeste a\u00f1o, la Hora del Planeta tendr\u00e1 lugar en un momento muy dif\u00edcil debido al conflicto en Ucrania y la crisis humanitaria que est\u00e1 provocando. Nuestros corazones y pensamientos est\u00e1n con todas las personas afectadas\u00bb.<\/strong><\/p>\n<p>\u00abLa Hora del Planeta se cre\u00f3 precisamente para unir al mundo y apoyar a las personas y el planeta. Para lograr paz y armon\u00eda entre los seres humanos y la naturaleza. La Hora del Planeta ofrece este a\u00f1o otro momento para la solidaridad y la oportunidad de unirnos y cuidar el hogar que todos compartimos\u00bb, a\u00f1adieron.<\/p>\n<p>Asimismo, sostuvieron que esta nueva edici\u00f3n llega en un contexto en el que numerosos gobiernos y organizaciones piden \u00abuna mayor ambici\u00f3n y una acci\u00f3n urgente para detener y revertir la p\u00e9rdida de la naturaleza para 2030\u00bb, en l\u00ednea con los Objetivos de Desarrollo Sostenible marcados por la Agenda 2030 de la Organizaci\u00f3n de Naciones Unidas.<\/p>\n<p><strong>La Hora del Planeta naci\u00f3 en Australia en 2007 como \u00abun gesto simb\u00f3lico\u00bb para llamar la atenci\u00f3n sobre el problema del cambio clim\u00e1tico<\/strong>\u00a0y se convirti\u00f3 desde entonces en \u00abuno de los movimientos ambientales m\u00e1s grandes del mundo\u00bb, al que se suman m\u00e1s de 200 pa\u00edses.<\/p>\n<p>En el marco de la nueva edici\u00f3n, explicaron que el a\u00f1o 2030 supone \u00abun hito para los cient\u00edficos\u00bb ya que si no se logra cambiar la actual forma de producci\u00f3n y consumo \u00abpara hacerla m\u00e1s sostenible\u00bb para ese entonces, ser\u00e1 \u00abcasi imposible evitar los peores impactos del cambio clim\u00e1tico\u00bb.<\/p>\n<p>Con la meta puesta en frenar la p\u00e9rdida de biodiversidad y reducir a la mitad las emisiones de C02 para 2030, la organizaci\u00f3n convoc\u00f3 a la sociedad a comprometerse y asegur\u00f3 que \u00abcon esfuerzo y trabajo en equipo\u00bb se podr\u00e1 ganar \u00abla carrera a la emergencia clim\u00e1tica\u00bb.<\/p>\n<p>De cara a la edici\u00f3n de este a\u00f1o, la organizaci\u00f3n WWF lanz\u00f3 la campa\u00f1a #KMPorElPlaneta, una iniciativa para demostrar p\u00fablicamente el apoyo a la defensa del Planeta, que convocaba a sumar kil\u00f3metros caminando, corriendo, patinando o en bicicleta hasta el s\u00e1bado 26 de marzo.<\/p>\n<p>El reto ya lleva un total de 248.237 kil\u00f3metros acumulados, lo que equivale a seis vueltas al per\u00edmetro del Planeta, que tiene unos 40.000 kil\u00f3metros.<\/p>\n","protected":false},"excerpt":{"rendered":"<p>Entre las 20:30 y las 21:30\u00a0 se convoca a apagar las luces de edificios y monumentos durante una hora en todo el mundo para exigir un futuro \u00abm\u00e1s seguro, m\u00e1s justo y m\u00e1s sostenible\u00bb, una iniciativa de la que participan m\u00e1s de 200 pa\u00edses.<\/p>\n","protected":false},"author":3,"featured_media":0,"comment_status":"closed","ping_status":"closed","sticky":false,"template":"","format":"standard","meta":{"footnotes":""},"categories":[26],"tags":[],"class_list":["post-69781","post","type-post","status-publish","format-standard","hentry","category-sociedad"],"yoast_head":"<!-- This site is optimized with the Yoast SEO plugin v25.9 - https:\/\/yoast.com\/wordpress\/plugins\/seo\/ -->\n<title>Se realiza en la Argentina el evento global &quot;La Hora del Planeta&quot; - Noticias Radio Reflejos<\/title>\n<meta name=\"robots\" content=\"index, follow, max-snippet:-1, max-image-preview:large, max-video-preview:-1\" \/>\n<link rel=\"canonical\" href=\"https:\/\/www.noticiasradioreflejos.com.ar\/2021\/se-realiza-en-la-argentina-el-evento-global-la-hora-del-planeta\/\" \/>\n<meta property=\"og:locale\" content=\"es_ES\" \/>\n<meta property=\"og:type\" content=\"article\" \/>\n<meta property=\"og:title\" content=\"Se realiza en la Argentina el evento global &quot;La Hora del Planeta&quot; - Noticias Radio Reflejos\" \/>\n<meta property=\"og:description\" content=\"Entre las 20:30 y las 21:30\u00a0 se convoca a apagar las luces de edificios y monumentos durante una hora en todo el mundo para exigir un futuro \u00abm\u00e1s seguro, m\u00e1s justo y m\u00e1s sostenible\u00bb, una iniciativa de la que participan m\u00e1s de 200 pa\u00edses.\" \/>\n<meta property=\"og:url\" content=\"https:\/\/www.noticiasradioreflejos.com.ar\/2021\/se-realiza-en-la-argentina-el-evento-global-la-hora-del-planeta\/\" \/>\n<meta property=\"og:site_name\" content=\"Noticias Radio Reflejos\" \/>\n<meta property=\"article:published_time\" content=\"2022-03-26T20:45:17+00:00\" \/>\n<meta property=\"og:image\" content=\"https:\/\/www.telam.com.ar\/thumbs\/bluesteel\/advf\/imagenes\/2022\/03\/623e2088343e9_900.jpg\" \/>\n<meta name=\"author\" content=\"Arnaldo Botto\" \/>\n<meta name=\"twitter:card\" content=\"summary_large_image\" \/>\n<script type=\"application\/ld+json\" class=\"yoast-schema-graph\">{\"@context\":\"https:\/\/schema.org\",\"@graph\":[{\"@type\":\"WebPage\",\"@id\":\"https:\/\/www.noticiasradioreflejos.com.ar\/2021\/se-realiza-en-la-argentina-el-evento-global-la-hora-del-planeta\/\",\"url\":\"https:\/\/www.noticiasradioreflejos.com.ar\/2021\/se-realiza-en-la-argentina-el-evento-global-la-hora-del-planeta\/\",\"name\":\"Se realiza en la Argentina el evento global \\\"La Hora del Planeta\\\" - Noticias Radio Reflejos\",\"isPartOf\":{\"@id\":\"https:\/\/www.noticiasradioreflejos.com.ar\/2021\/#website\"},\"primaryImageOfPage\":{\"@id\":\"https:\/\/www.noticiasradioreflejos.com.ar\/2021\/se-realiza-en-la-argentina-el-evento-global-la-hora-del-planeta\/#primaryimage\"},\"image\":{\"@id\":\"https:\/\/www.noticiasradioreflejos.com.ar\/2021\/se-realiza-en-la-argentina-el-evento-global-la-hora-del-planeta\/#primaryimage\"},\"thumbnailUrl\":\"https:\/\/www.telam.com.ar\/thumbs\/bluesteel\/advf\/imagenes\/2022\/03\/623e2088343e9_900.jpg\",\"datePublished\":\"2022-03-26T20:45:17+00:00\",\"author\":{\"@id\":\"https:\/\/www.noticiasradioreflejos.com.ar\/2021\/#\/schema\/person\/ad82545263dcc5ec0996818884fd5fb1\"},\"breadcrumb\":{\"@id\":\"https:\/\/www.noticiasradioreflejos.com.ar\/2021\/se-realiza-en-la-argentina-el-evento-global-la-hora-del-planeta\/#breadcrumb\"},\"inLanguage\":\"es\",\"potentialAction\":[{\"@type\":\"ReadAction\",\"target\":[\"https:\/\/www.noticiasradioreflejos.com.ar\/2021\/se-realiza-en-la-argentina-el-evento-global-la-hora-del-planeta\/\"]}]},{\"@type\":\"ImageObject\",\"inLanguage\":\"es\",\"@id\":\"https:\/\/www.noticiasradioreflejos.com.ar\/2021\/se-realiza-en-la-argentina-el-evento-global-la-hora-del-planeta\/#primaryimage\",\"url\":\"https:\/\/www.telam.com.ar\/thumbs\/bluesteel\/advf\/imagenes\/2022\/03\/623e2088343e9_900.jpg\",\"contentUrl\":\"https:\/\/www.telam.com.ar\/thumbs\/bluesteel\/advf\/imagenes\/2022\/03\/623e2088343e9_900.jpg\"},{\"@type\":\"BreadcrumbList\",\"@id\":\"https:\/\/www.noticiasradioreflejos.com.ar\/2021\/se-realiza-en-la-argentina-el-evento-global-la-hora-del-planeta\/#breadcrumb\",\"itemListElement\":[{\"@type\":\"ListItem\",\"position\":1,\"name\":\"Portada\",\"item\":\"https:\/\/www.noticiasradioreflejos.com.ar\/2021\/\"},{\"@type\":\"ListItem\",\"position\":2,\"name\":\"Se realiza en la Argentina el evento global \u00abLa Hora del Planeta\u00bb\"}]},{\"@type\":\"WebSite\",\"@id\":\"https:\/\/www.noticiasradioreflejos.com.ar\/2021\/#website\",\"url\":\"https:\/\/www.noticiasradioreflejos.com.ar\/2021\/\",\"name\":\"Noticias Radio Reflejos\",\"description\":\"Las noticias de mi comarca\",\"potentialAction\":[{\"@type\":\"SearchAction\",\"target\":{\"@type\":\"EntryPoint\",\"urlTemplate\":\"https:\/\/www.noticiasradioreflejos.com.ar\/2021\/?s={search_term_string}\"},\"query-input\":{\"@type\":\"PropertyValueSpecification\",\"valueRequired\":true,\"valueName\":\"search_term_string\"}}],\"inLanguage\":\"es\"},{\"@type\":\"Person\",\"@id\":\"https:\/\/www.noticiasradioreflejos.com.ar\/2021\/#\/schema\/person\/ad82545263dcc5ec0996818884fd5fb1\",\"name\":\"Arnaldo Botto\",\"image\":{\"@type\":\"ImageObject\",\"inLanguage\":\"es\",\"@id\":\"https:\/\/www.noticiasradioreflejos.com.ar\/2021\/#\/schema\/person\/image\/\",\"url\":\"https:\/\/secure.gravatar.com\/avatar\/55cb5e37c1efa326397366e6974cb338056df65cb50e7d64d1cf314e87504837?s=96&d=mm&r=g\",\"contentUrl\":\"https:\/\/secure.gravatar.com\/avatar\/55cb5e37c1efa326397366e6974cb338056df65cb50e7d64d1cf314e87504837?s=96&d=mm&r=g\",\"caption\":\"Arnaldo Botto\"},\"url\":\"https:\/\/www.noticiasradioreflejos.com.ar\/2021\/author\/arnaldo\/\"}]}<\/script>\n<!-- \/ Yoast SEO plugin. -->","yoast_head_json":{"title":"Se realiza en la Argentina el evento global \"La Hora del Planeta\" - Noticias Radio Reflejos","robots":{"index":"index","follow":"follow","max-snippet":"max-snippet:-1","max-image-preview":"max-image-preview:large","max-video-preview":"max-video-preview:-1"},"canonical":"https:\/\/www.noticiasradioreflejos.com.ar\/2021\/se-realiza-en-la-argentina-el-evento-global-la-hora-del-planeta\/","og_locale":"es_ES","og_type":"article","og_title":"Se realiza en la Argentina el evento global \"La Hora del Planeta\" - Noticias Radio Reflejos","og_description":"Entre las 20:30 y las 21:30\u00a0 se convoca a apagar las luces de edificios y monumentos durante una hora en todo el mundo para exigir un futuro \u00abm\u00e1s seguro, m\u00e1s justo y m\u00e1s sostenible\u00bb, una iniciativa de la que participan m\u00e1s de 200 pa\u00edses.","og_url":"https:\/\/www.noticiasradioreflejos.com.ar\/2021\/se-realiza-en-la-argentina-el-evento-global-la-hora-del-planeta\/","og_site_name":"Noticias Radio Reflejos","article_published_time":"2022-03-26T20:45:17+00:00","og_image":[{"url":"https:\/\/www.telam.com.ar\/thumbs\/bluesteel\/advf\/imagenes\/2022\/03\/623e2088343e9_900.jpg","type":"","width":"","height":""}],"author":"Arnaldo Botto","twitter_card":"summary_large_image","schema":{"@context":"https:\/\/schema.org","@graph":[{"@type":"WebPage","@id":"https:\/\/www.noticiasradioreflejos.com.ar\/2021\/se-realiza-en-la-argentina-el-evento-global-la-hora-del-planeta\/","url":"https:\/\/www.noticiasradioreflejos.com.ar\/2021\/se-realiza-en-la-argentina-el-evento-global-la-hora-del-planeta\/","name":"Se realiza en la Argentina el evento global \"La Hora del Planeta\" - Noticias Radio Reflejos","isPartOf":{"@id":"https:\/\/www.noticiasradioreflejos.com.ar\/2021\/#website"},"primaryImageOfPage":{"@id":"https:\/\/www.noticiasradioreflejos.com.ar\/2021\/se-realiza-en-la-argentina-el-evento-global-la-hora-del-planeta\/#primaryimage"},"image":{"@id":"https:\/\/www.noticiasradioreflejos.com.ar\/2021\/se-realiza-en-la-argentina-el-evento-global-la-hora-del-planeta\/#primaryimage"},"thumbnailUrl":"https:\/\/www.telam.com.ar\/thumbs\/bluesteel\/advf\/imagenes\/2022\/03\/623e2088343e9_900.jpg","datePublished":"2022-03-26T20:45:17+00:00","author":{"@id":"https:\/\/www.noticiasradioreflejos.com.ar\/2021\/#\/schema\/person\/ad82545263dcc5ec0996818884fd5fb1"},"breadcrumb":{"@id":"https:\/\/www.noticiasradioreflejos.com.ar\/2021\/se-realiza-en-la-argentina-el-evento-global-la-hora-del-planeta\/#breadcrumb"},"inLanguage":"es","potentialAction":[{"@type":"ReadAction","target":["https:\/\/www.noticiasradioreflejos.com.ar\/2021\/se-realiza-en-la-argentina-el-evento-global-la-hora-del-planeta\/"]}]},{"@type":"ImageObject","inLanguage":"es","@id":"https:\/\/www.noticiasradioreflejos.com.ar\/2021\/se-realiza-en-la-argentina-el-evento-global-la-hora-del-planeta\/#primaryimage","url":"https:\/\/www.telam.com.ar\/thumbs\/bluesteel\/advf\/imagenes\/2022\/03\/623e2088343e9_900.jpg","contentUrl":"https:\/\/www.telam.com.ar\/thumbs\/bluesteel\/advf\/imagenes\/2022\/03\/623e2088343e9_900.jpg"},{"@type":"BreadcrumbList","@id":"https:\/\/www.noticiasradioreflejos.com.ar\/2021\/se-realiza-en-la-argentina-el-evento-global-la-hora-del-planeta\/#breadcrumb","itemListElement":[{"@type":"ListItem","position":1,"name":"Portada","item":"https:\/\/www.noticiasradioreflejos.com.ar\/2021\/"},{"@type":"ListItem","position":2,"name":"Se realiza en la Argentina el evento global \u00abLa Hora del Planeta\u00bb"}]},{"@type":"WebSite","@id":"https:\/\/www.noticiasradioreflejos.com.ar\/2021\/#website","url":"https:\/\/www.noticiasradioreflejos.com.ar\/2021\/","name":"Noticias Radio Reflejos","description":"Las noticias de mi comarca","potentialAction":[{"@type":"SearchAction","target":{"@type":"EntryPoint","urlTemplate":"https:\/\/www.noticiasradioreflejos.com.ar\/2021\/?s={search_term_string}"},"query-input":{"@type":"PropertyValueSpecification","valueRequired":true,"valueName":"search_term_string"}}],"inLanguage":"es"},{"@type":"Person","@id":"https:\/\/www.noticiasradioreflejos.com.ar\/2021\/#\/schema\/person\/ad82545263dcc5ec0996818884fd5fb1","name":"Arnaldo Botto","image":{"@type":"ImageObject","inLanguage":"es","@id":"https:\/\/www.noticiasradioreflejos.com.ar\/2021\/#\/schema\/person\/image\/","url":"https:\/\/secure.gravatar.com\/avatar\/55cb5e37c1efa326397366e6974cb338056df65cb50e7d64d1cf314e87504837?s=96&d=mm&r=g","contentUrl":"https:\/\/secure.gravatar.com\/avatar\/55cb5e37c1efa326397366e6974cb338056df65cb50e7d64d1cf314e87504837?s=96&d=mm&r=g","caption":"Arnaldo Botto"},"url":"https:\/\/www.noticiasradioreflejos.com.ar\/2021\/author\/arnaldo\/"}]}},"_links":{"self":[{"href":"https:\/\/www.noticiasradioreflejos.com.ar\/2021\/wp-json\/wp\/v2\/posts\/69781","targetHints":{"allow":["GET"]}}],"collection":[{"href":"https:\/\/www.noticiasradioreflejos.com.ar\/2021\/wp-json\/wp\/v2\/posts"}],"about":[{"href":"https:\/\/www.noticiasradioreflejos.com.ar\/2021\/wp-json\/wp\/v2\/types\/post"}],"author":[{"embeddable":true,"href":"https:\/\/www.noticiasradioreflejos.com.ar\/2021\/wp-json\/wp\/v2\/users\/3"}],"replies":[{"embeddable":true,"href":"https:\/\/www.noticiasradioreflejos.com.ar\/2021\/wp-json\/wp\/v2\/comments?post=69781"}],"version-history":[{"count":1,"href":"https:\/\/www.noticiasradioreflejos.com.ar\/2021\/wp-json\/wp\/v2\/posts\/69781\/revisions"}],"predecessor-version":[{"id":69783,"href":"https:\/\/www.noticiasradioreflejos.com.ar\/2021\/wp-json\/wp\/v2\/posts\/69781\/revisions\/69783"}],"wp:attachment":[{"href":"https:\/\/www.noticiasradioreflejos.com.ar\/2021\/wp-json\/wp\/v2\/media?parent=69781"}],"wp:term":[{"taxonomy":"category","embeddable":true,"href":"https:\/\/www.noticiasradioreflejos.com.ar\/2021\/wp-json\/wp\/v2\/categories?post=69781"},{"taxonomy":"post_tag","embeddable":true,"href":"https:\/\/www.noticiasradioreflejos.com.ar\/2021\/wp-json\/wp\/v2\/tags?post=69781"}],"curies":[{"name":"wp","href":"https:\/\/api.w.org\/{rel}","templated":true}]}}