{"id":69774,"date":"2022-03-26T14:32:53","date_gmt":"2022-03-26T14:32:53","guid":{"rendered":"http:\/\/www.noticiasradioreflejos.com.ar\/2021\/?p=69774"},"modified":"2022-03-26T14:32:53","modified_gmt":"2022-03-26T14:32:53","slug":"el-fmi-aprobo-el-acuerdo-con-la-argentina-y-confirma-el-primer-desembolso-por-us-9-656-millones","status":"publish","type":"post","link":"https:\/\/www.noticiasradioreflejos.com.ar\/2021\/el-fmi-aprobo-el-acuerdo-con-la-argentina-y-confirma-el-primer-desembolso-por-us-9-656-millones\/","title":{"rendered":"El FMI aprob\u00f3 el acuerdo con la Argentina y confirma el primer desembolso por US$ 9.656 millones"},"content":{"rendered":"<p>El nuevo acuerdo de Facilidades Extendidas (EFF) comprende un programa de dos a\u00f1os y medio con el FMI, contempla cuatro a\u00f1os y medio de gracia y permite a la Argentina estirar el repago de la deuda con el organismo hasta 2034.<!--more--><\/p>\n<figure class=\"mb-3\"><img decoding=\"async\" src=\"https:\/\/www.telam.com.ar\/thumbs\/bluesteel\/advf\/imagenes\/2022\/03\/623e5511d120c_900.jpg\" alt=\"Foto Prensa\" width=\"100%\" height=\"100%\" \/><\/p>\n<div class=\"media-icons\"><\/div><figcaption>Foto: Prensa.<\/figcaption><\/figure>\n<p>La conducci\u00f3n del Fondo Monetario Internacional (FMI) aprob\u00f3\u00a0<strong><a href=\"https:\/\/www.telam.com.ar\/notas\/202203\/587524-claves-acuerdo-fmi-argentina.html\" target=\"_blank\" rel=\"noopener\">el acuerdo por 30 meses con la Argentina para refinanciar la deuda por US$44.000 millones asumida por el gobierno de Mauricio Macri<\/a><\/strong>, lo que permitir\u00e1 el desembolso inmediato de US$ 9.656 millones, de acuerdo con lo comunicado por el organismo tras la reuni\u00f3n de la Junta Ejecutiva.<\/p>\n<p>El nuevo Acuerdo de Facilidades Extendidas (EFF) comprende un programa de dos a\u00f1os y medio con el FMI, contempla cuatro a\u00f1os y medio de gracia y permite a la Argentina estirar el repago de la deuda con el organismo hasta 2034.<\/p>\n<h2 class=\"\">El acuerdo<\/h2>\n<p>El nuevo acuerdo tendr\u00e1 una duraci\u00f3n de 30 meses en el marco del Servicio del Fondo Ampliado para Argentina por un monto de 31.914 millones de DEG, equivalentes a US$ 44.000 millones, o el 1.000 por ciento de la cuota del pa\u00eds en el FMI.<\/p>\n<p>La decisi\u00f3n de la Junta Ejecutiva permite a las autoridades un desembolso inmediato de 7.000 millones de DEG, lo que equivale a US$ 9.656 millones.<\/p>\n<p>El programa de las autoridades respaldado por el FMI, que fue aprobado recientemente por el Congreso Nacional, tiene como objetivo fortalecer las finanzas p\u00fablicas y comenzar a reducir la inflaci\u00f3n persistentemente alta a trav\u00e9s de una estrategia m\u00faltiple que implica la eliminaci\u00f3n gradual del financiamiento monetario del d\u00e9ficit fiscal y una mejora monetaria y del marco de pol\u00edtica cambiaria.<\/p>\n<p>Tambi\u00e9n contempla medidas para fortalecer el mercado de deuda en pesos, la efectividad del gasto p\u00fablico, la inclusi\u00f3n laboral y de g\u00e9nero, y la competitividad de sectores clave.<\/p>\n<p>El acuerdo tiene como objetivo brindar a Argentina una balanza de pagos y apoyo presupuestario respaldado por medidas dise\u00f1adas para fortalecer la sostenibilidad de la deuda, aumentar las reservas, abordar las brechas sociales y de infraestructura del pa\u00eds y promover el crecimiento inclusivo.<\/p>\n<h2 class=\"\">La postura del FMI<\/h2>\n<p>La decisi\u00f3n del organismo se bas\u00f3 en la \u00abfr\u00e1gil situaci\u00f3n econ\u00f3mica, financiera y social de Argentina, que se ha visto agravada por la pandemia y, m\u00e1s recientemente, por los efectos colaterales de la guerra en Ucrania\u00bb.<\/p>\n<p>Para los directores del FMI, \u00abuna consolidaci\u00f3n fiscal cre\u00edble, sostenida y favorable al crecimiento es clave para fortalecer la sostenibilidad de la deuda y discontinuar el financiamiento monetario del d\u00e9ficit fiscal\u00bb.<\/p>\n<p>Para ello, hicieron hincapi\u00e9 en la necesidad de \u00abmejorar la eficiencia, la equidad y el cumplimiento del sistema tributario\u00bb, as\u00ed como \u00abmejoras en la estructura del gasto, incluida la reducci\u00f3n de los subsidios energ\u00e9ticos costosos y no focalizados, al mismo tiempo que se expande el gasto en infraestructura\u00bb.<\/p>\n<figure class=\"mb-3\"><img decoding=\"async\" src=\"https:\/\/www.telam.com.ar\/thumbs\/bluesteel\/advf\/imagenes\/2021\/10\/617dc88391f9a_900.jpg\" alt=\"Telam SE\" width=\"100%\" height=\"100%\" \/><\/p>\n<div class=\"media-icons\"><\/div><figcaption><\/figcaption><\/figure>\n<p>Adem\u00e1s, remarcaron la necesidad de \u00abproteger los programas de asistencia social bien focalizados y de una gesti\u00f3n prudente de los salarios y pensiones\u00bb.<\/p>\n<p>Por otra parte, subrayaron la importancia de \u00abreducir la persistente alta inflaci\u00f3n y reconstruir las reservas internacionales\u00bb y, para ello, \u00abponer fin al financiamiento monetario e implementar el marco de pol\u00edtica monetaria mejorado para generar tasas de inter\u00e9s reales positivas y alentar la demanda de pesos\u00bb.<\/p>\n<p>Asimismo, indicaron la importancia de \u00abmantener un tipo de cambio real competitivo y adaptar el marco de gesti\u00f3n de flujos de capitales (&#8230;) para asegurar super\u00e1vits comerciales, alentar las entradas de flujos a largo plazo e impulsar la acumulaci\u00f3n de reservas\u00bb.<\/p>\n<p>En otro orden, pidieron \u00abreformas estructurales que aborden las vulnerabilidades estructurales de larga data de Argentina\u00bb, adem\u00e1s de resaltar la importancia de \u00abfortalecer el mercado de deuda en pesos dom\u00e9sticos; mejorar la sostenibilidad y la eficiencia de sectores clave\u00bb.<\/p>\n<div class=\"jumbotron pt-4 mt-3\">\n<h3 class=\"module-title\">GEORGIEVA AFIRM\u00d3 QUE EL PROGRAMA APROBADO POR EL FMI \u00abESTABLECE OBJETIVOS PRAGM\u00c1TICOS Y REALISTAS\u00bb<\/h3>\n<p>La directora gerente del Fondo Monetario Internacional expres\u00f3\u00a0 que \u00abun fuerte consenso pol\u00edtico y social es clave para sostener la implementaci\u00f3n de la agenda de reformas\u00bb que debe afrontar la Argentina para cumplir con \u00e9xito el nuevo programa, el que entendi\u00f3 contiene un plan con \u00abobjetivos pragm\u00e1ticos y realistas\u00bb.<\/p>\n<p>Tras el debate de la Junta Ejecutiva que finalmente aprob\u00f3 el acuerdo de Facilidades Extendidas (EFF) por la deuda de US$ 44.000 millones que tiene la Argentina con el organismo, Georgieva reconoci\u00f3 que \u201clos riesgos para el programa son excepcionalmente altos y los efectos secundarios de la guerra en Ucrania ya se est\u00e1n materializando\u00bb.<\/p>\n<p>En este contexto, \u00abla recalibraci\u00f3n temprana del programa, incluida la identificaci\u00f3n y adopci\u00f3n de medidas apropiadas, seg\u00fan sea necesario, ser\u00e1 fundamental para lograr los objetivos del programa\u201d, asegur\u00f3 en un comunicado de prensa y en su cuenta de Twitter.<\/p>\n<p>Tambi\u00e9n declar\u00f3 que \u00absi bien est\u00e1 en marcha una recuperaci\u00f3n econ\u00f3mica y del empleo, Argentina contin\u00faa enfrentando desaf\u00edos econ\u00f3micos y sociales excepcionales, que incluyen un ingreso per c\u00e1pita deprimido, niveles elevados de pobreza, inflaci\u00f3n alta persistente, una pesada carga de deuda y bajos amortiguadores externos\u00bb.<\/p>\n<p>En este contexto, el programa econ\u00f3mico de las autoridades argentinas \u00abestablece objetivos pragm\u00e1ticos y realistas, junto con pol\u00edticas cre\u00edbles para fortalecer la estabilidad macroecon\u00f3mica y comenzar a abordar los desaf\u00edos profundamente arraigados de Argentina\u00bb, asegur\u00f3.<\/p>\n<p>As\u00ed, los \u00abimportantes compromisos financieros obtenidos de los socios internacionales de Argentina respaldar\u00e1n los esfuerzos de reforma de las autoridades y mejorar\u00e1n las defensas externas del pa\u00eds\u00bb.<\/p>\n<blockquote class=\"twitter-tweet\" data-width=\"500\" data-dnt=\"true\">\n<p lang=\"en\" dir=\"ltr\">I welcome our Executive Board\u2019s approval of the new <a href=\"https:\/\/twitter.com\/hashtag\/IMF?src=hash&amp;ref_src=twsrc%5Etfw\">#IMF<\/a> program with <a href=\"https:\/\/twitter.com\/hashtag\/Argentina?src=hash&amp;ref_src=twsrc%5Etfw\">#Argentina<\/a>. The program sets pragmatic and realistic objectives, along with credible policies to strengthen stability and begin to tackle deep-seated challenges. I look forward to its strong implementation. <a href=\"https:\/\/t.co\/nuuKuxwMH9\">https:\/\/t.co\/nuuKuxwMH9<\/a><\/p>\n<p>&mdash; Kristalina Georgieva (@KGeorgieva) <a href=\"https:\/\/twitter.com\/KGeorgieva\/status\/1507466366835699712?ref_src=twsrc%5Etfw\">March 25, 2022<\/a><\/p><\/blockquote>\n<p><script async src=\"https:\/\/platform.twitter.com\/widgets.js\" charset=\"utf-8\"><\/script><\/p>\n<p>\u00abUn fuerte consenso pol\u00edtico y social es clave para sostener la implementaci\u00f3n de la agenda de reformas, incluso a mediano plazo, lo cual es esencial para abordar las vulnerabilidades de larga data del pa\u00eds\u00bb, afirm\u00f3 Georgieva al reconocer que \u00abel programa contiene un conjunto cuidadosamente calibrado de pol\u00edticas econ\u00f3micas\u00bb.<\/p>\n<p>En ese sentido, destac\u00f3 que \u00abuna consolidaci\u00f3n fiscal sostenida y favorable al crecimiento fortalecer\u00e1 la sostenibilidad de la deuda y permitir\u00e1 eliminar el financiamiento monetario del d\u00e9ficit fiscal, lo que ayudar\u00e1 a comenzar a abordar la inflaci\u00f3n persistente y elevada\u00bb.<\/p>\n<p>\u00abAdem\u00e1s, un marco monetario y cambiario mejorado que genere tasas de inter\u00e9s reales positivas y un tipo de cambio real competitivo ayudar\u00e1 a respaldar la demanda de activos en pesos y mejorar\u00e1 la cobertura de reservas\u00bb, continu\u00f3 la directora del FMI al asegurar: \u00abEstas acciones ayudar\u00e1n a allanar el camino para una eventual flexibilizaci\u00f3n de los controles cambiarios basada en condiciones\u00bb.<\/p>\n<p>Tambi\u00e9n entendi\u00f3 importante destacar que el programa \u00abincluye pol\u00edticas para fortalecer el mercado de deuda en pesos dom\u00e9sticos, mejorar la efectividad y la transparencia del gasto p\u00fablico, promover la inclusi\u00f3n laboral y de g\u00e9nero, y mejorar la sostenibilidad y eficiencia de sectores clave\u00bb.<\/p>\n<\/div>\n<p>Finalmente, destacaron la necesidad de \u00abfortalecer el clima de inversi\u00f3n eliminando gradualmente las distorsiones econ\u00f3micas y brindando un marco regulatorio m\u00e1s predecible\u00bb y pidieron \u00abmejorar la gobernanza, incluso impulsando la eficiencia y la transparencia del gasto p\u00fablico\u00bb.<\/p>\n<p>Tras advertir que el programa \u00abest\u00e1 sujeto a riesgos excepcionalmente altos\u00bb, reconocieron la \u00abvulnerabilidad\u00bb del pa\u00eds a los \u00abchoques externos y las dificultades de implementaci\u00f3n dada la compleja situaci\u00f3n social y pol\u00edtica\u00bb.<\/p>\n<p>Por otra parte, mostraron su \u00abbenepl\u00e1cito\u00bb por el acuerdo de las autoridades de adelantar la primera revisi\u00f3n del programa y las instaron a recalibrar las pol\u00edticas para \u00abasegurar los objetivos fiscales y contener los efectos inflacionarios\u00bb del aumento de los precios de las materias primas.<\/p>\n<p>En tanto, luego de admitir que los riesgos financieros y de reputaci\u00f3n para el organismo no pueden mitigarse por completo a trav\u00e9s de este programa, consideraron que se requerir\u00e1n \u00abm\u00e1s esfuerzos para cimentar la estabilidad y abordar los desaf\u00edos estructurales de larga data\u00bb.<\/p>\n<p>En particular, coincidieron en que, en el mediano plazo, la Argentina deber\u00e1 \u00abfortalecer a\u00fan m\u00e1s la sostenibilidad de la deuda, reforzar el balance del banco central y su marco de gobernanza, y abordar las barreras regulatorias a la productividad, la inversi\u00f3n y el empleo formal\u00bb.<\/p>\n<p>Algunos directores hicieron un llamado a las autoridades para incorporar algunas de estas reformas en el programa actual para aumentar su credibilidad, resalt\u00f3 el FMI en su comunicado.<\/p>\n","protected":false},"excerpt":{"rendered":"<p>El nuevo acuerdo de Facilidades Extendidas (EFF) comprende un programa de dos a\u00f1os y medio con el FMI, contempla cuatro a\u00f1os y medio de gracia y permite a la Argentina estirar el repago de la deuda con el organismo hasta 2034.<\/p>\n","protected":false},"author":3,"featured_media":0,"comment_status":"closed","ping_status":"closed","sticky":false,"template":"","format":"standard","meta":{"footnotes":""},"categories":[36,24],"tags":[],"class_list":["post-69774","post","type-post","status-publish","format-standard","hentry","category-economia","category-politica"],"yoast_head":"<!-- This site is optimized with the Yoast SEO plugin v25.9 - https:\/\/yoast.com\/wordpress\/plugins\/seo\/ -->\n<title>El FMI aprob\u00f3 el acuerdo con la Argentina y confirma el primer desembolso por US$ 9.656 millones - Noticias Radio Reflejos<\/title>\n<meta name=\"robots\" content=\"index, follow, max-snippet:-1, max-image-preview:large, max-video-preview:-1\" \/>\n<link rel=\"canonical\" href=\"https:\/\/www.noticiasradioreflejos.com.ar\/2021\/el-fmi-aprobo-el-acuerdo-con-la-argentina-y-confirma-el-primer-desembolso-por-us-9-656-millones\/\" \/>\n<meta property=\"og:locale\" content=\"es_ES\" \/>\n<meta property=\"og:type\" content=\"article\" \/>\n<meta property=\"og:title\" content=\"El FMI aprob\u00f3 el acuerdo con la Argentina y confirma el primer desembolso por US$ 9.656 millones - Noticias Radio Reflejos\" \/>\n<meta property=\"og:description\" content=\"El nuevo acuerdo de Facilidades Extendidas (EFF) comprende un programa de dos a\u00f1os y medio con el FMI, contempla cuatro a\u00f1os y medio de gracia y permite a la Argentina estirar el repago de la deuda con el organismo hasta 2034.\" \/>\n<meta property=\"og:url\" content=\"https:\/\/www.noticiasradioreflejos.com.ar\/2021\/el-fmi-aprobo-el-acuerdo-con-la-argentina-y-confirma-el-primer-desembolso-por-us-9-656-millones\/\" \/>\n<meta property=\"og:site_name\" content=\"Noticias Radio Reflejos\" \/>\n<meta property=\"article:published_time\" content=\"2022-03-26T14:32:53+00:00\" \/>\n<meta property=\"og:image\" content=\"https:\/\/www.telam.com.ar\/thumbs\/bluesteel\/advf\/imagenes\/2022\/03\/623e5511d120c_900.jpg\" \/>\n<meta name=\"author\" content=\"Arnaldo Botto\" \/>\n<meta name=\"twitter:card\" content=\"summary_large_image\" \/>\n<script type=\"application\/ld+json\" class=\"yoast-schema-graph\">{\"@context\":\"https:\/\/schema.org\",\"@graph\":[{\"@type\":\"WebPage\",\"@id\":\"https:\/\/www.noticiasradioreflejos.com.ar\/2021\/el-fmi-aprobo-el-acuerdo-con-la-argentina-y-confirma-el-primer-desembolso-por-us-9-656-millones\/\",\"url\":\"https:\/\/www.noticiasradioreflejos.com.ar\/2021\/el-fmi-aprobo-el-acuerdo-con-la-argentina-y-confirma-el-primer-desembolso-por-us-9-656-millones\/\",\"name\":\"El FMI aprob\u00f3 el acuerdo con la Argentina y confirma el primer desembolso por US$ 9.656 millones - Noticias Radio Reflejos\",\"isPartOf\":{\"@id\":\"https:\/\/www.noticiasradioreflejos.com.ar\/2021\/#website\"},\"primaryImageOfPage\":{\"@id\":\"https:\/\/www.noticiasradioreflejos.com.ar\/2021\/el-fmi-aprobo-el-acuerdo-con-la-argentina-y-confirma-el-primer-desembolso-por-us-9-656-millones\/#primaryimage\"},\"image\":{\"@id\":\"https:\/\/www.noticiasradioreflejos.com.ar\/2021\/el-fmi-aprobo-el-acuerdo-con-la-argentina-y-confirma-el-primer-desembolso-por-us-9-656-millones\/#primaryimage\"},\"thumbnailUrl\":\"https:\/\/www.telam.com.ar\/thumbs\/bluesteel\/advf\/imagenes\/2022\/03\/623e5511d120c_900.jpg\",\"datePublished\":\"2022-03-26T14:32:53+00:00\",\"author\":{\"@id\":\"https:\/\/www.noticiasradioreflejos.com.ar\/2021\/#\/schema\/person\/ad82545263dcc5ec0996818884fd5fb1\"},\"breadcrumb\":{\"@id\":\"https:\/\/www.noticiasradioreflejos.com.ar\/2021\/el-fmi-aprobo-el-acuerdo-con-la-argentina-y-confirma-el-primer-desembolso-por-us-9-656-millones\/#breadcrumb\"},\"inLanguage\":\"es\",\"potentialAction\":[{\"@type\":\"ReadAction\",\"target\":[\"https:\/\/www.noticiasradioreflejos.com.ar\/2021\/el-fmi-aprobo-el-acuerdo-con-la-argentina-y-confirma-el-primer-desembolso-por-us-9-656-millones\/\"]}]},{\"@type\":\"ImageObject\",\"inLanguage\":\"es\",\"@id\":\"https:\/\/www.noticiasradioreflejos.com.ar\/2021\/el-fmi-aprobo-el-acuerdo-con-la-argentina-y-confirma-el-primer-desembolso-por-us-9-656-millones\/#primaryimage\",\"url\":\"https:\/\/www.telam.com.ar\/thumbs\/bluesteel\/advf\/imagenes\/2022\/03\/623e5511d120c_900.jpg\",\"contentUrl\":\"https:\/\/www.telam.com.ar\/thumbs\/bluesteel\/advf\/imagenes\/2022\/03\/623e5511d120c_900.jpg\"},{\"@type\":\"BreadcrumbList\",\"@id\":\"https:\/\/www.noticiasradioreflejos.com.ar\/2021\/el-fmi-aprobo-el-acuerdo-con-la-argentina-y-confirma-el-primer-desembolso-por-us-9-656-millones\/#breadcrumb\",\"itemListElement\":[{\"@type\":\"ListItem\",\"position\":1,\"name\":\"Portada\",\"item\":\"https:\/\/www.noticiasradioreflejos.com.ar\/2021\/\"},{\"@type\":\"ListItem\",\"position\":2,\"name\":\"El FMI aprob\u00f3 el acuerdo con la Argentina y confirma el primer desembolso por US$ 9.656 millones\"}]},{\"@type\":\"WebSite\",\"@id\":\"https:\/\/www.noticiasradioreflejos.com.ar\/2021\/#website\",\"url\":\"https:\/\/www.noticiasradioreflejos.com.ar\/2021\/\",\"name\":\"Noticias Radio Reflejos\",\"description\":\"Las noticias de mi comarca\",\"potentialAction\":[{\"@type\":\"SearchAction\",\"target\":{\"@type\":\"EntryPoint\",\"urlTemplate\":\"https:\/\/www.noticiasradioreflejos.com.ar\/2021\/?s={search_term_string}\"},\"query-input\":{\"@type\":\"PropertyValueSpecification\",\"valueRequired\":true,\"valueName\":\"search_term_string\"}}],\"inLanguage\":\"es\"},{\"@type\":\"Person\",\"@id\":\"https:\/\/www.noticiasradioreflejos.com.ar\/2021\/#\/schema\/person\/ad82545263dcc5ec0996818884fd5fb1\",\"name\":\"Arnaldo Botto\",\"image\":{\"@type\":\"ImageObject\",\"inLanguage\":\"es\",\"@id\":\"https:\/\/www.noticiasradioreflejos.com.ar\/2021\/#\/schema\/person\/image\/\",\"url\":\"https:\/\/secure.gravatar.com\/avatar\/55cb5e37c1efa326397366e6974cb338056df65cb50e7d64d1cf314e87504837?s=96&d=mm&r=g\",\"contentUrl\":\"https:\/\/secure.gravatar.com\/avatar\/55cb5e37c1efa326397366e6974cb338056df65cb50e7d64d1cf314e87504837?s=96&d=mm&r=g\",\"caption\":\"Arnaldo Botto\"},\"url\":\"https:\/\/www.noticiasradioreflejos.com.ar\/2021\/author\/arnaldo\/\"}]}<\/script>\n<!-- \/ Yoast SEO plugin. -->","yoast_head_json":{"title":"El FMI aprob\u00f3 el acuerdo con la Argentina y confirma el primer desembolso por US$ 9.656 millones - Noticias Radio Reflejos","robots":{"index":"index","follow":"follow","max-snippet":"max-snippet:-1","max-image-preview":"max-image-preview:large","max-video-preview":"max-video-preview:-1"},"canonical":"https:\/\/www.noticiasradioreflejos.com.ar\/2021\/el-fmi-aprobo-el-acuerdo-con-la-argentina-y-confirma-el-primer-desembolso-por-us-9-656-millones\/","og_locale":"es_ES","og_type":"article","og_title":"El FMI aprob\u00f3 el acuerdo con la Argentina y confirma el primer desembolso por US$ 9.656 millones - Noticias Radio Reflejos","og_description":"El nuevo acuerdo de Facilidades Extendidas (EFF) comprende un programa de dos a\u00f1os y medio con el FMI, contempla cuatro a\u00f1os y medio de gracia y permite a la Argentina estirar el repago de la deuda con el organismo hasta 2034.","og_url":"https:\/\/www.noticiasradioreflejos.com.ar\/2021\/el-fmi-aprobo-el-acuerdo-con-la-argentina-y-confirma-el-primer-desembolso-por-us-9-656-millones\/","og_site_name":"Noticias Radio Reflejos","article_published_time":"2022-03-26T14:32:53+00:00","og_image":[{"url":"https:\/\/www.telam.com.ar\/thumbs\/bluesteel\/advf\/imagenes\/2022\/03\/623e5511d120c_900.jpg","type":"","width":"","height":""}],"author":"Arnaldo Botto","twitter_card":"summary_large_image","schema":{"@context":"https:\/\/schema.org","@graph":[{"@type":"WebPage","@id":"https:\/\/www.noticiasradioreflejos.com.ar\/2021\/el-fmi-aprobo-el-acuerdo-con-la-argentina-y-confirma-el-primer-desembolso-por-us-9-656-millones\/","url":"https:\/\/www.noticiasradioreflejos.com.ar\/2021\/el-fmi-aprobo-el-acuerdo-con-la-argentina-y-confirma-el-primer-desembolso-por-us-9-656-millones\/","name":"El FMI aprob\u00f3 el acuerdo con la Argentina y confirma el primer desembolso por US$ 9.656 millones - Noticias Radio Reflejos","isPartOf":{"@id":"https:\/\/www.noticiasradioreflejos.com.ar\/2021\/#website"},"primaryImageOfPage":{"@id":"https:\/\/www.noticiasradioreflejos.com.ar\/2021\/el-fmi-aprobo-el-acuerdo-con-la-argentina-y-confirma-el-primer-desembolso-por-us-9-656-millones\/#primaryimage"},"image":{"@id":"https:\/\/www.noticiasradioreflejos.com.ar\/2021\/el-fmi-aprobo-el-acuerdo-con-la-argentina-y-confirma-el-primer-desembolso-por-us-9-656-millones\/#primaryimage"},"thumbnailUrl":"https:\/\/www.telam.com.ar\/thumbs\/bluesteel\/advf\/imagenes\/2022\/03\/623e5511d120c_900.jpg","datePublished":"2022-03-26T14:32:53+00:00","author":{"@id":"https:\/\/www.noticiasradioreflejos.com.ar\/2021\/#\/schema\/person\/ad82545263dcc5ec0996818884fd5fb1"},"breadcrumb":{"@id":"https:\/\/www.noticiasradioreflejos.com.ar\/2021\/el-fmi-aprobo-el-acuerdo-con-la-argentina-y-confirma-el-primer-desembolso-por-us-9-656-millones\/#breadcrumb"},"inLanguage":"es","potentialAction":[{"@type":"ReadAction","target":["https:\/\/www.noticiasradioreflejos.com.ar\/2021\/el-fmi-aprobo-el-acuerdo-con-la-argentina-y-confirma-el-primer-desembolso-por-us-9-656-millones\/"]}]},{"@type":"ImageObject","inLanguage":"es","@id":"https:\/\/www.noticiasradioreflejos.com.ar\/2021\/el-fmi-aprobo-el-acuerdo-con-la-argentina-y-confirma-el-primer-desembolso-por-us-9-656-millones\/#primaryimage","url":"https:\/\/www.telam.com.ar\/thumbs\/bluesteel\/advf\/imagenes\/2022\/03\/623e5511d120c_900.jpg","contentUrl":"https:\/\/www.telam.com.ar\/thumbs\/bluesteel\/advf\/imagenes\/2022\/03\/623e5511d120c_900.jpg"},{"@type":"BreadcrumbList","@id":"https:\/\/www.noticiasradioreflejos.com.ar\/2021\/el-fmi-aprobo-el-acuerdo-con-la-argentina-y-confirma-el-primer-desembolso-por-us-9-656-millones\/#breadcrumb","itemListElement":[{"@type":"ListItem","position":1,"name":"Portada","item":"https:\/\/www.noticiasradioreflejos.com.ar\/2021\/"},{"@type":"ListItem","position":2,"name":"El FMI aprob\u00f3 el acuerdo con la Argentina y confirma el primer desembolso por US$ 9.656 millones"}]},{"@type":"WebSite","@id":"https:\/\/www.noticiasradioreflejos.com.ar\/2021\/#website","url":"https:\/\/www.noticiasradioreflejos.com.ar\/2021\/","name":"Noticias Radio Reflejos","description":"Las noticias de mi comarca","potentialAction":[{"@type":"SearchAction","target":{"@type":"EntryPoint","urlTemplate":"https:\/\/www.noticiasradioreflejos.com.ar\/2021\/?s={search_term_string}"},"query-input":{"@type":"PropertyValueSpecification","valueRequired":true,"valueName":"search_term_string"}}],"inLanguage":"es"},{"@type":"Person","@id":"https:\/\/www.noticiasradioreflejos.com.ar\/2021\/#\/schema\/person\/ad82545263dcc5ec0996818884fd5fb1","name":"Arnaldo Botto","image":{"@type":"ImageObject","inLanguage":"es","@id":"https:\/\/www.noticiasradioreflejos.com.ar\/2021\/#\/schema\/person\/image\/","url":"https:\/\/secure.gravatar.com\/avatar\/55cb5e37c1efa326397366e6974cb338056df65cb50e7d64d1cf314e87504837?s=96&d=mm&r=g","contentUrl":"https:\/\/secure.gravatar.com\/avatar\/55cb5e37c1efa326397366e6974cb338056df65cb50e7d64d1cf314e87504837?s=96&d=mm&r=g","caption":"Arnaldo Botto"},"url":"https:\/\/www.noticiasradioreflejos.com.ar\/2021\/author\/arnaldo\/"}]}},"_links":{"self":[{"href":"https:\/\/www.noticiasradioreflejos.com.ar\/2021\/wp-json\/wp\/v2\/posts\/69774","targetHints":{"allow":["GET"]}}],"collection":[{"href":"https:\/\/www.noticiasradioreflejos.com.ar\/2021\/wp-json\/wp\/v2\/posts"}],"about":[{"href":"https:\/\/www.noticiasradioreflejos.com.ar\/2021\/wp-json\/wp\/v2\/types\/post"}],"author":[{"embeddable":true,"href":"https:\/\/www.noticiasradioreflejos.com.ar\/2021\/wp-json\/wp\/v2\/users\/3"}],"replies":[{"embeddable":true,"href":"https:\/\/www.noticiasradioreflejos.com.ar\/2021\/wp-json\/wp\/v2\/comments?post=69774"}],"version-history":[{"count":2,"href":"https:\/\/www.noticiasradioreflejos.com.ar\/2021\/wp-json\/wp\/v2\/posts\/69774\/revisions"}],"predecessor-version":[{"id":69777,"href":"https:\/\/www.noticiasradioreflejos.com.ar\/2021\/wp-json\/wp\/v2\/posts\/69774\/revisions\/69777"}],"wp:attachment":[{"href":"https:\/\/www.noticiasradioreflejos.com.ar\/2021\/wp-json\/wp\/v2\/media?parent=69774"}],"wp:term":[{"taxonomy":"category","embeddable":true,"href":"https:\/\/www.noticiasradioreflejos.com.ar\/2021\/wp-json\/wp\/v2\/categories?post=69774"},{"taxonomy":"post_tag","embeddable":true,"href":"https:\/\/www.noticiasradioreflejos.com.ar\/2021\/wp-json\/wp\/v2\/tags?post=69774"}],"curies":[{"name":"wp","href":"https:\/\/api.w.org\/{rel}","templated":true}]}}