{"id":69768,"date":"2022-03-26T14:14:24","date_gmt":"2022-03-26T14:14:24","guid":{"rendered":"http:\/\/www.noticiasradioreflejos.com.ar\/2021\/?p=69768"},"modified":"2022-03-26T14:14:24","modified_gmt":"2022-03-26T14:14:24","slug":"una-barrera-de-1-200-kilometros-de-hielo-se-rompio-al-este-de-la-antartida","status":"publish","type":"post","link":"https:\/\/www.noticiasradioreflejos.com.ar\/2021\/una-barrera-de-1-200-kilometros-de-hielo-se-rompio-al-este-de-la-antartida\/","title":{"rendered":"Una barrera de 1.200 kil\u00f3metros de hielo se rompi\u00f3 al este de la Ant\u00e1rtida"},"content":{"rendered":"<p>\u201cNo es un episodio que genere una preocupaci\u00f3n inmediata, pero el lugar en el que se dio es algo muy llamativo\u201d, afirm\u00f3 en charla con<strong> T\u00e9lam Sebasti\u00e1n Marinsek<\/strong>, ingeniero en Electr\u00f3nica.<!--more--><\/p>\n<div>\n<div class=\"wrapper-editable-content\">\n<div>\n<div class=\"container-md\">\n<div class=\"row\">\n<div class=\"col-md-12 speak\">\n<div class=\"paragraph\">\n<figure class=\"mb-3\"><img decoding=\"async\" src=\"https:\/\/www.telam.com.ar\/thumbs\/bluesteel\/advf\/imagenes\/2022\/03\/623e5b8095e94_900.jpg\" alt=\"Foto Prensa\" width=\"100%\" height=\"100%\" \/><\/p>\n<div class=\"media-icons\"><\/div><figcaption>(Foto Prensa)<\/figcaption><\/figure>\n<p><strong>POR JULIO MOSLE<\/strong> &#8211; Una barrera de 1.200 kil\u00f3metros cuadrados de hielo que conten\u00eda el avance hacia el mar del glaciar Conger ubicado en la Tierra de Wilkes, al este de la Ant\u00e1rtida, se desintegr\u00f3 la semana pasada despu\u00e9s de una inusitada ola de calor que subi\u00f3 la temperatura de esa zona unos 40 grados.<\/p>\n<p>\u201cNo es un episodio que genere una preocupaci\u00f3n inmediata porque tanto la barrera que se desintegr\u00f3 como el glaciar tiene vol\u00famenes bastante m\u00e1s peque\u00f1os que otros rompimientos que se registraron antes, pero el lugar en el que se dio es algo muy llamativo para toda la comunidad cient\u00edfica\u201d, afirm\u00f3 en di\u00e1logo con T\u00e9lam\u00a0<strong>Sebasti\u00e1n Marinsek, ingeniero en Electr\u00f3nica, graduado de la Universidad Tecnol\u00f3gica Nacional (UTN), que se desempe\u00f1a como jefe del Departamento de Glaciolog\u00eda de la Coordinaci\u00f3n de Ciencias de la Tierra del Instituto Ant\u00e1rtico Argentino (IAA).<\/strong><\/p>\n<p>El investigador, cuya \u00e1rea de estudio est\u00e1 relacionada con el balance de masa de los glaciares ant\u00e1rticos y el sensoriamento remoto indic\u00f3 que \u201cesta ruptura se dio al este del continente ant\u00e1rtico, una zona a la que la comunidad cient\u00edfica considera en equilibrio, con tendencias al descenso de temperaturas y como una gran masa de hielo estable; los grandes rompimientos de barreras de hielo en general se dan de este lado de la Ant\u00e1rtida sobre la pen\u00ednsula, fue un evento inesperado en un lugar donde nunca pasa nada, como una tormenta en el desierto\u201d.<\/p>\n<p>\u201cLas barreras de hielo est\u00e1n en flotaci\u00f3n por lo que su ruptura no afecta el nivel del mar, pero estas masas de hielo flotante son las que contienen el avance de los grandes glaciares afianzados en el continente que sin ellas como freno aceleran su tr\u00e1nsito hacia la costa aumentando el volumen de agua que pierden en el proceso y esto si puede incidir en la suba del nivel del mar\u201d, detall\u00f3.<\/p>\n<figure class=\"mb-3\"><img decoding=\"async\" src=\"https:\/\/www.telam.com.ar\/thumbs\/bluesteel\/advf\/imagenes\/2022\/03\/623e5b80b6c9a_900.jpg\" alt=\"Foto Prensa\" width=\"100%\" height=\"100%\" \/><\/p>\n<div class=\"media-icons\"><\/div><figcaption>(Foto Prensa)<\/figcaption><\/figure>\n<p>Marinsek estim\u00f3 que \u201csi bien la barrera ya presentaba alg\u00fan desgaste nadie esperaba el rompimiento, es muy probable que las subas de temperatura de m\u00e1s de 40 grados en promedio que se registraron en la zona la semana pasada hayan tenido que ver con este episodio, pero son cuestiones a corroborar por los investigadores\u201d.<\/p>\n<p><strong>\u201cNo se puede afirmar que este incidente haya tenido que ver con el cambio clim\u00e1tico, para eso deber\u00edamos haber visto episodios similares en el \u00e1rea y este por ahora es una singularidad que va a demandar de mucho trabajo de investigaci\u00f3n para ampliar el conocimiento cient\u00edfico<\/strong>; estas barreras tardan decenas de miles de a\u00f1os en formarse y su rompimiento genera oportunidades para entenderlas m\u00e1s profundamente\u201d, agreg\u00f3.<\/p>\n<p>Marinsek y su equipo trabajaron este verano en el territorio ant\u00e1rtico argentino realizando monitoreo de los glaciares de la zona e instalando sensores y c\u00e1maras financiados a trav\u00e9s de un programa del ministerio de Defensa para vigilar en tiempo real las condiciones ambientales del glaciar Bah\u00eda del Diablo en la isla Vega y de la pista a\u00e9rea de permafrost de la base Marambio.<\/p>\n<p><strong>\u00abColapso total de la plataforma de hielo Conger en la Ant\u00e1rtida del este el 15 de marzo (unos 1.200 km2)\u00bb<\/strong>, se\u00f1al\u00f3 la cient\u00edfica de la NASA Catherine Colello Walker, al publicar en su cuenta de la red Twitter im\u00e1genes de sat\u00e9lite del acontecimiento.<\/p>\n<p>Seg\u00fan el Centro Nacional del Hielo, la agencia estadounidense que vigila el hielo flotante, la desintegraci\u00f3n de esa plataforma dio lugar a un t\u00e9mpano de casi 30 km de largo y 18 km de ancho, llamado C38, que luego se rompi\u00f3 en dos pedazos.<\/p>\n<p>La formaci\u00f3n de t\u00e9mpanos, conocido como \u00abparto\u00bb, es un proceso natural, pero el calentamiento del aire y los oc\u00e9anos contribuyen a acelerarlo, de acuerdo con los cient\u00edficos.<\/p>\n<p>No es la primera vez que una barrera de la Ant\u00e1rtida se desintegra por completo. En 2002, la plataforma Larsen B, mucho m\u00e1s grande, se derrumb\u00f3, pero se encontraba en la Pen\u00ednsula Ant\u00e1rtica, al otro lado del continente.<\/p>\n<\/div>\n<\/div>\n<\/div>\n<\/div>\n<\/div>\n<\/div>\n<\/div>\n","protected":false},"excerpt":{"rendered":"<p>\u201cNo es un episodio que genere una preocupaci\u00f3n inmediata, pero el lugar en el que se dio es algo muy llamativo\u201d, afirm\u00f3 en charla con T\u00e9lam Sebasti\u00e1n Marinsek, ingeniero en Electr\u00f3nica.<\/p>\n","protected":false},"author":3,"featured_media":0,"comment_status":"closed","ping_status":"closed","sticky":false,"template":"","format":"standard","meta":{"footnotes":""},"categories":[46],"tags":[],"class_list":["post-69768","post","type-post","status-publish","format-standard","hentry","category-ciencia-y-tecnologia"],"yoast_head":"<!-- This site is optimized with the Yoast SEO plugin v25.9 - https:\/\/yoast.com\/wordpress\/plugins\/seo\/ -->\n<title>Una barrera de 1.200 kil\u00f3metros de hielo se rompi\u00f3 al este de la Ant\u00e1rtida - Noticias Radio Reflejos<\/title>\n<meta name=\"robots\" content=\"index, follow, max-snippet:-1, max-image-preview:large, max-video-preview:-1\" \/>\n<link rel=\"canonical\" href=\"https:\/\/www.noticiasradioreflejos.com.ar\/2021\/una-barrera-de-1-200-kilometros-de-hielo-se-rompio-al-este-de-la-antartida\/\" \/>\n<meta property=\"og:locale\" content=\"es_ES\" \/>\n<meta property=\"og:type\" content=\"article\" \/>\n<meta property=\"og:title\" content=\"Una barrera de 1.200 kil\u00f3metros de hielo se rompi\u00f3 al este de la Ant\u00e1rtida - Noticias Radio Reflejos\" \/>\n<meta property=\"og:description\" content=\"\u201cNo es un episodio que genere una preocupaci\u00f3n inmediata, pero el lugar en el que se dio es algo muy llamativo\u201d, afirm\u00f3 en charla con T\u00e9lam Sebasti\u00e1n Marinsek, ingeniero en Electr\u00f3nica.\" \/>\n<meta property=\"og:url\" content=\"https:\/\/www.noticiasradioreflejos.com.ar\/2021\/una-barrera-de-1-200-kilometros-de-hielo-se-rompio-al-este-de-la-antartida\/\" \/>\n<meta property=\"og:site_name\" content=\"Noticias Radio Reflejos\" \/>\n<meta property=\"article:published_time\" content=\"2022-03-26T14:14:24+00:00\" \/>\n<meta property=\"og:image\" content=\"https:\/\/www.telam.com.ar\/thumbs\/bluesteel\/advf\/imagenes\/2022\/03\/623e5b8095e94_900.jpg\" \/>\n<meta name=\"author\" content=\"Arnaldo Botto\" \/>\n<meta name=\"twitter:card\" content=\"summary_large_image\" \/>\n<script type=\"application\/ld+json\" class=\"yoast-schema-graph\">{\"@context\":\"https:\/\/schema.org\",\"@graph\":[{\"@type\":\"WebPage\",\"@id\":\"https:\/\/www.noticiasradioreflejos.com.ar\/2021\/una-barrera-de-1-200-kilometros-de-hielo-se-rompio-al-este-de-la-antartida\/\",\"url\":\"https:\/\/www.noticiasradioreflejos.com.ar\/2021\/una-barrera-de-1-200-kilometros-de-hielo-se-rompio-al-este-de-la-antartida\/\",\"name\":\"Una barrera de 1.200 kil\u00f3metros de hielo se rompi\u00f3 al este de la Ant\u00e1rtida - Noticias Radio Reflejos\",\"isPartOf\":{\"@id\":\"https:\/\/www.noticiasradioreflejos.com.ar\/2021\/#website\"},\"primaryImageOfPage\":{\"@id\":\"https:\/\/www.noticiasradioreflejos.com.ar\/2021\/una-barrera-de-1-200-kilometros-de-hielo-se-rompio-al-este-de-la-antartida\/#primaryimage\"},\"image\":{\"@id\":\"https:\/\/www.noticiasradioreflejos.com.ar\/2021\/una-barrera-de-1-200-kilometros-de-hielo-se-rompio-al-este-de-la-antartida\/#primaryimage\"},\"thumbnailUrl\":\"https:\/\/www.telam.com.ar\/thumbs\/bluesteel\/advf\/imagenes\/2022\/03\/623e5b8095e94_900.jpg\",\"datePublished\":\"2022-03-26T14:14:24+00:00\",\"author\":{\"@id\":\"https:\/\/www.noticiasradioreflejos.com.ar\/2021\/#\/schema\/person\/ad82545263dcc5ec0996818884fd5fb1\"},\"breadcrumb\":{\"@id\":\"https:\/\/www.noticiasradioreflejos.com.ar\/2021\/una-barrera-de-1-200-kilometros-de-hielo-se-rompio-al-este-de-la-antartida\/#breadcrumb\"},\"inLanguage\":\"es\",\"potentialAction\":[{\"@type\":\"ReadAction\",\"target\":[\"https:\/\/www.noticiasradioreflejos.com.ar\/2021\/una-barrera-de-1-200-kilometros-de-hielo-se-rompio-al-este-de-la-antartida\/\"]}]},{\"@type\":\"ImageObject\",\"inLanguage\":\"es\",\"@id\":\"https:\/\/www.noticiasradioreflejos.com.ar\/2021\/una-barrera-de-1-200-kilometros-de-hielo-se-rompio-al-este-de-la-antartida\/#primaryimage\",\"url\":\"https:\/\/www.telam.com.ar\/thumbs\/bluesteel\/advf\/imagenes\/2022\/03\/623e5b8095e94_900.jpg\",\"contentUrl\":\"https:\/\/www.telam.com.ar\/thumbs\/bluesteel\/advf\/imagenes\/2022\/03\/623e5b8095e94_900.jpg\"},{\"@type\":\"BreadcrumbList\",\"@id\":\"https:\/\/www.noticiasradioreflejos.com.ar\/2021\/una-barrera-de-1-200-kilometros-de-hielo-se-rompio-al-este-de-la-antartida\/#breadcrumb\",\"itemListElement\":[{\"@type\":\"ListItem\",\"position\":1,\"name\":\"Portada\",\"item\":\"https:\/\/www.noticiasradioreflejos.com.ar\/2021\/\"},{\"@type\":\"ListItem\",\"position\":2,\"name\":\"Una barrera de 1.200 kil\u00f3metros de hielo se rompi\u00f3 al este de la Ant\u00e1rtida\"}]},{\"@type\":\"WebSite\",\"@id\":\"https:\/\/www.noticiasradioreflejos.com.ar\/2021\/#website\",\"url\":\"https:\/\/www.noticiasradioreflejos.com.ar\/2021\/\",\"name\":\"Noticias Radio Reflejos\",\"description\":\"Las noticias de mi comarca\",\"potentialAction\":[{\"@type\":\"SearchAction\",\"target\":{\"@type\":\"EntryPoint\",\"urlTemplate\":\"https:\/\/www.noticiasradioreflejos.com.ar\/2021\/?s={search_term_string}\"},\"query-input\":{\"@type\":\"PropertyValueSpecification\",\"valueRequired\":true,\"valueName\":\"search_term_string\"}}],\"inLanguage\":\"es\"},{\"@type\":\"Person\",\"@id\":\"https:\/\/www.noticiasradioreflejos.com.ar\/2021\/#\/schema\/person\/ad82545263dcc5ec0996818884fd5fb1\",\"name\":\"Arnaldo Botto\",\"image\":{\"@type\":\"ImageObject\",\"inLanguage\":\"es\",\"@id\":\"https:\/\/www.noticiasradioreflejos.com.ar\/2021\/#\/schema\/person\/image\/\",\"url\":\"https:\/\/secure.gravatar.com\/avatar\/55cb5e37c1efa326397366e6974cb338056df65cb50e7d64d1cf314e87504837?s=96&d=mm&r=g\",\"contentUrl\":\"https:\/\/secure.gravatar.com\/avatar\/55cb5e37c1efa326397366e6974cb338056df65cb50e7d64d1cf314e87504837?s=96&d=mm&r=g\",\"caption\":\"Arnaldo Botto\"},\"url\":\"https:\/\/www.noticiasradioreflejos.com.ar\/2021\/author\/arnaldo\/\"}]}<\/script>\n<!-- \/ Yoast SEO plugin. -->","yoast_head_json":{"title":"Una barrera de 1.200 kil\u00f3metros de hielo se rompi\u00f3 al este de la Ant\u00e1rtida - Noticias Radio Reflejos","robots":{"index":"index","follow":"follow","max-snippet":"max-snippet:-1","max-image-preview":"max-image-preview:large","max-video-preview":"max-video-preview:-1"},"canonical":"https:\/\/www.noticiasradioreflejos.com.ar\/2021\/una-barrera-de-1-200-kilometros-de-hielo-se-rompio-al-este-de-la-antartida\/","og_locale":"es_ES","og_type":"article","og_title":"Una barrera de 1.200 kil\u00f3metros de hielo se rompi\u00f3 al este de la Ant\u00e1rtida - Noticias Radio Reflejos","og_description":"\u201cNo es un episodio que genere una preocupaci\u00f3n inmediata, pero el lugar en el que se dio es algo muy llamativo\u201d, afirm\u00f3 en charla con T\u00e9lam Sebasti\u00e1n Marinsek, ingeniero en Electr\u00f3nica.","og_url":"https:\/\/www.noticiasradioreflejos.com.ar\/2021\/una-barrera-de-1-200-kilometros-de-hielo-se-rompio-al-este-de-la-antartida\/","og_site_name":"Noticias Radio Reflejos","article_published_time":"2022-03-26T14:14:24+00:00","og_image":[{"url":"https:\/\/www.telam.com.ar\/thumbs\/bluesteel\/advf\/imagenes\/2022\/03\/623e5b8095e94_900.jpg","type":"","width":"","height":""}],"author":"Arnaldo Botto","twitter_card":"summary_large_image","schema":{"@context":"https:\/\/schema.org","@graph":[{"@type":"WebPage","@id":"https:\/\/www.noticiasradioreflejos.com.ar\/2021\/una-barrera-de-1-200-kilometros-de-hielo-se-rompio-al-este-de-la-antartida\/","url":"https:\/\/www.noticiasradioreflejos.com.ar\/2021\/una-barrera-de-1-200-kilometros-de-hielo-se-rompio-al-este-de-la-antartida\/","name":"Una barrera de 1.200 kil\u00f3metros de hielo se rompi\u00f3 al este de la Ant\u00e1rtida - Noticias Radio Reflejos","isPartOf":{"@id":"https:\/\/www.noticiasradioreflejos.com.ar\/2021\/#website"},"primaryImageOfPage":{"@id":"https:\/\/www.noticiasradioreflejos.com.ar\/2021\/una-barrera-de-1-200-kilometros-de-hielo-se-rompio-al-este-de-la-antartida\/#primaryimage"},"image":{"@id":"https:\/\/www.noticiasradioreflejos.com.ar\/2021\/una-barrera-de-1-200-kilometros-de-hielo-se-rompio-al-este-de-la-antartida\/#primaryimage"},"thumbnailUrl":"https:\/\/www.telam.com.ar\/thumbs\/bluesteel\/advf\/imagenes\/2022\/03\/623e5b8095e94_900.jpg","datePublished":"2022-03-26T14:14:24+00:00","author":{"@id":"https:\/\/www.noticiasradioreflejos.com.ar\/2021\/#\/schema\/person\/ad82545263dcc5ec0996818884fd5fb1"},"breadcrumb":{"@id":"https:\/\/www.noticiasradioreflejos.com.ar\/2021\/una-barrera-de-1-200-kilometros-de-hielo-se-rompio-al-este-de-la-antartida\/#breadcrumb"},"inLanguage":"es","potentialAction":[{"@type":"ReadAction","target":["https:\/\/www.noticiasradioreflejos.com.ar\/2021\/una-barrera-de-1-200-kilometros-de-hielo-se-rompio-al-este-de-la-antartida\/"]}]},{"@type":"ImageObject","inLanguage":"es","@id":"https:\/\/www.noticiasradioreflejos.com.ar\/2021\/una-barrera-de-1-200-kilometros-de-hielo-se-rompio-al-este-de-la-antartida\/#primaryimage","url":"https:\/\/www.telam.com.ar\/thumbs\/bluesteel\/advf\/imagenes\/2022\/03\/623e5b8095e94_900.jpg","contentUrl":"https:\/\/www.telam.com.ar\/thumbs\/bluesteel\/advf\/imagenes\/2022\/03\/623e5b8095e94_900.jpg"},{"@type":"BreadcrumbList","@id":"https:\/\/www.noticiasradioreflejos.com.ar\/2021\/una-barrera-de-1-200-kilometros-de-hielo-se-rompio-al-este-de-la-antartida\/#breadcrumb","itemListElement":[{"@type":"ListItem","position":1,"name":"Portada","item":"https:\/\/www.noticiasradioreflejos.com.ar\/2021\/"},{"@type":"ListItem","position":2,"name":"Una barrera de 1.200 kil\u00f3metros de hielo se rompi\u00f3 al este de la Ant\u00e1rtida"}]},{"@type":"WebSite","@id":"https:\/\/www.noticiasradioreflejos.com.ar\/2021\/#website","url":"https:\/\/www.noticiasradioreflejos.com.ar\/2021\/","name":"Noticias Radio Reflejos","description":"Las noticias de mi comarca","potentialAction":[{"@type":"SearchAction","target":{"@type":"EntryPoint","urlTemplate":"https:\/\/www.noticiasradioreflejos.com.ar\/2021\/?s={search_term_string}"},"query-input":{"@type":"PropertyValueSpecification","valueRequired":true,"valueName":"search_term_string"}}],"inLanguage":"es"},{"@type":"Person","@id":"https:\/\/www.noticiasradioreflejos.com.ar\/2021\/#\/schema\/person\/ad82545263dcc5ec0996818884fd5fb1","name":"Arnaldo Botto","image":{"@type":"ImageObject","inLanguage":"es","@id":"https:\/\/www.noticiasradioreflejos.com.ar\/2021\/#\/schema\/person\/image\/","url":"https:\/\/secure.gravatar.com\/avatar\/55cb5e37c1efa326397366e6974cb338056df65cb50e7d64d1cf314e87504837?s=96&d=mm&r=g","contentUrl":"https:\/\/secure.gravatar.com\/avatar\/55cb5e37c1efa326397366e6974cb338056df65cb50e7d64d1cf314e87504837?s=96&d=mm&r=g","caption":"Arnaldo Botto"},"url":"https:\/\/www.noticiasradioreflejos.com.ar\/2021\/author\/arnaldo\/"}]}},"_links":{"self":[{"href":"https:\/\/www.noticiasradioreflejos.com.ar\/2021\/wp-json\/wp\/v2\/posts\/69768","targetHints":{"allow":["GET"]}}],"collection":[{"href":"https:\/\/www.noticiasradioreflejos.com.ar\/2021\/wp-json\/wp\/v2\/posts"}],"about":[{"href":"https:\/\/www.noticiasradioreflejos.com.ar\/2021\/wp-json\/wp\/v2\/types\/post"}],"author":[{"embeddable":true,"href":"https:\/\/www.noticiasradioreflejos.com.ar\/2021\/wp-json\/wp\/v2\/users\/3"}],"replies":[{"embeddable":true,"href":"https:\/\/www.noticiasradioreflejos.com.ar\/2021\/wp-json\/wp\/v2\/comments?post=69768"}],"version-history":[{"count":1,"href":"https:\/\/www.noticiasradioreflejos.com.ar\/2021\/wp-json\/wp\/v2\/posts\/69768\/revisions"}],"predecessor-version":[{"id":69770,"href":"https:\/\/www.noticiasradioreflejos.com.ar\/2021\/wp-json\/wp\/v2\/posts\/69768\/revisions\/69770"}],"wp:attachment":[{"href":"https:\/\/www.noticiasradioreflejos.com.ar\/2021\/wp-json\/wp\/v2\/media?parent=69768"}],"wp:term":[{"taxonomy":"category","embeddable":true,"href":"https:\/\/www.noticiasradioreflejos.com.ar\/2021\/wp-json\/wp\/v2\/categories?post=69768"},{"taxonomy":"post_tag","embeddable":true,"href":"https:\/\/www.noticiasradioreflejos.com.ar\/2021\/wp-json\/wp\/v2\/tags?post=69768"}],"curies":[{"name":"wp","href":"https:\/\/api.w.org\/{rel}","templated":true}]}}