{"id":69756,"date":"2022-03-25T20:06:52","date_gmt":"2022-03-25T20:06:52","guid":{"rendered":"http:\/\/www.noticiasradioreflejos.com.ar\/2021\/?p=69756"},"modified":"2022-03-28T11:03:34","modified_gmt":"2022-03-28T11:03:34","slug":"invitaria-al-intendente-a-que-se-acerque-a-mi-casa-y-vea-las-condiciones-que-vivo-con-mis-criaturas","status":"publish","type":"post","link":"https:\/\/www.noticiasradioreflejos.com.ar\/2021\/invitaria-al-intendente-a-que-se-acerque-a-mi-casa-y-vea-las-condiciones-que-vivo-con-mis-criaturas\/","title":{"rendered":"\u00abInvitar\u00eda al intendente a que se acerque a mi casa y vea las condiciones que vivo con mis criaturas\u00bb"},"content":{"rendered":"<p><strong>Maira Trejo, vecina de Saldungaray<\/strong>, expone su situaci\u00f3n habitacional, la cual se ha agravado con el temporal que comenz\u00f3 el d\u00eda mi\u00e9rcoles. La vecina solicita la ayuda del municipio para poder construir su propia vivienda y mejorar su calidad de vida y la de sus hijos.<!--more--><\/p>\n<p>\u00abHoy estoy alquilando en Saldungaray y la casa se llueve todo. Tengo un mont\u00f3n de cosas que se han roto. Lo invitar\u00eda al intendente a que se acerque a mi casa y vea las condiciones que vivo con mis criaturas\u00bb expuso Maira su situaci\u00f3n actual, agravada por el gran temporal que comenz\u00f3 el d\u00eda mi\u00e9rcoles.<\/p>\n<p>&nbsp;<\/p>\n<p><a title=\"Mayra Trejo\" href=\"https:\/\/www.flickr.com\/photos\/182279889@N02\/51960293983\/in\/dateposted-public\/\" data-flickr-embed=\"true\"><img loading=\"lazy\" decoding=\"async\" src=\"https:\/\/live.staticflickr.com\/31337\/51960293983_78a62d6208_w.jpg\" alt=\"Mayra Trejo\" width=\"198\" height=\"360\" \/><\/a><script async src=\"\/\/embedr.flickr.com\/assets\/client-code.js\" charset=\"utf-8\"><\/script><br \/>\n<em><strong>En el video filmado por Mayra se puede apreciar las m\u00faltiples goteras que tiene su vivienda<\/strong><\/em><\/p>\n<p>Maira solicita la ayuda del municipio para poder solventar la construcci\u00f3n de un inmueble en un terreno que se le otorg\u00f3 durante la administraci\u00f3n municipal anterior para poder mejorar sus condiciones de vida y que ella, en el tiempo, devolver\u00eda ese dinero. \u00abYo trabajo por horas y he podido pagar mi alquiler y eso, hoy estoy complicada. Sal\u00ed de una operaci\u00f3n y reci\u00e9n ahora volv\u00ed a trabajar\u00bb, agrega que se mantiene con las Asignaciones por sus dos hijos menores.<\/p>\n<p>\u00abYo lo \u00fanico que pido es que me den ayuda con los materiales, yo se los pago\u00bb volvi\u00f3 a solicitar, resaltando que lo \u00fanico que ha recibido del municipio es la negativa a su petici\u00f3n.<\/p>\n<p>Nota completa a continuaci\u00f3n:<br \/>\n<iframe loading=\"lazy\" src=\"https:\/\/w.soundcloud.com\/player\/?url=https%3A\/\/api.soundcloud.com\/tracks\/1238666362&amp;color=%23ff5500&amp;auto_play=false&amp;hide_related=false&amp;show_comments=true&amp;show_user=true&amp;show_reposts=false&amp;show_teaser=true&amp;visual=true\" width=\"100%\" height=\"300\" frameborder=\"no\" scrolling=\"no\"><\/iframe><\/p>\n<div style=\"font-size: 10px; color: #cccccc; line-break: anywhere; word-break: normal; overflow: hidden; white-space: nowrap; text-overflow: ellipsis; font-family: Interstate,Lucida Grande,Lucida Sans Unicode,Lucida Sans,Garuda,Verdana,Tahoma,sans-serif; font-weight: 100;\"><a style=\"color: #cccccc; text-decoration: none;\" title=\"fmreflejos 103.7\" href=\"https:\/\/soundcloud.com\/fmreflejos-103-7\" target=\"_blank\" rel=\"noopener\">fmreflejos 103.7<\/a> \u00b7 <a style=\"color: #cccccc; text-decoration: none;\" title=\"Maira Trejo\" href=\"https:\/\/soundcloud.com\/fmreflejos-103-7\/maira-trejo\" target=\"_blank\" rel=\"noopener\">Maira Trejo<\/a><\/div>\n","protected":false},"excerpt":{"rendered":"<p>Maira Trejo, vecina de Saldungaray, expone su situaci\u00f3n habitacional, la cual se ha agravado con el temporal que comenz\u00f3 el d\u00eda mi\u00e9rcoles. La vecina solicita la ayuda del municipio para poder construir su propia vivienda y mejorar su calidad de vida y la de sus hijos.<\/p>\n","protected":false},"author":3,"featured_media":69759,"comment_status":"closed","ping_status":"closed","sticky":false,"template":"","format":"standard","meta":{"footnotes":""},"categories":[24,26],"tags":[],"class_list":["post-69756","post","type-post","status-publish","format-standard","has-post-thumbnail","hentry","category-politica","category-sociedad"],"yoast_head":"<!-- This site is optimized with the Yoast SEO plugin v25.9 - https:\/\/yoast.com\/wordpress\/plugins\/seo\/ -->\n<title>&quot;Invitar\u00eda al intendente a que se acerque a mi casa y vea las condiciones que vivo con mis criaturas&quot; - Noticias Radio Reflejos<\/title>\n<meta name=\"robots\" content=\"index, follow, max-snippet:-1, max-image-preview:large, max-video-preview:-1\" \/>\n<link rel=\"canonical\" href=\"https:\/\/www.noticiasradioreflejos.com.ar\/2021\/invitaria-al-intendente-a-que-se-acerque-a-mi-casa-y-vea-las-condiciones-que-vivo-con-mis-criaturas\/\" \/>\n<meta property=\"og:locale\" content=\"es_ES\" \/>\n<meta property=\"og:type\" content=\"article\" \/>\n<meta property=\"og:title\" content=\"&quot;Invitar\u00eda al intendente a que se acerque a mi casa y vea las condiciones que vivo con mis criaturas&quot; - Noticias Radio Reflejos\" \/>\n<meta property=\"og:description\" content=\"Maira Trejo, vecina de Saldungaray, expone su situaci\u00f3n habitacional, la cual se ha agravado con el temporal que comenz\u00f3 el d\u00eda mi\u00e9rcoles. La vecina solicita la ayuda del municipio para poder construir su propia vivienda y mejorar su calidad de vida y la de sus hijos.\" \/>\n<meta property=\"og:url\" content=\"https:\/\/www.noticiasradioreflejos.com.ar\/2021\/invitaria-al-intendente-a-que-se-acerque-a-mi-casa-y-vea-las-condiciones-que-vivo-con-mis-criaturas\/\" \/>\n<meta property=\"og:site_name\" content=\"Noticias Radio Reflejos\" \/>\n<meta property=\"article:published_time\" content=\"2022-03-25T20:06:52+00:00\" \/>\n<meta property=\"article:modified_time\" content=\"2022-03-28T11:03:34+00:00\" \/>\n<meta property=\"og:image\" content=\"https:\/\/www.noticiasradioreflejos.com.ar\/2021\/wp-content\/uploads\/2022\/03\/goteras.png\" \/>\n\t<meta property=\"og:image:width\" content=\"663\" \/>\n\t<meta property=\"og:image:height\" content=\"561\" \/>\n\t<meta property=\"og:image:type\" content=\"image\/png\" \/>\n<meta name=\"author\" content=\"Arnaldo Botto\" \/>\n<meta name=\"twitter:card\" content=\"summary_large_image\" \/>\n<script type=\"application\/ld+json\" class=\"yoast-schema-graph\">{\"@context\":\"https:\/\/schema.org\",\"@graph\":[{\"@type\":\"WebPage\",\"@id\":\"https:\/\/www.noticiasradioreflejos.com.ar\/2021\/invitaria-al-intendente-a-que-se-acerque-a-mi-casa-y-vea-las-condiciones-que-vivo-con-mis-criaturas\/\",\"url\":\"https:\/\/www.noticiasradioreflejos.com.ar\/2021\/invitaria-al-intendente-a-que-se-acerque-a-mi-casa-y-vea-las-condiciones-que-vivo-con-mis-criaturas\/\",\"name\":\"\\\"Invitar\u00eda al intendente a que se acerque a mi casa y vea las condiciones que vivo con mis criaturas\\\" - Noticias Radio Reflejos\",\"isPartOf\":{\"@id\":\"https:\/\/www.noticiasradioreflejos.com.ar\/2021\/#website\"},\"primaryImageOfPage\":{\"@id\":\"https:\/\/www.noticiasradioreflejos.com.ar\/2021\/invitaria-al-intendente-a-que-se-acerque-a-mi-casa-y-vea-las-condiciones-que-vivo-con-mis-criaturas\/#primaryimage\"},\"image\":{\"@id\":\"https:\/\/www.noticiasradioreflejos.com.ar\/2021\/invitaria-al-intendente-a-que-se-acerque-a-mi-casa-y-vea-las-condiciones-que-vivo-con-mis-criaturas\/#primaryimage\"},\"thumbnailUrl\":\"https:\/\/www.noticiasradioreflejos.com.ar\/2021\/wp-content\/uploads\/2022\/03\/goteras.png\",\"datePublished\":\"2022-03-25T20:06:52+00:00\",\"dateModified\":\"2022-03-28T11:03:34+00:00\",\"author\":{\"@id\":\"https:\/\/www.noticiasradioreflejos.com.ar\/2021\/#\/schema\/person\/ad82545263dcc5ec0996818884fd5fb1\"},\"breadcrumb\":{\"@id\":\"https:\/\/www.noticiasradioreflejos.com.ar\/2021\/invitaria-al-intendente-a-que-se-acerque-a-mi-casa-y-vea-las-condiciones-que-vivo-con-mis-criaturas\/#breadcrumb\"},\"inLanguage\":\"es\",\"potentialAction\":[{\"@type\":\"ReadAction\",\"target\":[\"https:\/\/www.noticiasradioreflejos.com.ar\/2021\/invitaria-al-intendente-a-que-se-acerque-a-mi-casa-y-vea-las-condiciones-que-vivo-con-mis-criaturas\/\"]}]},{\"@type\":\"ImageObject\",\"inLanguage\":\"es\",\"@id\":\"https:\/\/www.noticiasradioreflejos.com.ar\/2021\/invitaria-al-intendente-a-que-se-acerque-a-mi-casa-y-vea-las-condiciones-que-vivo-con-mis-criaturas\/#primaryimage\",\"url\":\"https:\/\/www.noticiasradioreflejos.com.ar\/2021\/wp-content\/uploads\/2022\/03\/goteras.png\",\"contentUrl\":\"https:\/\/www.noticiasradioreflejos.com.ar\/2021\/wp-content\/uploads\/2022\/03\/goteras.png\",\"width\":663,\"height\":561},{\"@type\":\"BreadcrumbList\",\"@id\":\"https:\/\/www.noticiasradioreflejos.com.ar\/2021\/invitaria-al-intendente-a-que-se-acerque-a-mi-casa-y-vea-las-condiciones-que-vivo-con-mis-criaturas\/#breadcrumb\",\"itemListElement\":[{\"@type\":\"ListItem\",\"position\":1,\"name\":\"Portada\",\"item\":\"https:\/\/www.noticiasradioreflejos.com.ar\/2021\/\"},{\"@type\":\"ListItem\",\"position\":2,\"name\":\"\u00abInvitar\u00eda al intendente a que se acerque a mi casa y vea las condiciones que vivo con mis criaturas\u00bb\"}]},{\"@type\":\"WebSite\",\"@id\":\"https:\/\/www.noticiasradioreflejos.com.ar\/2021\/#website\",\"url\":\"https:\/\/www.noticiasradioreflejos.com.ar\/2021\/\",\"name\":\"Noticias Radio Reflejos\",\"description\":\"Las noticias de mi comarca\",\"potentialAction\":[{\"@type\":\"SearchAction\",\"target\":{\"@type\":\"EntryPoint\",\"urlTemplate\":\"https:\/\/www.noticiasradioreflejos.com.ar\/2021\/?s={search_term_string}\"},\"query-input\":{\"@type\":\"PropertyValueSpecification\",\"valueRequired\":true,\"valueName\":\"search_term_string\"}}],\"inLanguage\":\"es\"},{\"@type\":\"Person\",\"@id\":\"https:\/\/www.noticiasradioreflejos.com.ar\/2021\/#\/schema\/person\/ad82545263dcc5ec0996818884fd5fb1\",\"name\":\"Arnaldo Botto\",\"image\":{\"@type\":\"ImageObject\",\"inLanguage\":\"es\",\"@id\":\"https:\/\/www.noticiasradioreflejos.com.ar\/2021\/#\/schema\/person\/image\/\",\"url\":\"https:\/\/secure.gravatar.com\/avatar\/55cb5e37c1efa326397366e6974cb338056df65cb50e7d64d1cf314e87504837?s=96&d=mm&r=g\",\"contentUrl\":\"https:\/\/secure.gravatar.com\/avatar\/55cb5e37c1efa326397366e6974cb338056df65cb50e7d64d1cf314e87504837?s=96&d=mm&r=g\",\"caption\":\"Arnaldo Botto\"},\"url\":\"https:\/\/www.noticiasradioreflejos.com.ar\/2021\/author\/arnaldo\/\"}]}<\/script>\n<!-- \/ Yoast SEO plugin. -->","yoast_head_json":{"title":"\"Invitar\u00eda al intendente a que se acerque a mi casa y vea las condiciones que vivo con mis criaturas\" - Noticias Radio Reflejos","robots":{"index":"index","follow":"follow","max-snippet":"max-snippet:-1","max-image-preview":"max-image-preview:large","max-video-preview":"max-video-preview:-1"},"canonical":"https:\/\/www.noticiasradioreflejos.com.ar\/2021\/invitaria-al-intendente-a-que-se-acerque-a-mi-casa-y-vea-las-condiciones-que-vivo-con-mis-criaturas\/","og_locale":"es_ES","og_type":"article","og_title":"\"Invitar\u00eda al intendente a que se acerque a mi casa y vea las condiciones que vivo con mis criaturas\" - Noticias Radio Reflejos","og_description":"Maira Trejo, vecina de Saldungaray, expone su situaci\u00f3n habitacional, la cual se ha agravado con el temporal que comenz\u00f3 el d\u00eda mi\u00e9rcoles. La vecina solicita la ayuda del municipio para poder construir su propia vivienda y mejorar su calidad de vida y la de sus hijos.","og_url":"https:\/\/www.noticiasradioreflejos.com.ar\/2021\/invitaria-al-intendente-a-que-se-acerque-a-mi-casa-y-vea-las-condiciones-que-vivo-con-mis-criaturas\/","og_site_name":"Noticias Radio Reflejos","article_published_time":"2022-03-25T20:06:52+00:00","article_modified_time":"2022-03-28T11:03:34+00:00","og_image":[{"width":663,"height":561,"url":"https:\/\/www.noticiasradioreflejos.com.ar\/2021\/wp-content\/uploads\/2022\/03\/goteras.png","type":"image\/png"}],"author":"Arnaldo Botto","twitter_card":"summary_large_image","schema":{"@context":"https:\/\/schema.org","@graph":[{"@type":"WebPage","@id":"https:\/\/www.noticiasradioreflejos.com.ar\/2021\/invitaria-al-intendente-a-que-se-acerque-a-mi-casa-y-vea-las-condiciones-que-vivo-con-mis-criaturas\/","url":"https:\/\/www.noticiasradioreflejos.com.ar\/2021\/invitaria-al-intendente-a-que-se-acerque-a-mi-casa-y-vea-las-condiciones-que-vivo-con-mis-criaturas\/","name":"\"Invitar\u00eda al intendente a que se acerque a mi casa y vea las condiciones que vivo con mis criaturas\" - Noticias Radio Reflejos","isPartOf":{"@id":"https:\/\/www.noticiasradioreflejos.com.ar\/2021\/#website"},"primaryImageOfPage":{"@id":"https:\/\/www.noticiasradioreflejos.com.ar\/2021\/invitaria-al-intendente-a-que-se-acerque-a-mi-casa-y-vea-las-condiciones-que-vivo-con-mis-criaturas\/#primaryimage"},"image":{"@id":"https:\/\/www.noticiasradioreflejos.com.ar\/2021\/invitaria-al-intendente-a-que-se-acerque-a-mi-casa-y-vea-las-condiciones-que-vivo-con-mis-criaturas\/#primaryimage"},"thumbnailUrl":"https:\/\/www.noticiasradioreflejos.com.ar\/2021\/wp-content\/uploads\/2022\/03\/goteras.png","datePublished":"2022-03-25T20:06:52+00:00","dateModified":"2022-03-28T11:03:34+00:00","author":{"@id":"https:\/\/www.noticiasradioreflejos.com.ar\/2021\/#\/schema\/person\/ad82545263dcc5ec0996818884fd5fb1"},"breadcrumb":{"@id":"https:\/\/www.noticiasradioreflejos.com.ar\/2021\/invitaria-al-intendente-a-que-se-acerque-a-mi-casa-y-vea-las-condiciones-que-vivo-con-mis-criaturas\/#breadcrumb"},"inLanguage":"es","potentialAction":[{"@type":"ReadAction","target":["https:\/\/www.noticiasradioreflejos.com.ar\/2021\/invitaria-al-intendente-a-que-se-acerque-a-mi-casa-y-vea-las-condiciones-que-vivo-con-mis-criaturas\/"]}]},{"@type":"ImageObject","inLanguage":"es","@id":"https:\/\/www.noticiasradioreflejos.com.ar\/2021\/invitaria-al-intendente-a-que-se-acerque-a-mi-casa-y-vea-las-condiciones-que-vivo-con-mis-criaturas\/#primaryimage","url":"https:\/\/www.noticiasradioreflejos.com.ar\/2021\/wp-content\/uploads\/2022\/03\/goteras.png","contentUrl":"https:\/\/www.noticiasradioreflejos.com.ar\/2021\/wp-content\/uploads\/2022\/03\/goteras.png","width":663,"height":561},{"@type":"BreadcrumbList","@id":"https:\/\/www.noticiasradioreflejos.com.ar\/2021\/invitaria-al-intendente-a-que-se-acerque-a-mi-casa-y-vea-las-condiciones-que-vivo-con-mis-criaturas\/#breadcrumb","itemListElement":[{"@type":"ListItem","position":1,"name":"Portada","item":"https:\/\/www.noticiasradioreflejos.com.ar\/2021\/"},{"@type":"ListItem","position":2,"name":"\u00abInvitar\u00eda al intendente a que se acerque a mi casa y vea las condiciones que vivo con mis criaturas\u00bb"}]},{"@type":"WebSite","@id":"https:\/\/www.noticiasradioreflejos.com.ar\/2021\/#website","url":"https:\/\/www.noticiasradioreflejos.com.ar\/2021\/","name":"Noticias Radio Reflejos","description":"Las noticias de mi comarca","potentialAction":[{"@type":"SearchAction","target":{"@type":"EntryPoint","urlTemplate":"https:\/\/www.noticiasradioreflejos.com.ar\/2021\/?s={search_term_string}"},"query-input":{"@type":"PropertyValueSpecification","valueRequired":true,"valueName":"search_term_string"}}],"inLanguage":"es"},{"@type":"Person","@id":"https:\/\/www.noticiasradioreflejos.com.ar\/2021\/#\/schema\/person\/ad82545263dcc5ec0996818884fd5fb1","name":"Arnaldo Botto","image":{"@type":"ImageObject","inLanguage":"es","@id":"https:\/\/www.noticiasradioreflejos.com.ar\/2021\/#\/schema\/person\/image\/","url":"https:\/\/secure.gravatar.com\/avatar\/55cb5e37c1efa326397366e6974cb338056df65cb50e7d64d1cf314e87504837?s=96&d=mm&r=g","contentUrl":"https:\/\/secure.gravatar.com\/avatar\/55cb5e37c1efa326397366e6974cb338056df65cb50e7d64d1cf314e87504837?s=96&d=mm&r=g","caption":"Arnaldo Botto"},"url":"https:\/\/www.noticiasradioreflejos.com.ar\/2021\/author\/arnaldo\/"}]}},"_links":{"self":[{"href":"https:\/\/www.noticiasradioreflejos.com.ar\/2021\/wp-json\/wp\/v2\/posts\/69756","targetHints":{"allow":["GET"]}}],"collection":[{"href":"https:\/\/www.noticiasradioreflejos.com.ar\/2021\/wp-json\/wp\/v2\/posts"}],"about":[{"href":"https:\/\/www.noticiasradioreflejos.com.ar\/2021\/wp-json\/wp\/v2\/types\/post"}],"author":[{"embeddable":true,"href":"https:\/\/www.noticiasradioreflejos.com.ar\/2021\/wp-json\/wp\/v2\/users\/3"}],"replies":[{"embeddable":true,"href":"https:\/\/www.noticiasradioreflejos.com.ar\/2021\/wp-json\/wp\/v2\/comments?post=69756"}],"version-history":[{"count":2,"href":"https:\/\/www.noticiasradioreflejos.com.ar\/2021\/wp-json\/wp\/v2\/posts\/69756\/revisions"}],"predecessor-version":[{"id":69760,"href":"https:\/\/www.noticiasradioreflejos.com.ar\/2021\/wp-json\/wp\/v2\/posts\/69756\/revisions\/69760"}],"wp:featuredmedia":[{"embeddable":true,"href":"https:\/\/www.noticiasradioreflejos.com.ar\/2021\/wp-json\/wp\/v2\/media\/69759"}],"wp:attachment":[{"href":"https:\/\/www.noticiasradioreflejos.com.ar\/2021\/wp-json\/wp\/v2\/media?parent=69756"}],"wp:term":[{"taxonomy":"category","embeddable":true,"href":"https:\/\/www.noticiasradioreflejos.com.ar\/2021\/wp-json\/wp\/v2\/categories?post=69756"},{"taxonomy":"post_tag","embeddable":true,"href":"https:\/\/www.noticiasradioreflejos.com.ar\/2021\/wp-json\/wp\/v2\/tags?post=69756"}],"curies":[{"name":"wp","href":"https:\/\/api.w.org\/{rel}","templated":true}]}}