{"id":69742,"date":"2022-03-25T13:52:44","date_gmt":"2022-03-25T13:52:44","guid":{"rendered":"http:\/\/www.noticiasradioreflejos.com.ar\/2021\/?p=69742"},"modified":"2022-03-25T13:52:44","modified_gmt":"2022-03-25T13:52:44","slug":"dos-destinos-bonaerenses-para-descubrir-sabores-y-arquitectura","status":"publish","type":"post","link":"https:\/\/www.noticiasradioreflejos.com.ar\/2021\/dos-destinos-bonaerenses-para-descubrir-sabores-y-arquitectura\/","title":{"rendered":"Dos destinos Bonaerenses para descubrir sabores y arquitectura."},"content":{"rendered":"<p style=\"font-weight: 400;\">La diversidad de la provincia de Buenos Aires se plasma en destinos emergentes que sorprenden a los turistas con sus atractivos edilicios, deleitan con su gastronom\u00eda y atesoran historias y personajes.<\/p>\n<p style=\"font-weight: 400;\">General Guido y Alberti invitan a conocer sus joyas locales en una visita de un d\u00eda o durante un fin de semana.<!--more--><\/p>\n<p style=\"font-weight: 400;\"><strong>Tranquilidad y sabor a tradici\u00f3n<\/strong><\/p>\n<p style=\"font-weight: 400;\">General Guido se encuentra en el kil\u00f3metro 250 de la Autov\u00eda 2, de la mano que va hacia la ciudad de Mar del Plata. Es el sitio ideal para quienes deseen hacer un alto en el trayecto y descubrir este destino bonaerense.<\/p>\n<p style=\"font-weight: 400;\">Fundada el 25 de diciembre de 1839 a trav\u00e9s de un decreto firmado por el gobernador Juan Manuel de Rosas, hasta esa fecha form\u00f3 parte del partido de Tandil. La ciudad cabecera lleva el mismo nombre que el distrito y se caracteriza por sus barrios antiguos de casas bajas, con calles angostas y tranquilidad pueblerina.<\/p>\n<p style=\"font-weight: 400;\">Los turistas podr\u00e1n visitar los museos Chelforo y Del Vecino cuyas salas recorren la historia del pago y donde se llevan adelante diferentes propuestas durante todo el a\u00f1o.<\/p>\n<p style=\"font-weight: 400;\">La ciudad cuenta con un importante n\u00famero de espacios verdes y la laguna El Mirador, que se extiende de una punta a la otra de la superficie, cuya costanera es el punto de encuentro para las actividades al aire libre. Sus 155 hect\u00e1reas ofrecen espacios infantiles recreativos, zona de pesca y sitios para la observaci\u00f3n de flora y fauna.<\/p>\n<p style=\"font-weight: 400;\">Otro de los imperdibles de General Guido son las tortas negras de la localidad de Labard\u00e9n que se tornaron famosas por su sabor \u00fanico e indescriptible. Desde 1978 la familia Morando deleita con estas confituras elaboradas a partir de una receta secreta y un horno templado con le\u00f1a de quebracho y eucalipto.<\/p>\n<p style=\"font-weight: 400;\">Hace m\u00e1s de cuarenta a\u00f1os Germ\u00e1n Angel y Germ\u00e1n Lorenzo Morendo abrieron las puertas de Panader\u00eda Labard\u00e9n. Hoy ese afecto por los panificados se mantiene intacto porque la cuarta generaci\u00f3n de la familia lleva adelante con la misma tradici\u00f3n el local de la Panader\u00eda Chito.<\/p>\n<p style=\"font-weight: 400;\">Por esa promesa de sensaciones placenteras en el paladar dicen que es imposible pasar por este pueblo sin llevarse una docena de facturas, y\u00a0para quienes disfrutan de la vida rural tendr\u00e1n la oportunidad de degustarlas mientras visitan los parajes La Posta y La Uni\u00f3n.<\/p>\n<p style=\"font-weight: 400;\">La Fiesta del fort\u00edn Tom\u00e1s Guido, la de Tranqueras Abiertas, la de \u201cEl Modelito\u201d, la del Caballo y la de su aniversario de fundaci\u00f3n, son los eventos destacados que celebra el municipio en distintos meses del a\u00f1o.<\/p>\n<p style=\"font-weight: 400;\"><strong>Arquitectura, museos y escritores<\/strong><\/p>\n<p style=\"font-weight: 400;\">El municipio de Alberti, destacado por su imponente patrimonio edilicio, sus parques y sus pueblos rurales, se encuentra junto al r\u00edo Salado, en el kil\u00f3metro 189 de la Ruta Nacional N\u00b05<strong>.<\/strong><\/p>\n<p style=\"font-weight: 400;\">Es cuna de escritores como Leonildo Praga, Angela Colombo y Vicente Barbieri, integrante de la Generaci\u00f3n del 40, conocido como \u201cel poeta del Salado\u201d por la presencia constante de ese recurso cuyo texto ic\u00f3nico es \u201cR\u00edo distante\u201d.<\/p>\n<p style=\"font-weight: 400;\">El dise\u00f1o de la ciudad propone un viaje por la arquitectura del siglo XIX debido al estado de conservaci\u00f3n de los edificios.<\/p>\n<p><a title=\"Alberti-Palacio_Municipal (1)\" href=\"https:\/\/www.flickr.com\/photos\/182279889@N02\/51960261128\/in\/dateposted-public\/\" data-flickr-embed=\"true\"><img loading=\"lazy\" decoding=\"async\" src=\"https:\/\/live.staticflickr.com\/65535\/51960261128_a598704a8e_c.jpg\" alt=\"Alberti-Palacio_Municipal (1)\" width=\"800\" height=\"685\" \/><\/a><script async src=\"\/\/embedr.flickr.com\/assets\/client-code.js\" charset=\"utf-8\"><\/script><\/p>\n<p style=\"font-weight: 400;\">La Casa Museo \u201cEl Molino\u201d fue construida en 1871 y pertenece a Andr\u00e9s Vaccarezza, fundador del pueblo. Se trata del casco de una estancia que se levanta sobre la actual avenida principal frente a la plaza General Arias. Cuenta con una vasta colecci\u00f3n de antig\u00fcedades como vajilla, muebles, planos y fotograf\u00edas.<\/p>\n<p style=\"font-weight: 400;\">Cerca de la vivienda se pueden observar los restos del molino harinero que dio origen al primer n\u00facleo poblacional en esta regi\u00f3n bonaerense. El sitio recibi\u00f3 la declaratoria de Monumento Hist\u00f3rico Municipal en 1993, y la de Sitio Hist\u00f3rico Provincial en 1995.<\/p>\n<p style=\"font-weight: 400;\">Dentro del circuito fundacional se puede recorrer la plaza General Arias, cuyo m\u00e1stil central fue dise\u00f1ado por el arquitecto Francisco Salamone y el monumento a Manuel Alberti, esculpido por Pietro Costa.<\/p>\n<p style=\"font-weight: 400;\">Otras joyas de la arquitectura local son la parroquia Nuestra Se\u00f1ora del Rosario erigida el 25 de mayo de 1941 por el arquitecto modernista Carlos Ancell, el front\u00f3n de ingreso y la b\u00f3veda familiar Vaccareza del cementerio, obras de Ancell, y la morgue construida por Salamone en su caracter\u00edstico estilo Art Dec\u00f3.<\/p>\n<p style=\"font-weight: 400;\">El parque municipal San Mart\u00edn est\u00e1 dentro de las opciones principales para disfrutar del aire libre y la naturaleza. Tiene complejos de parrilla, ba\u00f1os p\u00fablicos, sectores de juegos, la calesita \u201cLa barullera\u00bb y un lago artificial. Adem\u00e1s el portal de acceso al predio posee la inconfundible huella salam\u00f3nica.<\/p>\n<p style=\"font-weight: 400;\">Los cinco pueblos rurales para recorrer el campo bonaerense en Alberti son Pla, Coronel Mom, Achupallas, Coronel Segu\u00ed y Mechita. Esta \u00faltima peque\u00f1a localidad tiene la singularidad de pertenecer tambi\u00e9n al distrito de Bragado, y la\u00a0 doble jurisdicci\u00f3n le otorga una fuerte identidad ferroviaria.<\/p>\n<p style=\"font-weight: 400;\">General Guido y Alberti son dos municipios que a trav\u00e9s de sus atractivos singulares hacen honor a la riqueza cultural y tur\u00edstica de la provincia de Buenos Aires que se puede disfrutar durante todo el a\u00f1o.<\/p>\n<p style=\"font-weight: 400;\">La agenda tur\u00edstica y cultural de los 135 municipios se encuentra disponible en la APP ReCreo. Link de descarga:\u00a0<a href=\"https:\/\/play.google.com\/store\/apps\/details?id=org.gba.recreo&amp;hl=es_AR&amp;gl=US\" data-saferedirecturl=\"https:\/\/www.google.com\/url?q=https:\/\/play.google.com\/store\/apps\/details?id%3Dorg.gba.recreo%26hl%3Des_AR%26gl%3DUS&amp;source=gmail&amp;ust=1648301660876000&amp;usg=AOvVaw0iMEv3_YxZEUA0UqYYvfEw\">https:\/\/play.google.com\/store\/apps\/details?id=org.gba.recreo&amp;hl=es_AR&amp;gl=US<\/a><\/p>\n<p style=\"font-weight: 400;\">En la Provincia rige el PASE LIBRE CON VACUNAS, acreditando dos dosis a trav\u00e9s de las aplicaciones Vacunate PBA, Mi Argentina o el carnet de vacunaci\u00f3n (cart\u00f3n o tarjeta), con al menos 14 d\u00edas de antelaci\u00f3n al evento.<\/p>\n<p style=\"font-weight: 400;\">Es importante que los asistentes a las actividades cumplan los protocolos b\u00e1sicos de cuidado que consisten en la frecuente higienizaci\u00f3n de manos, el uso permanente de tapaboca-nariz y el respeto de la distancia social.<\/p>\n<p style=\"font-weight: 400;\"><strong>Cr\u00e9dito fotos:<\/strong><\/p>\n<p style=\"font-weight: 400;\">Municipio de General Guido<\/p>\n<p style=\"font-weight: 400;\">Municipio de Alberti<\/p>\n<p>&nbsp;<\/p>\n","protected":false},"excerpt":{"rendered":"<p>La diversidad de la provincia de Buenos Aires se plasma en destinos emergentes que sorprenden a los turistas con sus atractivos edilicios, deleitan con su gastronom\u00eda y atesoran historias y personajes. General Guido y Alberti invitan a conocer sus joyas locales en una visita de un d\u00eda o durante un fin de semana.<\/p>\n","protected":false},"author":3,"featured_media":0,"comment_status":"closed","ping_status":"closed","sticky":false,"template":"","format":"standard","meta":{"footnotes":""},"categories":[33],"tags":[],"class_list":["post-69742","post","type-post","status-publish","format-standard","hentry","category-turismo"],"yoast_head":"<!-- This site is optimized with the Yoast SEO plugin v25.9 - https:\/\/yoast.com\/wordpress\/plugins\/seo\/ -->\n<title>Dos destinos Bonaerenses para descubrir sabores y arquitectura. - Noticias Radio Reflejos<\/title>\n<meta name=\"robots\" content=\"index, follow, max-snippet:-1, max-image-preview:large, max-video-preview:-1\" \/>\n<link rel=\"canonical\" href=\"https:\/\/www.noticiasradioreflejos.com.ar\/2021\/dos-destinos-bonaerenses-para-descubrir-sabores-y-arquitectura\/\" \/>\n<meta property=\"og:locale\" content=\"es_ES\" \/>\n<meta property=\"og:type\" content=\"article\" \/>\n<meta property=\"og:title\" content=\"Dos destinos Bonaerenses para descubrir sabores y arquitectura. - Noticias Radio Reflejos\" \/>\n<meta property=\"og:description\" content=\"La diversidad de la provincia de Buenos Aires se plasma en destinos emergentes que sorprenden a los turistas con sus atractivos edilicios, deleitan con su gastronom\u00eda y atesoran historias y personajes. General Guido y Alberti invitan a conocer sus joyas locales en una visita de un d\u00eda o durante un fin de semana.\" \/>\n<meta property=\"og:url\" content=\"https:\/\/www.noticiasradioreflejos.com.ar\/2021\/dos-destinos-bonaerenses-para-descubrir-sabores-y-arquitectura\/\" \/>\n<meta property=\"og:site_name\" content=\"Noticias Radio Reflejos\" \/>\n<meta property=\"article:published_time\" content=\"2022-03-25T13:52:44+00:00\" \/>\n<meta property=\"og:image\" content=\"https:\/\/live.staticflickr.com\/65535\/51960261128_a598704a8e_c.jpg\" \/>\n<meta name=\"author\" content=\"Arnaldo Botto\" \/>\n<meta name=\"twitter:card\" content=\"summary_large_image\" \/>\n<script type=\"application\/ld+json\" class=\"yoast-schema-graph\">{\"@context\":\"https:\/\/schema.org\",\"@graph\":[{\"@type\":\"WebPage\",\"@id\":\"https:\/\/www.noticiasradioreflejos.com.ar\/2021\/dos-destinos-bonaerenses-para-descubrir-sabores-y-arquitectura\/\",\"url\":\"https:\/\/www.noticiasradioreflejos.com.ar\/2021\/dos-destinos-bonaerenses-para-descubrir-sabores-y-arquitectura\/\",\"name\":\"Dos destinos Bonaerenses para descubrir sabores y arquitectura. - Noticias Radio Reflejos\",\"isPartOf\":{\"@id\":\"https:\/\/www.noticiasradioreflejos.com.ar\/2021\/#website\"},\"primaryImageOfPage\":{\"@id\":\"https:\/\/www.noticiasradioreflejos.com.ar\/2021\/dos-destinos-bonaerenses-para-descubrir-sabores-y-arquitectura\/#primaryimage\"},\"image\":{\"@id\":\"https:\/\/www.noticiasradioreflejos.com.ar\/2021\/dos-destinos-bonaerenses-para-descubrir-sabores-y-arquitectura\/#primaryimage\"},\"thumbnailUrl\":\"https:\/\/live.staticflickr.com\/65535\/51960261128_a598704a8e_c.jpg\",\"datePublished\":\"2022-03-25T13:52:44+00:00\",\"author\":{\"@id\":\"https:\/\/www.noticiasradioreflejos.com.ar\/2021\/#\/schema\/person\/ad82545263dcc5ec0996818884fd5fb1\"},\"breadcrumb\":{\"@id\":\"https:\/\/www.noticiasradioreflejos.com.ar\/2021\/dos-destinos-bonaerenses-para-descubrir-sabores-y-arquitectura\/#breadcrumb\"},\"inLanguage\":\"es\",\"potentialAction\":[{\"@type\":\"ReadAction\",\"target\":[\"https:\/\/www.noticiasradioreflejos.com.ar\/2021\/dos-destinos-bonaerenses-para-descubrir-sabores-y-arquitectura\/\"]}]},{\"@type\":\"ImageObject\",\"inLanguage\":\"es\",\"@id\":\"https:\/\/www.noticiasradioreflejos.com.ar\/2021\/dos-destinos-bonaerenses-para-descubrir-sabores-y-arquitectura\/#primaryimage\",\"url\":\"https:\/\/live.staticflickr.com\/65535\/51960261128_a598704a8e_c.jpg\",\"contentUrl\":\"https:\/\/live.staticflickr.com\/65535\/51960261128_a598704a8e_c.jpg\"},{\"@type\":\"BreadcrumbList\",\"@id\":\"https:\/\/www.noticiasradioreflejos.com.ar\/2021\/dos-destinos-bonaerenses-para-descubrir-sabores-y-arquitectura\/#breadcrumb\",\"itemListElement\":[{\"@type\":\"ListItem\",\"position\":1,\"name\":\"Portada\",\"item\":\"https:\/\/www.noticiasradioreflejos.com.ar\/2021\/\"},{\"@type\":\"ListItem\",\"position\":2,\"name\":\"Dos destinos Bonaerenses para descubrir sabores y arquitectura.\"}]},{\"@type\":\"WebSite\",\"@id\":\"https:\/\/www.noticiasradioreflejos.com.ar\/2021\/#website\",\"url\":\"https:\/\/www.noticiasradioreflejos.com.ar\/2021\/\",\"name\":\"Noticias Radio Reflejos\",\"description\":\"Las noticias de mi comarca\",\"potentialAction\":[{\"@type\":\"SearchAction\",\"target\":{\"@type\":\"EntryPoint\",\"urlTemplate\":\"https:\/\/www.noticiasradioreflejos.com.ar\/2021\/?s={search_term_string}\"},\"query-input\":{\"@type\":\"PropertyValueSpecification\",\"valueRequired\":true,\"valueName\":\"search_term_string\"}}],\"inLanguage\":\"es\"},{\"@type\":\"Person\",\"@id\":\"https:\/\/www.noticiasradioreflejos.com.ar\/2021\/#\/schema\/person\/ad82545263dcc5ec0996818884fd5fb1\",\"name\":\"Arnaldo Botto\",\"image\":{\"@type\":\"ImageObject\",\"inLanguage\":\"es\",\"@id\":\"https:\/\/www.noticiasradioreflejos.com.ar\/2021\/#\/schema\/person\/image\/\",\"url\":\"https:\/\/secure.gravatar.com\/avatar\/55cb5e37c1efa326397366e6974cb338056df65cb50e7d64d1cf314e87504837?s=96&d=mm&r=g\",\"contentUrl\":\"https:\/\/secure.gravatar.com\/avatar\/55cb5e37c1efa326397366e6974cb338056df65cb50e7d64d1cf314e87504837?s=96&d=mm&r=g\",\"caption\":\"Arnaldo Botto\"},\"url\":\"https:\/\/www.noticiasradioreflejos.com.ar\/2021\/author\/arnaldo\/\"}]}<\/script>\n<!-- \/ Yoast SEO plugin. -->","yoast_head_json":{"title":"Dos destinos Bonaerenses para descubrir sabores y arquitectura. - Noticias Radio Reflejos","robots":{"index":"index","follow":"follow","max-snippet":"max-snippet:-1","max-image-preview":"max-image-preview:large","max-video-preview":"max-video-preview:-1"},"canonical":"https:\/\/www.noticiasradioreflejos.com.ar\/2021\/dos-destinos-bonaerenses-para-descubrir-sabores-y-arquitectura\/","og_locale":"es_ES","og_type":"article","og_title":"Dos destinos Bonaerenses para descubrir sabores y arquitectura. - Noticias Radio Reflejos","og_description":"La diversidad de la provincia de Buenos Aires se plasma en destinos emergentes que sorprenden a los turistas con sus atractivos edilicios, deleitan con su gastronom\u00eda y atesoran historias y personajes. General Guido y Alberti invitan a conocer sus joyas locales en una visita de un d\u00eda o durante un fin de semana.","og_url":"https:\/\/www.noticiasradioreflejos.com.ar\/2021\/dos-destinos-bonaerenses-para-descubrir-sabores-y-arquitectura\/","og_site_name":"Noticias Radio Reflejos","article_published_time":"2022-03-25T13:52:44+00:00","og_image":[{"url":"https:\/\/live.staticflickr.com\/65535\/51960261128_a598704a8e_c.jpg","type":"","width":"","height":""}],"author":"Arnaldo Botto","twitter_card":"summary_large_image","schema":{"@context":"https:\/\/schema.org","@graph":[{"@type":"WebPage","@id":"https:\/\/www.noticiasradioreflejos.com.ar\/2021\/dos-destinos-bonaerenses-para-descubrir-sabores-y-arquitectura\/","url":"https:\/\/www.noticiasradioreflejos.com.ar\/2021\/dos-destinos-bonaerenses-para-descubrir-sabores-y-arquitectura\/","name":"Dos destinos Bonaerenses para descubrir sabores y arquitectura. - Noticias Radio Reflejos","isPartOf":{"@id":"https:\/\/www.noticiasradioreflejos.com.ar\/2021\/#website"},"primaryImageOfPage":{"@id":"https:\/\/www.noticiasradioreflejos.com.ar\/2021\/dos-destinos-bonaerenses-para-descubrir-sabores-y-arquitectura\/#primaryimage"},"image":{"@id":"https:\/\/www.noticiasradioreflejos.com.ar\/2021\/dos-destinos-bonaerenses-para-descubrir-sabores-y-arquitectura\/#primaryimage"},"thumbnailUrl":"https:\/\/live.staticflickr.com\/65535\/51960261128_a598704a8e_c.jpg","datePublished":"2022-03-25T13:52:44+00:00","author":{"@id":"https:\/\/www.noticiasradioreflejos.com.ar\/2021\/#\/schema\/person\/ad82545263dcc5ec0996818884fd5fb1"},"breadcrumb":{"@id":"https:\/\/www.noticiasradioreflejos.com.ar\/2021\/dos-destinos-bonaerenses-para-descubrir-sabores-y-arquitectura\/#breadcrumb"},"inLanguage":"es","potentialAction":[{"@type":"ReadAction","target":["https:\/\/www.noticiasradioreflejos.com.ar\/2021\/dos-destinos-bonaerenses-para-descubrir-sabores-y-arquitectura\/"]}]},{"@type":"ImageObject","inLanguage":"es","@id":"https:\/\/www.noticiasradioreflejos.com.ar\/2021\/dos-destinos-bonaerenses-para-descubrir-sabores-y-arquitectura\/#primaryimage","url":"https:\/\/live.staticflickr.com\/65535\/51960261128_a598704a8e_c.jpg","contentUrl":"https:\/\/live.staticflickr.com\/65535\/51960261128_a598704a8e_c.jpg"},{"@type":"BreadcrumbList","@id":"https:\/\/www.noticiasradioreflejos.com.ar\/2021\/dos-destinos-bonaerenses-para-descubrir-sabores-y-arquitectura\/#breadcrumb","itemListElement":[{"@type":"ListItem","position":1,"name":"Portada","item":"https:\/\/www.noticiasradioreflejos.com.ar\/2021\/"},{"@type":"ListItem","position":2,"name":"Dos destinos Bonaerenses para descubrir sabores y arquitectura."}]},{"@type":"WebSite","@id":"https:\/\/www.noticiasradioreflejos.com.ar\/2021\/#website","url":"https:\/\/www.noticiasradioreflejos.com.ar\/2021\/","name":"Noticias Radio Reflejos","description":"Las noticias de mi comarca","potentialAction":[{"@type":"SearchAction","target":{"@type":"EntryPoint","urlTemplate":"https:\/\/www.noticiasradioreflejos.com.ar\/2021\/?s={search_term_string}"},"query-input":{"@type":"PropertyValueSpecification","valueRequired":true,"valueName":"search_term_string"}}],"inLanguage":"es"},{"@type":"Person","@id":"https:\/\/www.noticiasradioreflejos.com.ar\/2021\/#\/schema\/person\/ad82545263dcc5ec0996818884fd5fb1","name":"Arnaldo Botto","image":{"@type":"ImageObject","inLanguage":"es","@id":"https:\/\/www.noticiasradioreflejos.com.ar\/2021\/#\/schema\/person\/image\/","url":"https:\/\/secure.gravatar.com\/avatar\/55cb5e37c1efa326397366e6974cb338056df65cb50e7d64d1cf314e87504837?s=96&d=mm&r=g","contentUrl":"https:\/\/secure.gravatar.com\/avatar\/55cb5e37c1efa326397366e6974cb338056df65cb50e7d64d1cf314e87504837?s=96&d=mm&r=g","caption":"Arnaldo Botto"},"url":"https:\/\/www.noticiasradioreflejos.com.ar\/2021\/author\/arnaldo\/"}]}},"_links":{"self":[{"href":"https:\/\/www.noticiasradioreflejos.com.ar\/2021\/wp-json\/wp\/v2\/posts\/69742","targetHints":{"allow":["GET"]}}],"collection":[{"href":"https:\/\/www.noticiasradioreflejos.com.ar\/2021\/wp-json\/wp\/v2\/posts"}],"about":[{"href":"https:\/\/www.noticiasradioreflejos.com.ar\/2021\/wp-json\/wp\/v2\/types\/post"}],"author":[{"embeddable":true,"href":"https:\/\/www.noticiasradioreflejos.com.ar\/2021\/wp-json\/wp\/v2\/users\/3"}],"replies":[{"embeddable":true,"href":"https:\/\/www.noticiasradioreflejos.com.ar\/2021\/wp-json\/wp\/v2\/comments?post=69742"}],"version-history":[{"count":1,"href":"https:\/\/www.noticiasradioreflejos.com.ar\/2021\/wp-json\/wp\/v2\/posts\/69742\/revisions"}],"predecessor-version":[{"id":69744,"href":"https:\/\/www.noticiasradioreflejos.com.ar\/2021\/wp-json\/wp\/v2\/posts\/69742\/revisions\/69744"}],"wp:attachment":[{"href":"https:\/\/www.noticiasradioreflejos.com.ar\/2021\/wp-json\/wp\/v2\/media?parent=69742"}],"wp:term":[{"taxonomy":"category","embeddable":true,"href":"https:\/\/www.noticiasradioreflejos.com.ar\/2021\/wp-json\/wp\/v2\/categories?post=69742"},{"taxonomy":"post_tag","embeddable":true,"href":"https:\/\/www.noticiasradioreflejos.com.ar\/2021\/wp-json\/wp\/v2\/tags?post=69742"}],"curies":[{"name":"wp","href":"https:\/\/api.w.org\/{rel}","templated":true}]}}