{"id":69733,"date":"2022-03-25T13:29:55","date_gmt":"2022-03-25T13:29:55","guid":{"rendered":"http:\/\/www.noticiasradioreflejos.com.ar\/2021\/?p=69733"},"modified":"2022-03-25T13:29:55","modified_gmt":"2022-03-25T13:29:55","slug":"desvela-a-muchos-la-falta-de-una-cancha-sintetica-de-hockey-en-sierra-de-la-ventana","status":"publish","type":"post","link":"https:\/\/www.noticiasradioreflejos.com.ar\/2021\/desvela-a-muchos-la-falta-de-una-cancha-sintetica-de-hockey-en-sierra-de-la-ventana\/","title":{"rendered":"Desvela a muchos la falta de una cancha sint\u00e9tica de Hockey en Sierra de la Ventana."},"content":{"rendered":"<p>Desde las redes y con nota a nuestra redacci\u00f3n, las mam\u00e1s de jugadoras y jugadores de Hockey en la localidad solicitan unir esfuerzos y concretar la obra.<!--more--><\/p>\n<p>\u00bb Simplemente como mam\u00e1 hoy me encuentro sola sin poder conciliar el sue\u00f1o pensando en el presente de Sierra de la Ventana pero tambi\u00e9n en el futuro. Me pregunto por qu\u00e9 los chicos de hockey no tienen todav\u00eda su cancha de sint\u00e9tico ya tan necesaria para poder realizar la actividad y competir a nivel local sin tener que fusionarnos con equipos de otras ciudades , dependiendo de sus disponibilidades, abonando transporte y alquileres de cancha.<\/p>\n<p>Me pregunto por qu\u00e9, despu\u00e9s de tantos a\u00f1os, algo tan importante para Sierra, para los chicos, dej\u00f3 de importarme, cu\u00e1ndo fue que eso pas\u00f3. Para no entrar en el clich\u00e9 de culpar a las autoridades me culpo a m\u00ed misma al no involucrarme, al dejar pasar el tiempo \u00abtotal otro lo har\u00e1\u00bb. Me responsabilizo por no honrar a personas que ya no est\u00e1n y que fundaron el hockey , este hermoso deporte,en Sierra. Haciendo posible lo que era impensado para nosotros.<\/p>\n<p>Me responsabilizo al ver a adolescentes dispuestos y que trabajan duro con el fin de solventar gastos que cubren de su bolsillo para poder competir; algo que tendr\u00eda que ser un derecho. Me preocupo pero tambi\u00e9n digo BASTA y me ocupo. Necesitamos tomar conciencia de que Sierra ya no es el pueblito con 2000 habitantes. Necesitamos entender, como comunidad, que ya no se puede seguir as\u00ed: sin terminal de \u00f3mnibus, sin clubes, sin cementerio, sin luz, sin cloacas sin orden ni limpieza.<br \/>\nNecesito y anhelo ver a mi pueblo limpio ordenado y completo porque nac\u00ed ac\u00e1, porque quiero lo mejor para los chicos del pueblo y porque necesitamos que se sepa que todos tenemos un hijo, un nieto o un amigo que juega al hockey y que no tiene una cancha reglamentaria donde poder recibir a otras localidades ni hacer lo que m\u00e1s ama: jugar, competir, divertirse y sanarse. Simplemente como mam\u00e1 en esta noche y en desvelo lo ten\u00eda que contar.\u00bb<\/p>\n<p>Acompa\u00f1an la nota varias firmas.<\/p>\n","protected":false},"excerpt":{"rendered":"<p>Desde las redes y con nota a nuestra redacci\u00f3n, las mam\u00e1s de jugadoras y jugadores de Hockey en la localidad solicitan unir esfuerzos y concretar la obra.<\/p>\n","protected":false},"author":3,"featured_media":0,"comment_status":"closed","ping_status":"closed","sticky":false,"template":"","format":"standard","meta":{"footnotes":""},"categories":[27],"tags":[],"class_list":["post-69733","post","type-post","status-publish","format-standard","hentry","category-deportes"],"yoast_head":"<!-- This site is optimized with the Yoast SEO plugin v25.9 - https:\/\/yoast.com\/wordpress\/plugins\/seo\/ -->\n<title>Desvela a muchos la falta de una cancha sint\u00e9tica de Hockey en Sierra de la Ventana. - Noticias Radio Reflejos<\/title>\n<meta name=\"robots\" content=\"index, follow, max-snippet:-1, max-image-preview:large, max-video-preview:-1\" \/>\n<link rel=\"canonical\" href=\"https:\/\/www.noticiasradioreflejos.com.ar\/2021\/desvela-a-muchos-la-falta-de-una-cancha-sintetica-de-hockey-en-sierra-de-la-ventana\/\" \/>\n<meta property=\"og:locale\" content=\"es_ES\" \/>\n<meta property=\"og:type\" content=\"article\" \/>\n<meta property=\"og:title\" content=\"Desvela a muchos la falta de una cancha sint\u00e9tica de Hockey en Sierra de la Ventana. - Noticias Radio Reflejos\" \/>\n<meta property=\"og:description\" content=\"Desde las redes y con nota a nuestra redacci\u00f3n, las mam\u00e1s de jugadoras y jugadores de Hockey en la localidad solicitan unir esfuerzos y concretar la obra.\" \/>\n<meta property=\"og:url\" content=\"https:\/\/www.noticiasradioreflejos.com.ar\/2021\/desvela-a-muchos-la-falta-de-una-cancha-sintetica-de-hockey-en-sierra-de-la-ventana\/\" \/>\n<meta property=\"og:site_name\" content=\"Noticias Radio Reflejos\" \/>\n<meta property=\"article:published_time\" content=\"2022-03-25T13:29:55+00:00\" \/>\n<meta property=\"og:image\" content=\"https:\/\/www.noticiasradioreflejos.com.ar\/2021\/wp-content\/uploads\/2021\/07\/logosol300x200.png\" \/>\n\t<meta property=\"og:image:width\" content=\"300\" \/>\n\t<meta property=\"og:image:height\" content=\"200\" \/>\n\t<meta property=\"og:image:type\" content=\"image\/png\" \/>\n<meta name=\"author\" content=\"Arnaldo Botto\" \/>\n<meta name=\"twitter:card\" content=\"summary_large_image\" \/>\n<script type=\"application\/ld+json\" class=\"yoast-schema-graph\">{\"@context\":\"https:\/\/schema.org\",\"@graph\":[{\"@type\":\"WebPage\",\"@id\":\"https:\/\/www.noticiasradioreflejos.com.ar\/2021\/desvela-a-muchos-la-falta-de-una-cancha-sintetica-de-hockey-en-sierra-de-la-ventana\/\",\"url\":\"https:\/\/www.noticiasradioreflejos.com.ar\/2021\/desvela-a-muchos-la-falta-de-una-cancha-sintetica-de-hockey-en-sierra-de-la-ventana\/\",\"name\":\"Desvela a muchos la falta de una cancha sint\u00e9tica de Hockey en Sierra de la Ventana. - Noticias Radio Reflejos\",\"isPartOf\":{\"@id\":\"https:\/\/www.noticiasradioreflejos.com.ar\/2021\/#website\"},\"datePublished\":\"2022-03-25T13:29:55+00:00\",\"author\":{\"@id\":\"https:\/\/www.noticiasradioreflejos.com.ar\/2021\/#\/schema\/person\/ad82545263dcc5ec0996818884fd5fb1\"},\"breadcrumb\":{\"@id\":\"https:\/\/www.noticiasradioreflejos.com.ar\/2021\/desvela-a-muchos-la-falta-de-una-cancha-sintetica-de-hockey-en-sierra-de-la-ventana\/#breadcrumb\"},\"inLanguage\":\"es\",\"potentialAction\":[{\"@type\":\"ReadAction\",\"target\":[\"https:\/\/www.noticiasradioreflejos.com.ar\/2021\/desvela-a-muchos-la-falta-de-una-cancha-sintetica-de-hockey-en-sierra-de-la-ventana\/\"]}]},{\"@type\":\"BreadcrumbList\",\"@id\":\"https:\/\/www.noticiasradioreflejos.com.ar\/2021\/desvela-a-muchos-la-falta-de-una-cancha-sintetica-de-hockey-en-sierra-de-la-ventana\/#breadcrumb\",\"itemListElement\":[{\"@type\":\"ListItem\",\"position\":1,\"name\":\"Portada\",\"item\":\"https:\/\/www.noticiasradioreflejos.com.ar\/2021\/\"},{\"@type\":\"ListItem\",\"position\":2,\"name\":\"Desvela a muchos la falta de una cancha sint\u00e9tica de Hockey en Sierra de la Ventana.\"}]},{\"@type\":\"WebSite\",\"@id\":\"https:\/\/www.noticiasradioreflejos.com.ar\/2021\/#website\",\"url\":\"https:\/\/www.noticiasradioreflejos.com.ar\/2021\/\",\"name\":\"Noticias Radio Reflejos\",\"description\":\"Las noticias de mi comarca\",\"potentialAction\":[{\"@type\":\"SearchAction\",\"target\":{\"@type\":\"EntryPoint\",\"urlTemplate\":\"https:\/\/www.noticiasradioreflejos.com.ar\/2021\/?s={search_term_string}\"},\"query-input\":{\"@type\":\"PropertyValueSpecification\",\"valueRequired\":true,\"valueName\":\"search_term_string\"}}],\"inLanguage\":\"es\"},{\"@type\":\"Person\",\"@id\":\"https:\/\/www.noticiasradioreflejos.com.ar\/2021\/#\/schema\/person\/ad82545263dcc5ec0996818884fd5fb1\",\"name\":\"Arnaldo Botto\",\"image\":{\"@type\":\"ImageObject\",\"inLanguage\":\"es\",\"@id\":\"https:\/\/www.noticiasradioreflejos.com.ar\/2021\/#\/schema\/person\/image\/\",\"url\":\"https:\/\/secure.gravatar.com\/avatar\/55cb5e37c1efa326397366e6974cb338056df65cb50e7d64d1cf314e87504837?s=96&d=mm&r=g\",\"contentUrl\":\"https:\/\/secure.gravatar.com\/avatar\/55cb5e37c1efa326397366e6974cb338056df65cb50e7d64d1cf314e87504837?s=96&d=mm&r=g\",\"caption\":\"Arnaldo Botto\"},\"url\":\"https:\/\/www.noticiasradioreflejos.com.ar\/2021\/author\/arnaldo\/\"}]}<\/script>\n<!-- \/ Yoast SEO plugin. -->","yoast_head_json":{"title":"Desvela a muchos la falta de una cancha sint\u00e9tica de Hockey en Sierra de la Ventana. - Noticias Radio Reflejos","robots":{"index":"index","follow":"follow","max-snippet":"max-snippet:-1","max-image-preview":"max-image-preview:large","max-video-preview":"max-video-preview:-1"},"canonical":"https:\/\/www.noticiasradioreflejos.com.ar\/2021\/desvela-a-muchos-la-falta-de-una-cancha-sintetica-de-hockey-en-sierra-de-la-ventana\/","og_locale":"es_ES","og_type":"article","og_title":"Desvela a muchos la falta de una cancha sint\u00e9tica de Hockey en Sierra de la Ventana. - Noticias Radio Reflejos","og_description":"Desde las redes y con nota a nuestra redacci\u00f3n, las mam\u00e1s de jugadoras y jugadores de Hockey en la localidad solicitan unir esfuerzos y concretar la obra.","og_url":"https:\/\/www.noticiasradioreflejos.com.ar\/2021\/desvela-a-muchos-la-falta-de-una-cancha-sintetica-de-hockey-en-sierra-de-la-ventana\/","og_site_name":"Noticias Radio Reflejos","article_published_time":"2022-03-25T13:29:55+00:00","og_image":[{"width":300,"height":200,"url":"https:\/\/www.noticiasradioreflejos.com.ar\/2021\/wp-content\/uploads\/2021\/07\/logosol300x200.png","type":"image\/png"}],"author":"Arnaldo Botto","twitter_card":"summary_large_image","schema":{"@context":"https:\/\/schema.org","@graph":[{"@type":"WebPage","@id":"https:\/\/www.noticiasradioreflejos.com.ar\/2021\/desvela-a-muchos-la-falta-de-una-cancha-sintetica-de-hockey-en-sierra-de-la-ventana\/","url":"https:\/\/www.noticiasradioreflejos.com.ar\/2021\/desvela-a-muchos-la-falta-de-una-cancha-sintetica-de-hockey-en-sierra-de-la-ventana\/","name":"Desvela a muchos la falta de una cancha sint\u00e9tica de Hockey en Sierra de la Ventana. - Noticias Radio Reflejos","isPartOf":{"@id":"https:\/\/www.noticiasradioreflejos.com.ar\/2021\/#website"},"datePublished":"2022-03-25T13:29:55+00:00","author":{"@id":"https:\/\/www.noticiasradioreflejos.com.ar\/2021\/#\/schema\/person\/ad82545263dcc5ec0996818884fd5fb1"},"breadcrumb":{"@id":"https:\/\/www.noticiasradioreflejos.com.ar\/2021\/desvela-a-muchos-la-falta-de-una-cancha-sintetica-de-hockey-en-sierra-de-la-ventana\/#breadcrumb"},"inLanguage":"es","potentialAction":[{"@type":"ReadAction","target":["https:\/\/www.noticiasradioreflejos.com.ar\/2021\/desvela-a-muchos-la-falta-de-una-cancha-sintetica-de-hockey-en-sierra-de-la-ventana\/"]}]},{"@type":"BreadcrumbList","@id":"https:\/\/www.noticiasradioreflejos.com.ar\/2021\/desvela-a-muchos-la-falta-de-una-cancha-sintetica-de-hockey-en-sierra-de-la-ventana\/#breadcrumb","itemListElement":[{"@type":"ListItem","position":1,"name":"Portada","item":"https:\/\/www.noticiasradioreflejos.com.ar\/2021\/"},{"@type":"ListItem","position":2,"name":"Desvela a muchos la falta de una cancha sint\u00e9tica de Hockey en Sierra de la Ventana."}]},{"@type":"WebSite","@id":"https:\/\/www.noticiasradioreflejos.com.ar\/2021\/#website","url":"https:\/\/www.noticiasradioreflejos.com.ar\/2021\/","name":"Noticias Radio Reflejos","description":"Las noticias de mi comarca","potentialAction":[{"@type":"SearchAction","target":{"@type":"EntryPoint","urlTemplate":"https:\/\/www.noticiasradioreflejos.com.ar\/2021\/?s={search_term_string}"},"query-input":{"@type":"PropertyValueSpecification","valueRequired":true,"valueName":"search_term_string"}}],"inLanguage":"es"},{"@type":"Person","@id":"https:\/\/www.noticiasradioreflejos.com.ar\/2021\/#\/schema\/person\/ad82545263dcc5ec0996818884fd5fb1","name":"Arnaldo Botto","image":{"@type":"ImageObject","inLanguage":"es","@id":"https:\/\/www.noticiasradioreflejos.com.ar\/2021\/#\/schema\/person\/image\/","url":"https:\/\/secure.gravatar.com\/avatar\/55cb5e37c1efa326397366e6974cb338056df65cb50e7d64d1cf314e87504837?s=96&d=mm&r=g","contentUrl":"https:\/\/secure.gravatar.com\/avatar\/55cb5e37c1efa326397366e6974cb338056df65cb50e7d64d1cf314e87504837?s=96&d=mm&r=g","caption":"Arnaldo Botto"},"url":"https:\/\/www.noticiasradioreflejos.com.ar\/2021\/author\/arnaldo\/"}]}},"_links":{"self":[{"href":"https:\/\/www.noticiasradioreflejos.com.ar\/2021\/wp-json\/wp\/v2\/posts\/69733","targetHints":{"allow":["GET"]}}],"collection":[{"href":"https:\/\/www.noticiasradioreflejos.com.ar\/2021\/wp-json\/wp\/v2\/posts"}],"about":[{"href":"https:\/\/www.noticiasradioreflejos.com.ar\/2021\/wp-json\/wp\/v2\/types\/post"}],"author":[{"embeddable":true,"href":"https:\/\/www.noticiasradioreflejos.com.ar\/2021\/wp-json\/wp\/v2\/users\/3"}],"replies":[{"embeddable":true,"href":"https:\/\/www.noticiasradioreflejos.com.ar\/2021\/wp-json\/wp\/v2\/comments?post=69733"}],"version-history":[{"count":1,"href":"https:\/\/www.noticiasradioreflejos.com.ar\/2021\/wp-json\/wp\/v2\/posts\/69733\/revisions"}],"predecessor-version":[{"id":69735,"href":"https:\/\/www.noticiasradioreflejos.com.ar\/2021\/wp-json\/wp\/v2\/posts\/69733\/revisions\/69735"}],"wp:attachment":[{"href":"https:\/\/www.noticiasradioreflejos.com.ar\/2021\/wp-json\/wp\/v2\/media?parent=69733"}],"wp:term":[{"taxonomy":"category","embeddable":true,"href":"https:\/\/www.noticiasradioreflejos.com.ar\/2021\/wp-json\/wp\/v2\/categories?post=69733"},{"taxonomy":"post_tag","embeddable":true,"href":"https:\/\/www.noticiasradioreflejos.com.ar\/2021\/wp-json\/wp\/v2\/tags?post=69733"}],"curies":[{"name":"wp","href":"https:\/\/api.w.org\/{rel}","templated":true}]}}