{"id":69724,"date":"2022-03-25T11:27:03","date_gmt":"2022-03-25T11:27:03","guid":{"rendered":"http:\/\/www.noticiasradioreflejos.com.ar\/2021\/?p=69724"},"modified":"2022-03-25T11:27:03","modified_gmt":"2022-03-25T11:27:03","slug":"una-multitud-congregada-en-la-plaza-de-mayo-conmemoro-el-dia-de-la-memoria","status":"publish","type":"post","link":"https:\/\/www.noticiasradioreflejos.com.ar\/2021\/una-multitud-congregada-en-la-plaza-de-mayo-conmemoro-el-dia-de-la-memoria\/","title":{"rendered":"Una multitud congregada en la Plaza de Mayo conmemor\u00f3 el D\u00eda de la Memoria"},"content":{"rendered":"<blockquote><p>Dejadas atr\u00e1s las restricciones que impuso la pandemia, pero utilizando barbijos intervenidos con consignas como #NuncaM\u00e1s #Son30Mil #D\u00f3ndeEst\u00e1n para mantener los cuidados, referentes de entidades sociales, sindicales y pol\u00edticas se concentraron en torno al escenario para participar del acto.<!--more--><\/p>\n<p>Una multitud de militantes y referentes de organizaciones sociales, pol\u00edticas, gremiales y de derechos humanos colm\u00f3 este jueves la Plaza de Mayo y sus alrededores en la ciudad de Buenos Aires, tras dos a\u00f1os de ausencia por la pandemia, para conmemorar el D\u00eda Nacional de la Memoria por la Verdad y la Justicia, al cumplirse 46 a\u00f1os del \u00faltimo golpe de Estado c\u00edvico-militar.<\/p>\n<p>En el acto central se ley\u00f3 un extenso documento donde los organismos defensores de los derechos humanos que convocaron a la marcha sentenciaron: \u00abNo queremos neoliberalismo. Queremos, como so\u00f1aron los y las 30 mil (desaparecidos y desaparecidas), que el pueblo vuelva a ser feliz\u00bb.<\/p>\n<figure class=\"mb-3\"><img decoding=\"async\" src=\"https:\/\/www.telam.com.ar\/thumbs\/bluesteel\/advf\/imagenes\/2022\/03\/623c9e19afbee_900.jpg\" alt=\"Consignas contra la impunidad en la llegada de las organizaciones sociales Foto Camila Godoy \" width=\"100%\" height=\"100%\" \/><\/figure>\n<div class=\"media-icons\"><\/div>\n<p>Consignas contra la impunidad en la llegada de las organizaciones sociales. Foto: Camila Godoy.<\/p>\n<p>El documento, titulado \u00abA 46 a\u00f1os del golpe genocida, reafirmamos la lucha\u00bb, apunt\u00f3 a los \u00abresponsables econ\u00f3micos, grupos empresariales y militares, que contaron con el apoyo eclesi\u00e1stico y de la corporaci\u00f3n judicial que, hoy como ayer, representa los intereses de las clases poderosas\u00bb.<\/p>\n<p>En ese sentido, el texto se pregunt\u00f3: \u00ab\u00bfD\u00f3nde est\u00e1n los responsables de la miseria planificada en la dictadura?\u00bb y adem\u00e1s se apunt\u00f3 a \u00ablos responsables de la crisis del 2001\u00bb, cuando cay\u00f3 el Gobierno de la Alianza, en medio de una crisis socio-econ\u00f3mica casi in\u00e9dita.<\/p>\n<p>Tambi\u00e9n se critic\u00f3 \u00abel incremento de beneficios otorgados a condenados y detenidos con prisiones preventivas\u00bb, en alusi\u00f3n a los sentenciados por cr\u00edmenes de lesa humanidad.<\/p>\n<figure class=\"mb-3\"><img decoding=\"async\" src=\"https:\/\/www.telam.com.ar\/thumbs\/bluesteel\/advf\/imagenes\/2022\/03\/623c9e19dc9f5_900.jpg\" alt=\"Foto Camila Godoy \" width=\"100%\" height=\"100%\" \/><\/p>\n<div class=\"media-icons\"><\/div><figcaption>Foto: Camila Godoy.<\/figcaption><\/figure>\n<p>\u00abActualmente, 579 tienen el beneficio del arresto domiciliario. Del total de personas investigadas en este momento, hay 764 personas detenidas, mientras que 1.532 permanecen en libertad\u00bb, se alert\u00f3.<\/p>\n<p>\u00abRestituci\u00f3n de la identidad de las nietas y nietos\u00bb, \u00abLibertad a las y los presos y presas pol\u00edticas\u00bb y \u00abJuicio y castigo al poder econ\u00f3mico, poder judicial c\u00f3mplice y a la c\u00fapula de la iglesia\u00bb, fueron algunas de las consignas.<\/p>\n<p>El documento fue firmado por Abuelas de Plaza de Mayo, Madres de Plaza de Mayo L\u00ednea Fundadora, Familiares de Desaparecidos y Detenidos por Razones Pol\u00edticas, H.I.J.O.S. Capital, Asamblea Permanente por los Derechos Humanos, Asamblea Permanente por los Derechos Humanos La Matanza, Asociaci\u00f3n Buena Memoria, Centro de Estudios Legales y Sociales, y Comisi\u00f3n Memoria, Verdad y Justicia Zona Norte.<\/p>\n<div class=\"video_repositive\">\n<div id=\"P2q7DiByy5k\" class=\"video_telam\">\n<div class=\"feature_article_inner\">\n<div class=\"feature_article_title\">\n<h2 class=\"text-center\">Una multitud se moviliz\u00f3 a Plaza de Mayo en el D\u00eda de la Memoria<\/h2>\n<p><iframe loading=\"lazy\" title=\"YouTube video player\" src=\"https:\/\/www.youtube.com\/embed\/P2q7DiByy5k\" width=\"1110\" height=\"624\" frameborder=\"0\" allowfullscreen=\"allowfullscreen\"><\/iframe><\/p>\n<blockquote><p>El pronunciamiento tambi\u00e9n tuvo entre muchas adhesiones, las de la Asociaci\u00f3n Argentina de Actores, Ctera, Asociaci\u00f3n Psicoanalistas Autoconvocados, Secretaria de DDHH de la Facultad de Ciencias M\u00e9dicas de la UBA, presidencia y secretar\u00eda general del Colegio Carlos Pellegrini y autoridades del Colegio Normal 8.<\/p>\n<p>Manifestaciones con el mismo tono se realizaron en el interior del pa\u00eds, donde gobernadores coincidieron en pronunciarse por el \u00abnunca m\u00e1s\u00bb y rescatar el di\u00e1logo y la reflexi\u00f3n sobre el pasado \u00abpara construir un futuro\u00bb en defensa de la democracia que evite que \u00abvuelvan a ocurrir esos hechos\u00bb.<\/p>\n<p>Sobre el final del acto en la ciudad de Buenos Aires, la referente de Madres de Plaza de Mayo L\u00ednea Fundadora Taty Almeida sostuvo que la manifestaci\u00f3n tiene el hist\u00f3rico objetivo de \u00abno permitir un retroceso en la democracia\u00bb.<\/p>\n<p>Adem\u00e1s agradeci\u00f3 el masivo acompa\u00f1amiento de los presentes, quienes, dijo, \u00abdemuestran tener memoria por nuestros queridos 30.000 desaparecidos\u00bb.<\/p>\n<p>A la movilizaci\u00f3n se sumaron organizaciones pol\u00edticas, sociales, gremiales y de izquierda, que se concentraron en varios puntos del centro porte\u00f1o y marcharon a Plaza de Mayo en masivas columnas.<\/p>\n<figure class=\"mb-3\"><img decoding=\"async\" src=\"https:\/\/www.telam.com.ar\/thumbs\/bluesteel\/advf\/imagenes\/2022\/03\/623c9e1a0f2eb_900.jpg\" alt=\"Foto Camila Godoy \" width=\"100%\" height=\"100%\" \/><\/p>\n<div class=\"media-icons\"><\/div><figcaption>Foto: Camila Godoy.<\/figcaption><\/figure>\n<p>En tanto, la agrupaci\u00f3n La C\u00e1mpora realiz\u00f3 desde media ma\u00f1ana -junto a otros espacios afines- su tradicional caminata desde el predio de la exEsma, donde ahora funciona el Espacio Memoria y Derechos Humanos, en avenida Del Libertador 8151, hacia la Plaza de Mayo.<\/p>\n<p>Integraron esa columna agrupaciones como Descamisados, Mart\u00edn Fierro, 13 de Abril, Corriente Nacional de la Militancia, Unidad Piquetera, Frente Social Peronista, Fetraes, Kolina, Irrompibles, Peronismo Militante, Agrupaci\u00f3n 17 de Noviembre, Fecoba Movimiento Alfonsinista y el PJ, entre otras.<\/p>\n<figure class=\"mb-3\"><img decoding=\"async\" src=\"https:\/\/www.telam.com.ar\/thumbs\/bluesteel\/advf\/imagenes\/2022\/03\/623c9e1a3a3e0_900.jpg\" alt=\"Foto Camila Godoy \" width=\"100%\" height=\"100%\" \/><\/p>\n<div class=\"media-icons\"><\/div><figcaption>Foto: Camila Godoy.<\/figcaption><\/figure>\n<p>Al arribar a la Plaza de Mayo, el diputado nacional del Frente de Todos y referente de La C\u00e1mpora M\u00e1ximo Kirchner subray\u00f3 que \u00abUno elige los estudios de TV, o la calle y la gente\u00bb.<\/p>\n<p>Tambi\u00e9n enfatiz\u00f3 que la tradicional caminata que La C\u00e1mpora realiza cada 24 de marzo demuestra \u00abla decisi\u00f3n de transformaci\u00f3n de la realidad\u00bb que tienen los integrantes de la agrupaci\u00f3n.<\/p>\n<p>En la Plaza de Mayo, cerca de las 14, las agrupaciones PTS, MST, el Nuevo MAS y el Partido Obrero, dieron inicio alrededor de la Pir\u00e1mide de Mayo al primer acto de la jornada, junto al Encuentro Memoria, Verdad y Justicia, que integran organizaciones de derechos humanos, sociales, estudiantiles, de trabajadores y de la izquierda.<\/p>\n<figure class=\"mb-3\"><img decoding=\"async\" src=\"https:\/\/www.telam.com.ar\/thumbs\/bluesteel\/advf\/imagenes\/2022\/03\/623cb8f0d95a4_900.jpg\" alt=\"Foto Leandro Blanco\" width=\"100%\" height=\"100%\" \/><\/p>\n<div class=\"media-icons\"><\/div><figcaption>Foto: Leandro Blanco.<\/figcaption><\/figure>\n<p>\u00abVeo a ustedes que tienen ese sentimiento tambi\u00e9n de justicia, de dignidad para el pueblo, de igualdad y compa\u00f1erismo y me emociona enormemente y pienso en nuestros 30 mil detenidos y desaparecidos\u00bb, dijo otra de las referentes de Madres L\u00ednea Fundadora, Nora Corti\u00f1as, ante miles de personas.<\/p>\n<p>\u00abEst\u00e1n ac\u00e1 presentes las madres del gatillo f\u00e1cil y vamos a seguir pidiendo justicia\u00bb, agreg\u00f3 Corti\u00f1as desde el palco improvisado por el PTS-Frente de Izquierda Unidad en Plaza de Mayo.<\/p>\n<p>Adem\u00e1s, esas agrupaciones se movilizaron \u00abcontra el pacto con el FMI\u00bb y \u00absus consecuencias de mayor ajuste sobre el pueblo trabajador\u00bb, detallaron a trav\u00e9s de un comunicado los diputados del PTS-Frente de Izquierda Unidad Myriam Bregman, Nicol\u00e1s del Ca\u00f1o y Alejandro Vilca. En la plaza tambi\u00e9n se encontraban las agrupaciones Libres del Sur, Barrios de Pie y La Garganta Poderosa.<\/p>\n<div class=\"video_repositive\">\n<div id=\"EIBSciQrk-8\" class=\"video_telam\">\n<div class=\"feature_article_inner\">\n<div class=\"feature_article_title\">\n<h2 class=\"text-center\">Madres y Abuelas vuelven a la Plaza<\/h2>\n<\/div>\n<\/div>\n<div class=\"definition\"><\/div>\n<\/div>\n<\/div>\n<p>En tanto, Cele Fierro, del MST-FIT, dijo que el FMI \u00absiempre act\u00faa contra los derechos humanos. Luchamos por justicia para que todos los responsables del genocidio est\u00e9n tras las rejas, as\u00ed como los responsables de hundir al pueblo en la pobreza, el desempleo y el saqueo\u00bb.<\/p>\n<p>Por su parte, el Encuentro Peronista tambi\u00e9n particip\u00f3 colocando una gigante bandera argentina con figuras relevantes de la pol\u00edtica y la cultura argentina como Jos\u00e9 San Mart\u00edn, el papa Francisco, Eva Per\u00f3n, Juan Per\u00f3n, Manuel Belgrano, Felipe Vallese, el padre Carlos Mugica, Diego Maradona, Estela Carlotto, N\u00e9stor Kirchner, Cristina Kirchner, Juana Azurduy, Jos\u00e9 Rucci y el Indio Solari, as\u00ed como una imagen de las Islas Malvinas.<\/p>\n<p>Tambi\u00e9n estuvo presente la agrupaci\u00f3n independiente llamada Coordinadora por Tehuel, quien mantuvo en alto una bandera en la que exig\u00edan la \u00abaparici\u00f3n ya de Tehuel de la Torre\u00bb, el joven trans desaparecido hace un a\u00f1o mientras iba a una entrevista.<\/p>\n<figure class=\"mb-3\"><img decoding=\"async\" src=\"https:\/\/www.telam.com.ar\/thumbs\/bluesteel\/advf\/imagenes\/2022\/03\/623cb8f10e84d_900.jpg\" alt=\"Foto Leandro Blanco\" width=\"100%\" height=\"100%\" \/><\/p>\n<div class=\"media-icons\"><\/div><figcaption>Foto: Leandro Blanco.<\/figcaption><\/figure>\n<p>\u00abQue es lo que pasa, que no lo ven, no estamos todes por qu\u00e9 a\u00fan falta Tehuel\u00bb, gritaban manifestantes desde distintas partes de la concentraci\u00f3n.<\/p>\n<p>Otro de los reclamos que estuvo presente durante la jornada fue el de los excombatientes y veteranos de la Guerra de Malvinas, de cuyo inicio el s\u00e1bado 2 de abril se cumplir\u00e1n 40 a\u00f1os.<\/p>\n<figure class=\"mb-3\"><img decoding=\"async\" src=\"https:\/\/www.telam.com.ar\/thumbs\/bluesteel\/advf\/imagenes\/2022\/03\/623cb8f136d34_900.jpg\" alt=\"Foto Leandro Blanco\" width=\"100%\" height=\"100%\" \/><\/p>\n<div class=\"media-icons\"><\/div><figcaption>Foto: Leandro Blanco.<\/figcaption><\/figure>\n<p>Sobre la calle Piedras estaba la organizaci\u00f3n Centro El Veterano exCombatiente Islas Malvinas de Berisso y Ensenada (CEVECIM).<\/p>\n<p>Tambi\u00e9n estuvieron integrantes del Centro Ex Combatientes Islas Malvinas C.E.C.I.M La Plata, quienes leyeron un documento pidiendo que \u00abel proceso de Memoria, Verdad y Justicia tambi\u00e9n incorpore a la Guerra de Malvinas, para que los cientos de hechos denunciados no queden impunes\u00bb.<\/p>\n<figure class=\"mb-3\"><img decoding=\"async\" src=\"https:\/\/www.telam.com.ar\/thumbs\/bluesteel\/advf\/imagenes\/2022\/03\/623cb8f175e63_900.jpg\" alt=\"Foto Leandro Blanco\" width=\"100%\" height=\"100%\" \/><\/p>\n<div class=\"media-icons\"><\/div><figcaption>Foto: Leandro Blanco.<\/figcaption><\/figure>\n<p>Por su parte, el presidente Alberto Fern\u00e1ndez encabez\u00f3 por la ma\u00f1ana un acto en el Centro Cultural de la Ciencia, en el cual se anunci\u00f3 la reparaci\u00f3n de los legajos de ocho trabajadores y cient\u00edficos del Conicet detenidos desaparecidos durante los a\u00f1os del terrorismo de Estado. Estuvo acompa\u00f1ado por el ministro de Ciencia, Tecnolog\u00eda e Innovaci\u00f3n, Daniel Filmus; el secretario de Derechos Humanos, Horacio Pietragalla Corti, y la presidenta del Conicet, Ana Mar\u00eda Franchi.<\/p>\n<p>El Presidente dijo que \u00abel 24 de marzo es el d\u00eda en que m\u00e1s unidos estamos\u00bb y asegur\u00f3 que le dan \u00abasco\u00bb y verg\u00fcenza\u00bb los discursos negacionistas sobre los delitos de lesa humanidad.<\/p>\n<p>\u00abCada 24 de marzo, que es un d\u00eda emblem\u00e1tico para nosotros, la Argentina se une para repudiar lo que ocurri\u00f3. Sobre eso no tenemos diferencias ni distancias. Algunos son m\u00e1s progresistas, otros m\u00e1s peronistas y otros de otro color, pero todos sabemos que hubo una dictadura que persigui\u00f3, mat\u00f3, asesin\u00f3, conden\u00f3 al exilio, hizo desaparecer y posterg\u00f3 a la Argentina como nunca lo hizo otro gobierno\u00bb, se\u00f1al\u00f3 Fern\u00e1ndez.<\/p>\n<figure class=\"mb-3\"><img decoding=\"async\" src=\"https:\/\/www.telam.com.ar\/thumbs\/bluesteel\/advf\/imagenes\/2022\/03\/623cc7d6ceaa1_900.jpg\" alt=\"Foto Camila Godoy\" width=\"100%\" height=\"100%\" \/><\/p>\n<div class=\"media-icons\"><\/div><figcaption>Foto: Camila Godoy.<\/figcaption><\/figure>\n<p>Durante toda la jornada en Plaza de Mayo se observaron alrededor del paseo pasacalles que enmarcaron pol\u00edticamente la conmemoraci\u00f3n del 24 de marzo, con leyendas como: \u00abLa deuda es con el pueblo\u00bb, \u00abBasta de perseguir a los que luchan\u00bb y pancartas que pidieron \u00abMemoria, verdad y justicia\u00bb. Asimismo, se observaron carteles de municipios del conurbano bonaerense gobernados por el peronismo, como Avellaneda, Quilmes y La Matanza.<\/p>\n<p>Tambi\u00e9n se desplegaron sobre la plaza globos aerost\u00e1ticos con nombres de sindicatos, como los Municipales bonaerenses, Curtidores, la CTA Aut\u00f3noma, Aeronavegantes, Ctera, gremios aeron\u00e1uticos de Aerol\u00edneas Argentinas y de organizaciones como el Movimiento La Dignidad o el Frente Popular Dar\u00edo Santill\u00e1n (FPDS).<\/p>\n<p>Como es habitual en este tipo de actos, en los bordes de la plaza se ubicaron los vendedores ambulantes de chorizos y bondiolas, remeras y gaseosas, y la mayor\u00eda de los canales de televisi\u00f3n con sus unidades m\u00f3viles.<\/p>\n<figure class=\"mb-3\"><img decoding=\"async\" src=\"https:\/\/www.telam.com.ar\/thumbs\/bluesteel\/advf\/imagenes\/2022\/03\/623cc7d7152d6_900.jpg\" alt=\"Foto Camila Godoy\" width=\"100%\" height=\"100%\" \/><\/p>\n<div class=\"media-icons\"><\/div><figcaption>Foto: Camila Godoy.<\/figcaption><\/figure>\n<figure class=\"mb-3\"><img decoding=\"async\" src=\"https:\/\/www.telam.com.ar\/thumbs\/bluesteel\/advf\/imagenes\/2022\/03\/623cc7d751415_900.jpg\" alt=\"Foto Camila Godoy\" width=\"100%\" height=\"100%\" \/><\/p>\n<div class=\"media-icons\"><\/div><figcaption>Foto: Camila Godoy.<\/figcaption><\/figure>\n<figure class=\"mb-3\"><img decoding=\"async\" src=\"https:\/\/www.telam.com.ar\/thumbs\/bluesteel\/advf\/imagenes\/2022\/03\/623cc7d78a434_900.jpg\" alt=\"Foto Camila Godoy\" width=\"100%\" height=\"100%\" \/><\/p>\n<div class=\"media-icons\"><\/div><figcaption>Foto: Camila Godoy.<\/figcaption><\/figure>\n<figure class=\"mb-3\"><img decoding=\"async\" src=\"https:\/\/www.telam.com.ar\/thumbs\/bluesteel\/advf\/imagenes\/2022\/03\/623cce9d3f61b_900.jpg\" alt=\"Foto Leandro Blanco\" width=\"100%\" height=\"100%\" \/><\/p>\n<div class=\"media-icons\"><\/div><figcaption>Foto: Leandro Blanco.<\/figcaption><\/figure>\n<figure class=\"mb-3\"><img decoding=\"async\" src=\"https:\/\/www.telam.com.ar\/thumbs\/bluesteel\/advf\/imagenes\/2022\/03\/623cce9d6c09e_900.jpg\" alt=\"Foto Leandro Blanco\" width=\"100%\" height=\"100%\" \/><\/p>\n<div class=\"media-icons\"><\/div><figcaption>Foto: Leandro Blanco.<\/figcaption><\/figure>\n<\/blockquote>\n<\/div>\n<\/div>\n<\/div>\n<\/div>\n<\/blockquote>\n","protected":false},"excerpt":{"rendered":"<p>Dejadas atr\u00e1s las restricciones que impuso la pandemia, pero utilizando barbijos intervenidos con consignas como #NuncaM\u00e1s #Son30Mil #D\u00f3ndeEst\u00e1n para mantener los cuidados, referentes de entidades sociales, sindicales y pol\u00edticas se concentraron en torno al escenario para participar del acto.<\/p>\n","protected":false},"author":3,"featured_media":0,"comment_status":"closed","ping_status":"closed","sticky":false,"template":"","format":"standard","meta":{"footnotes":""},"categories":[24,26],"tags":[],"class_list":["post-69724","post","type-post","status-publish","format-standard","hentry","category-politica","category-sociedad"],"yoast_head":"<!-- This site is optimized with the Yoast SEO plugin v25.9 - https:\/\/yoast.com\/wordpress\/plugins\/seo\/ -->\n<title>Una multitud congregada en la Plaza de Mayo conmemor\u00f3 el D\u00eda de la Memoria - Noticias Radio Reflejos<\/title>\n<meta name=\"robots\" content=\"index, follow, max-snippet:-1, max-image-preview:large, max-video-preview:-1\" \/>\n<link rel=\"canonical\" href=\"https:\/\/www.noticiasradioreflejos.com.ar\/2021\/una-multitud-congregada-en-la-plaza-de-mayo-conmemoro-el-dia-de-la-memoria\/\" \/>\n<meta property=\"og:locale\" content=\"es_ES\" \/>\n<meta property=\"og:type\" content=\"article\" \/>\n<meta property=\"og:title\" content=\"Una multitud congregada en la Plaza de Mayo conmemor\u00f3 el D\u00eda de la Memoria - Noticias Radio Reflejos\" \/>\n<meta property=\"og:description\" content=\"Dejadas atr\u00e1s las restricciones que impuso la pandemia, pero utilizando barbijos intervenidos con consignas como #NuncaM\u00e1s #Son30Mil #D\u00f3ndeEst\u00e1n para mantener los cuidados, referentes de entidades sociales, sindicales y pol\u00edticas se concentraron en torno al escenario para participar del acto.\" \/>\n<meta property=\"og:url\" content=\"https:\/\/www.noticiasradioreflejos.com.ar\/2021\/una-multitud-congregada-en-la-plaza-de-mayo-conmemoro-el-dia-de-la-memoria\/\" \/>\n<meta property=\"og:site_name\" content=\"Noticias Radio Reflejos\" \/>\n<meta property=\"article:published_time\" content=\"2022-03-25T11:27:03+00:00\" \/>\n<meta property=\"og:image\" content=\"https:\/\/www.telam.com.ar\/thumbs\/bluesteel\/advf\/imagenes\/2022\/03\/623c9e19afbee_900.jpg\" \/>\n<meta name=\"author\" content=\"Arnaldo Botto\" \/>\n<meta name=\"twitter:card\" content=\"summary_large_image\" \/>\n<script type=\"application\/ld+json\" class=\"yoast-schema-graph\">{\"@context\":\"https:\/\/schema.org\",\"@graph\":[{\"@type\":\"WebPage\",\"@id\":\"https:\/\/www.noticiasradioreflejos.com.ar\/2021\/una-multitud-congregada-en-la-plaza-de-mayo-conmemoro-el-dia-de-la-memoria\/\",\"url\":\"https:\/\/www.noticiasradioreflejos.com.ar\/2021\/una-multitud-congregada-en-la-plaza-de-mayo-conmemoro-el-dia-de-la-memoria\/\",\"name\":\"Una multitud congregada en la Plaza de Mayo conmemor\u00f3 el D\u00eda de la Memoria - Noticias Radio Reflejos\",\"isPartOf\":{\"@id\":\"https:\/\/www.noticiasradioreflejos.com.ar\/2021\/#website\"},\"primaryImageOfPage\":{\"@id\":\"https:\/\/www.noticiasradioreflejos.com.ar\/2021\/una-multitud-congregada-en-la-plaza-de-mayo-conmemoro-el-dia-de-la-memoria\/#primaryimage\"},\"image\":{\"@id\":\"https:\/\/www.noticiasradioreflejos.com.ar\/2021\/una-multitud-congregada-en-la-plaza-de-mayo-conmemoro-el-dia-de-la-memoria\/#primaryimage\"},\"thumbnailUrl\":\"https:\/\/www.telam.com.ar\/thumbs\/bluesteel\/advf\/imagenes\/2022\/03\/623c9e19afbee_900.jpg\",\"datePublished\":\"2022-03-25T11:27:03+00:00\",\"author\":{\"@id\":\"https:\/\/www.noticiasradioreflejos.com.ar\/2021\/#\/schema\/person\/ad82545263dcc5ec0996818884fd5fb1\"},\"breadcrumb\":{\"@id\":\"https:\/\/www.noticiasradioreflejos.com.ar\/2021\/una-multitud-congregada-en-la-plaza-de-mayo-conmemoro-el-dia-de-la-memoria\/#breadcrumb\"},\"inLanguage\":\"es\",\"potentialAction\":[{\"@type\":\"ReadAction\",\"target\":[\"https:\/\/www.noticiasradioreflejos.com.ar\/2021\/una-multitud-congregada-en-la-plaza-de-mayo-conmemoro-el-dia-de-la-memoria\/\"]}]},{\"@type\":\"ImageObject\",\"inLanguage\":\"es\",\"@id\":\"https:\/\/www.noticiasradioreflejos.com.ar\/2021\/una-multitud-congregada-en-la-plaza-de-mayo-conmemoro-el-dia-de-la-memoria\/#primaryimage\",\"url\":\"https:\/\/www.telam.com.ar\/thumbs\/bluesteel\/advf\/imagenes\/2022\/03\/623c9e19afbee_900.jpg\",\"contentUrl\":\"https:\/\/www.telam.com.ar\/thumbs\/bluesteel\/advf\/imagenes\/2022\/03\/623c9e19afbee_900.jpg\"},{\"@type\":\"BreadcrumbList\",\"@id\":\"https:\/\/www.noticiasradioreflejos.com.ar\/2021\/una-multitud-congregada-en-la-plaza-de-mayo-conmemoro-el-dia-de-la-memoria\/#breadcrumb\",\"itemListElement\":[{\"@type\":\"ListItem\",\"position\":1,\"name\":\"Portada\",\"item\":\"https:\/\/www.noticiasradioreflejos.com.ar\/2021\/\"},{\"@type\":\"ListItem\",\"position\":2,\"name\":\"Una multitud congregada en la Plaza de Mayo conmemor\u00f3 el D\u00eda de la Memoria\"}]},{\"@type\":\"WebSite\",\"@id\":\"https:\/\/www.noticiasradioreflejos.com.ar\/2021\/#website\",\"url\":\"https:\/\/www.noticiasradioreflejos.com.ar\/2021\/\",\"name\":\"Noticias Radio Reflejos\",\"description\":\"Las noticias de mi comarca\",\"potentialAction\":[{\"@type\":\"SearchAction\",\"target\":{\"@type\":\"EntryPoint\",\"urlTemplate\":\"https:\/\/www.noticiasradioreflejos.com.ar\/2021\/?s={search_term_string}\"},\"query-input\":{\"@type\":\"PropertyValueSpecification\",\"valueRequired\":true,\"valueName\":\"search_term_string\"}}],\"inLanguage\":\"es\"},{\"@type\":\"Person\",\"@id\":\"https:\/\/www.noticiasradioreflejos.com.ar\/2021\/#\/schema\/person\/ad82545263dcc5ec0996818884fd5fb1\",\"name\":\"Arnaldo Botto\",\"image\":{\"@type\":\"ImageObject\",\"inLanguage\":\"es\",\"@id\":\"https:\/\/www.noticiasradioreflejos.com.ar\/2021\/#\/schema\/person\/image\/\",\"url\":\"https:\/\/secure.gravatar.com\/avatar\/55cb5e37c1efa326397366e6974cb338056df65cb50e7d64d1cf314e87504837?s=96&d=mm&r=g\",\"contentUrl\":\"https:\/\/secure.gravatar.com\/avatar\/55cb5e37c1efa326397366e6974cb338056df65cb50e7d64d1cf314e87504837?s=96&d=mm&r=g\",\"caption\":\"Arnaldo Botto\"},\"url\":\"https:\/\/www.noticiasradioreflejos.com.ar\/2021\/author\/arnaldo\/\"}]}<\/script>\n<!-- \/ Yoast SEO plugin. -->","yoast_head_json":{"title":"Una multitud congregada en la Plaza de Mayo conmemor\u00f3 el D\u00eda de la Memoria - Noticias Radio Reflejos","robots":{"index":"index","follow":"follow","max-snippet":"max-snippet:-1","max-image-preview":"max-image-preview:large","max-video-preview":"max-video-preview:-1"},"canonical":"https:\/\/www.noticiasradioreflejos.com.ar\/2021\/una-multitud-congregada-en-la-plaza-de-mayo-conmemoro-el-dia-de-la-memoria\/","og_locale":"es_ES","og_type":"article","og_title":"Una multitud congregada en la Plaza de Mayo conmemor\u00f3 el D\u00eda de la Memoria - Noticias Radio Reflejos","og_description":"Dejadas atr\u00e1s las restricciones que impuso la pandemia, pero utilizando barbijos intervenidos con consignas como #NuncaM\u00e1s #Son30Mil #D\u00f3ndeEst\u00e1n para mantener los cuidados, referentes de entidades sociales, sindicales y pol\u00edticas se concentraron en torno al escenario para participar del acto.","og_url":"https:\/\/www.noticiasradioreflejos.com.ar\/2021\/una-multitud-congregada-en-la-plaza-de-mayo-conmemoro-el-dia-de-la-memoria\/","og_site_name":"Noticias Radio Reflejos","article_published_time":"2022-03-25T11:27:03+00:00","og_image":[{"url":"https:\/\/www.telam.com.ar\/thumbs\/bluesteel\/advf\/imagenes\/2022\/03\/623c9e19afbee_900.jpg","type":"","width":"","height":""}],"author":"Arnaldo Botto","twitter_card":"summary_large_image","schema":{"@context":"https:\/\/schema.org","@graph":[{"@type":"WebPage","@id":"https:\/\/www.noticiasradioreflejos.com.ar\/2021\/una-multitud-congregada-en-la-plaza-de-mayo-conmemoro-el-dia-de-la-memoria\/","url":"https:\/\/www.noticiasradioreflejos.com.ar\/2021\/una-multitud-congregada-en-la-plaza-de-mayo-conmemoro-el-dia-de-la-memoria\/","name":"Una multitud congregada en la Plaza de Mayo conmemor\u00f3 el D\u00eda de la Memoria - Noticias Radio Reflejos","isPartOf":{"@id":"https:\/\/www.noticiasradioreflejos.com.ar\/2021\/#website"},"primaryImageOfPage":{"@id":"https:\/\/www.noticiasradioreflejos.com.ar\/2021\/una-multitud-congregada-en-la-plaza-de-mayo-conmemoro-el-dia-de-la-memoria\/#primaryimage"},"image":{"@id":"https:\/\/www.noticiasradioreflejos.com.ar\/2021\/una-multitud-congregada-en-la-plaza-de-mayo-conmemoro-el-dia-de-la-memoria\/#primaryimage"},"thumbnailUrl":"https:\/\/www.telam.com.ar\/thumbs\/bluesteel\/advf\/imagenes\/2022\/03\/623c9e19afbee_900.jpg","datePublished":"2022-03-25T11:27:03+00:00","author":{"@id":"https:\/\/www.noticiasradioreflejos.com.ar\/2021\/#\/schema\/person\/ad82545263dcc5ec0996818884fd5fb1"},"breadcrumb":{"@id":"https:\/\/www.noticiasradioreflejos.com.ar\/2021\/una-multitud-congregada-en-la-plaza-de-mayo-conmemoro-el-dia-de-la-memoria\/#breadcrumb"},"inLanguage":"es","potentialAction":[{"@type":"ReadAction","target":["https:\/\/www.noticiasradioreflejos.com.ar\/2021\/una-multitud-congregada-en-la-plaza-de-mayo-conmemoro-el-dia-de-la-memoria\/"]}]},{"@type":"ImageObject","inLanguage":"es","@id":"https:\/\/www.noticiasradioreflejos.com.ar\/2021\/una-multitud-congregada-en-la-plaza-de-mayo-conmemoro-el-dia-de-la-memoria\/#primaryimage","url":"https:\/\/www.telam.com.ar\/thumbs\/bluesteel\/advf\/imagenes\/2022\/03\/623c9e19afbee_900.jpg","contentUrl":"https:\/\/www.telam.com.ar\/thumbs\/bluesteel\/advf\/imagenes\/2022\/03\/623c9e19afbee_900.jpg"},{"@type":"BreadcrumbList","@id":"https:\/\/www.noticiasradioreflejos.com.ar\/2021\/una-multitud-congregada-en-la-plaza-de-mayo-conmemoro-el-dia-de-la-memoria\/#breadcrumb","itemListElement":[{"@type":"ListItem","position":1,"name":"Portada","item":"https:\/\/www.noticiasradioreflejos.com.ar\/2021\/"},{"@type":"ListItem","position":2,"name":"Una multitud congregada en la Plaza de Mayo conmemor\u00f3 el D\u00eda de la Memoria"}]},{"@type":"WebSite","@id":"https:\/\/www.noticiasradioreflejos.com.ar\/2021\/#website","url":"https:\/\/www.noticiasradioreflejos.com.ar\/2021\/","name":"Noticias Radio Reflejos","description":"Las noticias de mi comarca","potentialAction":[{"@type":"SearchAction","target":{"@type":"EntryPoint","urlTemplate":"https:\/\/www.noticiasradioreflejos.com.ar\/2021\/?s={search_term_string}"},"query-input":{"@type":"PropertyValueSpecification","valueRequired":true,"valueName":"search_term_string"}}],"inLanguage":"es"},{"@type":"Person","@id":"https:\/\/www.noticiasradioreflejos.com.ar\/2021\/#\/schema\/person\/ad82545263dcc5ec0996818884fd5fb1","name":"Arnaldo Botto","image":{"@type":"ImageObject","inLanguage":"es","@id":"https:\/\/www.noticiasradioreflejos.com.ar\/2021\/#\/schema\/person\/image\/","url":"https:\/\/secure.gravatar.com\/avatar\/55cb5e37c1efa326397366e6974cb338056df65cb50e7d64d1cf314e87504837?s=96&d=mm&r=g","contentUrl":"https:\/\/secure.gravatar.com\/avatar\/55cb5e37c1efa326397366e6974cb338056df65cb50e7d64d1cf314e87504837?s=96&d=mm&r=g","caption":"Arnaldo Botto"},"url":"https:\/\/www.noticiasradioreflejos.com.ar\/2021\/author\/arnaldo\/"}]}},"_links":{"self":[{"href":"https:\/\/www.noticiasradioreflejos.com.ar\/2021\/wp-json\/wp\/v2\/posts\/69724","targetHints":{"allow":["GET"]}}],"collection":[{"href":"https:\/\/www.noticiasradioreflejos.com.ar\/2021\/wp-json\/wp\/v2\/posts"}],"about":[{"href":"https:\/\/www.noticiasradioreflejos.com.ar\/2021\/wp-json\/wp\/v2\/types\/post"}],"author":[{"embeddable":true,"href":"https:\/\/www.noticiasradioreflejos.com.ar\/2021\/wp-json\/wp\/v2\/users\/3"}],"replies":[{"embeddable":true,"href":"https:\/\/www.noticiasradioreflejos.com.ar\/2021\/wp-json\/wp\/v2\/comments?post=69724"}],"version-history":[{"count":1,"href":"https:\/\/www.noticiasradioreflejos.com.ar\/2021\/wp-json\/wp\/v2\/posts\/69724\/revisions"}],"predecessor-version":[{"id":69726,"href":"https:\/\/www.noticiasradioreflejos.com.ar\/2021\/wp-json\/wp\/v2\/posts\/69724\/revisions\/69726"}],"wp:attachment":[{"href":"https:\/\/www.noticiasradioreflejos.com.ar\/2021\/wp-json\/wp\/v2\/media?parent=69724"}],"wp:term":[{"taxonomy":"category","embeddable":true,"href":"https:\/\/www.noticiasradioreflejos.com.ar\/2021\/wp-json\/wp\/v2\/categories?post=69724"},{"taxonomy":"post_tag","embeddable":true,"href":"https:\/\/www.noticiasradioreflejos.com.ar\/2021\/wp-json\/wp\/v2\/tags?post=69724"}],"curies":[{"name":"wp","href":"https:\/\/api.w.org\/{rel}","templated":true}]}}