{"id":69720,"date":"2022-03-25T11:12:40","date_gmt":"2022-03-25T11:12:40","guid":{"rendered":"http:\/\/www.noticiasradioreflejos.com.ar\/2021\/?p=69720"},"modified":"2022-03-28T10:50:20","modified_gmt":"2022-03-28T10:50:20","slug":"continua-la-lluvia-y-el-viento-en-toda-la-comarca","status":"publish","type":"post","link":"https:\/\/www.noticiasradioreflejos.com.ar\/2021\/continua-la-lluvia-y-el-viento-en-toda-la-comarca\/","title":{"rendered":"Contin\u00faa la lluvia y el viento en toda la comarca."},"content":{"rendered":"<p>Todo el sector serrano registra lloviznas y lluvias, vientos fuertes del sur y marcas hist\u00f3ricas de lluvias.<!--more--><\/p>\n<p>No par\u00f3 en toda la noche; viento y lluvia son los elementos predominantes en toda la regi\u00f3n, donde se han producido graves da\u00f1os materiales y hasta centenares de evacuados a causa del intenso temporal.<\/p>\n<p>En Sierra de la Ventana el pluvi\u00f3metro alcanz\u00f3 los 173.6 mm a las 7,30 hs de este viernes y contin\u00faa lloviendo en forma regular, con vientos fuertes del sector sur que alcanzaron r\u00e1fagas de hasta 133 km\/h en el d\u00eda de ayer. Por su parte Villa Ventana registr\u00f3 un total de 119 mm hasta el momento.<\/p>\n<p>En Saldungaray cayeron 120 mm y en la zona rural de Santo tom\u00e1s de las Sierras hubo registros de 185 mm en el casco del establecimiento y 250 mm en un puesto.<\/p>\n<p>Las lluvias fueron muy superiores en la parte alta de los cerros y todos los arroyos y r\u00edos de la regi\u00f3n muestran desbordes y caudales muy importantes.<\/p>\n<p>El pron\u00f3stico indica para hoy lluvias y chaparrones de continuo durante toda la jornada, los vientos continuaran siendo fuertes del sector sur y se espera una m\u00e1xima de 15\u00b0. La mejor\u00eda llegar\u00eda a partir de ma\u00f1ana, s\u00e1bado despu\u00e9s del medida.Para el domingo se espera soleado, vientos suaves a moderados del sudoeste y m\u00e1xima de 24\u00b0.<\/p>\n<p><strong>Registros de lluvias hasta las 8 hs<\/strong><\/p>\n<p>174.6 mm en Sierra de la Ventana<br \/>\n140 mm en Calqu\u00edn<br \/>\n119 mm e Villa Ventana<br \/>\n120 mm en Saldungaray<br \/>\n185 mm Santo Tom\u00e1s de las Sierras<br \/>\n250 mm en Zona rural de Saldungaray<br \/>\n227 mm en Cumbre del Cerro Naposta<br \/>\n147 mm en Tornquist<br \/>\n165 mm en Tres Picos<br \/>\n160 mm en Chasic\u00f3<br \/>\n93 mm en Dufaur<br \/>\n94 mm en Funke<br \/>\n112.4 mm en Cabildo<br \/>\n85 mm en Pig\u00fc\u00e9<br \/>\n42 mm en San Eloy<br \/>\n21 mm en el Pantanoso<br \/>\n72 mm en Cnel Suarez.<br \/>\n44 mm en Cura Malal<br \/>\n60.6 mm en Pasman<br \/>\n105 mm en Cnel Pringles<br \/>\n50 mm en Carhu\u00e9<br \/>\n129.8 mm en Monte Hermoso<br \/>\n77 mm en Tte Origone (Villarino)<br \/>\n76 mm en 17 de Agosto<br \/>\n172 mm en El Zorro (Cnel Dorrego)<br \/>\n136 mm en Bajo Hondo<br \/>\n15 mm en Guamin\u00ed<\/p>\n","protected":false},"excerpt":{"rendered":"<p>Todo el sector serrano registra lloviznas y lluvias, vientos fuertes del sur y marcas hist\u00f3ricas de lluvias.<\/p>\n","protected":false},"author":3,"featured_media":0,"comment_status":"closed","ping_status":"closed","sticky":false,"template":"","format":"standard","meta":{"footnotes":""},"categories":[26],"tags":[],"class_list":["post-69720","post","type-post","status-publish","format-standard","hentry","category-sociedad"],"yoast_head":"<!-- This site is optimized with the Yoast SEO plugin v25.9 - https:\/\/yoast.com\/wordpress\/plugins\/seo\/ -->\n<title>Contin\u00faa la lluvia y el viento en toda la comarca. - Noticias Radio Reflejos<\/title>\n<meta name=\"robots\" content=\"index, follow, max-snippet:-1, max-image-preview:large, max-video-preview:-1\" \/>\n<link rel=\"canonical\" href=\"https:\/\/www.noticiasradioreflejos.com.ar\/2021\/continua-la-lluvia-y-el-viento-en-toda-la-comarca\/\" \/>\n<meta property=\"og:locale\" content=\"es_ES\" \/>\n<meta property=\"og:type\" content=\"article\" \/>\n<meta property=\"og:title\" content=\"Contin\u00faa la lluvia y el viento en toda la comarca. - Noticias Radio Reflejos\" \/>\n<meta property=\"og:description\" content=\"Todo el sector serrano registra lloviznas y lluvias, vientos fuertes del sur y marcas hist\u00f3ricas de lluvias.\" \/>\n<meta property=\"og:url\" content=\"https:\/\/www.noticiasradioreflejos.com.ar\/2021\/continua-la-lluvia-y-el-viento-en-toda-la-comarca\/\" \/>\n<meta property=\"og:site_name\" content=\"Noticias Radio Reflejos\" \/>\n<meta property=\"article:published_time\" content=\"2022-03-25T11:12:40+00:00\" \/>\n<meta property=\"article:modified_time\" content=\"2022-03-28T10:50:20+00:00\" \/>\n<meta property=\"og:image\" content=\"https:\/\/www.noticiasradioreflejos.com.ar\/2021\/wp-content\/uploads\/2021\/07\/logosol300x200.png\" \/>\n\t<meta property=\"og:image:width\" content=\"300\" \/>\n\t<meta property=\"og:image:height\" content=\"200\" \/>\n\t<meta property=\"og:image:type\" content=\"image\/png\" \/>\n<meta name=\"author\" content=\"Arnaldo Botto\" \/>\n<meta name=\"twitter:card\" content=\"summary_large_image\" \/>\n<script type=\"application\/ld+json\" class=\"yoast-schema-graph\">{\"@context\":\"https:\/\/schema.org\",\"@graph\":[{\"@type\":\"WebPage\",\"@id\":\"https:\/\/www.noticiasradioreflejos.com.ar\/2021\/continua-la-lluvia-y-el-viento-en-toda-la-comarca\/\",\"url\":\"https:\/\/www.noticiasradioreflejos.com.ar\/2021\/continua-la-lluvia-y-el-viento-en-toda-la-comarca\/\",\"name\":\"Contin\u00faa la lluvia y el viento en toda la comarca. - Noticias Radio Reflejos\",\"isPartOf\":{\"@id\":\"https:\/\/www.noticiasradioreflejos.com.ar\/2021\/#website\"},\"datePublished\":\"2022-03-25T11:12:40+00:00\",\"dateModified\":\"2022-03-28T10:50:20+00:00\",\"author\":{\"@id\":\"https:\/\/www.noticiasradioreflejos.com.ar\/2021\/#\/schema\/person\/ad82545263dcc5ec0996818884fd5fb1\"},\"breadcrumb\":{\"@id\":\"https:\/\/www.noticiasradioreflejos.com.ar\/2021\/continua-la-lluvia-y-el-viento-en-toda-la-comarca\/#breadcrumb\"},\"inLanguage\":\"es\",\"potentialAction\":[{\"@type\":\"ReadAction\",\"target\":[\"https:\/\/www.noticiasradioreflejos.com.ar\/2021\/continua-la-lluvia-y-el-viento-en-toda-la-comarca\/\"]}]},{\"@type\":\"BreadcrumbList\",\"@id\":\"https:\/\/www.noticiasradioreflejos.com.ar\/2021\/continua-la-lluvia-y-el-viento-en-toda-la-comarca\/#breadcrumb\",\"itemListElement\":[{\"@type\":\"ListItem\",\"position\":1,\"name\":\"Portada\",\"item\":\"https:\/\/www.noticiasradioreflejos.com.ar\/2021\/\"},{\"@type\":\"ListItem\",\"position\":2,\"name\":\"Contin\u00faa la lluvia y el viento en toda la comarca.\"}]},{\"@type\":\"WebSite\",\"@id\":\"https:\/\/www.noticiasradioreflejos.com.ar\/2021\/#website\",\"url\":\"https:\/\/www.noticiasradioreflejos.com.ar\/2021\/\",\"name\":\"Noticias Radio Reflejos\",\"description\":\"Las noticias de mi comarca\",\"potentialAction\":[{\"@type\":\"SearchAction\",\"target\":{\"@type\":\"EntryPoint\",\"urlTemplate\":\"https:\/\/www.noticiasradioreflejos.com.ar\/2021\/?s={search_term_string}\"},\"query-input\":{\"@type\":\"PropertyValueSpecification\",\"valueRequired\":true,\"valueName\":\"search_term_string\"}}],\"inLanguage\":\"es\"},{\"@type\":\"Person\",\"@id\":\"https:\/\/www.noticiasradioreflejos.com.ar\/2021\/#\/schema\/person\/ad82545263dcc5ec0996818884fd5fb1\",\"name\":\"Arnaldo Botto\",\"image\":{\"@type\":\"ImageObject\",\"inLanguage\":\"es\",\"@id\":\"https:\/\/www.noticiasradioreflejos.com.ar\/2021\/#\/schema\/person\/image\/\",\"url\":\"https:\/\/secure.gravatar.com\/avatar\/55cb5e37c1efa326397366e6974cb338056df65cb50e7d64d1cf314e87504837?s=96&d=mm&r=g\",\"contentUrl\":\"https:\/\/secure.gravatar.com\/avatar\/55cb5e37c1efa326397366e6974cb338056df65cb50e7d64d1cf314e87504837?s=96&d=mm&r=g\",\"caption\":\"Arnaldo Botto\"},\"url\":\"https:\/\/www.noticiasradioreflejos.com.ar\/2021\/author\/arnaldo\/\"}]}<\/script>\n<!-- \/ Yoast SEO plugin. -->","yoast_head_json":{"title":"Contin\u00faa la lluvia y el viento en toda la comarca. - Noticias Radio Reflejos","robots":{"index":"index","follow":"follow","max-snippet":"max-snippet:-1","max-image-preview":"max-image-preview:large","max-video-preview":"max-video-preview:-1"},"canonical":"https:\/\/www.noticiasradioreflejos.com.ar\/2021\/continua-la-lluvia-y-el-viento-en-toda-la-comarca\/","og_locale":"es_ES","og_type":"article","og_title":"Contin\u00faa la lluvia y el viento en toda la comarca. - Noticias Radio Reflejos","og_description":"Todo el sector serrano registra lloviznas y lluvias, vientos fuertes del sur y marcas hist\u00f3ricas de lluvias.","og_url":"https:\/\/www.noticiasradioreflejos.com.ar\/2021\/continua-la-lluvia-y-el-viento-en-toda-la-comarca\/","og_site_name":"Noticias Radio Reflejos","article_published_time":"2022-03-25T11:12:40+00:00","article_modified_time":"2022-03-28T10:50:20+00:00","og_image":[{"width":300,"height":200,"url":"https:\/\/www.noticiasradioreflejos.com.ar\/2021\/wp-content\/uploads\/2021\/07\/logosol300x200.png","type":"image\/png"}],"author":"Arnaldo Botto","twitter_card":"summary_large_image","schema":{"@context":"https:\/\/schema.org","@graph":[{"@type":"WebPage","@id":"https:\/\/www.noticiasradioreflejos.com.ar\/2021\/continua-la-lluvia-y-el-viento-en-toda-la-comarca\/","url":"https:\/\/www.noticiasradioreflejos.com.ar\/2021\/continua-la-lluvia-y-el-viento-en-toda-la-comarca\/","name":"Contin\u00faa la lluvia y el viento en toda la comarca. - Noticias Radio Reflejos","isPartOf":{"@id":"https:\/\/www.noticiasradioreflejos.com.ar\/2021\/#website"},"datePublished":"2022-03-25T11:12:40+00:00","dateModified":"2022-03-28T10:50:20+00:00","author":{"@id":"https:\/\/www.noticiasradioreflejos.com.ar\/2021\/#\/schema\/person\/ad82545263dcc5ec0996818884fd5fb1"},"breadcrumb":{"@id":"https:\/\/www.noticiasradioreflejos.com.ar\/2021\/continua-la-lluvia-y-el-viento-en-toda-la-comarca\/#breadcrumb"},"inLanguage":"es","potentialAction":[{"@type":"ReadAction","target":["https:\/\/www.noticiasradioreflejos.com.ar\/2021\/continua-la-lluvia-y-el-viento-en-toda-la-comarca\/"]}]},{"@type":"BreadcrumbList","@id":"https:\/\/www.noticiasradioreflejos.com.ar\/2021\/continua-la-lluvia-y-el-viento-en-toda-la-comarca\/#breadcrumb","itemListElement":[{"@type":"ListItem","position":1,"name":"Portada","item":"https:\/\/www.noticiasradioreflejos.com.ar\/2021\/"},{"@type":"ListItem","position":2,"name":"Contin\u00faa la lluvia y el viento en toda la comarca."}]},{"@type":"WebSite","@id":"https:\/\/www.noticiasradioreflejos.com.ar\/2021\/#website","url":"https:\/\/www.noticiasradioreflejos.com.ar\/2021\/","name":"Noticias Radio Reflejos","description":"Las noticias de mi comarca","potentialAction":[{"@type":"SearchAction","target":{"@type":"EntryPoint","urlTemplate":"https:\/\/www.noticiasradioreflejos.com.ar\/2021\/?s={search_term_string}"},"query-input":{"@type":"PropertyValueSpecification","valueRequired":true,"valueName":"search_term_string"}}],"inLanguage":"es"},{"@type":"Person","@id":"https:\/\/www.noticiasradioreflejos.com.ar\/2021\/#\/schema\/person\/ad82545263dcc5ec0996818884fd5fb1","name":"Arnaldo Botto","image":{"@type":"ImageObject","inLanguage":"es","@id":"https:\/\/www.noticiasradioreflejos.com.ar\/2021\/#\/schema\/person\/image\/","url":"https:\/\/secure.gravatar.com\/avatar\/55cb5e37c1efa326397366e6974cb338056df65cb50e7d64d1cf314e87504837?s=96&d=mm&r=g","contentUrl":"https:\/\/secure.gravatar.com\/avatar\/55cb5e37c1efa326397366e6974cb338056df65cb50e7d64d1cf314e87504837?s=96&d=mm&r=g","caption":"Arnaldo Botto"},"url":"https:\/\/www.noticiasradioreflejos.com.ar\/2021\/author\/arnaldo\/"}]}},"_links":{"self":[{"href":"https:\/\/www.noticiasradioreflejos.com.ar\/2021\/wp-json\/wp\/v2\/posts\/69720","targetHints":{"allow":["GET"]}}],"collection":[{"href":"https:\/\/www.noticiasradioreflejos.com.ar\/2021\/wp-json\/wp\/v2\/posts"}],"about":[{"href":"https:\/\/www.noticiasradioreflejos.com.ar\/2021\/wp-json\/wp\/v2\/types\/post"}],"author":[{"embeddable":true,"href":"https:\/\/www.noticiasradioreflejos.com.ar\/2021\/wp-json\/wp\/v2\/users\/3"}],"replies":[{"embeddable":true,"href":"https:\/\/www.noticiasradioreflejos.com.ar\/2021\/wp-json\/wp\/v2\/comments?post=69720"}],"version-history":[{"count":5,"href":"https:\/\/www.noticiasradioreflejos.com.ar\/2021\/wp-json\/wp\/v2\/posts\/69720\/revisions"}],"predecessor-version":[{"id":69729,"href":"https:\/\/www.noticiasradioreflejos.com.ar\/2021\/wp-json\/wp\/v2\/posts\/69720\/revisions\/69729"}],"wp:attachment":[{"href":"https:\/\/www.noticiasradioreflejos.com.ar\/2021\/wp-json\/wp\/v2\/media?parent=69720"}],"wp:term":[{"taxonomy":"category","embeddable":true,"href":"https:\/\/www.noticiasradioreflejos.com.ar\/2021\/wp-json\/wp\/v2\/categories?post=69720"},{"taxonomy":"post_tag","embeddable":true,"href":"https:\/\/www.noticiasradioreflejos.com.ar\/2021\/wp-json\/wp\/v2\/tags?post=69720"}],"curies":[{"name":"wp","href":"https:\/\/api.w.org\/{rel}","templated":true}]}}