{"id":69596,"date":"2022-03-23T10:48:38","date_gmt":"2022-03-23T10:48:38","guid":{"rendered":"http:\/\/www.noticiasradioreflejos.com.ar\/2021\/?p=69596"},"modified":"2022-03-23T10:48:38","modified_gmt":"2022-03-23T10:48:38","slug":"el-artico-perdio-770-000-kilometros-cuadrados-de-hielo-segun-la-nasa","status":"publish","type":"post","link":"https:\/\/www.noticiasradioreflejos.com.ar\/2021\/el-artico-perdio-770-000-kilometros-cuadrados-de-hielo-segun-la-nasa\/","title":{"rendered":"El \u00c1rtico perdi\u00f3 770.000 kil\u00f3metros cuadrados de hielo, seg\u00fan la NASA"},"content":{"rendered":"<p>El an\u00e1lisis afirma que la p\u00e9rdida de hielo est\u00e1 vinculada al cambio clim\u00e1tico causado por las actividades humanas, que atrapa el calor en la atm\u00f3sfera y hace que aumenten las temperaturas. Seg\u00fan los datos, el \u00c1rtico se est\u00e1 calentando unas tres veces m\u00e1s r\u00e1pido que otras regiones.<br \/>\n<!--more--><\/p>\n<div class=\"row\">\n<div class=\"col-md-12 speak\">\n<div class=\"paragraph\">\n<figure class=\"mb-3\"><img decoding=\"async\" src=\"https:\/\/www.telam.com.ar\/thumbs\/bluesteel\/advf\/imagenes\/2021\/05\/60a663637064a_900.jpg\" alt=\"La extensin del hielo marino del rtico est 770000 km2 por debajo del mximo promedio de 19812010\" width=\"100%\" height=\"100%\" \/><\/p>\n<div class=\"media-icons\"><\/div><figcaption>La extensi\u00f3n del hielo marino del \u00c1rtico est\u00e1 770.000 km2 por debajo del m\u00e1ximo promedio de 1981-2010.<\/figcaption><\/figure>\n<p>El \u00c1rtico perdi\u00f3 aproximadamente 770 mil kil\u00f3metros cuadrados de hielo, seg\u00fan un estudio realizado por el\u00a0<a href=\"https:\/\/ciencia.nasa.gov\/cinco-datos-que-te-ayudaran-comprender-el-hielo-marino-del-artico\" target=\"_blank\" rel=\"noopener\">Centro Nacional de Datos de Nieve y Hielo,<\/a>\u00a0un organismo estadounidense que procesa datos de la NASA.<\/p>\n<p>El Centro afirm\u00f3 tambi\u00e9n que la p\u00e9rdida de hielo en el \u00c1rtico est\u00e1 vinculada al calentamiento global causado por las actividades humanas, como la emisi\u00f3n de di\u00f3xido de carbono, que atrapa el calor en la atm\u00f3sfera y hace que aumenten las temperaturas.<\/p>\n<p>En este sentido, los cient\u00edficos se\u00f1alan que la extensi\u00f3n del hielo marino del \u00c1rtico, que\u00a0<strong>alcanz\u00f3 el 25 de febrero un m\u00e1ximo de 14,88 millones de kil\u00f3metros cuadrados,<\/strong>\u00a0causado por el paso de las estaciones de oto\u00f1o y el invierno, est\u00e1 aproximadamente 770.000 kil\u00f3metros cuadrados por debajo del m\u00e1ximo promedio de 1981-2010, lo que equivale a perder un \u00e1rea de hielo un poco m\u00e1s grande que Texas y Maine juntos, inform\u00f3 la NASA.<\/p>\n<p><strong>El hielo marino del \u00c1rtico aumenta y disminuye con el paso de las estaciones,<\/strong>\u00a0en donde alcanza su\u00a0<strong>m\u00e1xima extensi\u00f3n en marzo<\/strong>, producto del invierno boreal, mientras que\u00a0<strong>se reduce a su m\u00ednima expresi\u00f3n por el verano<\/strong>, precis\u00f3 la agencia de noticias DPA.<\/p>\n<p>Este estudio, que se inici\u00f3 en 1979, se realiza con sensores satelitales que recopilan datos del hielo marino que se procesan en im\u00e1genes diarias, y en donde cada celda de la cuadr\u00edcula de im\u00e1genes abarca un \u00e1rea de aproximadamente 25 por 25 kil\u00f3metros.<\/p>\n<p>En este sentido, las investigaciones demostraron que<strong>\u00a0las extensiones m\u00e1ximas en el \u00c1rtico disminuyeron a un ritmo de alrededor del 13% por d\u00e9cada<\/strong>, y las\u00a0<strong>extensiones m\u00ednimas disminuyeron alrededor del 2,7 % por d\u00e9cada.<\/strong><\/p>\n<p>El an\u00e1lisis de la NASA tambi\u00e9n muestra que\u00a0<strong>el \u00c1rtico se est\u00e1 calentando unas tres veces m\u00e1s r\u00e1pido que otras regiones.<\/strong><\/p>\n<p>Este febrero,<strong>\u00a0el hielo marino ant\u00e1rtico cay\u00f3 a un nivel m\u00ednimo r\u00e9cord<\/strong>\u00a0causado por los altibajos irregulares generados por las caracter\u00edsticas geogr\u00e1ficas que lo rodean.<\/p>\n<p>En tanto, el hielo en\u00a0<strong>ambas regiones ayuda a regular las temperaturas globales<\/strong>, por lo que las p\u00e9rdidas de este elemento marino del \u00c1rtico podr\u00eda contribuir a un\u00a0<strong>mayor calentamiento regional y global.<\/strong><\/p>\n<\/div>\n<\/div>\n<\/div>\n","protected":false},"excerpt":{"rendered":"<p>El an\u00e1lisis afirma que la p\u00e9rdida de hielo est\u00e1 vinculada al cambio clim\u00e1tico causado por las actividades humanas, que atrapa el calor en la atm\u00f3sfera y hace que aumenten las temperaturas. Seg\u00fan los datos, el \u00c1rtico se est\u00e1 calentando unas tres veces m\u00e1s r\u00e1pido que otras regiones.<\/p>\n","protected":false},"author":3,"featured_media":0,"comment_status":"closed","ping_status":"closed","sticky":false,"template":"","format":"standard","meta":{"footnotes":""},"categories":[46,26],"tags":[],"class_list":["post-69596","post","type-post","status-publish","format-standard","hentry","category-ciencia-y-tecnologia","category-sociedad"],"yoast_head":"<!-- This site is optimized with the Yoast SEO plugin v25.9 - https:\/\/yoast.com\/wordpress\/plugins\/seo\/ -->\n<title>El \u00c1rtico perdi\u00f3 770.000 kil\u00f3metros cuadrados de hielo, seg\u00fan la NASA - Noticias Radio Reflejos<\/title>\n<meta name=\"robots\" content=\"index, follow, max-snippet:-1, max-image-preview:large, max-video-preview:-1\" \/>\n<link rel=\"canonical\" href=\"https:\/\/www.noticiasradioreflejos.com.ar\/2021\/el-artico-perdio-770-000-kilometros-cuadrados-de-hielo-segun-la-nasa\/\" \/>\n<meta property=\"og:locale\" content=\"es_ES\" \/>\n<meta property=\"og:type\" content=\"article\" \/>\n<meta property=\"og:title\" content=\"El \u00c1rtico perdi\u00f3 770.000 kil\u00f3metros cuadrados de hielo, seg\u00fan la NASA - Noticias Radio Reflejos\" \/>\n<meta property=\"og:description\" content=\"El an\u00e1lisis afirma que la p\u00e9rdida de hielo est\u00e1 vinculada al cambio clim\u00e1tico causado por las actividades humanas, que atrapa el calor en la atm\u00f3sfera y hace que aumenten las temperaturas. Seg\u00fan los datos, el \u00c1rtico se est\u00e1 calentando unas tres veces m\u00e1s r\u00e1pido que otras regiones.\" \/>\n<meta property=\"og:url\" content=\"https:\/\/www.noticiasradioreflejos.com.ar\/2021\/el-artico-perdio-770-000-kilometros-cuadrados-de-hielo-segun-la-nasa\/\" \/>\n<meta property=\"og:site_name\" content=\"Noticias Radio Reflejos\" \/>\n<meta property=\"article:published_time\" content=\"2022-03-23T10:48:38+00:00\" \/>\n<meta property=\"og:image\" content=\"https:\/\/www.telam.com.ar\/thumbs\/bluesteel\/advf\/imagenes\/2021\/05\/60a663637064a_900.jpg\" \/>\n<meta name=\"author\" content=\"Arnaldo Botto\" \/>\n<meta name=\"twitter:card\" content=\"summary_large_image\" \/>\n<script type=\"application\/ld+json\" class=\"yoast-schema-graph\">{\"@context\":\"https:\/\/schema.org\",\"@graph\":[{\"@type\":\"WebPage\",\"@id\":\"https:\/\/www.noticiasradioreflejos.com.ar\/2021\/el-artico-perdio-770-000-kilometros-cuadrados-de-hielo-segun-la-nasa\/\",\"url\":\"https:\/\/www.noticiasradioreflejos.com.ar\/2021\/el-artico-perdio-770-000-kilometros-cuadrados-de-hielo-segun-la-nasa\/\",\"name\":\"El \u00c1rtico perdi\u00f3 770.000 kil\u00f3metros cuadrados de hielo, seg\u00fan la NASA - Noticias Radio Reflejos\",\"isPartOf\":{\"@id\":\"https:\/\/www.noticiasradioreflejos.com.ar\/2021\/#website\"},\"primaryImageOfPage\":{\"@id\":\"https:\/\/www.noticiasradioreflejos.com.ar\/2021\/el-artico-perdio-770-000-kilometros-cuadrados-de-hielo-segun-la-nasa\/#primaryimage\"},\"image\":{\"@id\":\"https:\/\/www.noticiasradioreflejos.com.ar\/2021\/el-artico-perdio-770-000-kilometros-cuadrados-de-hielo-segun-la-nasa\/#primaryimage\"},\"thumbnailUrl\":\"https:\/\/www.telam.com.ar\/thumbs\/bluesteel\/advf\/imagenes\/2021\/05\/60a663637064a_900.jpg\",\"datePublished\":\"2022-03-23T10:48:38+00:00\",\"author\":{\"@id\":\"https:\/\/www.noticiasradioreflejos.com.ar\/2021\/#\/schema\/person\/ad82545263dcc5ec0996818884fd5fb1\"},\"breadcrumb\":{\"@id\":\"https:\/\/www.noticiasradioreflejos.com.ar\/2021\/el-artico-perdio-770-000-kilometros-cuadrados-de-hielo-segun-la-nasa\/#breadcrumb\"},\"inLanguage\":\"es\",\"potentialAction\":[{\"@type\":\"ReadAction\",\"target\":[\"https:\/\/www.noticiasradioreflejos.com.ar\/2021\/el-artico-perdio-770-000-kilometros-cuadrados-de-hielo-segun-la-nasa\/\"]}]},{\"@type\":\"ImageObject\",\"inLanguage\":\"es\",\"@id\":\"https:\/\/www.noticiasradioreflejos.com.ar\/2021\/el-artico-perdio-770-000-kilometros-cuadrados-de-hielo-segun-la-nasa\/#primaryimage\",\"url\":\"https:\/\/www.telam.com.ar\/thumbs\/bluesteel\/advf\/imagenes\/2021\/05\/60a663637064a_900.jpg\",\"contentUrl\":\"https:\/\/www.telam.com.ar\/thumbs\/bluesteel\/advf\/imagenes\/2021\/05\/60a663637064a_900.jpg\"},{\"@type\":\"BreadcrumbList\",\"@id\":\"https:\/\/www.noticiasradioreflejos.com.ar\/2021\/el-artico-perdio-770-000-kilometros-cuadrados-de-hielo-segun-la-nasa\/#breadcrumb\",\"itemListElement\":[{\"@type\":\"ListItem\",\"position\":1,\"name\":\"Portada\",\"item\":\"https:\/\/www.noticiasradioreflejos.com.ar\/2021\/\"},{\"@type\":\"ListItem\",\"position\":2,\"name\":\"El \u00c1rtico perdi\u00f3 770.000 kil\u00f3metros cuadrados de hielo, seg\u00fan la NASA\"}]},{\"@type\":\"WebSite\",\"@id\":\"https:\/\/www.noticiasradioreflejos.com.ar\/2021\/#website\",\"url\":\"https:\/\/www.noticiasradioreflejos.com.ar\/2021\/\",\"name\":\"Noticias Radio Reflejos\",\"description\":\"Las noticias de mi comarca\",\"potentialAction\":[{\"@type\":\"SearchAction\",\"target\":{\"@type\":\"EntryPoint\",\"urlTemplate\":\"https:\/\/www.noticiasradioreflejos.com.ar\/2021\/?s={search_term_string}\"},\"query-input\":{\"@type\":\"PropertyValueSpecification\",\"valueRequired\":true,\"valueName\":\"search_term_string\"}}],\"inLanguage\":\"es\"},{\"@type\":\"Person\",\"@id\":\"https:\/\/www.noticiasradioreflejos.com.ar\/2021\/#\/schema\/person\/ad82545263dcc5ec0996818884fd5fb1\",\"name\":\"Arnaldo Botto\",\"image\":{\"@type\":\"ImageObject\",\"inLanguage\":\"es\",\"@id\":\"https:\/\/www.noticiasradioreflejos.com.ar\/2021\/#\/schema\/person\/image\/\",\"url\":\"https:\/\/secure.gravatar.com\/avatar\/55cb5e37c1efa326397366e6974cb338056df65cb50e7d64d1cf314e87504837?s=96&d=mm&r=g\",\"contentUrl\":\"https:\/\/secure.gravatar.com\/avatar\/55cb5e37c1efa326397366e6974cb338056df65cb50e7d64d1cf314e87504837?s=96&d=mm&r=g\",\"caption\":\"Arnaldo Botto\"},\"url\":\"https:\/\/www.noticiasradioreflejos.com.ar\/2021\/author\/arnaldo\/\"}]}<\/script>\n<!-- \/ Yoast SEO plugin. -->","yoast_head_json":{"title":"El \u00c1rtico perdi\u00f3 770.000 kil\u00f3metros cuadrados de hielo, seg\u00fan la NASA - Noticias Radio Reflejos","robots":{"index":"index","follow":"follow","max-snippet":"max-snippet:-1","max-image-preview":"max-image-preview:large","max-video-preview":"max-video-preview:-1"},"canonical":"https:\/\/www.noticiasradioreflejos.com.ar\/2021\/el-artico-perdio-770-000-kilometros-cuadrados-de-hielo-segun-la-nasa\/","og_locale":"es_ES","og_type":"article","og_title":"El \u00c1rtico perdi\u00f3 770.000 kil\u00f3metros cuadrados de hielo, seg\u00fan la NASA - Noticias Radio Reflejos","og_description":"El an\u00e1lisis afirma que la p\u00e9rdida de hielo est\u00e1 vinculada al cambio clim\u00e1tico causado por las actividades humanas, que atrapa el calor en la atm\u00f3sfera y hace que aumenten las temperaturas. Seg\u00fan los datos, el \u00c1rtico se est\u00e1 calentando unas tres veces m\u00e1s r\u00e1pido que otras regiones.","og_url":"https:\/\/www.noticiasradioreflejos.com.ar\/2021\/el-artico-perdio-770-000-kilometros-cuadrados-de-hielo-segun-la-nasa\/","og_site_name":"Noticias Radio Reflejos","article_published_time":"2022-03-23T10:48:38+00:00","og_image":[{"url":"https:\/\/www.telam.com.ar\/thumbs\/bluesteel\/advf\/imagenes\/2021\/05\/60a663637064a_900.jpg","type":"","width":"","height":""}],"author":"Arnaldo Botto","twitter_card":"summary_large_image","schema":{"@context":"https:\/\/schema.org","@graph":[{"@type":"WebPage","@id":"https:\/\/www.noticiasradioreflejos.com.ar\/2021\/el-artico-perdio-770-000-kilometros-cuadrados-de-hielo-segun-la-nasa\/","url":"https:\/\/www.noticiasradioreflejos.com.ar\/2021\/el-artico-perdio-770-000-kilometros-cuadrados-de-hielo-segun-la-nasa\/","name":"El \u00c1rtico perdi\u00f3 770.000 kil\u00f3metros cuadrados de hielo, seg\u00fan la NASA - Noticias Radio Reflejos","isPartOf":{"@id":"https:\/\/www.noticiasradioreflejos.com.ar\/2021\/#website"},"primaryImageOfPage":{"@id":"https:\/\/www.noticiasradioreflejos.com.ar\/2021\/el-artico-perdio-770-000-kilometros-cuadrados-de-hielo-segun-la-nasa\/#primaryimage"},"image":{"@id":"https:\/\/www.noticiasradioreflejos.com.ar\/2021\/el-artico-perdio-770-000-kilometros-cuadrados-de-hielo-segun-la-nasa\/#primaryimage"},"thumbnailUrl":"https:\/\/www.telam.com.ar\/thumbs\/bluesteel\/advf\/imagenes\/2021\/05\/60a663637064a_900.jpg","datePublished":"2022-03-23T10:48:38+00:00","author":{"@id":"https:\/\/www.noticiasradioreflejos.com.ar\/2021\/#\/schema\/person\/ad82545263dcc5ec0996818884fd5fb1"},"breadcrumb":{"@id":"https:\/\/www.noticiasradioreflejos.com.ar\/2021\/el-artico-perdio-770-000-kilometros-cuadrados-de-hielo-segun-la-nasa\/#breadcrumb"},"inLanguage":"es","potentialAction":[{"@type":"ReadAction","target":["https:\/\/www.noticiasradioreflejos.com.ar\/2021\/el-artico-perdio-770-000-kilometros-cuadrados-de-hielo-segun-la-nasa\/"]}]},{"@type":"ImageObject","inLanguage":"es","@id":"https:\/\/www.noticiasradioreflejos.com.ar\/2021\/el-artico-perdio-770-000-kilometros-cuadrados-de-hielo-segun-la-nasa\/#primaryimage","url":"https:\/\/www.telam.com.ar\/thumbs\/bluesteel\/advf\/imagenes\/2021\/05\/60a663637064a_900.jpg","contentUrl":"https:\/\/www.telam.com.ar\/thumbs\/bluesteel\/advf\/imagenes\/2021\/05\/60a663637064a_900.jpg"},{"@type":"BreadcrumbList","@id":"https:\/\/www.noticiasradioreflejos.com.ar\/2021\/el-artico-perdio-770-000-kilometros-cuadrados-de-hielo-segun-la-nasa\/#breadcrumb","itemListElement":[{"@type":"ListItem","position":1,"name":"Portada","item":"https:\/\/www.noticiasradioreflejos.com.ar\/2021\/"},{"@type":"ListItem","position":2,"name":"El \u00c1rtico perdi\u00f3 770.000 kil\u00f3metros cuadrados de hielo, seg\u00fan la NASA"}]},{"@type":"WebSite","@id":"https:\/\/www.noticiasradioreflejos.com.ar\/2021\/#website","url":"https:\/\/www.noticiasradioreflejos.com.ar\/2021\/","name":"Noticias Radio Reflejos","description":"Las noticias de mi comarca","potentialAction":[{"@type":"SearchAction","target":{"@type":"EntryPoint","urlTemplate":"https:\/\/www.noticiasradioreflejos.com.ar\/2021\/?s={search_term_string}"},"query-input":{"@type":"PropertyValueSpecification","valueRequired":true,"valueName":"search_term_string"}}],"inLanguage":"es"},{"@type":"Person","@id":"https:\/\/www.noticiasradioreflejos.com.ar\/2021\/#\/schema\/person\/ad82545263dcc5ec0996818884fd5fb1","name":"Arnaldo Botto","image":{"@type":"ImageObject","inLanguage":"es","@id":"https:\/\/www.noticiasradioreflejos.com.ar\/2021\/#\/schema\/person\/image\/","url":"https:\/\/secure.gravatar.com\/avatar\/55cb5e37c1efa326397366e6974cb338056df65cb50e7d64d1cf314e87504837?s=96&d=mm&r=g","contentUrl":"https:\/\/secure.gravatar.com\/avatar\/55cb5e37c1efa326397366e6974cb338056df65cb50e7d64d1cf314e87504837?s=96&d=mm&r=g","caption":"Arnaldo Botto"},"url":"https:\/\/www.noticiasradioreflejos.com.ar\/2021\/author\/arnaldo\/"}]}},"_links":{"self":[{"href":"https:\/\/www.noticiasradioreflejos.com.ar\/2021\/wp-json\/wp\/v2\/posts\/69596","targetHints":{"allow":["GET"]}}],"collection":[{"href":"https:\/\/www.noticiasradioreflejos.com.ar\/2021\/wp-json\/wp\/v2\/posts"}],"about":[{"href":"https:\/\/www.noticiasradioreflejos.com.ar\/2021\/wp-json\/wp\/v2\/types\/post"}],"author":[{"embeddable":true,"href":"https:\/\/www.noticiasradioreflejos.com.ar\/2021\/wp-json\/wp\/v2\/users\/3"}],"replies":[{"embeddable":true,"href":"https:\/\/www.noticiasradioreflejos.com.ar\/2021\/wp-json\/wp\/v2\/comments?post=69596"}],"version-history":[{"count":1,"href":"https:\/\/www.noticiasradioreflejos.com.ar\/2021\/wp-json\/wp\/v2\/posts\/69596\/revisions"}],"predecessor-version":[{"id":69598,"href":"https:\/\/www.noticiasradioreflejos.com.ar\/2021\/wp-json\/wp\/v2\/posts\/69596\/revisions\/69598"}],"wp:attachment":[{"href":"https:\/\/www.noticiasradioreflejos.com.ar\/2021\/wp-json\/wp\/v2\/media?parent=69596"}],"wp:term":[{"taxonomy":"category","embeddable":true,"href":"https:\/\/www.noticiasradioreflejos.com.ar\/2021\/wp-json\/wp\/v2\/categories?post=69596"},{"taxonomy":"post_tag","embeddable":true,"href":"https:\/\/www.noticiasradioreflejos.com.ar\/2021\/wp-json\/wp\/v2\/tags?post=69596"}],"curies":[{"name":"wp","href":"https:\/\/api.w.org\/{rel}","templated":true}]}}