{"id":69590,"date":"2022-03-23T10:37:41","date_gmt":"2022-03-23T10:37:41","guid":{"rendered":"http:\/\/www.noticiasradioreflejos.com.ar\/2021\/?p=69590"},"modified":"2022-03-23T10:37:41","modified_gmt":"2022-03-23T10:37:41","slug":"vecinos-enviaron-nota-al-intendente-por-problemas-con-la-provision-de-agua-potable","status":"publish","type":"post","link":"https:\/\/www.noticiasradioreflejos.com.ar\/2021\/vecinos-enviaron-nota-al-intendente-por-problemas-con-la-provision-de-agua-potable\/","title":{"rendered":"Vecinos enviaron nota al intendente por problemas con la provisi\u00f3n de agua potable."},"content":{"rendered":"<p>En el d\u00eda mundial del agua, 22 de marzo, vecino\/as del barrio \u00abEl Mirador\u00bb de Sierra de la Ventana presentaron su reclamo al intendente y al HCD.<!--more--><\/p>\n<p>&nbsp;<\/p>\n<p>Al Intendente Municipal de Tornquist<\/p>\n<p>Se\u00f1or Sergio Bordoni<\/p>\n<p><strong><u>S<\/u><\/strong><strong><u>\u00a0<\/u><\/strong><strong><u>\/\/\/<\/u><\/strong><strong><u>\u00a0<\/u><\/strong><strong><u>D<\/u><\/strong><\/p>\n<p>&nbsp;<\/p>\n<p><strong><u>REF.:<\/u><\/strong>\u00a0PROBLEMAS CON LA PROVISI\u00d3N DEL SERVICIO DE AGUA POTABLE<\/p>\n<p>&nbsp;<\/p>\n<p>Los abajo firmantes, vecinos de la localidad de Sierra de la Ventana y m\u00e1s espec\u00edficamente del Barrio El Mirador, tenemos el agrado de dirigirnos a usted en atenci\u00f3n a los problemas que se vienen suscitando cada vez con mayor asiduidad con la provisi\u00f3n del servicio de agua potable y que afecta de manera focalizada al n\u00facleo barrial mencionado, deriv\u00e1ndose en m\u00faltiples problemas para la poblaci\u00f3n.<\/p>\n<p>No vamos a explayarnos en la importancia que el agua tiene para la vida diaria de las personas porque es algo de p\u00fablico conocimiento y se han escrito incontables p\u00e1ginas sobre el tema.<\/p>\n<p>El motivo de la presente son dos temas que nos preocupan y perjudican como vecinos de forma espec\u00edfica, a saber:<\/p>\n<p>v\u00a0Solicitamos la provisi\u00f3n normal del servicio de agua, que por otra parte puntualmente abonamos y que se tomen los recaudos pertinentes, por el medio que consideren m\u00e1s adecuados los funcionarios del \u00e1rea, a fin de que en el futuro cuando sea temporada tur\u00edstica o fin de semana largo no se vea disminuida la provisi\u00f3n del servicio por la afluencia de turismo, que crece teniendo en cuenta que se publicita la zona cada vez m\u00e1s, con el consiguiente aumento de las \u00a0estad\u00edsticas tur\u00edsticas.<\/p>\n<p>Asimismo, hemos tomado conocimiento oportunamente de la Ordenanza N\u00ba 2722\/14 sobre el uso responsable del recurso a trav\u00e9s de los medios de comunicaci\u00f3n, ateni\u00e9ndonos a la misma.<\/p>\n<p>Atento a lo expuesto, en atenci\u00f3n a los derechos que como ciudadanos es nuestra obligaci\u00f3n ejercer, es que nos presentamos a plantear el tema a fin de no caer en la.denuncia de vecino contra vecino, situaci\u00f3n que ya sabemos resulta soberanamente inconducente y no soluciona el tema de manera definitiva. Por ello planteamos la necesidad de tomar medidas con una visi\u00f3n superadora no s\u00f3lo para la situaci\u00f3n coyuntural del momento, sino que contemple el crecimiento futuro de la localidad para lo cual es de vital importancia contar con infraestructura de servicios de base de calidad, a efectos de que ello no vaya en desmedro de la calidad de vida de los residentes.<\/p>\n<p>Sin otro particular, saludamos a usted muy atentamente.<\/p>\n<p>Con copia a la Presidencia del HCD<\/p>\n<p>P\/D: SE PRESENT\u00d3 LA NOTA\u00a0 ACOMPA\u00d1ADA DE UN BUEN N\u00daMERO DE FIRMAS DE LO\/AS VECINO\/AS REUNIDO\/AS EN ASAMBLEA.<\/p>\n","protected":false},"excerpt":{"rendered":"<p>En el d\u00eda mundial del agua, 22 de marzo, vecino\/as del barrio \u00abEl Mirador\u00bb de Sierra de la Ventana presentaron su reclamo al intendente y al HCD.<\/p>\n","protected":false},"author":3,"featured_media":0,"comment_status":"closed","ping_status":"closed","sticky":false,"template":"","format":"standard","meta":{"footnotes":""},"categories":[26],"tags":[],"class_list":["post-69590","post","type-post","status-publish","format-standard","hentry","category-sociedad"],"yoast_head":"<!-- This site is optimized with the Yoast SEO plugin v25.9 - https:\/\/yoast.com\/wordpress\/plugins\/seo\/ -->\n<title>Vecinos enviaron nota al intendente por problemas con la provisi\u00f3n de agua potable. - Noticias Radio Reflejos<\/title>\n<meta name=\"robots\" content=\"index, follow, max-snippet:-1, max-image-preview:large, max-video-preview:-1\" \/>\n<link rel=\"canonical\" href=\"https:\/\/www.noticiasradioreflejos.com.ar\/2021\/vecinos-enviaron-nota-al-intendente-por-problemas-con-la-provision-de-agua-potable\/\" \/>\n<meta property=\"og:locale\" content=\"es_ES\" \/>\n<meta property=\"og:type\" content=\"article\" \/>\n<meta property=\"og:title\" content=\"Vecinos enviaron nota al intendente por problemas con la provisi\u00f3n de agua potable. - Noticias Radio Reflejos\" \/>\n<meta property=\"og:description\" content=\"En el d\u00eda mundial del agua, 22 de marzo, vecino\/as del barrio \u00abEl Mirador\u00bb de Sierra de la Ventana presentaron su reclamo al intendente y al HCD.\" \/>\n<meta property=\"og:url\" content=\"https:\/\/www.noticiasradioreflejos.com.ar\/2021\/vecinos-enviaron-nota-al-intendente-por-problemas-con-la-provision-de-agua-potable\/\" \/>\n<meta property=\"og:site_name\" content=\"Noticias Radio Reflejos\" \/>\n<meta property=\"article:published_time\" content=\"2022-03-23T10:37:41+00:00\" \/>\n<meta property=\"og:image\" content=\"https:\/\/www.noticiasradioreflejos.com.ar\/2021\/wp-content\/uploads\/2021\/07\/logosol300x200.png\" \/>\n\t<meta property=\"og:image:width\" content=\"300\" \/>\n\t<meta property=\"og:image:height\" content=\"200\" \/>\n\t<meta property=\"og:image:type\" content=\"image\/png\" \/>\n<meta name=\"author\" content=\"Arnaldo Botto\" \/>\n<meta name=\"twitter:card\" content=\"summary_large_image\" \/>\n<script type=\"application\/ld+json\" class=\"yoast-schema-graph\">{\"@context\":\"https:\/\/schema.org\",\"@graph\":[{\"@type\":\"WebPage\",\"@id\":\"https:\/\/www.noticiasradioreflejos.com.ar\/2021\/vecinos-enviaron-nota-al-intendente-por-problemas-con-la-provision-de-agua-potable\/\",\"url\":\"https:\/\/www.noticiasradioreflejos.com.ar\/2021\/vecinos-enviaron-nota-al-intendente-por-problemas-con-la-provision-de-agua-potable\/\",\"name\":\"Vecinos enviaron nota al intendente por problemas con la provisi\u00f3n de agua potable. - Noticias Radio Reflejos\",\"isPartOf\":{\"@id\":\"https:\/\/www.noticiasradioreflejos.com.ar\/2021\/#website\"},\"datePublished\":\"2022-03-23T10:37:41+00:00\",\"author\":{\"@id\":\"https:\/\/www.noticiasradioreflejos.com.ar\/2021\/#\/schema\/person\/ad82545263dcc5ec0996818884fd5fb1\"},\"breadcrumb\":{\"@id\":\"https:\/\/www.noticiasradioreflejos.com.ar\/2021\/vecinos-enviaron-nota-al-intendente-por-problemas-con-la-provision-de-agua-potable\/#breadcrumb\"},\"inLanguage\":\"es\",\"potentialAction\":[{\"@type\":\"ReadAction\",\"target\":[\"https:\/\/www.noticiasradioreflejos.com.ar\/2021\/vecinos-enviaron-nota-al-intendente-por-problemas-con-la-provision-de-agua-potable\/\"]}]},{\"@type\":\"BreadcrumbList\",\"@id\":\"https:\/\/www.noticiasradioreflejos.com.ar\/2021\/vecinos-enviaron-nota-al-intendente-por-problemas-con-la-provision-de-agua-potable\/#breadcrumb\",\"itemListElement\":[{\"@type\":\"ListItem\",\"position\":1,\"name\":\"Portada\",\"item\":\"https:\/\/www.noticiasradioreflejos.com.ar\/2021\/\"},{\"@type\":\"ListItem\",\"position\":2,\"name\":\"Vecinos enviaron nota al intendente por problemas con la provisi\u00f3n de agua potable.\"}]},{\"@type\":\"WebSite\",\"@id\":\"https:\/\/www.noticiasradioreflejos.com.ar\/2021\/#website\",\"url\":\"https:\/\/www.noticiasradioreflejos.com.ar\/2021\/\",\"name\":\"Noticias Radio Reflejos\",\"description\":\"Las noticias de mi comarca\",\"potentialAction\":[{\"@type\":\"SearchAction\",\"target\":{\"@type\":\"EntryPoint\",\"urlTemplate\":\"https:\/\/www.noticiasradioreflejos.com.ar\/2021\/?s={search_term_string}\"},\"query-input\":{\"@type\":\"PropertyValueSpecification\",\"valueRequired\":true,\"valueName\":\"search_term_string\"}}],\"inLanguage\":\"es\"},{\"@type\":\"Person\",\"@id\":\"https:\/\/www.noticiasradioreflejos.com.ar\/2021\/#\/schema\/person\/ad82545263dcc5ec0996818884fd5fb1\",\"name\":\"Arnaldo Botto\",\"image\":{\"@type\":\"ImageObject\",\"inLanguage\":\"es\",\"@id\":\"https:\/\/www.noticiasradioreflejos.com.ar\/2021\/#\/schema\/person\/image\/\",\"url\":\"https:\/\/secure.gravatar.com\/avatar\/55cb5e37c1efa326397366e6974cb338056df65cb50e7d64d1cf314e87504837?s=96&d=mm&r=g\",\"contentUrl\":\"https:\/\/secure.gravatar.com\/avatar\/55cb5e37c1efa326397366e6974cb338056df65cb50e7d64d1cf314e87504837?s=96&d=mm&r=g\",\"caption\":\"Arnaldo Botto\"},\"url\":\"https:\/\/www.noticiasradioreflejos.com.ar\/2021\/author\/arnaldo\/\"}]}<\/script>\n<!-- \/ Yoast SEO plugin. -->","yoast_head_json":{"title":"Vecinos enviaron nota al intendente por problemas con la provisi\u00f3n de agua potable. - Noticias Radio Reflejos","robots":{"index":"index","follow":"follow","max-snippet":"max-snippet:-1","max-image-preview":"max-image-preview:large","max-video-preview":"max-video-preview:-1"},"canonical":"https:\/\/www.noticiasradioreflejos.com.ar\/2021\/vecinos-enviaron-nota-al-intendente-por-problemas-con-la-provision-de-agua-potable\/","og_locale":"es_ES","og_type":"article","og_title":"Vecinos enviaron nota al intendente por problemas con la provisi\u00f3n de agua potable. - Noticias Radio Reflejos","og_description":"En el d\u00eda mundial del agua, 22 de marzo, vecino\/as del barrio \u00abEl Mirador\u00bb de Sierra de la Ventana presentaron su reclamo al intendente y al HCD.","og_url":"https:\/\/www.noticiasradioreflejos.com.ar\/2021\/vecinos-enviaron-nota-al-intendente-por-problemas-con-la-provision-de-agua-potable\/","og_site_name":"Noticias Radio Reflejos","article_published_time":"2022-03-23T10:37:41+00:00","og_image":[{"width":300,"height":200,"url":"https:\/\/www.noticiasradioreflejos.com.ar\/2021\/wp-content\/uploads\/2021\/07\/logosol300x200.png","type":"image\/png"}],"author":"Arnaldo Botto","twitter_card":"summary_large_image","schema":{"@context":"https:\/\/schema.org","@graph":[{"@type":"WebPage","@id":"https:\/\/www.noticiasradioreflejos.com.ar\/2021\/vecinos-enviaron-nota-al-intendente-por-problemas-con-la-provision-de-agua-potable\/","url":"https:\/\/www.noticiasradioreflejos.com.ar\/2021\/vecinos-enviaron-nota-al-intendente-por-problemas-con-la-provision-de-agua-potable\/","name":"Vecinos enviaron nota al intendente por problemas con la provisi\u00f3n de agua potable. - Noticias Radio Reflejos","isPartOf":{"@id":"https:\/\/www.noticiasradioreflejos.com.ar\/2021\/#website"},"datePublished":"2022-03-23T10:37:41+00:00","author":{"@id":"https:\/\/www.noticiasradioreflejos.com.ar\/2021\/#\/schema\/person\/ad82545263dcc5ec0996818884fd5fb1"},"breadcrumb":{"@id":"https:\/\/www.noticiasradioreflejos.com.ar\/2021\/vecinos-enviaron-nota-al-intendente-por-problemas-con-la-provision-de-agua-potable\/#breadcrumb"},"inLanguage":"es","potentialAction":[{"@type":"ReadAction","target":["https:\/\/www.noticiasradioreflejos.com.ar\/2021\/vecinos-enviaron-nota-al-intendente-por-problemas-con-la-provision-de-agua-potable\/"]}]},{"@type":"BreadcrumbList","@id":"https:\/\/www.noticiasradioreflejos.com.ar\/2021\/vecinos-enviaron-nota-al-intendente-por-problemas-con-la-provision-de-agua-potable\/#breadcrumb","itemListElement":[{"@type":"ListItem","position":1,"name":"Portada","item":"https:\/\/www.noticiasradioreflejos.com.ar\/2021\/"},{"@type":"ListItem","position":2,"name":"Vecinos enviaron nota al intendente por problemas con la provisi\u00f3n de agua potable."}]},{"@type":"WebSite","@id":"https:\/\/www.noticiasradioreflejos.com.ar\/2021\/#website","url":"https:\/\/www.noticiasradioreflejos.com.ar\/2021\/","name":"Noticias Radio Reflejos","description":"Las noticias de mi comarca","potentialAction":[{"@type":"SearchAction","target":{"@type":"EntryPoint","urlTemplate":"https:\/\/www.noticiasradioreflejos.com.ar\/2021\/?s={search_term_string}"},"query-input":{"@type":"PropertyValueSpecification","valueRequired":true,"valueName":"search_term_string"}}],"inLanguage":"es"},{"@type":"Person","@id":"https:\/\/www.noticiasradioreflejos.com.ar\/2021\/#\/schema\/person\/ad82545263dcc5ec0996818884fd5fb1","name":"Arnaldo Botto","image":{"@type":"ImageObject","inLanguage":"es","@id":"https:\/\/www.noticiasradioreflejos.com.ar\/2021\/#\/schema\/person\/image\/","url":"https:\/\/secure.gravatar.com\/avatar\/55cb5e37c1efa326397366e6974cb338056df65cb50e7d64d1cf314e87504837?s=96&d=mm&r=g","contentUrl":"https:\/\/secure.gravatar.com\/avatar\/55cb5e37c1efa326397366e6974cb338056df65cb50e7d64d1cf314e87504837?s=96&d=mm&r=g","caption":"Arnaldo Botto"},"url":"https:\/\/www.noticiasradioreflejos.com.ar\/2021\/author\/arnaldo\/"}]}},"_links":{"self":[{"href":"https:\/\/www.noticiasradioreflejos.com.ar\/2021\/wp-json\/wp\/v2\/posts\/69590","targetHints":{"allow":["GET"]}}],"collection":[{"href":"https:\/\/www.noticiasradioreflejos.com.ar\/2021\/wp-json\/wp\/v2\/posts"}],"about":[{"href":"https:\/\/www.noticiasradioreflejos.com.ar\/2021\/wp-json\/wp\/v2\/types\/post"}],"author":[{"embeddable":true,"href":"https:\/\/www.noticiasradioreflejos.com.ar\/2021\/wp-json\/wp\/v2\/users\/3"}],"replies":[{"embeddable":true,"href":"https:\/\/www.noticiasradioreflejos.com.ar\/2021\/wp-json\/wp\/v2\/comments?post=69590"}],"version-history":[{"count":1,"href":"https:\/\/www.noticiasradioreflejos.com.ar\/2021\/wp-json\/wp\/v2\/posts\/69590\/revisions"}],"predecessor-version":[{"id":69591,"href":"https:\/\/www.noticiasradioreflejos.com.ar\/2021\/wp-json\/wp\/v2\/posts\/69590\/revisions\/69591"}],"wp:attachment":[{"href":"https:\/\/www.noticiasradioreflejos.com.ar\/2021\/wp-json\/wp\/v2\/media?parent=69590"}],"wp:term":[{"taxonomy":"category","embeddable":true,"href":"https:\/\/www.noticiasradioreflejos.com.ar\/2021\/wp-json\/wp\/v2\/categories?post=69590"},{"taxonomy":"post_tag","embeddable":true,"href":"https:\/\/www.noticiasradioreflejos.com.ar\/2021\/wp-json\/wp\/v2\/tags?post=69590"}],"curies":[{"name":"wp","href":"https:\/\/api.w.org\/{rel}","templated":true}]}}