{"id":69585,"date":"2022-03-22T22:20:29","date_gmt":"2022-03-22T22:20:29","guid":{"rendered":"http:\/\/www.noticiasradioreflejos.com.ar\/2021\/?p=69585"},"modified":"2022-03-22T22:20:29","modified_gmt":"2022-03-22T22:20:29","slug":"se-acordo-con-el-club-de-paris-la-extension-de-entendimiento-para-el-pago-a-los-acreedores","status":"publish","type":"post","link":"https:\/\/www.noticiasradioreflejos.com.ar\/2021\/se-acordo-con-el-club-de-paris-la-extension-de-entendimiento-para-el-pago-a-los-acreedores\/","title":{"rendered":"Se acord\u00f3 con el Club de Par\u00eds la extensi\u00f3n de entendimiento para el pago a los acreedores"},"content":{"rendered":"<p>En un encuentro en la capital gala, el ministro de Econom\u00eda Mart\u00edn Guzm\u00e1n, y el presidente del Club de Par\u00eds Emmanuel Moulin, acordaron una nueva pr\u00f3rroga sobre el entendimiento de junio del 2021. Se concluir\u00e1 el proceso de <\/p>\n<p>El ministro de Econom\u00eda, Mart\u00edn Guzm\u00e1n, y el presidente del Club de Par\u00eds, Emmanuel Moulin,<strong>\u00a0acordaron este martes una nueva extensi\u00f3n del entendimiento alcanzado en junio del 2021, para el pago de los compromisos que la Argentina tiene con este foro de pa\u00edses acreedores.<\/strong><\/p>\n<p>El entendimiento fue alcanzado previo a la votaci\u00f3n del Directorio ejecutivo del Fondo Monetario Internacional, que tratar\u00e1 el acuerdo el pr\u00f3ximo viernes, e incluye garant\u00edas financieras por parte del Club de Par\u00eds en respaldo al programa de Facilidades Extendidas que tiene una duraci\u00f3n de treinta meses, permiti\u00e9ndole a la Argentina asegurar las fuentes financieras identificadas en el acuerdo con el organismo multilateral, inform\u00f3 por la tarde el Palacio de Hacienda.<\/p>\n<figure class=\"mb-3\"><img decoding=\"async\" src=\"https:\/\/www.telam.com.ar\/thumbs\/bluesteel\/advf\/imagenes\/2022\/03\/623a48fcaddd0_900.jpg\" alt=\"Foto Prensa Ministerio de Economia\" width=\"100%\" height=\"100%\" \/><\/p>\n<div class=\"media-icons\"><\/div><figcaption>(Foto: Prensa Ministerio de Economia).<\/figcaption><\/figure>\n<p>El acuerdo fue alcanzado en el marco de una reuni\u00f3n celebrada en la capital gala, en la que el ministro Guzm\u00e1n estuvo acompa\u00f1ado por la secretaria de Asuntos Econ\u00f3micos y Financieros Internacionales, Maia Colodenco; y el subsecretario de Financiamiento, Ramiro Tosi.<\/p>\n<p>El Ministerio de Econom\u00eda precis\u00f3 que\u00a0<strong>\u00ablas garant\u00edas financieras otorgadas establecen que, durante la vigencia del programa, Argentina realizar\u00e1 pagos parciales a los miembros de Club de manera proporcional a los que efect\u00fae a otros acreedores bilaterales, de acuerdo a los t\u00e9rminos establecidos en el entendimiento de junio de 2021<\/strong>\u00ab.<\/p>\n<p>Durante el encuentro, que se desarroll\u00f3 en el edificio del Ministerio de Econom\u00eda y Finanzas de Francia,<strong>\u00a0Moulin manifest\u00f3 el respaldo del Club de Par\u00eds al acuerdo alcanzado entre el Gobierno argentino y el Fondo Monetario Internacional.<\/strong><\/p>\n<figure class=\"mb-3\"><img decoding=\"async\" src=\"https:\/\/www.telam.com.ar\/thumbs\/bluesteel\/advf\/imagenes\/2022\/03\/623a48fca1769_900.jpg\" alt=\"Foto Prensa Ministerio de Economia\" width=\"100%\" height=\"100%\" \/><\/p>\n<div class=\"media-icons\"><\/div><figcaption>(Foto: Prensa Ministerio de Economia).<\/figcaption><\/figure>\n<p><strong>\u201cReconocemos que el objetivo de este programa con el FMI es fortalecer la estabilidad macroecon\u00f3mica de Argentina y fomentar un crecimiento econ\u00f3mico inclusivo y sostenible a mediano y largo plazo\u201d<\/strong>, dijo Moulin.<\/p>\n<p>Tras este entendimiento,<strong>\u00a0la Argentina y el Club de Par\u00eds se comprometieron a concluir el proceso de modificaci\u00f3n definitiva del Acuerdo definido en la \u201cDeclaraci\u00f3n Conjunta de 2014\u201d antes del 30 de junio pr\u00f3ximo<\/strong>.<\/p>\n<figure class=\"mb-3\"><img decoding=\"async\" src=\"https:\/\/www.telam.com.ar\/thumbs\/bluesteel\/advf\/imagenes\/2022\/03\/623a48fc94afb_900.jpg\" alt=\"Foto Prensa Ministerio de Economia\" width=\"100%\" height=\"100%\" \/><\/p>\n<div class=\"media-icons\"><\/div><figcaption>(Foto: Prensa Ministerio de Economia).<\/figcaption><\/figure>\n<p>El 22 de junio pasado, el Gobierno argentino se comprometi\u00f3 con el Club de Par\u00eds a alcanzar un acuerdo con el FMI antes del 31 de marzo de 2022, con lo que logr\u00f3 un puente de tiempo, evit\u00f3 el default y obtuvo un alivio financiero de USD2.000 millones con este grupo de acreedores mientras segu\u00eda negociando con el organismo multilateral.<\/p>\n<\/div>\n<\/div>\n<\/div>\n<\/div>\n<\/div>\n<\/div>\n<\/div>\n","protected":false},"excerpt":{"rendered":"<p>En un encuentro en la capital gala, el ministro de Econom\u00eda Mart\u00edn Guzm\u00e1n, y el presidente del Club de Par\u00eds Emmanuel Moulin, acordaron una nueva pr\u00f3rroga sobre el entendimiento de junio del 2021. Se concluir\u00e1 el proceso de El ministro de Econom\u00eda, Mart\u00edn Guzm\u00e1n, y el presidente del Club de Par\u00eds, Emmanuel Moulin,\u00a0acordaron este martes [&hellip;]<\/p>\n","protected":false},"author":3,"featured_media":0,"comment_status":"closed","ping_status":"closed","sticky":false,"template":"","format":"standard","meta":{"footnotes":""},"categories":[36],"tags":[],"class_list":["post-69585","post","type-post","status-publish","format-standard","hentry","category-economia"],"yoast_head":"<!-- This site is optimized with the Yoast SEO plugin v25.9 - https:\/\/yoast.com\/wordpress\/plugins\/seo\/ -->\n<title>Se acord\u00f3 con el Club de Par\u00eds la extensi\u00f3n de entendimiento para el pago a los acreedores - Noticias Radio Reflejos<\/title>\n<meta name=\"robots\" content=\"index, follow, max-snippet:-1, max-image-preview:large, max-video-preview:-1\" \/>\n<link rel=\"canonical\" href=\"https:\/\/www.noticiasradioreflejos.com.ar\/2021\/se-acordo-con-el-club-de-paris-la-extension-de-entendimiento-para-el-pago-a-los-acreedores\/\" \/>\n<meta property=\"og:locale\" content=\"es_ES\" \/>\n<meta property=\"og:type\" content=\"article\" \/>\n<meta property=\"og:title\" content=\"Se acord\u00f3 con el Club de Par\u00eds la extensi\u00f3n de entendimiento para el pago a los acreedores - Noticias Radio Reflejos\" \/>\n<meta property=\"og:description\" content=\"En un encuentro en la capital gala, el ministro de Econom\u00eda Mart\u00edn Guzm\u00e1n, y el presidente del Club de Par\u00eds Emmanuel Moulin, acordaron una nueva pr\u00f3rroga sobre el entendimiento de junio del 2021. Se concluir\u00e1 el proceso de El ministro de Econom\u00eda, Mart\u00edn Guzm\u00e1n, y el presidente del Club de Par\u00eds, Emmanuel Moulin,\u00a0acordaron este martes [&hellip;]\" \/>\n<meta property=\"og:url\" content=\"https:\/\/www.noticiasradioreflejos.com.ar\/2021\/se-acordo-con-el-club-de-paris-la-extension-de-entendimiento-para-el-pago-a-los-acreedores\/\" \/>\n<meta property=\"og:site_name\" content=\"Noticias Radio Reflejos\" \/>\n<meta property=\"article:published_time\" content=\"2022-03-22T22:20:29+00:00\" \/>\n<meta property=\"og:image\" content=\"https:\/\/www.telam.com.ar\/thumbs\/bluesteel\/advf\/imagenes\/2022\/03\/623a48fcaddd0_900.jpg\" \/>\n<meta name=\"author\" content=\"Arnaldo Botto\" \/>\n<meta name=\"twitter:card\" content=\"summary_large_image\" \/>\n<script type=\"application\/ld+json\" class=\"yoast-schema-graph\">{\"@context\":\"https:\/\/schema.org\",\"@graph\":[{\"@type\":\"WebPage\",\"@id\":\"https:\/\/www.noticiasradioreflejos.com.ar\/2021\/se-acordo-con-el-club-de-paris-la-extension-de-entendimiento-para-el-pago-a-los-acreedores\/\",\"url\":\"https:\/\/www.noticiasradioreflejos.com.ar\/2021\/se-acordo-con-el-club-de-paris-la-extension-de-entendimiento-para-el-pago-a-los-acreedores\/\",\"name\":\"Se acord\u00f3 con el Club de Par\u00eds la extensi\u00f3n de entendimiento para el pago a los acreedores - Noticias Radio Reflejos\",\"isPartOf\":{\"@id\":\"https:\/\/www.noticiasradioreflejos.com.ar\/2021\/#website\"},\"primaryImageOfPage\":{\"@id\":\"https:\/\/www.noticiasradioreflejos.com.ar\/2021\/se-acordo-con-el-club-de-paris-la-extension-de-entendimiento-para-el-pago-a-los-acreedores\/#primaryimage\"},\"image\":{\"@id\":\"https:\/\/www.noticiasradioreflejos.com.ar\/2021\/se-acordo-con-el-club-de-paris-la-extension-de-entendimiento-para-el-pago-a-los-acreedores\/#primaryimage\"},\"thumbnailUrl\":\"https:\/\/www.telam.com.ar\/thumbs\/bluesteel\/advf\/imagenes\/2022\/03\/623a48fcaddd0_900.jpg\",\"datePublished\":\"2022-03-22T22:20:29+00:00\",\"author\":{\"@id\":\"https:\/\/www.noticiasradioreflejos.com.ar\/2021\/#\/schema\/person\/ad82545263dcc5ec0996818884fd5fb1\"},\"breadcrumb\":{\"@id\":\"https:\/\/www.noticiasradioreflejos.com.ar\/2021\/se-acordo-con-el-club-de-paris-la-extension-de-entendimiento-para-el-pago-a-los-acreedores\/#breadcrumb\"},\"inLanguage\":\"es\",\"potentialAction\":[{\"@type\":\"ReadAction\",\"target\":[\"https:\/\/www.noticiasradioreflejos.com.ar\/2021\/se-acordo-con-el-club-de-paris-la-extension-de-entendimiento-para-el-pago-a-los-acreedores\/\"]}]},{\"@type\":\"ImageObject\",\"inLanguage\":\"es\",\"@id\":\"https:\/\/www.noticiasradioreflejos.com.ar\/2021\/se-acordo-con-el-club-de-paris-la-extension-de-entendimiento-para-el-pago-a-los-acreedores\/#primaryimage\",\"url\":\"https:\/\/www.telam.com.ar\/thumbs\/bluesteel\/advf\/imagenes\/2022\/03\/623a48fcaddd0_900.jpg\",\"contentUrl\":\"https:\/\/www.telam.com.ar\/thumbs\/bluesteel\/advf\/imagenes\/2022\/03\/623a48fcaddd0_900.jpg\"},{\"@type\":\"BreadcrumbList\",\"@id\":\"https:\/\/www.noticiasradioreflejos.com.ar\/2021\/se-acordo-con-el-club-de-paris-la-extension-de-entendimiento-para-el-pago-a-los-acreedores\/#breadcrumb\",\"itemListElement\":[{\"@type\":\"ListItem\",\"position\":1,\"name\":\"Portada\",\"item\":\"https:\/\/www.noticiasradioreflejos.com.ar\/2021\/\"},{\"@type\":\"ListItem\",\"position\":2,\"name\":\"Se acord\u00f3 con el Club de Par\u00eds la extensi\u00f3n de entendimiento para el pago a los acreedores\"}]},{\"@type\":\"WebSite\",\"@id\":\"https:\/\/www.noticiasradioreflejos.com.ar\/2021\/#website\",\"url\":\"https:\/\/www.noticiasradioreflejos.com.ar\/2021\/\",\"name\":\"Noticias Radio Reflejos\",\"description\":\"Las noticias de mi comarca\",\"potentialAction\":[{\"@type\":\"SearchAction\",\"target\":{\"@type\":\"EntryPoint\",\"urlTemplate\":\"https:\/\/www.noticiasradioreflejos.com.ar\/2021\/?s={search_term_string}\"},\"query-input\":{\"@type\":\"PropertyValueSpecification\",\"valueRequired\":true,\"valueName\":\"search_term_string\"}}],\"inLanguage\":\"es\"},{\"@type\":\"Person\",\"@id\":\"https:\/\/www.noticiasradioreflejos.com.ar\/2021\/#\/schema\/person\/ad82545263dcc5ec0996818884fd5fb1\",\"name\":\"Arnaldo Botto\",\"image\":{\"@type\":\"ImageObject\",\"inLanguage\":\"es\",\"@id\":\"https:\/\/www.noticiasradioreflejos.com.ar\/2021\/#\/schema\/person\/image\/\",\"url\":\"https:\/\/secure.gravatar.com\/avatar\/55cb5e37c1efa326397366e6974cb338056df65cb50e7d64d1cf314e87504837?s=96&d=mm&r=g\",\"contentUrl\":\"https:\/\/secure.gravatar.com\/avatar\/55cb5e37c1efa326397366e6974cb338056df65cb50e7d64d1cf314e87504837?s=96&d=mm&r=g\",\"caption\":\"Arnaldo Botto\"},\"url\":\"https:\/\/www.noticiasradioreflejos.com.ar\/2021\/author\/arnaldo\/\"}]}<\/script>\n<!-- \/ Yoast SEO plugin. -->","yoast_head_json":{"title":"Se acord\u00f3 con el Club de Par\u00eds la extensi\u00f3n de entendimiento para el pago a los acreedores - Noticias Radio Reflejos","robots":{"index":"index","follow":"follow","max-snippet":"max-snippet:-1","max-image-preview":"max-image-preview:large","max-video-preview":"max-video-preview:-1"},"canonical":"https:\/\/www.noticiasradioreflejos.com.ar\/2021\/se-acordo-con-el-club-de-paris-la-extension-de-entendimiento-para-el-pago-a-los-acreedores\/","og_locale":"es_ES","og_type":"article","og_title":"Se acord\u00f3 con el Club de Par\u00eds la extensi\u00f3n de entendimiento para el pago a los acreedores - Noticias Radio Reflejos","og_description":"En un encuentro en la capital gala, el ministro de Econom\u00eda Mart\u00edn Guzm\u00e1n, y el presidente del Club de Par\u00eds Emmanuel Moulin, acordaron una nueva pr\u00f3rroga sobre el entendimiento de junio del 2021. Se concluir\u00e1 el proceso de El ministro de Econom\u00eda, Mart\u00edn Guzm\u00e1n, y el presidente del Club de Par\u00eds, Emmanuel Moulin,\u00a0acordaron este martes [&hellip;]","og_url":"https:\/\/www.noticiasradioreflejos.com.ar\/2021\/se-acordo-con-el-club-de-paris-la-extension-de-entendimiento-para-el-pago-a-los-acreedores\/","og_site_name":"Noticias Radio Reflejos","article_published_time":"2022-03-22T22:20:29+00:00","og_image":[{"url":"https:\/\/www.telam.com.ar\/thumbs\/bluesteel\/advf\/imagenes\/2022\/03\/623a48fcaddd0_900.jpg","type":"","width":"","height":""}],"author":"Arnaldo Botto","twitter_card":"summary_large_image","schema":{"@context":"https:\/\/schema.org","@graph":[{"@type":"WebPage","@id":"https:\/\/www.noticiasradioreflejos.com.ar\/2021\/se-acordo-con-el-club-de-paris-la-extension-de-entendimiento-para-el-pago-a-los-acreedores\/","url":"https:\/\/www.noticiasradioreflejos.com.ar\/2021\/se-acordo-con-el-club-de-paris-la-extension-de-entendimiento-para-el-pago-a-los-acreedores\/","name":"Se acord\u00f3 con el Club de Par\u00eds la extensi\u00f3n de entendimiento para el pago a los acreedores - Noticias Radio Reflejos","isPartOf":{"@id":"https:\/\/www.noticiasradioreflejos.com.ar\/2021\/#website"},"primaryImageOfPage":{"@id":"https:\/\/www.noticiasradioreflejos.com.ar\/2021\/se-acordo-con-el-club-de-paris-la-extension-de-entendimiento-para-el-pago-a-los-acreedores\/#primaryimage"},"image":{"@id":"https:\/\/www.noticiasradioreflejos.com.ar\/2021\/se-acordo-con-el-club-de-paris-la-extension-de-entendimiento-para-el-pago-a-los-acreedores\/#primaryimage"},"thumbnailUrl":"https:\/\/www.telam.com.ar\/thumbs\/bluesteel\/advf\/imagenes\/2022\/03\/623a48fcaddd0_900.jpg","datePublished":"2022-03-22T22:20:29+00:00","author":{"@id":"https:\/\/www.noticiasradioreflejos.com.ar\/2021\/#\/schema\/person\/ad82545263dcc5ec0996818884fd5fb1"},"breadcrumb":{"@id":"https:\/\/www.noticiasradioreflejos.com.ar\/2021\/se-acordo-con-el-club-de-paris-la-extension-de-entendimiento-para-el-pago-a-los-acreedores\/#breadcrumb"},"inLanguage":"es","potentialAction":[{"@type":"ReadAction","target":["https:\/\/www.noticiasradioreflejos.com.ar\/2021\/se-acordo-con-el-club-de-paris-la-extension-de-entendimiento-para-el-pago-a-los-acreedores\/"]}]},{"@type":"ImageObject","inLanguage":"es","@id":"https:\/\/www.noticiasradioreflejos.com.ar\/2021\/se-acordo-con-el-club-de-paris-la-extension-de-entendimiento-para-el-pago-a-los-acreedores\/#primaryimage","url":"https:\/\/www.telam.com.ar\/thumbs\/bluesteel\/advf\/imagenes\/2022\/03\/623a48fcaddd0_900.jpg","contentUrl":"https:\/\/www.telam.com.ar\/thumbs\/bluesteel\/advf\/imagenes\/2022\/03\/623a48fcaddd0_900.jpg"},{"@type":"BreadcrumbList","@id":"https:\/\/www.noticiasradioreflejos.com.ar\/2021\/se-acordo-con-el-club-de-paris-la-extension-de-entendimiento-para-el-pago-a-los-acreedores\/#breadcrumb","itemListElement":[{"@type":"ListItem","position":1,"name":"Portada","item":"https:\/\/www.noticiasradioreflejos.com.ar\/2021\/"},{"@type":"ListItem","position":2,"name":"Se acord\u00f3 con el Club de Par\u00eds la extensi\u00f3n de entendimiento para el pago a los acreedores"}]},{"@type":"WebSite","@id":"https:\/\/www.noticiasradioreflejos.com.ar\/2021\/#website","url":"https:\/\/www.noticiasradioreflejos.com.ar\/2021\/","name":"Noticias Radio Reflejos","description":"Las noticias de mi comarca","potentialAction":[{"@type":"SearchAction","target":{"@type":"EntryPoint","urlTemplate":"https:\/\/www.noticiasradioreflejos.com.ar\/2021\/?s={search_term_string}"},"query-input":{"@type":"PropertyValueSpecification","valueRequired":true,"valueName":"search_term_string"}}],"inLanguage":"es"},{"@type":"Person","@id":"https:\/\/www.noticiasradioreflejos.com.ar\/2021\/#\/schema\/person\/ad82545263dcc5ec0996818884fd5fb1","name":"Arnaldo Botto","image":{"@type":"ImageObject","inLanguage":"es","@id":"https:\/\/www.noticiasradioreflejos.com.ar\/2021\/#\/schema\/person\/image\/","url":"https:\/\/secure.gravatar.com\/avatar\/55cb5e37c1efa326397366e6974cb338056df65cb50e7d64d1cf314e87504837?s=96&d=mm&r=g","contentUrl":"https:\/\/secure.gravatar.com\/avatar\/55cb5e37c1efa326397366e6974cb338056df65cb50e7d64d1cf314e87504837?s=96&d=mm&r=g","caption":"Arnaldo Botto"},"url":"https:\/\/www.noticiasradioreflejos.com.ar\/2021\/author\/arnaldo\/"}]}},"_links":{"self":[{"href":"https:\/\/www.noticiasradioreflejos.com.ar\/2021\/wp-json\/wp\/v2\/posts\/69585","targetHints":{"allow":["GET"]}}],"collection":[{"href":"https:\/\/www.noticiasradioreflejos.com.ar\/2021\/wp-json\/wp\/v2\/posts"}],"about":[{"href":"https:\/\/www.noticiasradioreflejos.com.ar\/2021\/wp-json\/wp\/v2\/types\/post"}],"author":[{"embeddable":true,"href":"https:\/\/www.noticiasradioreflejos.com.ar\/2021\/wp-json\/wp\/v2\/users\/3"}],"replies":[{"embeddable":true,"href":"https:\/\/www.noticiasradioreflejos.com.ar\/2021\/wp-json\/wp\/v2\/comments?post=69585"}],"version-history":[{"count":1,"href":"https:\/\/www.noticiasradioreflejos.com.ar\/2021\/wp-json\/wp\/v2\/posts\/69585\/revisions"}],"predecessor-version":[{"id":69587,"href":"https:\/\/www.noticiasradioreflejos.com.ar\/2021\/wp-json\/wp\/v2\/posts\/69585\/revisions\/69587"}],"wp:attachment":[{"href":"https:\/\/www.noticiasradioreflejos.com.ar\/2021\/wp-json\/wp\/v2\/media?parent=69585"}],"wp:term":[{"taxonomy":"category","embeddable":true,"href":"https:\/\/www.noticiasradioreflejos.com.ar\/2021\/wp-json\/wp\/v2\/categories?post=69585"},{"taxonomy":"post_tag","embeddable":true,"href":"https:\/\/www.noticiasradioreflejos.com.ar\/2021\/wp-json\/wp\/v2\/tags?post=69585"}],"curies":[{"name":"wp","href":"https:\/\/api.w.org\/{rel}","templated":true}]}}