{"id":69573,"date":"2022-03-22T21:47:04","date_gmt":"2022-03-22T21:47:04","guid":{"rendered":"http:\/\/www.noticiasradioreflejos.com.ar\/2021\/?p=69573"},"modified":"2022-03-22T21:47:04","modified_gmt":"2022-03-22T21:47:04","slug":"necesitan-ayuda-el-museo-de-la-paloma-se-amplia-en-homenaje-a-la-gesta-de-malvinas","status":"publish","type":"post","link":"https:\/\/www.noticiasradioreflejos.com.ar\/2021\/necesitan-ayuda-el-museo-de-la-paloma-se-amplia-en-homenaje-a-la-gesta-de-malvinas\/","title":{"rendered":"Necesitan ayuda: El museo de La Paloma se ampl\u00eda en homenaje a la gesta de Malvinas"},"content":{"rendered":"<p>Carina, Cristian y sus dos hijas peque\u00f1as, llevan adelante un sue\u00f1o que es orgullo de toda la comunidad de la zona, restaurar y mantener funcionando como Museo la escuelita rural de Paraje la Paloma, donde la cultura, la historia y el turismo encuentran un icono regional que sorprende a cada visitante que llega. Este a\u00f1o, van con un nuevo desaf\u00edo que engrandece a\u00fan m\u00e1s su labor,\u00a0 reinaugurar un sector del museo a la Gesta de Malvinas.<!--more--><\/p>\n<p><a title=\"Museo La Paloma (2)\" href=\"https:\/\/www.flickr.com\/photos\/182279889@N02\/51955095696\/in\/dateposted-public\/\" data-flickr-embed=\"true\"><img loading=\"lazy\" decoding=\"async\" class=\"aligncenter\" src=\"https:\/\/live.staticflickr.com\/65535\/51955095696_0998eb51fb_z.jpg\" alt=\"Museo La Paloma (2)\" width=\"640\" height=\"384\" \/><\/a><script async src=\"\/\/embedr.flickr.com\/assets\/client-code.js\" charset=\"utf-8\"><\/script><\/p>\n<p>El a\u00f1o pasado, durante una reuni\u00f3n de comisi\u00f3n del Museo, se plante\u00f3 dedicar un sector a Malvinas y sus veteranos. \u00abLo que pens\u00e1bamos nosotros que iba a ser algo chico y sencillo termin\u00f3 siendo una fiesta hermosa\u00bb se refiri\u00f3 a la inauguraci\u00f3n del sector, donde se hizo un gran reconocimiento. Carina mencion\u00f3 que gran parte de ese sector est\u00e1 compuesto por donaciones de los mismos veteranos de Malvinas, quienes entregaron muchos cuadros, objetos y dem\u00e1s.<\/p>\n<p>\u00abTomamos la decisi\u00f3n de armar un sector mucho m\u00e1s amplio, as\u00ed que el sector se traslada al sal\u00f3n grande, donde normalmente se hacen los almuerzos. La verdad es que uno est\u00e1 mucho m\u00e1s que agradecido, gracias a eso podemos decir que estamos creciendo y por eso reinauguramos el sector el 3 de abril\u00bb anunci\u00f3.<\/p>\n<p><a title=\"Museo La Paloma (1)\" href=\"https:\/\/www.flickr.com\/photos\/182279889@N02\/51955160803\/in\/dateposted-public\/\" data-flickr-embed=\"true\"><img loading=\"lazy\" decoding=\"async\" class=\"alignleft\" src=\"https:\/\/live.staticflickr.com\/65535\/51955160803_95b1cd63a3_z.jpg\" alt=\"Museo La Paloma (1)\" width=\"444\" height=\"640\" \/><\/a><script async src=\"\/\/embedr.flickr.com\/assets\/client-code.js\" charset=\"utf-8\"><\/script><\/p>\n<p>El d\u00eda del acto en cuesti\u00f3n ser\u00e1 acompa\u00f1ado por un escritor y veterano de Malvinas, quien presentar\u00e1 su libro sobre la guerra y sus vivencias, su nombre es Victor Mondin.<\/p>\n<p>Carina comenta que reciben mucho apoyo de la comunidad en general, pero que concretamente no reciben ning\u00fan tipo de programa o fondos de Provincia para poder continuar cuidando de este patrimonio Nacional y Provincial. De todas formas, ese apoyo econ\u00f3mico Carina menciona que lo reciben del sector privado.<\/p>\n<p>La entrevistada tambi\u00e9n estuvo compartiendo qu\u00e9 es lo que se trabaja en el Paraje. \u00abLe damos vida a esta escuelita rural que fue cerrada por falta de matr\u00edcula. Hoy en d\u00eda es un museo, donde tambi\u00e9n tenemos una granja did\u00e1ctica con nuevos integrantes. Por m\u00e1s que vivamos en una zona totalmente agropecuaria, hay gente que nunca tuvo contacto con los animales de granja. Neoviajes Turismo, una empresa de viajes de Bah\u00eda Blanca, pusieron como destino el Paraje La Paloma. Tambi\u00e9n seguimos con la producci\u00f3n de dulce de leche, quesos y chacinados\u00bb.<\/p>\n<p><a title=\"Museo La Paloma (5)\" href=\"https:\/\/www.flickr.com\/photos\/182279889@N02\/51954105647\/in\/dateposted-public\/\" data-flickr-embed=\"true\"><img loading=\"lazy\" decoding=\"async\" class=\"aligncenter\" src=\"https:\/\/live.staticflickr.com\/65535\/51954105647_20d0a3d703_z.jpg\" alt=\"Museo La Paloma (5)\" width=\"640\" height=\"384\" \/><\/a><script async src=\"\/\/embedr.flickr.com\/assets\/client-code.js\" charset=\"utf-8\"><\/script><\/p>\n<p>Volvi\u00f3 a recordar que el acto del 3 de abril ser\u00e1 a beneficio del Museo para poder solventar los gastos del mismo y poder restaurar y mantener todo el patrimonio cultural que el Museo cuida.<\/p>\n<p>Nota completa a continuaci\u00f3n:<br \/>\n<iframe loading=\"lazy\" src=\"https:\/\/w.soundcloud.com\/player\/?url=https%3A\/\/api.soundcloud.com\/tracks\/1236728932&amp;color=%23ff5500&amp;auto_play=false&amp;hide_related=false&amp;show_comments=true&amp;show_user=true&amp;show_reposts=false&amp;show_teaser=true&amp;visual=true\" width=\"100%\" height=\"300\" frameborder=\"no\" scrolling=\"no\"><\/iframe><\/p>\n<div style=\"font-size: 10px; color: #cccccc; line-break: anywhere; word-break: normal; overflow: hidden; white-space: nowrap; text-overflow: ellipsis; font-family: Interstate,Lucida Grande,Lucida Sans Unicode,Lucida Sans,Garuda,Verdana,Tahoma,sans-serif; font-weight: 100;\"><a style=\"color: #cccccc; text-decoration: none;\" title=\"fmreflejos 103.7\" href=\"https:\/\/soundcloud.com\/fmreflejos-103-7\" target=\"_blank\" rel=\"noopener\">fmreflejos 103.7<\/a> \u00b7 <a style=\"color: #cccccc; text-decoration: none;\" title=\"Karina Lagleyze\" href=\"https:\/\/soundcloud.com\/fmreflejos-103-7\/karina-lagleyze\" target=\"_blank\" rel=\"noopener\">Karina Lagleyze<\/a><\/div>\n<p><a title=\"Museo La Paloma (4)\" href=\"https:\/\/www.flickr.com\/photos\/182279889@N02\/51955394934\/in\/dateposted-public\/\" data-flickr-embed=\"true\"><img loading=\"lazy\" decoding=\"async\" class=\"aligncenter\" src=\"https:\/\/live.staticflickr.com\/65535\/51955394934_ec81b8573f_z.jpg\" alt=\"Museo La Paloma (4)\" width=\"640\" height=\"480\" \/><\/a><script async src=\"\/\/embedr.flickr.com\/assets\/client-code.js\" charset=\"utf-8\"><\/script><\/p>\n<p><a title=\"museo_malvinas_pringles\" href=\"https:\/\/www.flickr.com\/photos\/182279889@N02\/51955686970\/in\/dateposted-public\/\" data-flickr-embed=\"true\"><img loading=\"lazy\" decoding=\"async\" class=\"aligncenter\" src=\"https:\/\/live.staticflickr.com\/65535\/51955686970_dc3cb9fb09_z.jpg\" alt=\"museo_malvinas_pringles\" width=\"640\" height=\"379\" \/><\/a><script async src=\"\/\/embedr.flickr.com\/assets\/client-code.js\" charset=\"utf-8\"><\/script><\/p>\n<p><a title=\"WhatsApp Image 2022-03-21 at 5.56.08 PM\" href=\"https:\/\/www.flickr.com\/photos\/182279889@N02\/51955689370\/in\/dateposted-public\/\" data-flickr-embed=\"true\"><img loading=\"lazy\" decoding=\"async\" class=\"aligncenter\" src=\"https:\/\/live.staticflickr.com\/65535\/51955689370_c2533a5e2d_z.jpg\" alt=\"WhatsApp Image 2022-03-21 at 5.56.08 PM\" width=\"640\" height=\"640\" \/><\/a><script async src=\"\/\/embedr.flickr.com\/assets\/client-code.js\" charset=\"utf-8\"><\/script><\/p>\n","protected":false},"excerpt":{"rendered":"<p>Carina, Cristian y sus dos hijas peque\u00f1as, llevan adelante un sue\u00f1o que es orgullo de toda la comunidad de la zona, restaurar y mantener funcionando como Museo la escuelita rural de Paraje la Paloma, donde la cultura, la historia y el turismo encuentran un icono regional que sorprende a cada visitante que llega. Este a\u00f1o, [&hellip;]<\/p>\n","protected":false},"author":3,"featured_media":0,"comment_status":"closed","ping_status":"closed","sticky":false,"template":"","format":"standard","meta":{"footnotes":""},"categories":[35,34,26,33],"tags":[48],"class_list":["post-69573","post","type-post","status-publish","format-standard","hentry","category-cultura","category-educacion","category-sociedad","category-turismo","tag-destacada"],"yoast_head":"<!-- This site is optimized with the Yoast SEO plugin v25.9 - https:\/\/yoast.com\/wordpress\/plugins\/seo\/ -->\n<title>Necesitan ayuda: El museo de La Paloma se ampl\u00eda en homenaje a la gesta de Malvinas - Noticias Radio Reflejos<\/title>\n<meta name=\"robots\" content=\"index, follow, max-snippet:-1, max-image-preview:large, max-video-preview:-1\" \/>\n<link rel=\"canonical\" href=\"https:\/\/www.noticiasradioreflejos.com.ar\/2021\/necesitan-ayuda-el-museo-de-la-paloma-se-amplia-en-homenaje-a-la-gesta-de-malvinas\/\" \/>\n<meta property=\"og:locale\" content=\"es_ES\" \/>\n<meta property=\"og:type\" content=\"article\" \/>\n<meta property=\"og:title\" content=\"Necesitan ayuda: El museo de La Paloma se ampl\u00eda en homenaje a la gesta de Malvinas - Noticias Radio Reflejos\" \/>\n<meta property=\"og:description\" content=\"Carina, Cristian y sus dos hijas peque\u00f1as, llevan adelante un sue\u00f1o que es orgullo de toda la comunidad de la zona, restaurar y mantener funcionando como Museo la escuelita rural de Paraje la Paloma, donde la cultura, la historia y el turismo encuentran un icono regional que sorprende a cada visitante que llega. Este a\u00f1o, [&hellip;]\" \/>\n<meta property=\"og:url\" content=\"https:\/\/www.noticiasradioreflejos.com.ar\/2021\/necesitan-ayuda-el-museo-de-la-paloma-se-amplia-en-homenaje-a-la-gesta-de-malvinas\/\" \/>\n<meta property=\"og:site_name\" content=\"Noticias Radio Reflejos\" \/>\n<meta property=\"article:published_time\" content=\"2022-03-22T21:47:04+00:00\" \/>\n<meta property=\"og:image\" content=\"https:\/\/live.staticflickr.com\/65535\/51955095696_0998eb51fb_z.jpg\" \/>\n<meta name=\"author\" content=\"Arnaldo Botto\" \/>\n<meta name=\"twitter:card\" content=\"summary_large_image\" \/>\n<script type=\"application\/ld+json\" class=\"yoast-schema-graph\">{\"@context\":\"https:\/\/schema.org\",\"@graph\":[{\"@type\":\"WebPage\",\"@id\":\"https:\/\/www.noticiasradioreflejos.com.ar\/2021\/necesitan-ayuda-el-museo-de-la-paloma-se-amplia-en-homenaje-a-la-gesta-de-malvinas\/\",\"url\":\"https:\/\/www.noticiasradioreflejos.com.ar\/2021\/necesitan-ayuda-el-museo-de-la-paloma-se-amplia-en-homenaje-a-la-gesta-de-malvinas\/\",\"name\":\"Necesitan ayuda: El museo de La Paloma se ampl\u00eda en homenaje a la gesta de Malvinas - Noticias Radio Reflejos\",\"isPartOf\":{\"@id\":\"https:\/\/www.noticiasradioreflejos.com.ar\/2021\/#website\"},\"primaryImageOfPage\":{\"@id\":\"https:\/\/www.noticiasradioreflejos.com.ar\/2021\/necesitan-ayuda-el-museo-de-la-paloma-se-amplia-en-homenaje-a-la-gesta-de-malvinas\/#primaryimage\"},\"image\":{\"@id\":\"https:\/\/www.noticiasradioreflejos.com.ar\/2021\/necesitan-ayuda-el-museo-de-la-paloma-se-amplia-en-homenaje-a-la-gesta-de-malvinas\/#primaryimage\"},\"thumbnailUrl\":\"https:\/\/live.staticflickr.com\/65535\/51955095696_0998eb51fb_z.jpg\",\"datePublished\":\"2022-03-22T21:47:04+00:00\",\"author\":{\"@id\":\"https:\/\/www.noticiasradioreflejos.com.ar\/2021\/#\/schema\/person\/ad82545263dcc5ec0996818884fd5fb1\"},\"breadcrumb\":{\"@id\":\"https:\/\/www.noticiasradioreflejos.com.ar\/2021\/necesitan-ayuda-el-museo-de-la-paloma-se-amplia-en-homenaje-a-la-gesta-de-malvinas\/#breadcrumb\"},\"inLanguage\":\"es\",\"potentialAction\":[{\"@type\":\"ReadAction\",\"target\":[\"https:\/\/www.noticiasradioreflejos.com.ar\/2021\/necesitan-ayuda-el-museo-de-la-paloma-se-amplia-en-homenaje-a-la-gesta-de-malvinas\/\"]}]},{\"@type\":\"ImageObject\",\"inLanguage\":\"es\",\"@id\":\"https:\/\/www.noticiasradioreflejos.com.ar\/2021\/necesitan-ayuda-el-museo-de-la-paloma-se-amplia-en-homenaje-a-la-gesta-de-malvinas\/#primaryimage\",\"url\":\"https:\/\/live.staticflickr.com\/65535\/51955095696_0998eb51fb_z.jpg\",\"contentUrl\":\"https:\/\/live.staticflickr.com\/65535\/51955095696_0998eb51fb_z.jpg\"},{\"@type\":\"BreadcrumbList\",\"@id\":\"https:\/\/www.noticiasradioreflejos.com.ar\/2021\/necesitan-ayuda-el-museo-de-la-paloma-se-amplia-en-homenaje-a-la-gesta-de-malvinas\/#breadcrumb\",\"itemListElement\":[{\"@type\":\"ListItem\",\"position\":1,\"name\":\"Portada\",\"item\":\"https:\/\/www.noticiasradioreflejos.com.ar\/2021\/\"},{\"@type\":\"ListItem\",\"position\":2,\"name\":\"Necesitan ayuda: El museo de La Paloma se ampl\u00eda en homenaje a la gesta de Malvinas\"}]},{\"@type\":\"WebSite\",\"@id\":\"https:\/\/www.noticiasradioreflejos.com.ar\/2021\/#website\",\"url\":\"https:\/\/www.noticiasradioreflejos.com.ar\/2021\/\",\"name\":\"Noticias Radio Reflejos\",\"description\":\"Las noticias de mi comarca\",\"potentialAction\":[{\"@type\":\"SearchAction\",\"target\":{\"@type\":\"EntryPoint\",\"urlTemplate\":\"https:\/\/www.noticiasradioreflejos.com.ar\/2021\/?s={search_term_string}\"},\"query-input\":{\"@type\":\"PropertyValueSpecification\",\"valueRequired\":true,\"valueName\":\"search_term_string\"}}],\"inLanguage\":\"es\"},{\"@type\":\"Person\",\"@id\":\"https:\/\/www.noticiasradioreflejos.com.ar\/2021\/#\/schema\/person\/ad82545263dcc5ec0996818884fd5fb1\",\"name\":\"Arnaldo Botto\",\"image\":{\"@type\":\"ImageObject\",\"inLanguage\":\"es\",\"@id\":\"https:\/\/www.noticiasradioreflejos.com.ar\/2021\/#\/schema\/person\/image\/\",\"url\":\"https:\/\/secure.gravatar.com\/avatar\/55cb5e37c1efa326397366e6974cb338056df65cb50e7d64d1cf314e87504837?s=96&d=mm&r=g\",\"contentUrl\":\"https:\/\/secure.gravatar.com\/avatar\/55cb5e37c1efa326397366e6974cb338056df65cb50e7d64d1cf314e87504837?s=96&d=mm&r=g\",\"caption\":\"Arnaldo Botto\"},\"url\":\"https:\/\/www.noticiasradioreflejos.com.ar\/2021\/author\/arnaldo\/\"}]}<\/script>\n<!-- \/ Yoast SEO plugin. -->","yoast_head_json":{"title":"Necesitan ayuda: El museo de La Paloma se ampl\u00eda en homenaje a la gesta de Malvinas - Noticias Radio Reflejos","robots":{"index":"index","follow":"follow","max-snippet":"max-snippet:-1","max-image-preview":"max-image-preview:large","max-video-preview":"max-video-preview:-1"},"canonical":"https:\/\/www.noticiasradioreflejos.com.ar\/2021\/necesitan-ayuda-el-museo-de-la-paloma-se-amplia-en-homenaje-a-la-gesta-de-malvinas\/","og_locale":"es_ES","og_type":"article","og_title":"Necesitan ayuda: El museo de La Paloma se ampl\u00eda en homenaje a la gesta de Malvinas - Noticias Radio Reflejos","og_description":"Carina, Cristian y sus dos hijas peque\u00f1as, llevan adelante un sue\u00f1o que es orgullo de toda la comunidad de la zona, restaurar y mantener funcionando como Museo la escuelita rural de Paraje la Paloma, donde la cultura, la historia y el turismo encuentran un icono regional que sorprende a cada visitante que llega. Este a\u00f1o, [&hellip;]","og_url":"https:\/\/www.noticiasradioreflejos.com.ar\/2021\/necesitan-ayuda-el-museo-de-la-paloma-se-amplia-en-homenaje-a-la-gesta-de-malvinas\/","og_site_name":"Noticias Radio Reflejos","article_published_time":"2022-03-22T21:47:04+00:00","og_image":[{"url":"https:\/\/live.staticflickr.com\/65535\/51955095696_0998eb51fb_z.jpg","type":"","width":"","height":""}],"author":"Arnaldo Botto","twitter_card":"summary_large_image","schema":{"@context":"https:\/\/schema.org","@graph":[{"@type":"WebPage","@id":"https:\/\/www.noticiasradioreflejos.com.ar\/2021\/necesitan-ayuda-el-museo-de-la-paloma-se-amplia-en-homenaje-a-la-gesta-de-malvinas\/","url":"https:\/\/www.noticiasradioreflejos.com.ar\/2021\/necesitan-ayuda-el-museo-de-la-paloma-se-amplia-en-homenaje-a-la-gesta-de-malvinas\/","name":"Necesitan ayuda: El museo de La Paloma se ampl\u00eda en homenaje a la gesta de Malvinas - Noticias Radio Reflejos","isPartOf":{"@id":"https:\/\/www.noticiasradioreflejos.com.ar\/2021\/#website"},"primaryImageOfPage":{"@id":"https:\/\/www.noticiasradioreflejos.com.ar\/2021\/necesitan-ayuda-el-museo-de-la-paloma-se-amplia-en-homenaje-a-la-gesta-de-malvinas\/#primaryimage"},"image":{"@id":"https:\/\/www.noticiasradioreflejos.com.ar\/2021\/necesitan-ayuda-el-museo-de-la-paloma-se-amplia-en-homenaje-a-la-gesta-de-malvinas\/#primaryimage"},"thumbnailUrl":"https:\/\/live.staticflickr.com\/65535\/51955095696_0998eb51fb_z.jpg","datePublished":"2022-03-22T21:47:04+00:00","author":{"@id":"https:\/\/www.noticiasradioreflejos.com.ar\/2021\/#\/schema\/person\/ad82545263dcc5ec0996818884fd5fb1"},"breadcrumb":{"@id":"https:\/\/www.noticiasradioreflejos.com.ar\/2021\/necesitan-ayuda-el-museo-de-la-paloma-se-amplia-en-homenaje-a-la-gesta-de-malvinas\/#breadcrumb"},"inLanguage":"es","potentialAction":[{"@type":"ReadAction","target":["https:\/\/www.noticiasradioreflejos.com.ar\/2021\/necesitan-ayuda-el-museo-de-la-paloma-se-amplia-en-homenaje-a-la-gesta-de-malvinas\/"]}]},{"@type":"ImageObject","inLanguage":"es","@id":"https:\/\/www.noticiasradioreflejos.com.ar\/2021\/necesitan-ayuda-el-museo-de-la-paloma-se-amplia-en-homenaje-a-la-gesta-de-malvinas\/#primaryimage","url":"https:\/\/live.staticflickr.com\/65535\/51955095696_0998eb51fb_z.jpg","contentUrl":"https:\/\/live.staticflickr.com\/65535\/51955095696_0998eb51fb_z.jpg"},{"@type":"BreadcrumbList","@id":"https:\/\/www.noticiasradioreflejos.com.ar\/2021\/necesitan-ayuda-el-museo-de-la-paloma-se-amplia-en-homenaje-a-la-gesta-de-malvinas\/#breadcrumb","itemListElement":[{"@type":"ListItem","position":1,"name":"Portada","item":"https:\/\/www.noticiasradioreflejos.com.ar\/2021\/"},{"@type":"ListItem","position":2,"name":"Necesitan ayuda: El museo de La Paloma se ampl\u00eda en homenaje a la gesta de Malvinas"}]},{"@type":"WebSite","@id":"https:\/\/www.noticiasradioreflejos.com.ar\/2021\/#website","url":"https:\/\/www.noticiasradioreflejos.com.ar\/2021\/","name":"Noticias Radio Reflejos","description":"Las noticias de mi comarca","potentialAction":[{"@type":"SearchAction","target":{"@type":"EntryPoint","urlTemplate":"https:\/\/www.noticiasradioreflejos.com.ar\/2021\/?s={search_term_string}"},"query-input":{"@type":"PropertyValueSpecification","valueRequired":true,"valueName":"search_term_string"}}],"inLanguage":"es"},{"@type":"Person","@id":"https:\/\/www.noticiasradioreflejos.com.ar\/2021\/#\/schema\/person\/ad82545263dcc5ec0996818884fd5fb1","name":"Arnaldo Botto","image":{"@type":"ImageObject","inLanguage":"es","@id":"https:\/\/www.noticiasradioreflejos.com.ar\/2021\/#\/schema\/person\/image\/","url":"https:\/\/secure.gravatar.com\/avatar\/55cb5e37c1efa326397366e6974cb338056df65cb50e7d64d1cf314e87504837?s=96&d=mm&r=g","contentUrl":"https:\/\/secure.gravatar.com\/avatar\/55cb5e37c1efa326397366e6974cb338056df65cb50e7d64d1cf314e87504837?s=96&d=mm&r=g","caption":"Arnaldo Botto"},"url":"https:\/\/www.noticiasradioreflejos.com.ar\/2021\/author\/arnaldo\/"}]}},"_links":{"self":[{"href":"https:\/\/www.noticiasradioreflejos.com.ar\/2021\/wp-json\/wp\/v2\/posts\/69573","targetHints":{"allow":["GET"]}}],"collection":[{"href":"https:\/\/www.noticiasradioreflejos.com.ar\/2021\/wp-json\/wp\/v2\/posts"}],"about":[{"href":"https:\/\/www.noticiasradioreflejos.com.ar\/2021\/wp-json\/wp\/v2\/types\/post"}],"author":[{"embeddable":true,"href":"https:\/\/www.noticiasradioreflejos.com.ar\/2021\/wp-json\/wp\/v2\/users\/3"}],"replies":[{"embeddable":true,"href":"https:\/\/www.noticiasradioreflejos.com.ar\/2021\/wp-json\/wp\/v2\/comments?post=69573"}],"version-history":[{"count":2,"href":"https:\/\/www.noticiasradioreflejos.com.ar\/2021\/wp-json\/wp\/v2\/posts\/69573\/revisions"}],"predecessor-version":[{"id":69584,"href":"https:\/\/www.noticiasradioreflejos.com.ar\/2021\/wp-json\/wp\/v2\/posts\/69573\/revisions\/69584"}],"wp:attachment":[{"href":"https:\/\/www.noticiasradioreflejos.com.ar\/2021\/wp-json\/wp\/v2\/media?parent=69573"}],"wp:term":[{"taxonomy":"category","embeddable":true,"href":"https:\/\/www.noticiasradioreflejos.com.ar\/2021\/wp-json\/wp\/v2\/categories?post=69573"},{"taxonomy":"post_tag","embeddable":true,"href":"https:\/\/www.noticiasradioreflejos.com.ar\/2021\/wp-json\/wp\/v2\/tags?post=69573"}],"curies":[{"name":"wp","href":"https:\/\/api.w.org\/{rel}","templated":true}]}}