{"id":69570,"date":"2022-03-22T20:18:47","date_gmt":"2022-03-22T20:18:47","guid":{"rendered":"http:\/\/www.noticiasradioreflejos.com.ar\/2021\/?p=69570"},"modified":"2022-03-22T20:18:47","modified_gmt":"2022-03-22T20:18:47","slug":"amenaza-a-periodistas-desde-un-penal-yo-cumpli-mi-tarea-cotidiana-hice-lo-que-tenia-que-hacer-y-creo-que-la-justicia-no-esta-a-la-altura-de-las-circunstancias","status":"publish","type":"post","link":"https:\/\/www.noticiasradioreflejos.com.ar\/2021\/amenaza-a-periodistas-desde-un-penal-yo-cumpli-mi-tarea-cotidiana-hice-lo-que-tenia-que-hacer-y-creo-que-la-justicia-no-esta-a-la-altura-de-las-circunstancias\/","title":{"rendered":"Amenaza a periodistas desde un penal: \u00abYo cumpl\u00ed mi tarea cotidiana, hice lo que ten\u00eda que hacer y creo que la justicia no est\u00e1 a la altura de las circunstancias\u00bb"},"content":{"rendered":"<p>A principios de este mes la periodista que trabaja en una FM de Coronel Pringles denunci\u00f3 que fue amenazada desde la c\u00e1rcel por un sujeto que recientemente fue condenado por distintos hechos delictivos.<\/p>\n<p>Se trata de Mar\u00eda Rosa Luna, periodista de la FM Family, en su espacio de comunicaci\u00f3n se refiri\u00f3 a la situaci\u00f3n judicial de Walter Luciano Ferreyra, un joven pringlense condenado a siete a\u00f1os de prisi\u00f3n por el Tribunal en lo Criminal N\u00b0 2 de Bah\u00eda Blanca, que lo hall\u00f3 penalmente responsable de los delitos de \u201cencubrimiento agravado por \u00e1nimo de lucro, amenazas, desobediencia, violaci\u00f3n de domicilio, da\u00f1o, amenazas, lesiones leves agravadas y hurto en concurso real, desobediencia, amenazas, lesiones leves y robo agravado por uso de arma\u201d.<!--more--><\/p>\n<p>\u00abVoy a hablar en plural, recibimos, porque ac\u00e1 hay dos diarios, los dos publicaron lo mismo y los dos recibieron los mismos mensajes que recib\u00ed yo\u00bb aclar\u00f3 Mar\u00eda Rosa, agregando que tambi\u00e9n le sucedi\u00f3 a la Br\u00fajula y Canal 7 de Bah\u00eda Blanca. Mar\u00eda Rosa mencion\u00f3 que no dud\u00f3 ni un segundo en denunciar este hecho ya que ella tiene el derecho a trabajar libremente, sobre todo cuando las fuentes son oficiales.<\/p>\n<p><a title=\"lvp.luna y ferreyra\" href=\"https:\/\/www.flickr.com\/photos\/182279889@N02\/51954949381\/in\/dateposted-public\/\" data-flickr-embed=\"true\"><img loading=\"lazy\" decoding=\"async\" src=\"https:\/\/live.staticflickr.com\/65535\/51954949381_2cc133018f_z.jpg\" alt=\"lvp.luna y ferreyra\" width=\"640\" height=\"384\" \/><\/a><script async src=\"\/\/embedr.flickr.com\/assets\/client-code.js\" charset=\"utf-8\"><\/script><\/p>\n<p>\u00abLa verdad es que esas amenazas apareciendo de un celular que tiene estando preso, tiene un celular con redes sociales desde los calabozos de Saavedra y lo usa para eso. Lamentablemente, est\u00e1 permitido\u00bb se tom\u00f3 el tiempo de explicar que la Justicia decret\u00f3 que las familias de los detenidos no pod\u00edan visitar a sus familiares, entonces se les permiti\u00f3 a los presos tener tel\u00e9fonos celulares, servicio de internet y dem\u00e1s. \u00abEntiendo que esta medida y esta posibilidad de tener medios de comunicaci\u00f3n a una persona privada de su libertad, no tendr\u00eda raz\u00f3n de ser\u00bb opin\u00f3.<\/p>\n<p>\u00abLe ped\u00ed personalmente a Berni que hable con su par de justicia para que no haya tel\u00e9fonos en los penales, porque no lo est\u00e1n haciendo casualmente, ya lo tomaron por costumbre y lo est\u00e1n usando para cometer delitos\u00bb comparti\u00f3 Mar\u00eda Rosa lo que le pidi\u00f3 al Ministro de Seguridad durante su visita a su distrito.<\/p>\n<p>\u00abYo cumpl\u00ed mi tarea cotidiana, hice lo que ten\u00eda que hacer y creo que la justicia no est\u00e1 a la altura de las circunstancias porque desde las c\u00e1rceles est\u00e1n enviando amenazas, organizando secuestros virtuales y dem\u00e1s\u00bb opin\u00f3 finalmente.<\/p>\n<p>Nota completa a continuaci\u00f3n:<br \/>\n<iframe loading=\"lazy\" src=\"https:\/\/w.soundcloud.com\/player\/?url=https%3A\/\/api.soundcloud.com\/tracks\/1236805984&amp;color=%23ff5500&amp;auto_play=false&amp;hide_related=false&amp;show_comments=true&amp;show_user=true&amp;show_reposts=false&amp;show_teaser=true&amp;visual=true\" width=\"100%\" height=\"300\" frameborder=\"no\" scrolling=\"no\"><\/iframe><\/p>\n<div style=\"font-size: 10px; color: #cccccc; line-break: anywhere; word-break: normal; overflow: hidden; white-space: nowrap; text-overflow: ellipsis; font-family: Interstate,Lucida Grande,Lucida Sans Unicode,Lucida Sans,Garuda,Verdana,Tahoma,sans-serif; font-weight: 100;\"><a style=\"color: #cccccc; text-decoration: none;\" title=\"fmreflejos 103.7\" href=\"https:\/\/soundcloud.com\/fmreflejos-103-7\" target=\"_blank\" rel=\"noopener\">fmreflejos 103.7<\/a> \u00b7 <a style=\"color: #cccccc; text-decoration: none;\" title=\"Maria Rosa Luna\" href=\"https:\/\/soundcloud.com\/fmreflejos-103-7\/maria-rosa-luna\" target=\"_blank\" rel=\"noopener\">Maria Rosa Luna<\/a><\/div>\n","protected":false},"excerpt":{"rendered":"<p>A principios de este mes la periodista que trabaja en una FM de Coronel Pringles denunci\u00f3 que fue amenazada desde la c\u00e1rcel por un sujeto que recientemente fue condenado por distintos hechos delictivos. Se trata de Mar\u00eda Rosa Luna, periodista de la FM Family, en su espacio de comunicaci\u00f3n se refiri\u00f3 a la situaci\u00f3n judicial [&hellip;]<\/p>\n","protected":false},"author":3,"featured_media":0,"comment_status":"closed","ping_status":"closed","sticky":false,"template":"","format":"standard","meta":{"footnotes":""},"categories":[57,29,26],"tags":[48],"class_list":["post-69570","post","type-post","status-publish","format-standard","hentry","category-judiciales","category-policiales","category-sociedad","tag-destacada"],"yoast_head":"<!-- This site is optimized with the Yoast SEO plugin v25.9 - https:\/\/yoast.com\/wordpress\/plugins\/seo\/ -->\n<title>Amenaza a periodistas desde un penal: &quot;Yo cumpl\u00ed mi tarea cotidiana, hice lo que ten\u00eda que hacer y creo que la justicia no est\u00e1 a la altura de las circunstancias&quot; - Noticias Radio Reflejos<\/title>\n<meta name=\"robots\" content=\"index, follow, max-snippet:-1, max-image-preview:large, max-video-preview:-1\" \/>\n<link rel=\"canonical\" href=\"https:\/\/www.noticiasradioreflejos.com.ar\/2021\/amenaza-a-periodistas-desde-un-penal-yo-cumpli-mi-tarea-cotidiana-hice-lo-que-tenia-que-hacer-y-creo-que-la-justicia-no-esta-a-la-altura-de-las-circunstancias\/\" \/>\n<meta property=\"og:locale\" content=\"es_ES\" \/>\n<meta property=\"og:type\" content=\"article\" \/>\n<meta property=\"og:title\" content=\"Amenaza a periodistas desde un penal: &quot;Yo cumpl\u00ed mi tarea cotidiana, hice lo que ten\u00eda que hacer y creo que la justicia no est\u00e1 a la altura de las circunstancias&quot; - Noticias Radio Reflejos\" \/>\n<meta property=\"og:description\" content=\"A principios de este mes la periodista que trabaja en una FM de Coronel Pringles denunci\u00f3 que fue amenazada desde la c\u00e1rcel por un sujeto que recientemente fue condenado por distintos hechos delictivos. Se trata de Mar\u00eda Rosa Luna, periodista de la FM Family, en su espacio de comunicaci\u00f3n se refiri\u00f3 a la situaci\u00f3n judicial [&hellip;]\" \/>\n<meta property=\"og:url\" content=\"https:\/\/www.noticiasradioreflejos.com.ar\/2021\/amenaza-a-periodistas-desde-un-penal-yo-cumpli-mi-tarea-cotidiana-hice-lo-que-tenia-que-hacer-y-creo-que-la-justicia-no-esta-a-la-altura-de-las-circunstancias\/\" \/>\n<meta property=\"og:site_name\" content=\"Noticias Radio Reflejos\" \/>\n<meta property=\"article:published_time\" content=\"2022-03-22T20:18:47+00:00\" \/>\n<meta property=\"og:image\" content=\"https:\/\/live.staticflickr.com\/65535\/51954949381_2cc133018f_z.jpg\" \/>\n<meta name=\"author\" content=\"Arnaldo Botto\" \/>\n<meta name=\"twitter:card\" content=\"summary_large_image\" \/>\n<script type=\"application\/ld+json\" class=\"yoast-schema-graph\">{\"@context\":\"https:\/\/schema.org\",\"@graph\":[{\"@type\":\"WebPage\",\"@id\":\"https:\/\/www.noticiasradioreflejos.com.ar\/2021\/amenaza-a-periodistas-desde-un-penal-yo-cumpli-mi-tarea-cotidiana-hice-lo-que-tenia-que-hacer-y-creo-que-la-justicia-no-esta-a-la-altura-de-las-circunstancias\/\",\"url\":\"https:\/\/www.noticiasradioreflejos.com.ar\/2021\/amenaza-a-periodistas-desde-un-penal-yo-cumpli-mi-tarea-cotidiana-hice-lo-que-tenia-que-hacer-y-creo-que-la-justicia-no-esta-a-la-altura-de-las-circunstancias\/\",\"name\":\"Amenaza a periodistas desde un penal: \\\"Yo cumpl\u00ed mi tarea cotidiana, hice lo que ten\u00eda que hacer y creo que la justicia no est\u00e1 a la altura de las circunstancias\\\" - Noticias Radio Reflejos\",\"isPartOf\":{\"@id\":\"https:\/\/www.noticiasradioreflejos.com.ar\/2021\/#website\"},\"primaryImageOfPage\":{\"@id\":\"https:\/\/www.noticiasradioreflejos.com.ar\/2021\/amenaza-a-periodistas-desde-un-penal-yo-cumpli-mi-tarea-cotidiana-hice-lo-que-tenia-que-hacer-y-creo-que-la-justicia-no-esta-a-la-altura-de-las-circunstancias\/#primaryimage\"},\"image\":{\"@id\":\"https:\/\/www.noticiasradioreflejos.com.ar\/2021\/amenaza-a-periodistas-desde-un-penal-yo-cumpli-mi-tarea-cotidiana-hice-lo-que-tenia-que-hacer-y-creo-que-la-justicia-no-esta-a-la-altura-de-las-circunstancias\/#primaryimage\"},\"thumbnailUrl\":\"https:\/\/live.staticflickr.com\/65535\/51954949381_2cc133018f_z.jpg\",\"datePublished\":\"2022-03-22T20:18:47+00:00\",\"author\":{\"@id\":\"https:\/\/www.noticiasradioreflejos.com.ar\/2021\/#\/schema\/person\/ad82545263dcc5ec0996818884fd5fb1\"},\"breadcrumb\":{\"@id\":\"https:\/\/www.noticiasradioreflejos.com.ar\/2021\/amenaza-a-periodistas-desde-un-penal-yo-cumpli-mi-tarea-cotidiana-hice-lo-que-tenia-que-hacer-y-creo-que-la-justicia-no-esta-a-la-altura-de-las-circunstancias\/#breadcrumb\"},\"inLanguage\":\"es\",\"potentialAction\":[{\"@type\":\"ReadAction\",\"target\":[\"https:\/\/www.noticiasradioreflejos.com.ar\/2021\/amenaza-a-periodistas-desde-un-penal-yo-cumpli-mi-tarea-cotidiana-hice-lo-que-tenia-que-hacer-y-creo-que-la-justicia-no-esta-a-la-altura-de-las-circunstancias\/\"]}]},{\"@type\":\"ImageObject\",\"inLanguage\":\"es\",\"@id\":\"https:\/\/www.noticiasradioreflejos.com.ar\/2021\/amenaza-a-periodistas-desde-un-penal-yo-cumpli-mi-tarea-cotidiana-hice-lo-que-tenia-que-hacer-y-creo-que-la-justicia-no-esta-a-la-altura-de-las-circunstancias\/#primaryimage\",\"url\":\"https:\/\/live.staticflickr.com\/65535\/51954949381_2cc133018f_z.jpg\",\"contentUrl\":\"https:\/\/live.staticflickr.com\/65535\/51954949381_2cc133018f_z.jpg\"},{\"@type\":\"BreadcrumbList\",\"@id\":\"https:\/\/www.noticiasradioreflejos.com.ar\/2021\/amenaza-a-periodistas-desde-un-penal-yo-cumpli-mi-tarea-cotidiana-hice-lo-que-tenia-que-hacer-y-creo-que-la-justicia-no-esta-a-la-altura-de-las-circunstancias\/#breadcrumb\",\"itemListElement\":[{\"@type\":\"ListItem\",\"position\":1,\"name\":\"Portada\",\"item\":\"https:\/\/www.noticiasradioreflejos.com.ar\/2021\/\"},{\"@type\":\"ListItem\",\"position\":2,\"name\":\"Amenaza a periodistas desde un penal: \u00abYo cumpl\u00ed mi tarea cotidiana, hice lo que ten\u00eda que hacer y creo que la justicia no est\u00e1 a la altura de las circunstancias\u00bb\"}]},{\"@type\":\"WebSite\",\"@id\":\"https:\/\/www.noticiasradioreflejos.com.ar\/2021\/#website\",\"url\":\"https:\/\/www.noticiasradioreflejos.com.ar\/2021\/\",\"name\":\"Noticias Radio Reflejos\",\"description\":\"Las noticias de mi comarca\",\"potentialAction\":[{\"@type\":\"SearchAction\",\"target\":{\"@type\":\"EntryPoint\",\"urlTemplate\":\"https:\/\/www.noticiasradioreflejos.com.ar\/2021\/?s={search_term_string}\"},\"query-input\":{\"@type\":\"PropertyValueSpecification\",\"valueRequired\":true,\"valueName\":\"search_term_string\"}}],\"inLanguage\":\"es\"},{\"@type\":\"Person\",\"@id\":\"https:\/\/www.noticiasradioreflejos.com.ar\/2021\/#\/schema\/person\/ad82545263dcc5ec0996818884fd5fb1\",\"name\":\"Arnaldo Botto\",\"image\":{\"@type\":\"ImageObject\",\"inLanguage\":\"es\",\"@id\":\"https:\/\/www.noticiasradioreflejos.com.ar\/2021\/#\/schema\/person\/image\/\",\"url\":\"https:\/\/secure.gravatar.com\/avatar\/55cb5e37c1efa326397366e6974cb338056df65cb50e7d64d1cf314e87504837?s=96&d=mm&r=g\",\"contentUrl\":\"https:\/\/secure.gravatar.com\/avatar\/55cb5e37c1efa326397366e6974cb338056df65cb50e7d64d1cf314e87504837?s=96&d=mm&r=g\",\"caption\":\"Arnaldo Botto\"},\"url\":\"https:\/\/www.noticiasradioreflejos.com.ar\/2021\/author\/arnaldo\/\"}]}<\/script>\n<!-- \/ Yoast SEO plugin. -->","yoast_head_json":{"title":"Amenaza a periodistas desde un penal: \"Yo cumpl\u00ed mi tarea cotidiana, hice lo que ten\u00eda que hacer y creo que la justicia no est\u00e1 a la altura de las circunstancias\" - Noticias Radio Reflejos","robots":{"index":"index","follow":"follow","max-snippet":"max-snippet:-1","max-image-preview":"max-image-preview:large","max-video-preview":"max-video-preview:-1"},"canonical":"https:\/\/www.noticiasradioreflejos.com.ar\/2021\/amenaza-a-periodistas-desde-un-penal-yo-cumpli-mi-tarea-cotidiana-hice-lo-que-tenia-que-hacer-y-creo-que-la-justicia-no-esta-a-la-altura-de-las-circunstancias\/","og_locale":"es_ES","og_type":"article","og_title":"Amenaza a periodistas desde un penal: \"Yo cumpl\u00ed mi tarea cotidiana, hice lo que ten\u00eda que hacer y creo que la justicia no est\u00e1 a la altura de las circunstancias\" - Noticias Radio Reflejos","og_description":"A principios de este mes la periodista que trabaja en una FM de Coronel Pringles denunci\u00f3 que fue amenazada desde la c\u00e1rcel por un sujeto que recientemente fue condenado por distintos hechos delictivos. Se trata de Mar\u00eda Rosa Luna, periodista de la FM Family, en su espacio de comunicaci\u00f3n se refiri\u00f3 a la situaci\u00f3n judicial [&hellip;]","og_url":"https:\/\/www.noticiasradioreflejos.com.ar\/2021\/amenaza-a-periodistas-desde-un-penal-yo-cumpli-mi-tarea-cotidiana-hice-lo-que-tenia-que-hacer-y-creo-que-la-justicia-no-esta-a-la-altura-de-las-circunstancias\/","og_site_name":"Noticias Radio Reflejos","article_published_time":"2022-03-22T20:18:47+00:00","og_image":[{"url":"https:\/\/live.staticflickr.com\/65535\/51954949381_2cc133018f_z.jpg","type":"","width":"","height":""}],"author":"Arnaldo Botto","twitter_card":"summary_large_image","schema":{"@context":"https:\/\/schema.org","@graph":[{"@type":"WebPage","@id":"https:\/\/www.noticiasradioreflejos.com.ar\/2021\/amenaza-a-periodistas-desde-un-penal-yo-cumpli-mi-tarea-cotidiana-hice-lo-que-tenia-que-hacer-y-creo-que-la-justicia-no-esta-a-la-altura-de-las-circunstancias\/","url":"https:\/\/www.noticiasradioreflejos.com.ar\/2021\/amenaza-a-periodistas-desde-un-penal-yo-cumpli-mi-tarea-cotidiana-hice-lo-que-tenia-que-hacer-y-creo-que-la-justicia-no-esta-a-la-altura-de-las-circunstancias\/","name":"Amenaza a periodistas desde un penal: \"Yo cumpl\u00ed mi tarea cotidiana, hice lo que ten\u00eda que hacer y creo que la justicia no est\u00e1 a la altura de las circunstancias\" - Noticias Radio Reflejos","isPartOf":{"@id":"https:\/\/www.noticiasradioreflejos.com.ar\/2021\/#website"},"primaryImageOfPage":{"@id":"https:\/\/www.noticiasradioreflejos.com.ar\/2021\/amenaza-a-periodistas-desde-un-penal-yo-cumpli-mi-tarea-cotidiana-hice-lo-que-tenia-que-hacer-y-creo-que-la-justicia-no-esta-a-la-altura-de-las-circunstancias\/#primaryimage"},"image":{"@id":"https:\/\/www.noticiasradioreflejos.com.ar\/2021\/amenaza-a-periodistas-desde-un-penal-yo-cumpli-mi-tarea-cotidiana-hice-lo-que-tenia-que-hacer-y-creo-que-la-justicia-no-esta-a-la-altura-de-las-circunstancias\/#primaryimage"},"thumbnailUrl":"https:\/\/live.staticflickr.com\/65535\/51954949381_2cc133018f_z.jpg","datePublished":"2022-03-22T20:18:47+00:00","author":{"@id":"https:\/\/www.noticiasradioreflejos.com.ar\/2021\/#\/schema\/person\/ad82545263dcc5ec0996818884fd5fb1"},"breadcrumb":{"@id":"https:\/\/www.noticiasradioreflejos.com.ar\/2021\/amenaza-a-periodistas-desde-un-penal-yo-cumpli-mi-tarea-cotidiana-hice-lo-que-tenia-que-hacer-y-creo-que-la-justicia-no-esta-a-la-altura-de-las-circunstancias\/#breadcrumb"},"inLanguage":"es","potentialAction":[{"@type":"ReadAction","target":["https:\/\/www.noticiasradioreflejos.com.ar\/2021\/amenaza-a-periodistas-desde-un-penal-yo-cumpli-mi-tarea-cotidiana-hice-lo-que-tenia-que-hacer-y-creo-que-la-justicia-no-esta-a-la-altura-de-las-circunstancias\/"]}]},{"@type":"ImageObject","inLanguage":"es","@id":"https:\/\/www.noticiasradioreflejos.com.ar\/2021\/amenaza-a-periodistas-desde-un-penal-yo-cumpli-mi-tarea-cotidiana-hice-lo-que-tenia-que-hacer-y-creo-que-la-justicia-no-esta-a-la-altura-de-las-circunstancias\/#primaryimage","url":"https:\/\/live.staticflickr.com\/65535\/51954949381_2cc133018f_z.jpg","contentUrl":"https:\/\/live.staticflickr.com\/65535\/51954949381_2cc133018f_z.jpg"},{"@type":"BreadcrumbList","@id":"https:\/\/www.noticiasradioreflejos.com.ar\/2021\/amenaza-a-periodistas-desde-un-penal-yo-cumpli-mi-tarea-cotidiana-hice-lo-que-tenia-que-hacer-y-creo-que-la-justicia-no-esta-a-la-altura-de-las-circunstancias\/#breadcrumb","itemListElement":[{"@type":"ListItem","position":1,"name":"Portada","item":"https:\/\/www.noticiasradioreflejos.com.ar\/2021\/"},{"@type":"ListItem","position":2,"name":"Amenaza a periodistas desde un penal: \u00abYo cumpl\u00ed mi tarea cotidiana, hice lo que ten\u00eda que hacer y creo que la justicia no est\u00e1 a la altura de las circunstancias\u00bb"}]},{"@type":"WebSite","@id":"https:\/\/www.noticiasradioreflejos.com.ar\/2021\/#website","url":"https:\/\/www.noticiasradioreflejos.com.ar\/2021\/","name":"Noticias Radio Reflejos","description":"Las noticias de mi comarca","potentialAction":[{"@type":"SearchAction","target":{"@type":"EntryPoint","urlTemplate":"https:\/\/www.noticiasradioreflejos.com.ar\/2021\/?s={search_term_string}"},"query-input":{"@type":"PropertyValueSpecification","valueRequired":true,"valueName":"search_term_string"}}],"inLanguage":"es"},{"@type":"Person","@id":"https:\/\/www.noticiasradioreflejos.com.ar\/2021\/#\/schema\/person\/ad82545263dcc5ec0996818884fd5fb1","name":"Arnaldo Botto","image":{"@type":"ImageObject","inLanguage":"es","@id":"https:\/\/www.noticiasradioreflejos.com.ar\/2021\/#\/schema\/person\/image\/","url":"https:\/\/secure.gravatar.com\/avatar\/55cb5e37c1efa326397366e6974cb338056df65cb50e7d64d1cf314e87504837?s=96&d=mm&r=g","contentUrl":"https:\/\/secure.gravatar.com\/avatar\/55cb5e37c1efa326397366e6974cb338056df65cb50e7d64d1cf314e87504837?s=96&d=mm&r=g","caption":"Arnaldo Botto"},"url":"https:\/\/www.noticiasradioreflejos.com.ar\/2021\/author\/arnaldo\/"}]}},"_links":{"self":[{"href":"https:\/\/www.noticiasradioreflejos.com.ar\/2021\/wp-json\/wp\/v2\/posts\/69570","targetHints":{"allow":["GET"]}}],"collection":[{"href":"https:\/\/www.noticiasradioreflejos.com.ar\/2021\/wp-json\/wp\/v2\/posts"}],"about":[{"href":"https:\/\/www.noticiasradioreflejos.com.ar\/2021\/wp-json\/wp\/v2\/types\/post"}],"author":[{"embeddable":true,"href":"https:\/\/www.noticiasradioreflejos.com.ar\/2021\/wp-json\/wp\/v2\/users\/3"}],"replies":[{"embeddable":true,"href":"https:\/\/www.noticiasradioreflejos.com.ar\/2021\/wp-json\/wp\/v2\/comments?post=69570"}],"version-history":[{"count":3,"href":"https:\/\/www.noticiasradioreflejos.com.ar\/2021\/wp-json\/wp\/v2\/posts\/69570\/revisions"}],"predecessor-version":[{"id":69582,"href":"https:\/\/www.noticiasradioreflejos.com.ar\/2021\/wp-json\/wp\/v2\/posts\/69570\/revisions\/69582"}],"wp:attachment":[{"href":"https:\/\/www.noticiasradioreflejos.com.ar\/2021\/wp-json\/wp\/v2\/media?parent=69570"}],"wp:term":[{"taxonomy":"category","embeddable":true,"href":"https:\/\/www.noticiasradioreflejos.com.ar\/2021\/wp-json\/wp\/v2\/categories?post=69570"},{"taxonomy":"post_tag","embeddable":true,"href":"https:\/\/www.noticiasradioreflejos.com.ar\/2021\/wp-json\/wp\/v2\/tags?post=69570"}],"curies":[{"name":"wp","href":"https:\/\/api.w.org\/{rel}","templated":true}]}}