{"id":69567,"date":"2022-03-22T17:49:29","date_gmt":"2022-03-22T17:49:29","guid":{"rendered":"http:\/\/www.noticiasradioreflejos.com.ar\/2021\/?p=69567"},"modified":"2022-03-22T17:49:29","modified_gmt":"2022-03-22T17:49:29","slug":"avanza-la-primera-etapa-para-poner-en-valor-el-cenard-con-una-gran-inversion","status":"publish","type":"post","link":"https:\/\/www.noticiasradioreflejos.com.ar\/2021\/avanza-la-primera-etapa-para-poner-en-valor-el-cenard-con-una-gran-inversion\/","title":{"rendered":"Avanza la primera etapa para poner en valor el Cenard con una gran inversi\u00f3n"},"content":{"rendered":"<p>Esto incluye la reparaci\u00f3n de la pista de pat\u00edn velocidad, la restauraci\u00f3n del Auditorio Presidente Per\u00f3n,el mantenimiento, actualizaci\u00f3n y adecuaci\u00f3n de los hoteles del Cenard y la remodelaci\u00f3n integral de los vestuarios y sanitarios.<!--more--><\/p>\n<div>\n<div class=\"wrapper-editable-content\">\n<div>\n<div class=\"container-md\">\n<div class=\"row\">\n<div class=\"col-md-12 speak\">\n<div class=\"paragraph\">\n<figure class=\"mb-3\"><img decoding=\"async\" src=\"https:\/\/www.telam.com.ar\/thumbs\/bluesteel\/advf\/imagenes\/2022\/03\/6239fa74afde4_900.jpg\" alt=\"Imagen de la puerta del Cenard foto archivo Daniel Dabove \" width=\"100%\" height=\"100%\" \/><\/figure>\n<\/div>\n<\/div>\n<\/div>\n<\/div>\n<\/div>\n<\/div>\n<\/div>\n<div class=\"media-icons\"><\/div>\n<p>Imagen de la puerta del Cenard (foto archivo Daniel Dabove).<\/p>\n<p>El Ministerio de Turismo y Deportes de la Naci\u00f3n inici\u00f3 el plan de obras para poner en valor el Centro Nacional de Alto Rendimiento Deportivo (Cenard), ubicado en el barrio porte\u00f1o de N\u00fa\u00f1ez, con una inversi\u00f3n inicial superior a los 337 millones de pesos.<\/p>\n<p>\u00abT<strong>al cual prometimos, el Cenard no solo se qued\u00f3 donde estaba sino que iniciamos un proceso para potenciar la infraestructura en la casa del deporte argentino<\/strong>. Mediante este plan de obras, empezamos a saldar una deuda hist\u00f3rica con las y los atletas de nuestro pa\u00eds\u00bb, asegur\u00f3 el ministro de Turismo y Deportes de la Naci\u00f3n, Mat\u00edas Lammens.<\/p>\n<p>La primera etapa de las obras incluye la reparaci\u00f3n de la pista de pat\u00edn velocidad y la restauraci\u00f3n del Auditorio Presidente Per\u00f3n, Monumento Hist\u00f3rico Nacional. Adem\u00e1s, se est\u00e1 llevando adelante el mantenimiento, actualizaci\u00f3n y adecuaci\u00f3n de los hoteles del<br \/>\nCenard y la remodelaci\u00f3n integral de los vestuarios y sanitarios.<\/p>\n<p>Tras una recorrida junto con el subsecretario de Infraestructura Deportiva y Competencias Nacionales, Sergio Palmas,\u00a0<strong>la arquitecta a cargo del proyecto, Beatriz La Grutta, explic\u00f3 que \u00abson muchos a\u00f1os de estar trabajando aqu\u00ed, de escuchar las necesidades, de pensar c\u00f3mo resolverlas. Es emocionante porque, despu\u00e9s de mucho tiempo, podemos empezar a poner en valor gran parte de la infraestructura\u00bb.<\/strong><\/p>\n<figure class=\"mb-3\"><img decoding=\"async\" src=\"https:\/\/www.telam.com.ar\/thumbs\/bluesteel\/advf\/imagenes\/2022\/01\/61e1a996072a2_900.jpg\" alt=\"El ministro de Turismo y Deportes Matas Lammens \" width=\"100%\" height=\"100%\" \/><\/p>\n<div class=\"media-icons\"><\/div><figcaption>El ministro de Turismo y Deportes Mat\u00edas Lammens.<\/figcaption><\/figure>\n<p>\u00abEste plan de obras para volver a poner en valor el Cenard se complementa con los programas \u00abClubes en Obra\u00bb y \u00abPolideportivos en Obra\u00bb, mediante los cuales el Ministerio de Turismo y Deportes de la Naci\u00f3n llev\u00f3 adelante m\u00e1s de 3.000 obras en clubes de barrio y 180 polideportivos municipales de todas las regiones del pa\u00eds, tras una inversi\u00f3n superior a los $3200 millones\u00bb, informaron desde la cartera a cargo de Lammens.<\/p>\n<p><strong>Por \u00faltimo, a trav\u00e9s del Programa Federal de Infraestructura Deportiva, se construir\u00e1n centros de alto rendimiento deportivo en Taf\u00ed del Valle, Tucum\u00e1n; Caleta Olivia, Santa Cruz; y La Carbonilla, Ciudad de Buenos Aires.<\/strong>\u00a0Adem\u00e1s, se sumar\u00e1 nueva infraestructura de calidad a los centros deportivos de Posadas, Misiones; Santa Fe, Santa Fe; Pocito, San Juan; y Esteban Echeverr\u00eda, Buenos Aires. Todo este plan de obras contar\u00e1 con una inversi\u00f3n total de 30 millones de d\u00f3lares.<\/p>\n","protected":false},"excerpt":{"rendered":"<p>Esto incluye la reparaci\u00f3n de la pista de pat\u00edn velocidad, la restauraci\u00f3n del Auditorio Presidente Per\u00f3n,el mantenimiento, actualizaci\u00f3n y adecuaci\u00f3n de los hoteles del Cenard y la remodelaci\u00f3n integral de los vestuarios y sanitarios.<\/p>\n","protected":false},"author":3,"featured_media":0,"comment_status":"closed","ping_status":"closed","sticky":false,"template":"","format":"standard","meta":{"footnotes":""},"categories":[27,24],"tags":[],"class_list":["post-69567","post","type-post","status-publish","format-standard","hentry","category-deportes","category-politica"],"yoast_head":"<!-- This site is optimized with the Yoast SEO plugin v25.9 - https:\/\/yoast.com\/wordpress\/plugins\/seo\/ -->\n<title>Avanza la primera etapa para poner en valor el Cenard con una gran inversi\u00f3n - Noticias Radio Reflejos<\/title>\n<meta name=\"robots\" content=\"index, follow, max-snippet:-1, max-image-preview:large, max-video-preview:-1\" \/>\n<link rel=\"canonical\" href=\"https:\/\/www.noticiasradioreflejos.com.ar\/2021\/avanza-la-primera-etapa-para-poner-en-valor-el-cenard-con-una-gran-inversion\/\" \/>\n<meta property=\"og:locale\" content=\"es_ES\" \/>\n<meta property=\"og:type\" content=\"article\" \/>\n<meta property=\"og:title\" content=\"Avanza la primera etapa para poner en valor el Cenard con una gran inversi\u00f3n - Noticias Radio Reflejos\" \/>\n<meta property=\"og:description\" content=\"Esto incluye la reparaci\u00f3n de la pista de pat\u00edn velocidad, la restauraci\u00f3n del Auditorio Presidente Per\u00f3n,el mantenimiento, actualizaci\u00f3n y adecuaci\u00f3n de los hoteles del Cenard y la remodelaci\u00f3n integral de los vestuarios y sanitarios.\" \/>\n<meta property=\"og:url\" content=\"https:\/\/www.noticiasradioreflejos.com.ar\/2021\/avanza-la-primera-etapa-para-poner-en-valor-el-cenard-con-una-gran-inversion\/\" \/>\n<meta property=\"og:site_name\" content=\"Noticias Radio Reflejos\" \/>\n<meta property=\"article:published_time\" content=\"2022-03-22T17:49:29+00:00\" \/>\n<meta property=\"og:image\" content=\"https:\/\/www.telam.com.ar\/thumbs\/bluesteel\/advf\/imagenes\/2022\/03\/6239fa74afde4_900.jpg\" \/>\n<meta name=\"author\" content=\"Arnaldo Botto\" \/>\n<meta name=\"twitter:card\" content=\"summary_large_image\" \/>\n<script type=\"application\/ld+json\" class=\"yoast-schema-graph\">{\"@context\":\"https:\/\/schema.org\",\"@graph\":[{\"@type\":\"WebPage\",\"@id\":\"https:\/\/www.noticiasradioreflejos.com.ar\/2021\/avanza-la-primera-etapa-para-poner-en-valor-el-cenard-con-una-gran-inversion\/\",\"url\":\"https:\/\/www.noticiasradioreflejos.com.ar\/2021\/avanza-la-primera-etapa-para-poner-en-valor-el-cenard-con-una-gran-inversion\/\",\"name\":\"Avanza la primera etapa para poner en valor el Cenard con una gran inversi\u00f3n - Noticias Radio Reflejos\",\"isPartOf\":{\"@id\":\"https:\/\/www.noticiasradioreflejos.com.ar\/2021\/#website\"},\"primaryImageOfPage\":{\"@id\":\"https:\/\/www.noticiasradioreflejos.com.ar\/2021\/avanza-la-primera-etapa-para-poner-en-valor-el-cenard-con-una-gran-inversion\/#primaryimage\"},\"image\":{\"@id\":\"https:\/\/www.noticiasradioreflejos.com.ar\/2021\/avanza-la-primera-etapa-para-poner-en-valor-el-cenard-con-una-gran-inversion\/#primaryimage\"},\"thumbnailUrl\":\"https:\/\/www.telam.com.ar\/thumbs\/bluesteel\/advf\/imagenes\/2022\/03\/6239fa74afde4_900.jpg\",\"datePublished\":\"2022-03-22T17:49:29+00:00\",\"author\":{\"@id\":\"https:\/\/www.noticiasradioreflejos.com.ar\/2021\/#\/schema\/person\/ad82545263dcc5ec0996818884fd5fb1\"},\"breadcrumb\":{\"@id\":\"https:\/\/www.noticiasradioreflejos.com.ar\/2021\/avanza-la-primera-etapa-para-poner-en-valor-el-cenard-con-una-gran-inversion\/#breadcrumb\"},\"inLanguage\":\"es\",\"potentialAction\":[{\"@type\":\"ReadAction\",\"target\":[\"https:\/\/www.noticiasradioreflejos.com.ar\/2021\/avanza-la-primera-etapa-para-poner-en-valor-el-cenard-con-una-gran-inversion\/\"]}]},{\"@type\":\"ImageObject\",\"inLanguage\":\"es\",\"@id\":\"https:\/\/www.noticiasradioreflejos.com.ar\/2021\/avanza-la-primera-etapa-para-poner-en-valor-el-cenard-con-una-gran-inversion\/#primaryimage\",\"url\":\"https:\/\/www.telam.com.ar\/thumbs\/bluesteel\/advf\/imagenes\/2022\/03\/6239fa74afde4_900.jpg\",\"contentUrl\":\"https:\/\/www.telam.com.ar\/thumbs\/bluesteel\/advf\/imagenes\/2022\/03\/6239fa74afde4_900.jpg\"},{\"@type\":\"BreadcrumbList\",\"@id\":\"https:\/\/www.noticiasradioreflejos.com.ar\/2021\/avanza-la-primera-etapa-para-poner-en-valor-el-cenard-con-una-gran-inversion\/#breadcrumb\",\"itemListElement\":[{\"@type\":\"ListItem\",\"position\":1,\"name\":\"Portada\",\"item\":\"https:\/\/www.noticiasradioreflejos.com.ar\/2021\/\"},{\"@type\":\"ListItem\",\"position\":2,\"name\":\"Avanza la primera etapa para poner en valor el Cenard con una gran inversi\u00f3n\"}]},{\"@type\":\"WebSite\",\"@id\":\"https:\/\/www.noticiasradioreflejos.com.ar\/2021\/#website\",\"url\":\"https:\/\/www.noticiasradioreflejos.com.ar\/2021\/\",\"name\":\"Noticias Radio Reflejos\",\"description\":\"Las noticias de mi comarca\",\"potentialAction\":[{\"@type\":\"SearchAction\",\"target\":{\"@type\":\"EntryPoint\",\"urlTemplate\":\"https:\/\/www.noticiasradioreflejos.com.ar\/2021\/?s={search_term_string}\"},\"query-input\":{\"@type\":\"PropertyValueSpecification\",\"valueRequired\":true,\"valueName\":\"search_term_string\"}}],\"inLanguage\":\"es\"},{\"@type\":\"Person\",\"@id\":\"https:\/\/www.noticiasradioreflejos.com.ar\/2021\/#\/schema\/person\/ad82545263dcc5ec0996818884fd5fb1\",\"name\":\"Arnaldo Botto\",\"image\":{\"@type\":\"ImageObject\",\"inLanguage\":\"es\",\"@id\":\"https:\/\/www.noticiasradioreflejos.com.ar\/2021\/#\/schema\/person\/image\/\",\"url\":\"https:\/\/secure.gravatar.com\/avatar\/55cb5e37c1efa326397366e6974cb338056df65cb50e7d64d1cf314e87504837?s=96&d=mm&r=g\",\"contentUrl\":\"https:\/\/secure.gravatar.com\/avatar\/55cb5e37c1efa326397366e6974cb338056df65cb50e7d64d1cf314e87504837?s=96&d=mm&r=g\",\"caption\":\"Arnaldo Botto\"},\"url\":\"https:\/\/www.noticiasradioreflejos.com.ar\/2021\/author\/arnaldo\/\"}]}<\/script>\n<!-- \/ Yoast SEO plugin. -->","yoast_head_json":{"title":"Avanza la primera etapa para poner en valor el Cenard con una gran inversi\u00f3n - Noticias Radio Reflejos","robots":{"index":"index","follow":"follow","max-snippet":"max-snippet:-1","max-image-preview":"max-image-preview:large","max-video-preview":"max-video-preview:-1"},"canonical":"https:\/\/www.noticiasradioreflejos.com.ar\/2021\/avanza-la-primera-etapa-para-poner-en-valor-el-cenard-con-una-gran-inversion\/","og_locale":"es_ES","og_type":"article","og_title":"Avanza la primera etapa para poner en valor el Cenard con una gran inversi\u00f3n - Noticias Radio Reflejos","og_description":"Esto incluye la reparaci\u00f3n de la pista de pat\u00edn velocidad, la restauraci\u00f3n del Auditorio Presidente Per\u00f3n,el mantenimiento, actualizaci\u00f3n y adecuaci\u00f3n de los hoteles del Cenard y la remodelaci\u00f3n integral de los vestuarios y sanitarios.","og_url":"https:\/\/www.noticiasradioreflejos.com.ar\/2021\/avanza-la-primera-etapa-para-poner-en-valor-el-cenard-con-una-gran-inversion\/","og_site_name":"Noticias Radio Reflejos","article_published_time":"2022-03-22T17:49:29+00:00","og_image":[{"url":"https:\/\/www.telam.com.ar\/thumbs\/bluesteel\/advf\/imagenes\/2022\/03\/6239fa74afde4_900.jpg","type":"","width":"","height":""}],"author":"Arnaldo Botto","twitter_card":"summary_large_image","schema":{"@context":"https:\/\/schema.org","@graph":[{"@type":"WebPage","@id":"https:\/\/www.noticiasradioreflejos.com.ar\/2021\/avanza-la-primera-etapa-para-poner-en-valor-el-cenard-con-una-gran-inversion\/","url":"https:\/\/www.noticiasradioreflejos.com.ar\/2021\/avanza-la-primera-etapa-para-poner-en-valor-el-cenard-con-una-gran-inversion\/","name":"Avanza la primera etapa para poner en valor el Cenard con una gran inversi\u00f3n - Noticias Radio Reflejos","isPartOf":{"@id":"https:\/\/www.noticiasradioreflejos.com.ar\/2021\/#website"},"primaryImageOfPage":{"@id":"https:\/\/www.noticiasradioreflejos.com.ar\/2021\/avanza-la-primera-etapa-para-poner-en-valor-el-cenard-con-una-gran-inversion\/#primaryimage"},"image":{"@id":"https:\/\/www.noticiasradioreflejos.com.ar\/2021\/avanza-la-primera-etapa-para-poner-en-valor-el-cenard-con-una-gran-inversion\/#primaryimage"},"thumbnailUrl":"https:\/\/www.telam.com.ar\/thumbs\/bluesteel\/advf\/imagenes\/2022\/03\/6239fa74afde4_900.jpg","datePublished":"2022-03-22T17:49:29+00:00","author":{"@id":"https:\/\/www.noticiasradioreflejos.com.ar\/2021\/#\/schema\/person\/ad82545263dcc5ec0996818884fd5fb1"},"breadcrumb":{"@id":"https:\/\/www.noticiasradioreflejos.com.ar\/2021\/avanza-la-primera-etapa-para-poner-en-valor-el-cenard-con-una-gran-inversion\/#breadcrumb"},"inLanguage":"es","potentialAction":[{"@type":"ReadAction","target":["https:\/\/www.noticiasradioreflejos.com.ar\/2021\/avanza-la-primera-etapa-para-poner-en-valor-el-cenard-con-una-gran-inversion\/"]}]},{"@type":"ImageObject","inLanguage":"es","@id":"https:\/\/www.noticiasradioreflejos.com.ar\/2021\/avanza-la-primera-etapa-para-poner-en-valor-el-cenard-con-una-gran-inversion\/#primaryimage","url":"https:\/\/www.telam.com.ar\/thumbs\/bluesteel\/advf\/imagenes\/2022\/03\/6239fa74afde4_900.jpg","contentUrl":"https:\/\/www.telam.com.ar\/thumbs\/bluesteel\/advf\/imagenes\/2022\/03\/6239fa74afde4_900.jpg"},{"@type":"BreadcrumbList","@id":"https:\/\/www.noticiasradioreflejos.com.ar\/2021\/avanza-la-primera-etapa-para-poner-en-valor-el-cenard-con-una-gran-inversion\/#breadcrumb","itemListElement":[{"@type":"ListItem","position":1,"name":"Portada","item":"https:\/\/www.noticiasradioreflejos.com.ar\/2021\/"},{"@type":"ListItem","position":2,"name":"Avanza la primera etapa para poner en valor el Cenard con una gran inversi\u00f3n"}]},{"@type":"WebSite","@id":"https:\/\/www.noticiasradioreflejos.com.ar\/2021\/#website","url":"https:\/\/www.noticiasradioreflejos.com.ar\/2021\/","name":"Noticias Radio Reflejos","description":"Las noticias de mi comarca","potentialAction":[{"@type":"SearchAction","target":{"@type":"EntryPoint","urlTemplate":"https:\/\/www.noticiasradioreflejos.com.ar\/2021\/?s={search_term_string}"},"query-input":{"@type":"PropertyValueSpecification","valueRequired":true,"valueName":"search_term_string"}}],"inLanguage":"es"},{"@type":"Person","@id":"https:\/\/www.noticiasradioreflejos.com.ar\/2021\/#\/schema\/person\/ad82545263dcc5ec0996818884fd5fb1","name":"Arnaldo Botto","image":{"@type":"ImageObject","inLanguage":"es","@id":"https:\/\/www.noticiasradioreflejos.com.ar\/2021\/#\/schema\/person\/image\/","url":"https:\/\/secure.gravatar.com\/avatar\/55cb5e37c1efa326397366e6974cb338056df65cb50e7d64d1cf314e87504837?s=96&d=mm&r=g","contentUrl":"https:\/\/secure.gravatar.com\/avatar\/55cb5e37c1efa326397366e6974cb338056df65cb50e7d64d1cf314e87504837?s=96&d=mm&r=g","caption":"Arnaldo Botto"},"url":"https:\/\/www.noticiasradioreflejos.com.ar\/2021\/author\/arnaldo\/"}]}},"_links":{"self":[{"href":"https:\/\/www.noticiasradioreflejos.com.ar\/2021\/wp-json\/wp\/v2\/posts\/69567","targetHints":{"allow":["GET"]}}],"collection":[{"href":"https:\/\/www.noticiasradioreflejos.com.ar\/2021\/wp-json\/wp\/v2\/posts"}],"about":[{"href":"https:\/\/www.noticiasradioreflejos.com.ar\/2021\/wp-json\/wp\/v2\/types\/post"}],"author":[{"embeddable":true,"href":"https:\/\/www.noticiasradioreflejos.com.ar\/2021\/wp-json\/wp\/v2\/users\/3"}],"replies":[{"embeddable":true,"href":"https:\/\/www.noticiasradioreflejos.com.ar\/2021\/wp-json\/wp\/v2\/comments?post=69567"}],"version-history":[{"count":1,"href":"https:\/\/www.noticiasradioreflejos.com.ar\/2021\/wp-json\/wp\/v2\/posts\/69567\/revisions"}],"predecessor-version":[{"id":69569,"href":"https:\/\/www.noticiasradioreflejos.com.ar\/2021\/wp-json\/wp\/v2\/posts\/69567\/revisions\/69569"}],"wp:attachment":[{"href":"https:\/\/www.noticiasradioreflejos.com.ar\/2021\/wp-json\/wp\/v2\/media?parent=69567"}],"wp:term":[{"taxonomy":"category","embeddable":true,"href":"https:\/\/www.noticiasradioreflejos.com.ar\/2021\/wp-json\/wp\/v2\/categories?post=69567"},{"taxonomy":"post_tag","embeddable":true,"href":"https:\/\/www.noticiasradioreflejos.com.ar\/2021\/wp-json\/wp\/v2\/tags?post=69567"}],"curies":[{"name":"wp","href":"https:\/\/api.w.org\/{rel}","templated":true}]}}