{"id":69554,"date":"2022-03-22T14:57:55","date_gmt":"2022-03-22T14:57:55","guid":{"rendered":"http:\/\/www.noticiasradioreflejos.com.ar\/2021\/?p=69554"},"modified":"2022-03-22T14:57:55","modified_gmt":"2022-03-22T14:57:55","slug":"piden-23-anos-de-prision-para-la-mujer-acusada-de-ser-complice-en-los-abusos-que-sufrio-su-hija","status":"publish","type":"post","link":"https:\/\/www.noticiasradioreflejos.com.ar\/2021\/piden-23-anos-de-prision-para-la-mujer-acusada-de-ser-complice-en-los-abusos-que-sufrio-su-hija\/","title":{"rendered":"Piden 23 a\u00f1os de prisi\u00f3n para la mujer acusada de ser c\u00f3mplice en los abusos que sufri\u00f3 su hija"},"content":{"rendered":"<p>El fiscal\u00a0<strong>Marcelo Romero Jard\u00edn, titular de la UFIJ N.\u00ba 8<\/strong>, solicit\u00f3 la pena de 23 a\u00f1os de prisi\u00f3n por ser participe primaria de los hechos de abuso que sufri\u00f3 su hija a manos de su pareja, quien ya fue condenado en 2017 a la misma pena.<!--more--><\/p>\n<p>Adem\u00e1s, el fiscal solicit\u00f3 \u2013 en caso de veredicto condenatorio- la inmediata detenci\u00f3n de la acusada por existir un evidente peligro de fuga por la pena en expectativa.<\/p>\n<p>La mujer fue acusada de haber cooperado, desde el a\u00f1o 2004 hasta el 2015, en los abusos que perpetraba su pareja en perjuicio de su hija. Que dicha colaboraci\u00f3n consisti\u00f3 concretamente en haber omitido acciones para evitar de los abusos y adem\u00e1s no haber denunciado tales circunstancias o \u2013 de manera alternativa- que la mujer ayud\u00f3 al acusado del abuso a eludir las investigaciones de la autoridad o a sustraerse a la acci\u00f3n, al omitir denunciar y negar los hechos.<\/p>\n<p>Adem\u00e1s se la acus\u00f3 de falso testimonio debido a que el 29 de agosto de 2017, cuando se realizaba el juicio por abuso en el Tribunal Oral Criminal N\u00ba 1, la mujer neg\u00f3 tener conocimiento de los abusos que sufr\u00eda su hija en manos de su pareja, desde que la nena ten\u00eda 7 a\u00f1os de edad, situaciones que se daban mayormente durante la noche cuando todos estaban en la casa y a pesar de que su hija se lo hab\u00eda contado.<\/p>\n<p>Tambi\u00e9n se la acus\u00f3 de haber tomado incierto, suprimido y alterado el estado civil de su hija, avalando el reconocimiento de su paternidad por parte de su pareja, a sabiendas de que no resultaba su padre biol\u00f3gico, mediante una anotaci\u00f3n marginal en el acta de nacimiento.<\/p>\n<p>El Tribunal Oral Criminal N \u00ba2 dar\u00e1 a conocer el fallo, el d\u00eda lunes 28 a las 12 horas.<\/p>\n","protected":false},"excerpt":{"rendered":"<p>El fiscal\u00a0Marcelo Romero Jard\u00edn, titular de la UFIJ N.\u00ba 8, solicit\u00f3 la pena de 23 a\u00f1os de prisi\u00f3n por ser participe primaria de los hechos de abuso que sufri\u00f3 su hija a manos de su pareja, quien ya fue condenado en 2017 a la misma pena.<\/p>\n","protected":false},"author":3,"featured_media":0,"comment_status":"closed","ping_status":"closed","sticky":false,"template":"","format":"standard","meta":{"footnotes":""},"categories":[57,29],"tags":[],"class_list":["post-69554","post","type-post","status-publish","format-standard","hentry","category-judiciales","category-policiales"],"yoast_head":"<!-- This site is optimized with the Yoast SEO plugin v25.9 - https:\/\/yoast.com\/wordpress\/plugins\/seo\/ -->\n<title>Piden 23 a\u00f1os de prisi\u00f3n para la mujer acusada de ser c\u00f3mplice en los abusos que sufri\u00f3 su hija - Noticias Radio Reflejos<\/title>\n<meta name=\"robots\" content=\"index, follow, max-snippet:-1, max-image-preview:large, max-video-preview:-1\" \/>\n<link rel=\"canonical\" href=\"https:\/\/www.noticiasradioreflejos.com.ar\/2021\/piden-23-anos-de-prision-para-la-mujer-acusada-de-ser-complice-en-los-abusos-que-sufrio-su-hija\/\" \/>\n<meta property=\"og:locale\" content=\"es_ES\" \/>\n<meta property=\"og:type\" content=\"article\" \/>\n<meta property=\"og:title\" content=\"Piden 23 a\u00f1os de prisi\u00f3n para la mujer acusada de ser c\u00f3mplice en los abusos que sufri\u00f3 su hija - Noticias Radio Reflejos\" \/>\n<meta property=\"og:description\" content=\"El fiscal\u00a0Marcelo Romero Jard\u00edn, titular de la UFIJ N.\u00ba 8, solicit\u00f3 la pena de 23 a\u00f1os de prisi\u00f3n por ser participe primaria de los hechos de abuso que sufri\u00f3 su hija a manos de su pareja, quien ya fue condenado en 2017 a la misma pena.\" \/>\n<meta property=\"og:url\" content=\"https:\/\/www.noticiasradioreflejos.com.ar\/2021\/piden-23-anos-de-prision-para-la-mujer-acusada-de-ser-complice-en-los-abusos-que-sufrio-su-hija\/\" \/>\n<meta property=\"og:site_name\" content=\"Noticias Radio Reflejos\" \/>\n<meta property=\"article:published_time\" content=\"2022-03-22T14:57:55+00:00\" \/>\n<meta property=\"og:image\" content=\"https:\/\/www.noticiasradioreflejos.com.ar\/2021\/wp-content\/uploads\/2021\/07\/logosol300x200.png\" \/>\n\t<meta property=\"og:image:width\" content=\"300\" \/>\n\t<meta property=\"og:image:height\" content=\"200\" \/>\n\t<meta property=\"og:image:type\" content=\"image\/png\" \/>\n<meta name=\"author\" content=\"Arnaldo Botto\" \/>\n<meta name=\"twitter:card\" content=\"summary_large_image\" \/>\n<script type=\"application\/ld+json\" class=\"yoast-schema-graph\">{\"@context\":\"https:\/\/schema.org\",\"@graph\":[{\"@type\":\"WebPage\",\"@id\":\"https:\/\/www.noticiasradioreflejos.com.ar\/2021\/piden-23-anos-de-prision-para-la-mujer-acusada-de-ser-complice-en-los-abusos-que-sufrio-su-hija\/\",\"url\":\"https:\/\/www.noticiasradioreflejos.com.ar\/2021\/piden-23-anos-de-prision-para-la-mujer-acusada-de-ser-complice-en-los-abusos-que-sufrio-su-hija\/\",\"name\":\"Piden 23 a\u00f1os de prisi\u00f3n para la mujer acusada de ser c\u00f3mplice en los abusos que sufri\u00f3 su hija - Noticias Radio Reflejos\",\"isPartOf\":{\"@id\":\"https:\/\/www.noticiasradioreflejos.com.ar\/2021\/#website\"},\"datePublished\":\"2022-03-22T14:57:55+00:00\",\"author\":{\"@id\":\"https:\/\/www.noticiasradioreflejos.com.ar\/2021\/#\/schema\/person\/ad82545263dcc5ec0996818884fd5fb1\"},\"breadcrumb\":{\"@id\":\"https:\/\/www.noticiasradioreflejos.com.ar\/2021\/piden-23-anos-de-prision-para-la-mujer-acusada-de-ser-complice-en-los-abusos-que-sufrio-su-hija\/#breadcrumb\"},\"inLanguage\":\"es\",\"potentialAction\":[{\"@type\":\"ReadAction\",\"target\":[\"https:\/\/www.noticiasradioreflejos.com.ar\/2021\/piden-23-anos-de-prision-para-la-mujer-acusada-de-ser-complice-en-los-abusos-que-sufrio-su-hija\/\"]}]},{\"@type\":\"BreadcrumbList\",\"@id\":\"https:\/\/www.noticiasradioreflejos.com.ar\/2021\/piden-23-anos-de-prision-para-la-mujer-acusada-de-ser-complice-en-los-abusos-que-sufrio-su-hija\/#breadcrumb\",\"itemListElement\":[{\"@type\":\"ListItem\",\"position\":1,\"name\":\"Portada\",\"item\":\"https:\/\/www.noticiasradioreflejos.com.ar\/2021\/\"},{\"@type\":\"ListItem\",\"position\":2,\"name\":\"Piden 23 a\u00f1os de prisi\u00f3n para la mujer acusada de ser c\u00f3mplice en los abusos que sufri\u00f3 su hija\"}]},{\"@type\":\"WebSite\",\"@id\":\"https:\/\/www.noticiasradioreflejos.com.ar\/2021\/#website\",\"url\":\"https:\/\/www.noticiasradioreflejos.com.ar\/2021\/\",\"name\":\"Noticias Radio Reflejos\",\"description\":\"Las noticias de mi comarca\",\"potentialAction\":[{\"@type\":\"SearchAction\",\"target\":{\"@type\":\"EntryPoint\",\"urlTemplate\":\"https:\/\/www.noticiasradioreflejos.com.ar\/2021\/?s={search_term_string}\"},\"query-input\":{\"@type\":\"PropertyValueSpecification\",\"valueRequired\":true,\"valueName\":\"search_term_string\"}}],\"inLanguage\":\"es\"},{\"@type\":\"Person\",\"@id\":\"https:\/\/www.noticiasradioreflejos.com.ar\/2021\/#\/schema\/person\/ad82545263dcc5ec0996818884fd5fb1\",\"name\":\"Arnaldo Botto\",\"image\":{\"@type\":\"ImageObject\",\"inLanguage\":\"es\",\"@id\":\"https:\/\/www.noticiasradioreflejos.com.ar\/2021\/#\/schema\/person\/image\/\",\"url\":\"https:\/\/secure.gravatar.com\/avatar\/55cb5e37c1efa326397366e6974cb338056df65cb50e7d64d1cf314e87504837?s=96&d=mm&r=g\",\"contentUrl\":\"https:\/\/secure.gravatar.com\/avatar\/55cb5e37c1efa326397366e6974cb338056df65cb50e7d64d1cf314e87504837?s=96&d=mm&r=g\",\"caption\":\"Arnaldo Botto\"},\"url\":\"https:\/\/www.noticiasradioreflejos.com.ar\/2021\/author\/arnaldo\/\"}]}<\/script>\n<!-- \/ Yoast SEO plugin. -->","yoast_head_json":{"title":"Piden 23 a\u00f1os de prisi\u00f3n para la mujer acusada de ser c\u00f3mplice en los abusos que sufri\u00f3 su hija - Noticias Radio Reflejos","robots":{"index":"index","follow":"follow","max-snippet":"max-snippet:-1","max-image-preview":"max-image-preview:large","max-video-preview":"max-video-preview:-1"},"canonical":"https:\/\/www.noticiasradioreflejos.com.ar\/2021\/piden-23-anos-de-prision-para-la-mujer-acusada-de-ser-complice-en-los-abusos-que-sufrio-su-hija\/","og_locale":"es_ES","og_type":"article","og_title":"Piden 23 a\u00f1os de prisi\u00f3n para la mujer acusada de ser c\u00f3mplice en los abusos que sufri\u00f3 su hija - Noticias Radio Reflejos","og_description":"El fiscal\u00a0Marcelo Romero Jard\u00edn, titular de la UFIJ N.\u00ba 8, solicit\u00f3 la pena de 23 a\u00f1os de prisi\u00f3n por ser participe primaria de los hechos de abuso que sufri\u00f3 su hija a manos de su pareja, quien ya fue condenado en 2017 a la misma pena.","og_url":"https:\/\/www.noticiasradioreflejos.com.ar\/2021\/piden-23-anos-de-prision-para-la-mujer-acusada-de-ser-complice-en-los-abusos-que-sufrio-su-hija\/","og_site_name":"Noticias Radio Reflejos","article_published_time":"2022-03-22T14:57:55+00:00","og_image":[{"width":300,"height":200,"url":"https:\/\/www.noticiasradioreflejos.com.ar\/2021\/wp-content\/uploads\/2021\/07\/logosol300x200.png","type":"image\/png"}],"author":"Arnaldo Botto","twitter_card":"summary_large_image","schema":{"@context":"https:\/\/schema.org","@graph":[{"@type":"WebPage","@id":"https:\/\/www.noticiasradioreflejos.com.ar\/2021\/piden-23-anos-de-prision-para-la-mujer-acusada-de-ser-complice-en-los-abusos-que-sufrio-su-hija\/","url":"https:\/\/www.noticiasradioreflejos.com.ar\/2021\/piden-23-anos-de-prision-para-la-mujer-acusada-de-ser-complice-en-los-abusos-que-sufrio-su-hija\/","name":"Piden 23 a\u00f1os de prisi\u00f3n para la mujer acusada de ser c\u00f3mplice en los abusos que sufri\u00f3 su hija - Noticias Radio Reflejos","isPartOf":{"@id":"https:\/\/www.noticiasradioreflejos.com.ar\/2021\/#website"},"datePublished":"2022-03-22T14:57:55+00:00","author":{"@id":"https:\/\/www.noticiasradioreflejos.com.ar\/2021\/#\/schema\/person\/ad82545263dcc5ec0996818884fd5fb1"},"breadcrumb":{"@id":"https:\/\/www.noticiasradioreflejos.com.ar\/2021\/piden-23-anos-de-prision-para-la-mujer-acusada-de-ser-complice-en-los-abusos-que-sufrio-su-hija\/#breadcrumb"},"inLanguage":"es","potentialAction":[{"@type":"ReadAction","target":["https:\/\/www.noticiasradioreflejos.com.ar\/2021\/piden-23-anos-de-prision-para-la-mujer-acusada-de-ser-complice-en-los-abusos-que-sufrio-su-hija\/"]}]},{"@type":"BreadcrumbList","@id":"https:\/\/www.noticiasradioreflejos.com.ar\/2021\/piden-23-anos-de-prision-para-la-mujer-acusada-de-ser-complice-en-los-abusos-que-sufrio-su-hija\/#breadcrumb","itemListElement":[{"@type":"ListItem","position":1,"name":"Portada","item":"https:\/\/www.noticiasradioreflejos.com.ar\/2021\/"},{"@type":"ListItem","position":2,"name":"Piden 23 a\u00f1os de prisi\u00f3n para la mujer acusada de ser c\u00f3mplice en los abusos que sufri\u00f3 su hija"}]},{"@type":"WebSite","@id":"https:\/\/www.noticiasradioreflejos.com.ar\/2021\/#website","url":"https:\/\/www.noticiasradioreflejos.com.ar\/2021\/","name":"Noticias Radio Reflejos","description":"Las noticias de mi comarca","potentialAction":[{"@type":"SearchAction","target":{"@type":"EntryPoint","urlTemplate":"https:\/\/www.noticiasradioreflejos.com.ar\/2021\/?s={search_term_string}"},"query-input":{"@type":"PropertyValueSpecification","valueRequired":true,"valueName":"search_term_string"}}],"inLanguage":"es"},{"@type":"Person","@id":"https:\/\/www.noticiasradioreflejos.com.ar\/2021\/#\/schema\/person\/ad82545263dcc5ec0996818884fd5fb1","name":"Arnaldo Botto","image":{"@type":"ImageObject","inLanguage":"es","@id":"https:\/\/www.noticiasradioreflejos.com.ar\/2021\/#\/schema\/person\/image\/","url":"https:\/\/secure.gravatar.com\/avatar\/55cb5e37c1efa326397366e6974cb338056df65cb50e7d64d1cf314e87504837?s=96&d=mm&r=g","contentUrl":"https:\/\/secure.gravatar.com\/avatar\/55cb5e37c1efa326397366e6974cb338056df65cb50e7d64d1cf314e87504837?s=96&d=mm&r=g","caption":"Arnaldo Botto"},"url":"https:\/\/www.noticiasradioreflejos.com.ar\/2021\/author\/arnaldo\/"}]}},"_links":{"self":[{"href":"https:\/\/www.noticiasradioreflejos.com.ar\/2021\/wp-json\/wp\/v2\/posts\/69554","targetHints":{"allow":["GET"]}}],"collection":[{"href":"https:\/\/www.noticiasradioreflejos.com.ar\/2021\/wp-json\/wp\/v2\/posts"}],"about":[{"href":"https:\/\/www.noticiasradioreflejos.com.ar\/2021\/wp-json\/wp\/v2\/types\/post"}],"author":[{"embeddable":true,"href":"https:\/\/www.noticiasradioreflejos.com.ar\/2021\/wp-json\/wp\/v2\/users\/3"}],"replies":[{"embeddable":true,"href":"https:\/\/www.noticiasradioreflejos.com.ar\/2021\/wp-json\/wp\/v2\/comments?post=69554"}],"version-history":[{"count":1,"href":"https:\/\/www.noticiasradioreflejos.com.ar\/2021\/wp-json\/wp\/v2\/posts\/69554\/revisions"}],"predecessor-version":[{"id":69556,"href":"https:\/\/www.noticiasradioreflejos.com.ar\/2021\/wp-json\/wp\/v2\/posts\/69554\/revisions\/69556"}],"wp:attachment":[{"href":"https:\/\/www.noticiasradioreflejos.com.ar\/2021\/wp-json\/wp\/v2\/media?parent=69554"}],"wp:term":[{"taxonomy":"category","embeddable":true,"href":"https:\/\/www.noticiasradioreflejos.com.ar\/2021\/wp-json\/wp\/v2\/categories?post=69554"},{"taxonomy":"post_tag","embeddable":true,"href":"https:\/\/www.noticiasradioreflejos.com.ar\/2021\/wp-json\/wp\/v2\/tags?post=69554"}],"curies":[{"name":"wp","href":"https:\/\/api.w.org\/{rel}","templated":true}]}}