{"id":69549,"date":"2022-03-22T14:41:00","date_gmt":"2022-03-22T14:41:00","guid":{"rendered":"http:\/\/www.noticiasradioreflejos.com.ar\/2021\/?p=69549"},"modified":"2022-03-22T14:41:00","modified_gmt":"2022-03-22T14:41:00","slug":"la-agrupacion-ventania-propone-la-eximicion-de-tasas-municipales-para-los-ex-combatientes-de-malvinas","status":"publish","type":"post","link":"https:\/\/www.noticiasradioreflejos.com.ar\/2021\/la-agrupacion-ventania-propone-la-eximicion-de-tasas-municipales-para-los-ex-combatientes-de-malvinas\/","title":{"rendered":"La AGRUPACI\u00d3N VENTANIA propone la eximici\u00f3n de tasas municipales para los ex combatientes de Malvinas."},"content":{"rendered":"<p>Presentamos un proyecto de Ordenanza en Secretar\u00eda del Honorable Concejo Deliberante de Tornquist y para toma de conocimiento en el Ejecutivo Municipal, que estipula un r\u00e9gimen de beneficios sociales para los h\u00e9roes de Malvinas, otorgando la eximici\u00f3n del pago de las Tasas Municipales sobre Inmuebles, Automotores, y la gratuidad de la licencia de conducir particular.<!--more--><\/p>\n<p>El proyecto de la Ordenanza contempla a militares (no condenados por violaci\u00f3n de los derechos humanos) y a civiles que hayan participado del conflicto armado entre el 2 de abril y el 14 de junio de 1982. Y fija como destinatarios al personal militar y civil que haya participado en las acciones b\u00e9licas desarrolladas en el espacio a\u00e9reo, mar\u00edtimo o terrestre del denominado Teatro de Operaciones del Atl\u00e1ntico Sur.<\/p>\n<p>En caso de fallecimiento del Veterano de Guerra de Malvinas- que no cuente con cobertura de sepelio, y a solicitud de los familiares, se garantizar\u00e1 la provisi\u00f3n del servicio y\/ o cremaci\u00f3n.<\/p>\n<p>Podr\u00e1n acceder a los beneficios quienes presenten certificado actualizado como veterano de Malvinas, tengan domicilio y residencia en el Distrito.<\/p>\n<p>No podr\u00e1n ser acreedores de los beneficios descriptos, los Veteranos de la Guerra de Malvinas condenados por violaci\u00f3n de los derechos humanos, por violencia de g\u00e9nero, por delitos de traici\u00f3n a la Patria. Tampoco deber\u00e1n figurar en el Registro de Deudores Alimentarios Morosos (REDAM) presentando el certificado correspondiente.<\/p>\n<p>La normativa contempla la creaci\u00f3n de un Registro Municipal de Veteranos de Guerra de Malvinas y establece como autoridad de aplicaci\u00f3n a la Secretar\u00eda de Acci\u00f3n Social.<\/p>\n<p>Fundamentamos este proyecto en que no existe beneficio alguno que compense el sufrimiento que los ex soldados padecieron en el conflicto b\u00e9lico del Atl\u00e1ntico Sur y m\u00e1s a\u00fan despu\u00e9s de haber regresado a nuestra Patria.<\/p>\n<p>Es por ello que la Agrupaci\u00f3n Ventania en reconocimiento al cumplirse 40 a\u00f1os de la guerra propone este proyecto para darle al Veterano de Guerra el lugar que merecen en nuestra sociedad.<\/p>\n<p>&nbsp;<\/p>\n<p>&nbsp;<\/p>\n<p>Sin otro particular saludo atte.<\/p>\n<p>&nbsp;<\/p>\n<p>&nbsp;<\/p>\n","protected":false},"excerpt":{"rendered":"<p>Presentamos un proyecto de Ordenanza en Secretar\u00eda del Honorable Concejo Deliberante de Tornquist y para toma de conocimiento en el Ejecutivo Municipal, que estipula un r\u00e9gimen de beneficios sociales para los h\u00e9roes de Malvinas, otorgando la eximici\u00f3n del pago de las Tasas Municipales sobre Inmuebles, Automotores, y la gratuidad de la licencia de conducir particular.<\/p>\n","protected":false},"author":3,"featured_media":0,"comment_status":"closed","ping_status":"closed","sticky":false,"template":"","format":"standard","meta":{"footnotes":""},"categories":[24],"tags":[],"class_list":["post-69549","post","type-post","status-publish","format-standard","hentry","category-politica"],"yoast_head":"<!-- This site is optimized with the Yoast SEO plugin v25.9 - https:\/\/yoast.com\/wordpress\/plugins\/seo\/ -->\n<title>La AGRUPACI\u00d3N VENTANIA propone la eximici\u00f3n de tasas municipales para los ex combatientes de Malvinas. - Noticias Radio Reflejos<\/title>\n<meta name=\"robots\" content=\"index, follow, max-snippet:-1, max-image-preview:large, max-video-preview:-1\" \/>\n<link rel=\"canonical\" href=\"https:\/\/www.noticiasradioreflejos.com.ar\/2021\/la-agrupacion-ventania-propone-la-eximicion-de-tasas-municipales-para-los-ex-combatientes-de-malvinas\/\" \/>\n<meta property=\"og:locale\" content=\"es_ES\" \/>\n<meta property=\"og:type\" content=\"article\" \/>\n<meta property=\"og:title\" content=\"La AGRUPACI\u00d3N VENTANIA propone la eximici\u00f3n de tasas municipales para los ex combatientes de Malvinas. - Noticias Radio Reflejos\" \/>\n<meta property=\"og:description\" content=\"Presentamos un proyecto de Ordenanza en Secretar\u00eda del Honorable Concejo Deliberante de Tornquist y para toma de conocimiento en el Ejecutivo Municipal, que estipula un r\u00e9gimen de beneficios sociales para los h\u00e9roes de Malvinas, otorgando la eximici\u00f3n del pago de las Tasas Municipales sobre Inmuebles, Automotores, y la gratuidad de la licencia de conducir particular.\" \/>\n<meta property=\"og:url\" content=\"https:\/\/www.noticiasradioreflejos.com.ar\/2021\/la-agrupacion-ventania-propone-la-eximicion-de-tasas-municipales-para-los-ex-combatientes-de-malvinas\/\" \/>\n<meta property=\"og:site_name\" content=\"Noticias Radio Reflejos\" \/>\n<meta property=\"article:published_time\" content=\"2022-03-22T14:41:00+00:00\" \/>\n<meta property=\"og:image\" content=\"https:\/\/www.noticiasradioreflejos.com.ar\/2021\/wp-content\/uploads\/2021\/07\/logosol300x200.png\" \/>\n\t<meta property=\"og:image:width\" content=\"300\" \/>\n\t<meta property=\"og:image:height\" content=\"200\" \/>\n\t<meta property=\"og:image:type\" content=\"image\/png\" \/>\n<meta name=\"author\" content=\"Arnaldo Botto\" \/>\n<meta name=\"twitter:card\" content=\"summary_large_image\" \/>\n<script type=\"application\/ld+json\" class=\"yoast-schema-graph\">{\"@context\":\"https:\/\/schema.org\",\"@graph\":[{\"@type\":\"WebPage\",\"@id\":\"https:\/\/www.noticiasradioreflejos.com.ar\/2021\/la-agrupacion-ventania-propone-la-eximicion-de-tasas-municipales-para-los-ex-combatientes-de-malvinas\/\",\"url\":\"https:\/\/www.noticiasradioreflejos.com.ar\/2021\/la-agrupacion-ventania-propone-la-eximicion-de-tasas-municipales-para-los-ex-combatientes-de-malvinas\/\",\"name\":\"La AGRUPACI\u00d3N VENTANIA propone la eximici\u00f3n de tasas municipales para los ex combatientes de Malvinas. - Noticias Radio Reflejos\",\"isPartOf\":{\"@id\":\"https:\/\/www.noticiasradioreflejos.com.ar\/2021\/#website\"},\"datePublished\":\"2022-03-22T14:41:00+00:00\",\"author\":{\"@id\":\"https:\/\/www.noticiasradioreflejos.com.ar\/2021\/#\/schema\/person\/ad82545263dcc5ec0996818884fd5fb1\"},\"breadcrumb\":{\"@id\":\"https:\/\/www.noticiasradioreflejos.com.ar\/2021\/la-agrupacion-ventania-propone-la-eximicion-de-tasas-municipales-para-los-ex-combatientes-de-malvinas\/#breadcrumb\"},\"inLanguage\":\"es\",\"potentialAction\":[{\"@type\":\"ReadAction\",\"target\":[\"https:\/\/www.noticiasradioreflejos.com.ar\/2021\/la-agrupacion-ventania-propone-la-eximicion-de-tasas-municipales-para-los-ex-combatientes-de-malvinas\/\"]}]},{\"@type\":\"BreadcrumbList\",\"@id\":\"https:\/\/www.noticiasradioreflejos.com.ar\/2021\/la-agrupacion-ventania-propone-la-eximicion-de-tasas-municipales-para-los-ex-combatientes-de-malvinas\/#breadcrumb\",\"itemListElement\":[{\"@type\":\"ListItem\",\"position\":1,\"name\":\"Portada\",\"item\":\"https:\/\/www.noticiasradioreflejos.com.ar\/2021\/\"},{\"@type\":\"ListItem\",\"position\":2,\"name\":\"La AGRUPACI\u00d3N VENTANIA propone la eximici\u00f3n de tasas municipales para los ex combatientes de Malvinas.\"}]},{\"@type\":\"WebSite\",\"@id\":\"https:\/\/www.noticiasradioreflejos.com.ar\/2021\/#website\",\"url\":\"https:\/\/www.noticiasradioreflejos.com.ar\/2021\/\",\"name\":\"Noticias Radio Reflejos\",\"description\":\"Las noticias de mi comarca\",\"potentialAction\":[{\"@type\":\"SearchAction\",\"target\":{\"@type\":\"EntryPoint\",\"urlTemplate\":\"https:\/\/www.noticiasradioreflejos.com.ar\/2021\/?s={search_term_string}\"},\"query-input\":{\"@type\":\"PropertyValueSpecification\",\"valueRequired\":true,\"valueName\":\"search_term_string\"}}],\"inLanguage\":\"es\"},{\"@type\":\"Person\",\"@id\":\"https:\/\/www.noticiasradioreflejos.com.ar\/2021\/#\/schema\/person\/ad82545263dcc5ec0996818884fd5fb1\",\"name\":\"Arnaldo Botto\",\"image\":{\"@type\":\"ImageObject\",\"inLanguage\":\"es\",\"@id\":\"https:\/\/www.noticiasradioreflejos.com.ar\/2021\/#\/schema\/person\/image\/\",\"url\":\"https:\/\/secure.gravatar.com\/avatar\/55cb5e37c1efa326397366e6974cb338056df65cb50e7d64d1cf314e87504837?s=96&d=mm&r=g\",\"contentUrl\":\"https:\/\/secure.gravatar.com\/avatar\/55cb5e37c1efa326397366e6974cb338056df65cb50e7d64d1cf314e87504837?s=96&d=mm&r=g\",\"caption\":\"Arnaldo Botto\"},\"url\":\"https:\/\/www.noticiasradioreflejos.com.ar\/2021\/author\/arnaldo\/\"}]}<\/script>\n<!-- \/ Yoast SEO plugin. -->","yoast_head_json":{"title":"La AGRUPACI\u00d3N VENTANIA propone la eximici\u00f3n de tasas municipales para los ex combatientes de Malvinas. - Noticias Radio Reflejos","robots":{"index":"index","follow":"follow","max-snippet":"max-snippet:-1","max-image-preview":"max-image-preview:large","max-video-preview":"max-video-preview:-1"},"canonical":"https:\/\/www.noticiasradioreflejos.com.ar\/2021\/la-agrupacion-ventania-propone-la-eximicion-de-tasas-municipales-para-los-ex-combatientes-de-malvinas\/","og_locale":"es_ES","og_type":"article","og_title":"La AGRUPACI\u00d3N VENTANIA propone la eximici\u00f3n de tasas municipales para los ex combatientes de Malvinas. - Noticias Radio Reflejos","og_description":"Presentamos un proyecto de Ordenanza en Secretar\u00eda del Honorable Concejo Deliberante de Tornquist y para toma de conocimiento en el Ejecutivo Municipal, que estipula un r\u00e9gimen de beneficios sociales para los h\u00e9roes de Malvinas, otorgando la eximici\u00f3n del pago de las Tasas Municipales sobre Inmuebles, Automotores, y la gratuidad de la licencia de conducir particular.","og_url":"https:\/\/www.noticiasradioreflejos.com.ar\/2021\/la-agrupacion-ventania-propone-la-eximicion-de-tasas-municipales-para-los-ex-combatientes-de-malvinas\/","og_site_name":"Noticias Radio Reflejos","article_published_time":"2022-03-22T14:41:00+00:00","og_image":[{"width":300,"height":200,"url":"https:\/\/www.noticiasradioreflejos.com.ar\/2021\/wp-content\/uploads\/2021\/07\/logosol300x200.png","type":"image\/png"}],"author":"Arnaldo Botto","twitter_card":"summary_large_image","schema":{"@context":"https:\/\/schema.org","@graph":[{"@type":"WebPage","@id":"https:\/\/www.noticiasradioreflejos.com.ar\/2021\/la-agrupacion-ventania-propone-la-eximicion-de-tasas-municipales-para-los-ex-combatientes-de-malvinas\/","url":"https:\/\/www.noticiasradioreflejos.com.ar\/2021\/la-agrupacion-ventania-propone-la-eximicion-de-tasas-municipales-para-los-ex-combatientes-de-malvinas\/","name":"La AGRUPACI\u00d3N VENTANIA propone la eximici\u00f3n de tasas municipales para los ex combatientes de Malvinas. - Noticias Radio Reflejos","isPartOf":{"@id":"https:\/\/www.noticiasradioreflejos.com.ar\/2021\/#website"},"datePublished":"2022-03-22T14:41:00+00:00","author":{"@id":"https:\/\/www.noticiasradioreflejos.com.ar\/2021\/#\/schema\/person\/ad82545263dcc5ec0996818884fd5fb1"},"breadcrumb":{"@id":"https:\/\/www.noticiasradioreflejos.com.ar\/2021\/la-agrupacion-ventania-propone-la-eximicion-de-tasas-municipales-para-los-ex-combatientes-de-malvinas\/#breadcrumb"},"inLanguage":"es","potentialAction":[{"@type":"ReadAction","target":["https:\/\/www.noticiasradioreflejos.com.ar\/2021\/la-agrupacion-ventania-propone-la-eximicion-de-tasas-municipales-para-los-ex-combatientes-de-malvinas\/"]}]},{"@type":"BreadcrumbList","@id":"https:\/\/www.noticiasradioreflejos.com.ar\/2021\/la-agrupacion-ventania-propone-la-eximicion-de-tasas-municipales-para-los-ex-combatientes-de-malvinas\/#breadcrumb","itemListElement":[{"@type":"ListItem","position":1,"name":"Portada","item":"https:\/\/www.noticiasradioreflejos.com.ar\/2021\/"},{"@type":"ListItem","position":2,"name":"La AGRUPACI\u00d3N VENTANIA propone la eximici\u00f3n de tasas municipales para los ex combatientes de Malvinas."}]},{"@type":"WebSite","@id":"https:\/\/www.noticiasradioreflejos.com.ar\/2021\/#website","url":"https:\/\/www.noticiasradioreflejos.com.ar\/2021\/","name":"Noticias Radio Reflejos","description":"Las noticias de mi comarca","potentialAction":[{"@type":"SearchAction","target":{"@type":"EntryPoint","urlTemplate":"https:\/\/www.noticiasradioreflejos.com.ar\/2021\/?s={search_term_string}"},"query-input":{"@type":"PropertyValueSpecification","valueRequired":true,"valueName":"search_term_string"}}],"inLanguage":"es"},{"@type":"Person","@id":"https:\/\/www.noticiasradioreflejos.com.ar\/2021\/#\/schema\/person\/ad82545263dcc5ec0996818884fd5fb1","name":"Arnaldo Botto","image":{"@type":"ImageObject","inLanguage":"es","@id":"https:\/\/www.noticiasradioreflejos.com.ar\/2021\/#\/schema\/person\/image\/","url":"https:\/\/secure.gravatar.com\/avatar\/55cb5e37c1efa326397366e6974cb338056df65cb50e7d64d1cf314e87504837?s=96&d=mm&r=g","contentUrl":"https:\/\/secure.gravatar.com\/avatar\/55cb5e37c1efa326397366e6974cb338056df65cb50e7d64d1cf314e87504837?s=96&d=mm&r=g","caption":"Arnaldo Botto"},"url":"https:\/\/www.noticiasradioreflejos.com.ar\/2021\/author\/arnaldo\/"}]}},"_links":{"self":[{"href":"https:\/\/www.noticiasradioreflejos.com.ar\/2021\/wp-json\/wp\/v2\/posts\/69549","targetHints":{"allow":["GET"]}}],"collection":[{"href":"https:\/\/www.noticiasradioreflejos.com.ar\/2021\/wp-json\/wp\/v2\/posts"}],"about":[{"href":"https:\/\/www.noticiasradioreflejos.com.ar\/2021\/wp-json\/wp\/v2\/types\/post"}],"author":[{"embeddable":true,"href":"https:\/\/www.noticiasradioreflejos.com.ar\/2021\/wp-json\/wp\/v2\/users\/3"}],"replies":[{"embeddable":true,"href":"https:\/\/www.noticiasradioreflejos.com.ar\/2021\/wp-json\/wp\/v2\/comments?post=69549"}],"version-history":[{"count":1,"href":"https:\/\/www.noticiasradioreflejos.com.ar\/2021\/wp-json\/wp\/v2\/posts\/69549\/revisions"}],"predecessor-version":[{"id":69550,"href":"https:\/\/www.noticiasradioreflejos.com.ar\/2021\/wp-json\/wp\/v2\/posts\/69549\/revisions\/69550"}],"wp:attachment":[{"href":"https:\/\/www.noticiasradioreflejos.com.ar\/2021\/wp-json\/wp\/v2\/media?parent=69549"}],"wp:term":[{"taxonomy":"category","embeddable":true,"href":"https:\/\/www.noticiasradioreflejos.com.ar\/2021\/wp-json\/wp\/v2\/categories?post=69549"},{"taxonomy":"post_tag","embeddable":true,"href":"https:\/\/www.noticiasradioreflejos.com.ar\/2021\/wp-json\/wp\/v2\/tags?post=69549"}],"curies":[{"name":"wp","href":"https:\/\/api.w.org\/{rel}","templated":true}]}}