{"id":69546,"date":"2022-03-22T14:07:22","date_gmt":"2022-03-22T14:07:22","guid":{"rendered":"http:\/\/www.noticiasradioreflejos.com.ar\/2021\/?p=69546"},"modified":"2022-03-22T14:07:22","modified_gmt":"2022-03-22T14:07:22","slug":"marchan-a-la-corte-suprema-para-reclamar-que-se-pronuncie-sobre-las-torturas-en-malvinas","status":"publish","type":"post","link":"https:\/\/www.noticiasradioreflejos.com.ar\/2021\/marchan-a-la-corte-suprema-para-reclamar-que-se-pronuncie-sobre-las-torturas-en-malvinas\/","title":{"rendered":"Marchan a la Corte Suprema para reclamar que se pronuncie sobre las torturas en Malvinas"},"content":{"rendered":"<p>Despu\u00e9s de 15 a\u00f1os de iniciada la causa, los integrantes del m\u00e1ximo tribunal deben resolver si los hechos denunciados, como la imposici\u00f3n de tormentos y la privaci\u00f3n ileg\u00edtima de la libertad, deben ser o no investigados como delitos de lesa humanidad. <!--more--><\/p>\n<div>\n<div class=\"wrapper-editable-content\">\n<div>\n<div class=\"container-md\">\n<div class=\"row\">\n<div class=\"col-md-12 speak\">\n<div class=\"paragraph\">\n<figure class=\"mb-3\"><img decoding=\"async\" src=\"https:\/\/www.telam.com.ar\/thumbs\/bluesteel\/advf\/imagenes\/2020\/07\/5f00bd50ce962_900.jpg\" alt=\"Los soldados fueron sometidos a la tortura por sus superiores Foto Archivo\" width=\"100%\" height=\"100%\" \/><\/figure>\n<\/div>\n<\/div>\n<\/div>\n<\/div>\n<\/div>\n<\/div>\n<\/div>\n<div class=\"media-icons\"><\/div>\n<p>Los soldados fueron sometidos a la tortura por sus superiores. (Foto Archivo)<\/p>\n<p>A pocos d\u00edas de cumplirse los 40 a\u00f1os del inicio de la Guerra de Malvinas, excombatientes se movilizar\u00e1n este martes a la Corte Suprema de Justicia para pedir que se pronuncie en la causa judicial donde\u00a0<strong>se investiga a un centenar de exmilitares por presuntas torturas a soldados de su propia tropa<\/strong>\u00a0durante el conflicto b\u00e9lico de 1982, y denuncian que ese expediente se encuentra paralizado hace once meses.<\/p>\n<p>\u00abSon 40 a\u00f1os de impunidad. Pedimos a la Corte el pronto despacho de la causa que se encuentra all\u00ed por las graves violaciones a los derechos humanos cometidas en la guerra de Malvinas durante la dictadura militar\u00bb, se\u00f1al\u00f3 a T\u00e9lam Ernesto Alonso, excombatiente y secretario de Derechos Humanos del Centro de Ex Combatientes Islas Malvinas (Cecim) de La Plata, organismo querellante desde el inicio de la causa en 2007.<\/p>\n<blockquote class=\"\"><p>\u00abSon 40 a\u00f1os de impunidad. Pedimos a la Corte el pronto despacho de la causa que se encuentra all\u00ed por las graves violaciones a los derechos humanos cometidas en la guerra de Malvinas durante la dictadura militar\u00bb<\/p><\/blockquote>\n<p>La movilizaci\u00f3n comenzar\u00e1 este martes a las 12 frente al m\u00e1ximo tribunal ubicado en Talcahuano 550, en el centro porte\u00f1o, y ser\u00e1 encabezada por el Cecim junto a organismos de derechos humanos y organizaciones pol\u00edticas, confirm\u00f3 a esta agencia Jer\u00f3nimo Guerrero Iraola, abogado de la organizaci\u00f3n de veteranos de guerra.<\/p>\n<p>Despu\u00e9s de 15 a\u00f1os de iniciada la causa, que contiene m\u00e1s de 170 declaraciones de v\u00edctimas y un centenar de militares denunciados,\u00a0<strong>la Corte Suprema de Justicia debe resolver si los hechos denunciados deben ser o no investigados como delitos de lesa humanidad<\/strong>, lo que los convierte en imprescriptibles.<\/p>\n<p><strong>\u00abLo que queremos es que se los caracterice como cr\u00edmenes de lesa humanidad para que se pueda investigar y habilitar el juzgamiento a los art\u00edfices del horror en Malvinas. Parte de los militares denunciados han intentado que se declare la prescripci\u00f3n de la acci\u00f3n penal\u00bb<\/strong>, destac\u00f3 el letrado.<\/p>\n<p>Entre los presuntos il\u00edcitos se encuentran la\u00a0<strong>imposici\u00f3n de tormentos<\/strong>\u00a0y la\u00a0<strong>privaci\u00f3n ileg\u00edtima de la libertad<\/strong>.<\/p>\n<p>El principal medio de tortura denunciado que aparece en la mayor cantidad de casos, seg\u00fan el letrado, fue el\u00a0<strong>estaqueamiento a soldados a la intemperie por prolongados lapsos, en algunos casos sin abrigo ni zapatos en el g\u00e9lido clima de las islas<\/strong>.<\/p>\n<p>Tambi\u00e9n fueron denunciadas torturas como el\u00a0<strong>enterramiento de pie hasta el cuello en pozos que las mismas v\u00edctimas deb\u00edan cavar, la obligaci\u00f3n de sumergirse en agua helada completamente desnudos, golpizas, picanas y la deliberada falta de provisi\u00f3n de elementos de subsistencia<\/strong>.<\/p>\n<p>Dentro del grupo de personas que declararon se encuentran\u00a0<strong>v\u00edctimas directas y otras que prestaron declaraci\u00f3n como testigos y que son consideradas por la querella como v\u00edctimas indirectas de la tortura<\/strong>\u00a0porque \u00abbajo el fuego de una potencia enemiga les toc\u00f3 ver c\u00f3mo torturaban a otros compa\u00f1eros de trinchera\u00bb, agreg\u00f3 Guerrero Iraola.<\/p>\n<p>El caso se tramita en el Juzgado Federal de la ciudad fueguina de R\u00edo Grande, y all\u00ed\u00a0<a href=\"https:\/\/www.telam.com.ar\/notas\/202104\/552133-citaron-a-indagatoria-a-otros-10-exmilitares-acusados-de-aplicar-torturas-en-la-guerra-de-malvinas.html\" target=\"_blank\" rel=\"noopener\">la jueza Mariel Borruto<\/a>, se expres\u00f3 en distintas ocasiones sobre los il\u00edcitos denunciados como imprescriptibles, y proces\u00f3 en febrero de 2020 a cuatro de los exmilitares imputados.<\/p>\n<h2 class=\"\">Delitos de lesa humanidad<\/h2>\n<p>La Fiscal\u00eda, la justicia de primera instancia de Tierra del Fuego y la C\u00e1mara de Apelaciones de Comodoro Rivadavia consideraron que en la causa se investigan delitos de lesa humanidad.<\/p>\n<p>Sin embargo, el 4 de mayo de 2021, un pronunciamiento dictado en mayor\u00eda por la Sala I de la C\u00e1mara Federal de Casaci\u00f3n Penal introdujo que los supuestos il\u00edcitos est\u00e1n prescriptos, y anul\u00f3 un fallo judicial contra un militar acusado de torturar a soldados argentinos durante la Guerra de Malvinas.<\/p>\n<p>El beneficiado fue\u00a0<strong>Jorge Oscar Ferrante<\/strong>, quien en 1982 era oficial naval del Batall\u00f3n de Infanter\u00eda de Marina (BIM) 5, imputado de apremios ilegales y sometimiento a la tropa.<\/p>\n<p>Este fallo revocatorio fue acorde con uno anterior en el mismo sentido firmado por otra sala de Casaci\u00f3n que hab\u00eda favorecido a otro militar,\u00a0<strong>Jorge Taranto<\/strong>, tambi\u00e9n acusado por esos hechos.<\/p>\n<p>En ese contexto, la fiscal\u00eda y los querellantes recurrieron el fallo de Casaci\u00f3n ante la Corte Suprema, y la jueza fueguina decidi\u00f3 esperar el tr\u00e1mite que tendr\u00e1n esas actuaciones.<\/p>\n<p>\u00abEstamos exigiendo que la Corte primero falle r\u00e1pido, y segundo que falle de acuerdo a los est\u00e1ndares nacionales e internacionales en materia de justicia restaurativa y justicia transicional\u00bb, a\u00f1adi\u00f3 el abogado del Cecim La Plata.<\/p>\n","protected":false},"excerpt":{"rendered":"<p>Despu\u00e9s de 15 a\u00f1os de iniciada la causa, los integrantes del m\u00e1ximo tribunal deben resolver si los hechos denunciados, como la imposici\u00f3n de tormentos y la privaci\u00f3n ileg\u00edtima de la libertad, deben ser o no investigados como delitos de lesa humanidad.<\/p>\n","protected":false},"author":3,"featured_media":0,"comment_status":"closed","ping_status":"closed","sticky":false,"template":"","format":"standard","meta":{"footnotes":""},"categories":[24,26],"tags":[],"class_list":["post-69546","post","type-post","status-publish","format-standard","hentry","category-politica","category-sociedad"],"yoast_head":"<!-- This site is optimized with the Yoast SEO plugin v25.9 - https:\/\/yoast.com\/wordpress\/plugins\/seo\/ -->\n<title>Marchan a la Corte Suprema para reclamar que se pronuncie sobre las torturas en Malvinas - Noticias Radio Reflejos<\/title>\n<meta name=\"robots\" content=\"index, follow, max-snippet:-1, max-image-preview:large, max-video-preview:-1\" \/>\n<link rel=\"canonical\" href=\"https:\/\/www.noticiasradioreflejos.com.ar\/2021\/marchan-a-la-corte-suprema-para-reclamar-que-se-pronuncie-sobre-las-torturas-en-malvinas\/\" \/>\n<meta property=\"og:locale\" content=\"es_ES\" \/>\n<meta property=\"og:type\" content=\"article\" \/>\n<meta property=\"og:title\" content=\"Marchan a la Corte Suprema para reclamar que se pronuncie sobre las torturas en Malvinas - Noticias Radio Reflejos\" \/>\n<meta property=\"og:description\" content=\"Despu\u00e9s de 15 a\u00f1os de iniciada la causa, los integrantes del m\u00e1ximo tribunal deben resolver si los hechos denunciados, como la imposici\u00f3n de tormentos y la privaci\u00f3n ileg\u00edtima de la libertad, deben ser o no investigados como delitos de lesa humanidad.\" \/>\n<meta property=\"og:url\" content=\"https:\/\/www.noticiasradioreflejos.com.ar\/2021\/marchan-a-la-corte-suprema-para-reclamar-que-se-pronuncie-sobre-las-torturas-en-malvinas\/\" \/>\n<meta property=\"og:site_name\" content=\"Noticias Radio Reflejos\" \/>\n<meta property=\"article:published_time\" content=\"2022-03-22T14:07:22+00:00\" \/>\n<meta property=\"og:image\" content=\"https:\/\/www.telam.com.ar\/thumbs\/bluesteel\/advf\/imagenes\/2020\/07\/5f00bd50ce962_900.jpg\" \/>\n<meta name=\"author\" content=\"Arnaldo Botto\" \/>\n<meta name=\"twitter:card\" content=\"summary_large_image\" \/>\n<script type=\"application\/ld+json\" class=\"yoast-schema-graph\">{\"@context\":\"https:\/\/schema.org\",\"@graph\":[{\"@type\":\"WebPage\",\"@id\":\"https:\/\/www.noticiasradioreflejos.com.ar\/2021\/marchan-a-la-corte-suprema-para-reclamar-que-se-pronuncie-sobre-las-torturas-en-malvinas\/\",\"url\":\"https:\/\/www.noticiasradioreflejos.com.ar\/2021\/marchan-a-la-corte-suprema-para-reclamar-que-se-pronuncie-sobre-las-torturas-en-malvinas\/\",\"name\":\"Marchan a la Corte Suprema para reclamar que se pronuncie sobre las torturas en Malvinas - Noticias Radio Reflejos\",\"isPartOf\":{\"@id\":\"https:\/\/www.noticiasradioreflejos.com.ar\/2021\/#website\"},\"primaryImageOfPage\":{\"@id\":\"https:\/\/www.noticiasradioreflejos.com.ar\/2021\/marchan-a-la-corte-suprema-para-reclamar-que-se-pronuncie-sobre-las-torturas-en-malvinas\/#primaryimage\"},\"image\":{\"@id\":\"https:\/\/www.noticiasradioreflejos.com.ar\/2021\/marchan-a-la-corte-suprema-para-reclamar-que-se-pronuncie-sobre-las-torturas-en-malvinas\/#primaryimage\"},\"thumbnailUrl\":\"https:\/\/www.telam.com.ar\/thumbs\/bluesteel\/advf\/imagenes\/2020\/07\/5f00bd50ce962_900.jpg\",\"datePublished\":\"2022-03-22T14:07:22+00:00\",\"author\":{\"@id\":\"https:\/\/www.noticiasradioreflejos.com.ar\/2021\/#\/schema\/person\/ad82545263dcc5ec0996818884fd5fb1\"},\"breadcrumb\":{\"@id\":\"https:\/\/www.noticiasradioreflejos.com.ar\/2021\/marchan-a-la-corte-suprema-para-reclamar-que-se-pronuncie-sobre-las-torturas-en-malvinas\/#breadcrumb\"},\"inLanguage\":\"es\",\"potentialAction\":[{\"@type\":\"ReadAction\",\"target\":[\"https:\/\/www.noticiasradioreflejos.com.ar\/2021\/marchan-a-la-corte-suprema-para-reclamar-que-se-pronuncie-sobre-las-torturas-en-malvinas\/\"]}]},{\"@type\":\"ImageObject\",\"inLanguage\":\"es\",\"@id\":\"https:\/\/www.noticiasradioreflejos.com.ar\/2021\/marchan-a-la-corte-suprema-para-reclamar-que-se-pronuncie-sobre-las-torturas-en-malvinas\/#primaryimage\",\"url\":\"https:\/\/www.telam.com.ar\/thumbs\/bluesteel\/advf\/imagenes\/2020\/07\/5f00bd50ce962_900.jpg\",\"contentUrl\":\"https:\/\/www.telam.com.ar\/thumbs\/bluesteel\/advf\/imagenes\/2020\/07\/5f00bd50ce962_900.jpg\"},{\"@type\":\"BreadcrumbList\",\"@id\":\"https:\/\/www.noticiasradioreflejos.com.ar\/2021\/marchan-a-la-corte-suprema-para-reclamar-que-se-pronuncie-sobre-las-torturas-en-malvinas\/#breadcrumb\",\"itemListElement\":[{\"@type\":\"ListItem\",\"position\":1,\"name\":\"Portada\",\"item\":\"https:\/\/www.noticiasradioreflejos.com.ar\/2021\/\"},{\"@type\":\"ListItem\",\"position\":2,\"name\":\"Marchan a la Corte Suprema para reclamar que se pronuncie sobre las torturas en Malvinas\"}]},{\"@type\":\"WebSite\",\"@id\":\"https:\/\/www.noticiasradioreflejos.com.ar\/2021\/#website\",\"url\":\"https:\/\/www.noticiasradioreflejos.com.ar\/2021\/\",\"name\":\"Noticias Radio Reflejos\",\"description\":\"Las noticias de mi comarca\",\"potentialAction\":[{\"@type\":\"SearchAction\",\"target\":{\"@type\":\"EntryPoint\",\"urlTemplate\":\"https:\/\/www.noticiasradioreflejos.com.ar\/2021\/?s={search_term_string}\"},\"query-input\":{\"@type\":\"PropertyValueSpecification\",\"valueRequired\":true,\"valueName\":\"search_term_string\"}}],\"inLanguage\":\"es\"},{\"@type\":\"Person\",\"@id\":\"https:\/\/www.noticiasradioreflejos.com.ar\/2021\/#\/schema\/person\/ad82545263dcc5ec0996818884fd5fb1\",\"name\":\"Arnaldo Botto\",\"image\":{\"@type\":\"ImageObject\",\"inLanguage\":\"es\",\"@id\":\"https:\/\/www.noticiasradioreflejos.com.ar\/2021\/#\/schema\/person\/image\/\",\"url\":\"https:\/\/secure.gravatar.com\/avatar\/55cb5e37c1efa326397366e6974cb338056df65cb50e7d64d1cf314e87504837?s=96&d=mm&r=g\",\"contentUrl\":\"https:\/\/secure.gravatar.com\/avatar\/55cb5e37c1efa326397366e6974cb338056df65cb50e7d64d1cf314e87504837?s=96&d=mm&r=g\",\"caption\":\"Arnaldo Botto\"},\"url\":\"https:\/\/www.noticiasradioreflejos.com.ar\/2021\/author\/arnaldo\/\"}]}<\/script>\n<!-- \/ Yoast SEO plugin. -->","yoast_head_json":{"title":"Marchan a la Corte Suprema para reclamar que se pronuncie sobre las torturas en Malvinas - Noticias Radio Reflejos","robots":{"index":"index","follow":"follow","max-snippet":"max-snippet:-1","max-image-preview":"max-image-preview:large","max-video-preview":"max-video-preview:-1"},"canonical":"https:\/\/www.noticiasradioreflejos.com.ar\/2021\/marchan-a-la-corte-suprema-para-reclamar-que-se-pronuncie-sobre-las-torturas-en-malvinas\/","og_locale":"es_ES","og_type":"article","og_title":"Marchan a la Corte Suprema para reclamar que se pronuncie sobre las torturas en Malvinas - Noticias Radio Reflejos","og_description":"Despu\u00e9s de 15 a\u00f1os de iniciada la causa, los integrantes del m\u00e1ximo tribunal deben resolver si los hechos denunciados, como la imposici\u00f3n de tormentos y la privaci\u00f3n ileg\u00edtima de la libertad, deben ser o no investigados como delitos de lesa humanidad.","og_url":"https:\/\/www.noticiasradioreflejos.com.ar\/2021\/marchan-a-la-corte-suprema-para-reclamar-que-se-pronuncie-sobre-las-torturas-en-malvinas\/","og_site_name":"Noticias Radio Reflejos","article_published_time":"2022-03-22T14:07:22+00:00","og_image":[{"url":"https:\/\/www.telam.com.ar\/thumbs\/bluesteel\/advf\/imagenes\/2020\/07\/5f00bd50ce962_900.jpg","type":"","width":"","height":""}],"author":"Arnaldo Botto","twitter_card":"summary_large_image","schema":{"@context":"https:\/\/schema.org","@graph":[{"@type":"WebPage","@id":"https:\/\/www.noticiasradioreflejos.com.ar\/2021\/marchan-a-la-corte-suprema-para-reclamar-que-se-pronuncie-sobre-las-torturas-en-malvinas\/","url":"https:\/\/www.noticiasradioreflejos.com.ar\/2021\/marchan-a-la-corte-suprema-para-reclamar-que-se-pronuncie-sobre-las-torturas-en-malvinas\/","name":"Marchan a la Corte Suprema para reclamar que se pronuncie sobre las torturas en Malvinas - Noticias Radio Reflejos","isPartOf":{"@id":"https:\/\/www.noticiasradioreflejos.com.ar\/2021\/#website"},"primaryImageOfPage":{"@id":"https:\/\/www.noticiasradioreflejos.com.ar\/2021\/marchan-a-la-corte-suprema-para-reclamar-que-se-pronuncie-sobre-las-torturas-en-malvinas\/#primaryimage"},"image":{"@id":"https:\/\/www.noticiasradioreflejos.com.ar\/2021\/marchan-a-la-corte-suprema-para-reclamar-que-se-pronuncie-sobre-las-torturas-en-malvinas\/#primaryimage"},"thumbnailUrl":"https:\/\/www.telam.com.ar\/thumbs\/bluesteel\/advf\/imagenes\/2020\/07\/5f00bd50ce962_900.jpg","datePublished":"2022-03-22T14:07:22+00:00","author":{"@id":"https:\/\/www.noticiasradioreflejos.com.ar\/2021\/#\/schema\/person\/ad82545263dcc5ec0996818884fd5fb1"},"breadcrumb":{"@id":"https:\/\/www.noticiasradioreflejos.com.ar\/2021\/marchan-a-la-corte-suprema-para-reclamar-que-se-pronuncie-sobre-las-torturas-en-malvinas\/#breadcrumb"},"inLanguage":"es","potentialAction":[{"@type":"ReadAction","target":["https:\/\/www.noticiasradioreflejos.com.ar\/2021\/marchan-a-la-corte-suprema-para-reclamar-que-se-pronuncie-sobre-las-torturas-en-malvinas\/"]}]},{"@type":"ImageObject","inLanguage":"es","@id":"https:\/\/www.noticiasradioreflejos.com.ar\/2021\/marchan-a-la-corte-suprema-para-reclamar-que-se-pronuncie-sobre-las-torturas-en-malvinas\/#primaryimage","url":"https:\/\/www.telam.com.ar\/thumbs\/bluesteel\/advf\/imagenes\/2020\/07\/5f00bd50ce962_900.jpg","contentUrl":"https:\/\/www.telam.com.ar\/thumbs\/bluesteel\/advf\/imagenes\/2020\/07\/5f00bd50ce962_900.jpg"},{"@type":"BreadcrumbList","@id":"https:\/\/www.noticiasradioreflejos.com.ar\/2021\/marchan-a-la-corte-suprema-para-reclamar-que-se-pronuncie-sobre-las-torturas-en-malvinas\/#breadcrumb","itemListElement":[{"@type":"ListItem","position":1,"name":"Portada","item":"https:\/\/www.noticiasradioreflejos.com.ar\/2021\/"},{"@type":"ListItem","position":2,"name":"Marchan a la Corte Suprema para reclamar que se pronuncie sobre las torturas en Malvinas"}]},{"@type":"WebSite","@id":"https:\/\/www.noticiasradioreflejos.com.ar\/2021\/#website","url":"https:\/\/www.noticiasradioreflejos.com.ar\/2021\/","name":"Noticias Radio Reflejos","description":"Las noticias de mi comarca","potentialAction":[{"@type":"SearchAction","target":{"@type":"EntryPoint","urlTemplate":"https:\/\/www.noticiasradioreflejos.com.ar\/2021\/?s={search_term_string}"},"query-input":{"@type":"PropertyValueSpecification","valueRequired":true,"valueName":"search_term_string"}}],"inLanguage":"es"},{"@type":"Person","@id":"https:\/\/www.noticiasradioreflejos.com.ar\/2021\/#\/schema\/person\/ad82545263dcc5ec0996818884fd5fb1","name":"Arnaldo Botto","image":{"@type":"ImageObject","inLanguage":"es","@id":"https:\/\/www.noticiasradioreflejos.com.ar\/2021\/#\/schema\/person\/image\/","url":"https:\/\/secure.gravatar.com\/avatar\/55cb5e37c1efa326397366e6974cb338056df65cb50e7d64d1cf314e87504837?s=96&d=mm&r=g","contentUrl":"https:\/\/secure.gravatar.com\/avatar\/55cb5e37c1efa326397366e6974cb338056df65cb50e7d64d1cf314e87504837?s=96&d=mm&r=g","caption":"Arnaldo Botto"},"url":"https:\/\/www.noticiasradioreflejos.com.ar\/2021\/author\/arnaldo\/"}]}},"_links":{"self":[{"href":"https:\/\/www.noticiasradioreflejos.com.ar\/2021\/wp-json\/wp\/v2\/posts\/69546","targetHints":{"allow":["GET"]}}],"collection":[{"href":"https:\/\/www.noticiasradioreflejos.com.ar\/2021\/wp-json\/wp\/v2\/posts"}],"about":[{"href":"https:\/\/www.noticiasradioreflejos.com.ar\/2021\/wp-json\/wp\/v2\/types\/post"}],"author":[{"embeddable":true,"href":"https:\/\/www.noticiasradioreflejos.com.ar\/2021\/wp-json\/wp\/v2\/users\/3"}],"replies":[{"embeddable":true,"href":"https:\/\/www.noticiasradioreflejos.com.ar\/2021\/wp-json\/wp\/v2\/comments?post=69546"}],"version-history":[{"count":1,"href":"https:\/\/www.noticiasradioreflejos.com.ar\/2021\/wp-json\/wp\/v2\/posts\/69546\/revisions"}],"predecessor-version":[{"id":69548,"href":"https:\/\/www.noticiasradioreflejos.com.ar\/2021\/wp-json\/wp\/v2\/posts\/69546\/revisions\/69548"}],"wp:attachment":[{"href":"https:\/\/www.noticiasradioreflejos.com.ar\/2021\/wp-json\/wp\/v2\/media?parent=69546"}],"wp:term":[{"taxonomy":"category","embeddable":true,"href":"https:\/\/www.noticiasradioreflejos.com.ar\/2021\/wp-json\/wp\/v2\/categories?post=69546"},{"taxonomy":"post_tag","embeddable":true,"href":"https:\/\/www.noticiasradioreflejos.com.ar\/2021\/wp-json\/wp\/v2\/tags?post=69546"}],"curies":[{"name":"wp","href":"https:\/\/api.w.org\/{rel}","templated":true}]}}