{"id":69541,"date":"2022-03-22T11:15:52","date_gmt":"2022-03-22T11:15:52","guid":{"rendered":"http:\/\/www.noticiasradioreflejos.com.ar\/2021\/?p=69541"},"modified":"2022-03-22T11:15:52","modified_gmt":"2022-03-22T11:15:52","slug":"luz-camara-accion-los-46-segundos-con-los-que-los-hermanos-lumiere-revolucionaron-la-historia-del-cine","status":"publish","type":"post","link":"https:\/\/www.noticiasradioreflejos.com.ar\/2021\/luz-camara-accion-los-46-segundos-con-los-que-los-hermanos-lumiere-revolucionaron-la-historia-del-cine\/","title":{"rendered":"Luz, c\u00e1mara, acci\u00f3n: los 46 segundos con los que los hermanos Lumi\u00e8re revolucionaron la historia del cine"},"content":{"rendered":"<p>El 22 de marzo de 1895 dos hermanos franceses apasionados por la fotograf\u00eda daban a conocer una cort\u00edsima pel\u00edcula. Fue una de las tantas de las creaciones de quienes pasar\u00edan a la historia como unos de los grandes precursores del cine tal cual lo conocemos en la actualidad.<!--more--><\/p>\n<p><iframe loading=\"lazy\" src=\"\/\/content.jwplatform.com\/players\/w56FeYKF-a9NdgpIU.html\" width=\"640\" height=\"360\" frameborder=\"0\" scrolling=\"auto\"><\/iframe><\/p>\n<article class=\"article\">\n<div class=\"nd-body-article\">\n<p class=\"paragraph\">Fue una verdadera conmoci\u00f3n. Los primeros que vieron la pel\u00edcula, que no llegaba al minuto de duraci\u00f3n, sal\u00edan a la calle e invitaban a conocidos y extra\u00f1os apresenciar ese incre\u00edble fen\u00f3meno que registr\u00f3 la salida de un nutrido grupo de trabajadores de una f\u00e1brica.\u00a0<b>Era un realismo que no hab\u00edan presenciado nunca.<\/b><\/p>\n<p class=\"paragraph\">En otro film,\u00a0<i>Llegada de un tren a la estaci\u00f3n de la Ciotet<\/i>,\u00a0<b>los espectadores se levantaban de sus butacas y encaraban hacia la salida cuando la locomotora se acercaba al and\u00e9n y parec\u00eda salirse de la pantalla.<\/b><\/p>\n<p class=\"paragraph\">Eran los comienzos del cine y a pesar de que en esos tiempos varios eran los que experimentaban, fueron los\u00a0<b>hermanos Lumi\u00e8re<\/b>\u00a0los que se llevaron casi todas las palmas.<\/p>\n<div class=\"visual__image \"><img loading=\"lazy\" decoding=\"async\" src=\"https:\/\/www.infobae.com\/new-resizer\/28btUcKserv9yAIPvLIlLMIqtlo=\/420x420\/filters:format(webp):quality(85)\/cloudfront-us-east-1.images.arcpublishing.com\/infobae\/PVG76VMQBNFSHKQZNVKPOQRBHM.jpg%20420w\" sizes=\"auto, (min-width: 800px) 50vw, 90vw\" srcset=\"https:\/\/www.infobae.com\/new-resizer\/28btUcKserv9yAIPvLIlLMIqtlo=\/420x420\/filters:format(webp):quality(85)\/cloudfront-us-east-1.images.arcpublishing.com\/infobae\/PVG76VMQBNFSHKQZNVKPOQRBHM.jpg 420w,https:\/\/www.infobae.com\/new-resizer\/1OdUqHOkfRXqNGktUSWkIIZvwH8=\/768x768\/filters:format(webp):quality(85)\/cloudfront-us-east-1.images.arcpublishing.com\/infobae\/PVG76VMQBNFSHKQZNVKPOQRBHM.jpg 768w,https:\/\/www.infobae.com\/new-resizer\/QzIIojRJuQdiKLZXzLKQKIdb_4c=\/992x992\/filters:format(webp):quality(85)\/cloudfront-us-east-1.images.arcpublishing.com\/infobae\/PVG76VMQBNFSHKQZNVKPOQRBHM.jpg 992w,https:\/\/www.infobae.com\/new-resizer\/xJds1hxAsAr1gJS0gdgTtTguUf4=\/1200x1200\/filters:format(webp):quality(85)\/cloudfront-us-east-1.images.arcpublishing.com\/infobae\/PVG76VMQBNFSHKQZNVKPOQRBHM.jpg 1200w,https:\/\/www.infobae.com\/new-resizer\/dvDH9ufSMmsrS-gPI2dopF7IC74=\/1440x1440\/filters:format(webp):quality(85)\/cloudfront-us-east-1.images.arcpublishing.com\/infobae\/PVG76VMQBNFSHKQZNVKPOQRBHM.jpg 1440w\" alt=\"Uno era el investigador e inventor; el otro se ocupaba de las cuestiones administrativas. Lleg\u00f3 a ser una dupla inseparable que hicieron historia en los inicios del cine\" width=\"1920\" height=\"1987\" \/>Uno era el investigador e inventor; el otro se ocupaba de las cuestiones administrativas. Lleg\u00f3 a ser una dupla inseparable que hicieron historia en los inicios del cine<\/div>\n<p class=\"paragraph\"><b>Auguste Marie Louis Nicolas y Louis Jean Lumi\u00e8re\u00a0<\/b>hab\u00edan nacido en Besanz\u00f3n el 19 de octubre de 1862 y el 5 de octubre de 1864, respectivamente. Sus destinos quedaron tan unidos que para contar la historia de la imagen en movimiento ellos perdieron sus nombres de pila y \u201clos hermanos Lumi\u00e8re\u201d fue una marca registrada.<\/p>\n<p class=\"paragraph\"><b>Louis era el inventor, el que experimentaba y Auguste se encargaba m\u00e1s de la cuesti\u00f3n administrativa.<\/b><\/p>\n<p class=\"paragraph\">Eran ni\u00f1os cuando su padre Antoine, retratista, termin\u00f3 una sociedad con Emile Lebeau, la familia se radic\u00f3 en Lyon e instal\u00f3 un taller fotogr\u00e1fico que se hizo muy popular. Luego arm\u00f3 una importante f\u00e1brica de producci\u00f3n de placas fotogr\u00e1ficas que le reditu\u00f3 en un excelente pasar econ\u00f3mico.<\/p>\n<div class=\"visual__image \"><img loading=\"lazy\" decoding=\"async\" src=\"https:\/\/www.infobae.com\/new-resizer\/Vws4FkEfUuydrjJBy13rnPtblAk=\/420x236\/filters:format(webp):quality(85)\/cloudfront-us-east-1.images.arcpublishing.com\/infobae\/ADIH7KPWQFCPDDI3MT4THLK3DM.jpg%20420w\" sizes=\"auto, (min-width: 800px) 50vw, 90vw\" srcset=\"https:\/\/www.infobae.com\/new-resizer\/Vws4FkEfUuydrjJBy13rnPtblAk=\/420x236\/filters:format(webp):quality(85)\/cloudfront-us-east-1.images.arcpublishing.com\/infobae\/ADIH7KPWQFCPDDI3MT4THLK3DM.jpg 420w,https:\/\/www.infobae.com\/new-resizer\/h6kfoFsJ5i1TbGWwuAuC6ybWpio=\/768x432\/filters:format(webp):quality(85)\/cloudfront-us-east-1.images.arcpublishing.com\/infobae\/ADIH7KPWQFCPDDI3MT4THLK3DM.jpg 768w,https:\/\/www.infobae.com\/new-resizer\/1Ven1_5sUzqD1k46Vufu2Vpg2WY=\/992x558\/filters:format(webp):quality(85)\/cloudfront-us-east-1.images.arcpublishing.com\/infobae\/ADIH7KPWQFCPDDI3MT4THLK3DM.jpg 992w,https:\/\/www.infobae.com\/new-resizer\/6KH9vrc_Io3JAFaRdnxWHHEIN2M=\/1200x675\/filters:format(webp):quality(85)\/cloudfront-us-east-1.images.arcpublishing.com\/infobae\/ADIH7KPWQFCPDDI3MT4THLK3DM.jpg 1200w,https:\/\/www.infobae.com\/new-resizer\/dEjop7GqvlwRP4dS9WzUC9A8JCo=\/1440x810\/filters:format(webp):quality(85)\/cloudfront-us-east-1.images.arcpublishing.com\/infobae\/ADIH7KPWQFCPDDI3MT4THLK3DM.jpg 1440w\" alt=\"\" width=\"1216\" height=\"684\" \/><\/div>\n<p class=\"paragraph\">Auguste y Louis se formaron en el liceo La Martini\u00e9re.\u00a0<b>Ya desde adolescente, Louis comenz\u00f3 con la experimentaci\u00f3n de la imagen.<\/b>\u00a0Con solo 18 a\u00f1os ya hab\u00eda logrado detener el movimiento en las fotos.<\/p>\n<p class=\"paragraph\">En 1894 su padre fue invitado a una demostraci\u00f3n del\u00a0<b>kinetoscopio<\/b>, un invento de\u00a0<b>Thomas Alva Edison<\/b>, que ofrec\u00eda una visual de pel\u00edculas pero en forma individual. Regres\u00f3 a su casa muy impresionado y les propuso a sus hijos mejorar el invento.<\/p>\n<div class=\"visual__image \"><img loading=\"lazy\" decoding=\"async\" src=\"https:\/\/www.infobae.com\/new-resizer\/zBE2wJK32Rrf1EohYsAU09ny6Ik=\/420x630\/filters:format(webp):quality(85)\/cloudfront-us-east-1.images.arcpublishing.com\/infobae\/DJXGEPJIOJC6BPFCDMPRCP7JAY.jpg%20420w\" sizes=\"auto, (min-width: 800px) 50vw, 90vw\" srcset=\"https:\/\/www.infobae.com\/new-resizer\/zBE2wJK32Rrf1EohYsAU09ny6Ik=\/420x630\/filters:format(webp):quality(85)\/cloudfront-us-east-1.images.arcpublishing.com\/infobae\/DJXGEPJIOJC6BPFCDMPRCP7JAY.jpg 420w,https:\/\/www.infobae.com\/new-resizer\/iUKRaWrTH-p_fJ_HFKrQbgGImUc=\/768x1152\/filters:format(webp):quality(85)\/cloudfront-us-east-1.images.arcpublishing.com\/infobae\/DJXGEPJIOJC6BPFCDMPRCP7JAY.jpg 768w,https:\/\/www.infobae.com\/new-resizer\/5Vbkvhqjxu2RQjPmHFhNKbXfGoo=\/992x1488\/filters:format(webp):quality(85)\/cloudfront-us-east-1.images.arcpublishing.com\/infobae\/DJXGEPJIOJC6BPFCDMPRCP7JAY.jpg 992w,https:\/\/www.infobae.com\/new-resizer\/G5_fr2KMjmohWLObGA7FsFTRhwI=\/1200x1800\/filters:format(webp):quality(85)\/cloudfront-us-east-1.images.arcpublishing.com\/infobae\/DJXGEPJIOJC6BPFCDMPRCP7JAY.jpg 1200w\" alt=\"Idearon una c\u00e1mara que filmaba y que proyectaba. Comenzaron registrando escenas de la vida cotidiana en pel\u00edculas que no pasaban del minuto. Sus proyecciones eran verdaderos sucesos\" width=\"487\" height=\"730\" \/>Idearon una c\u00e1mara que filmaba y que proyectaba. Comenzaron registrando escenas de la vida cotidiana en pel\u00edculas que no pasaban del minuto. Sus proyecciones eran verdaderos sucesos<\/div>\n<p class=\"paragraph\">Los hermanos, que ya ven\u00edan indagando y experimentando, recogieron el guante y desde ese mismo a\u00f1o empezaron a\u00a0<b>ensayar en una nueva m\u00e1quina: una caja de madera con un objetivo, y con una manivela que hac\u00eda girar una pel\u00edcula de 35 mil\u00edmetros<\/b>.<b>\u00a0El aparato tomaba fotograf\u00edas que luego pasadas en continuo, conformaban una pel\u00edcula que no exced\u00eda del minuto<\/b>. El objeto pesaba unos cinco kilos y lo patentaron en marzo de 1895. Hab\u00edan creado\u00a0<b>una m\u00e1quina que grababa y proyectaba<\/b>. Los hermanos inventores tambi\u00e9n hab\u00edan presentado en la Academia de Ciencias\u00a0<b>un m\u00e9todo de fotograf\u00eda en colores naturales.<\/b><\/p>\n<p class=\"paragraph\"><b>El primer registro fue\u00a0<\/b><i><b>La salida de la f\u00e1brica Lumi\u00e8re en Lyon<\/b><\/i>(<i>La sortie de l\u2019 usine Lumi\u00e8re \u00e1 Lyon<\/i>), a la que se tiene como la primera producci\u00f3n en la historia del cine.<\/p>\n<p class=\"paragraph\"><b>El corto, de 46 segundos, muestra como un centenar de trabajadores, la mayor\u00eda mujeres, salen por el port\u00f3n de la calle Saint-V\u00edctor<\/b>. La c\u00e1mara est\u00e1 ubicada enfrentando la puerta y solo algunas de las personas que salen miran al objetivo. Si bien hubo registros anteriores experimentales usando distintas t\u00e9cnicas,\u00a0<i>La salida de los trabajadores<\/i>\u00a0es considerado por los estudiosos como el punto de partida del cine tal cual lo conocemos.<\/p>\n<div class=\"visual__image \"><img loading=\"lazy\" decoding=\"async\" src=\"https:\/\/www.infobae.com\/new-resizer\/TPHOKxZp_bZa7tkBklfljDdntHM=\/420x315\/filters:format(webp):quality(85)\/cloudfront-us-east-1.images.arcpublishing.com\/infobae\/ZVU5OPT56RGOLKU3OZP7UYQJCI.jpg%20420w\" sizes=\"auto, (min-width: 800px) 50vw, 90vw\" srcset=\"https:\/\/www.infobae.com\/new-resizer\/TPHOKxZp_bZa7tkBklfljDdntHM=\/420x315\/filters:format(webp):quality(85)\/cloudfront-us-east-1.images.arcpublishing.com\/infobae\/ZVU5OPT56RGOLKU3OZP7UYQJCI.jpg 420w,https:\/\/www.infobae.com\/new-resizer\/fQin5tDeyG-Cisx2ZIazD5JKDb8=\/768x576\/filters:format(webp):quality(85)\/cloudfront-us-east-1.images.arcpublishing.com\/infobae\/ZVU5OPT56RGOLKU3OZP7UYQJCI.jpg 768w,https:\/\/www.infobae.com\/new-resizer\/LaCVAHFlBw0OZ0YPlWXYOgL_gng=\/992x744\/filters:format(webp):quality(85)\/cloudfront-us-east-1.images.arcpublishing.com\/infobae\/ZVU5OPT56RGOLKU3OZP7UYQJCI.jpg 992w,https:\/\/www.infobae.com\/new-resizer\/zX_bDqp3XQUK8xQ4s64s-WEK8rU=\/1200x900\/filters:format(webp):quality(85)\/cloudfront-us-east-1.images.arcpublishing.com\/infobae\/ZVU5OPT56RGOLKU3OZP7UYQJCI.jpg 1200w,https:\/\/www.infobae.com\/new-resizer\/SjfEHTRB5iyGMzUdbCC47rFcyHY=\/1440x1080\/filters:format(webp):quality(85)\/cloudfront-us-east-1.images.arcpublishing.com\/infobae\/ZVU5OPT56RGOLKU3OZP7UYQJCI.jpg 1440w\" alt=\"Los hermanos Louis Lumi\u00e8re y Auguste Lumi\u00e8re en su estudio (EFE\/Ministere de L'Information) \" width=\"1920\" height=\"1446\" \/>Los hermanos Louis Lumi\u00e8re y Auguste Lumi\u00e8re en su estudio (EFE\/Ministere de L&#8217;Information)<\/div>\n<p class=\"paragraph\"><b>El 22 de marzo de 1895 se proyect\u00f3 por primera vez.\u00a0<\/b>Fue en una reuni\u00f3n en la Sociedad Nacional de Fomento de la Industria Nacional de Par\u00eds ante un reducido grupo de personas. El 28 de diciembre de ese a\u00f1o comenzaron las exhibiciones p\u00fablicas. Fueron en el sal\u00f3n Indien del Grand Caf\u00e9 des Capucines de Paris, situado en el 14 del Boulevard des Capucines. Su due\u00f1o, el italiano Volpini, que descre\u00eda de esta innovaci\u00f3n, les cobraba a los Lumi\u00e8re 30 francos mensuales. La entrada val\u00eda un franco.<\/p>\n<p class=\"paragraph\">En la puerta del local, hab\u00edan colgado un cartel con la explicaci\u00f3n: \u201cEste aparato inventado por M.M. Auguste y Louis Lumi\u00e8re permite recoger una serie de pruebas instant\u00e1neas, todos los movimientos que durante un cierto tiempo se suceden ante el objetivo y reproducir a continuaci\u00f3n estos movimientos proyectando, a tama\u00f1o natural, sus im\u00e1genes sobre una pantalla y ante una sala entera\u201d.<\/p>\n<p class=\"paragraph\">Se sucedieron los cortos, como el que registraba la llegada de un tren o uno c\u00f3mico,\u00a0<i>El regador regado<\/i>, en el que una persona inspecciona la boca de una manguera por la que dej\u00f3 de salir agua, sin percibirse de un ni\u00f1o que la estaba pisando y que, de pronto, deja de hacerlo y el hombre se moja.<\/p>\n<p class=\"paragraph\"><b>El invento fue todo un suceso, los hermanos recaudaron una fortuna por las proyecciones y de distintos puntos del pa\u00eds y del mundo solicitaron el aparato.<\/b>\u00a0Ellos enviaban un equipo junto a un operador que registraba importantes sucesos p\u00fablicos.<\/p>\n<p class=\"paragraph\">El Grand Caf\u00e9 des Capucines, donde se exhibi\u00f3\u00a0<i>La salida de obreros de la f\u00e1brica<\/i>, a\u00fan existe y rinde homenaje a esos hermanos que, con temor e incertidumbre ante algo novedoso, dieron el puntapi\u00e9 inicial de la maravillosa aventura que es el cine.<\/p>\n<\/div>\n<\/article>\n<p>&nbsp;<\/p>\n<div class=\"author-image\"><img loading=\"lazy\" decoding=\"async\" src=\"https:\/\/s3.amazonaws.com\/arc-authors\/infobae\/f2c2c68f-7a1d-4e6b-85d3-c33b60db410e.jpg\" alt=\"Adri\u00e1n Pignatelli\" width=\"60\" height=\"60\" \/><\/div>\n<div class=\"byline-text-wrapper\">\n<div class=\"authors-name-ctn\">\n<p>Por<\/p>\n<div class=\"authors-name-txt-ctn\"><a class=\"author-name\" href=\"https:\/\/www.infobae.com\/autor\/adrian-pignatelli\" aria-label=\"Adri\u00e1n Pignatelli\">Adri\u00e1n Pignatelli<\/a><\/div>\n<\/div>\n<div class=\"byline-datetime\"><strong>22 de Marzo de 2022 Infobae<\/strong><\/div>\n<\/div>\n<p>&nbsp;<\/p>\n","protected":false},"excerpt":{"rendered":"<p>El 22 de marzo de 1895 dos hermanos franceses apasionados por la fotograf\u00eda daban a conocer una cort\u00edsima pel\u00edcula. Fue una de las tantas de las creaciones de quienes pasar\u00edan a la historia como unos de los grandes precursores del cine tal cual lo conocemos en la actualidad.<\/p>\n","protected":false},"author":3,"featured_media":0,"comment_status":"closed","ping_status":"closed","sticky":false,"template":"","format":"standard","meta":{"footnotes":""},"categories":[1],"tags":[],"class_list":["post-69541","post","type-post","status-publish","format-standard","hentry","category-sin-categoria"],"yoast_head":"<!-- This site is optimized with the Yoast SEO plugin v25.9 - https:\/\/yoast.com\/wordpress\/plugins\/seo\/ -->\n<title>Luz, c\u00e1mara, acci\u00f3n: los 46 segundos con los que los hermanos Lumi\u00e8re revolucionaron la historia del cine - Noticias Radio Reflejos<\/title>\n<meta name=\"robots\" content=\"index, follow, max-snippet:-1, max-image-preview:large, max-video-preview:-1\" \/>\n<link rel=\"canonical\" href=\"https:\/\/www.noticiasradioreflejos.com.ar\/2021\/luz-camara-accion-los-46-segundos-con-los-que-los-hermanos-lumiere-revolucionaron-la-historia-del-cine\/\" \/>\n<meta property=\"og:locale\" content=\"es_ES\" \/>\n<meta property=\"og:type\" content=\"article\" \/>\n<meta property=\"og:title\" content=\"Luz, c\u00e1mara, acci\u00f3n: los 46 segundos con los que los hermanos Lumi\u00e8re revolucionaron la historia del cine - Noticias Radio Reflejos\" \/>\n<meta property=\"og:description\" content=\"El 22 de marzo de 1895 dos hermanos franceses apasionados por la fotograf\u00eda daban a conocer una cort\u00edsima pel\u00edcula. Fue una de las tantas de las creaciones de quienes pasar\u00edan a la historia como unos de los grandes precursores del cine tal cual lo conocemos en la actualidad.\" \/>\n<meta property=\"og:url\" content=\"https:\/\/www.noticiasradioreflejos.com.ar\/2021\/luz-camara-accion-los-46-segundos-con-los-que-los-hermanos-lumiere-revolucionaron-la-historia-del-cine\/\" \/>\n<meta property=\"og:site_name\" content=\"Noticias Radio Reflejos\" \/>\n<meta property=\"article:published_time\" content=\"2022-03-22T11:15:52+00:00\" \/>\n<meta property=\"og:image\" content=\"https:\/\/www.infobae.com\/new-resizer\/28btUcKserv9yAIPvLIlLMIqtlo=\/420x420\/filters:format(webp):quality(85)\/cloudfront-us-east-1.images.arcpublishing.com\/infobae\/PVG76VMQBNFSHKQZNVKPOQRBHM.jpg%20420w\" \/>\n<meta name=\"author\" content=\"Arnaldo Botto\" \/>\n<meta name=\"twitter:card\" content=\"summary_large_image\" \/>\n<script type=\"application\/ld+json\" class=\"yoast-schema-graph\">{\"@context\":\"https:\/\/schema.org\",\"@graph\":[{\"@type\":\"WebPage\",\"@id\":\"https:\/\/www.noticiasradioreflejos.com.ar\/2021\/luz-camara-accion-los-46-segundos-con-los-que-los-hermanos-lumiere-revolucionaron-la-historia-del-cine\/\",\"url\":\"https:\/\/www.noticiasradioreflejos.com.ar\/2021\/luz-camara-accion-los-46-segundos-con-los-que-los-hermanos-lumiere-revolucionaron-la-historia-del-cine\/\",\"name\":\"Luz, c\u00e1mara, acci\u00f3n: los 46 segundos con los que los hermanos Lumi\u00e8re revolucionaron la historia del cine - Noticias Radio Reflejos\",\"isPartOf\":{\"@id\":\"https:\/\/www.noticiasradioreflejos.com.ar\/2021\/#website\"},\"primaryImageOfPage\":{\"@id\":\"https:\/\/www.noticiasradioreflejos.com.ar\/2021\/luz-camara-accion-los-46-segundos-con-los-que-los-hermanos-lumiere-revolucionaron-la-historia-del-cine\/#primaryimage\"},\"image\":{\"@id\":\"https:\/\/www.noticiasradioreflejos.com.ar\/2021\/luz-camara-accion-los-46-segundos-con-los-que-los-hermanos-lumiere-revolucionaron-la-historia-del-cine\/#primaryimage\"},\"thumbnailUrl\":\"https:\/\/www.infobae.com\/new-resizer\/28btUcKserv9yAIPvLIlLMIqtlo=\/420x420\/filters:format(webp):quality(85)\/cloudfront-us-east-1.images.arcpublishing.com\/infobae\/PVG76VMQBNFSHKQZNVKPOQRBHM.jpg%20420w\",\"datePublished\":\"2022-03-22T11:15:52+00:00\",\"author\":{\"@id\":\"https:\/\/www.noticiasradioreflejos.com.ar\/2021\/#\/schema\/person\/ad82545263dcc5ec0996818884fd5fb1\"},\"breadcrumb\":{\"@id\":\"https:\/\/www.noticiasradioreflejos.com.ar\/2021\/luz-camara-accion-los-46-segundos-con-los-que-los-hermanos-lumiere-revolucionaron-la-historia-del-cine\/#breadcrumb\"},\"inLanguage\":\"es\",\"potentialAction\":[{\"@type\":\"ReadAction\",\"target\":[\"https:\/\/www.noticiasradioreflejos.com.ar\/2021\/luz-camara-accion-los-46-segundos-con-los-que-los-hermanos-lumiere-revolucionaron-la-historia-del-cine\/\"]}]},{\"@type\":\"ImageObject\",\"inLanguage\":\"es\",\"@id\":\"https:\/\/www.noticiasradioreflejos.com.ar\/2021\/luz-camara-accion-los-46-segundos-con-los-que-los-hermanos-lumiere-revolucionaron-la-historia-del-cine\/#primaryimage\",\"url\":\"https:\/\/www.infobae.com\/new-resizer\/28btUcKserv9yAIPvLIlLMIqtlo=\/420x420\/filters:format(webp):quality(85)\/cloudfront-us-east-1.images.arcpublishing.com\/infobae\/PVG76VMQBNFSHKQZNVKPOQRBHM.jpg%20420w\",\"contentUrl\":\"https:\/\/www.infobae.com\/new-resizer\/28btUcKserv9yAIPvLIlLMIqtlo=\/420x420\/filters:format(webp):quality(85)\/cloudfront-us-east-1.images.arcpublishing.com\/infobae\/PVG76VMQBNFSHKQZNVKPOQRBHM.jpg%20420w\"},{\"@type\":\"BreadcrumbList\",\"@id\":\"https:\/\/www.noticiasradioreflejos.com.ar\/2021\/luz-camara-accion-los-46-segundos-con-los-que-los-hermanos-lumiere-revolucionaron-la-historia-del-cine\/#breadcrumb\",\"itemListElement\":[{\"@type\":\"ListItem\",\"position\":1,\"name\":\"Portada\",\"item\":\"https:\/\/www.noticiasradioreflejos.com.ar\/2021\/\"},{\"@type\":\"ListItem\",\"position\":2,\"name\":\"Luz, c\u00e1mara, acci\u00f3n: los 46 segundos con los que los hermanos Lumi\u00e8re revolucionaron la historia del cine\"}]},{\"@type\":\"WebSite\",\"@id\":\"https:\/\/www.noticiasradioreflejos.com.ar\/2021\/#website\",\"url\":\"https:\/\/www.noticiasradioreflejos.com.ar\/2021\/\",\"name\":\"Noticias Radio Reflejos\",\"description\":\"Las noticias de mi comarca\",\"potentialAction\":[{\"@type\":\"SearchAction\",\"target\":{\"@type\":\"EntryPoint\",\"urlTemplate\":\"https:\/\/www.noticiasradioreflejos.com.ar\/2021\/?s={search_term_string}\"},\"query-input\":{\"@type\":\"PropertyValueSpecification\",\"valueRequired\":true,\"valueName\":\"search_term_string\"}}],\"inLanguage\":\"es\"},{\"@type\":\"Person\",\"@id\":\"https:\/\/www.noticiasradioreflejos.com.ar\/2021\/#\/schema\/person\/ad82545263dcc5ec0996818884fd5fb1\",\"name\":\"Arnaldo Botto\",\"image\":{\"@type\":\"ImageObject\",\"inLanguage\":\"es\",\"@id\":\"https:\/\/www.noticiasradioreflejos.com.ar\/2021\/#\/schema\/person\/image\/\",\"url\":\"https:\/\/secure.gravatar.com\/avatar\/55cb5e37c1efa326397366e6974cb338056df65cb50e7d64d1cf314e87504837?s=96&d=mm&r=g\",\"contentUrl\":\"https:\/\/secure.gravatar.com\/avatar\/55cb5e37c1efa326397366e6974cb338056df65cb50e7d64d1cf314e87504837?s=96&d=mm&r=g\",\"caption\":\"Arnaldo Botto\"},\"url\":\"https:\/\/www.noticiasradioreflejos.com.ar\/2021\/author\/arnaldo\/\"}]}<\/script>\n<!-- \/ Yoast SEO plugin. -->","yoast_head_json":{"title":"Luz, c\u00e1mara, acci\u00f3n: los 46 segundos con los que los hermanos Lumi\u00e8re revolucionaron la historia del cine - Noticias Radio Reflejos","robots":{"index":"index","follow":"follow","max-snippet":"max-snippet:-1","max-image-preview":"max-image-preview:large","max-video-preview":"max-video-preview:-1"},"canonical":"https:\/\/www.noticiasradioreflejos.com.ar\/2021\/luz-camara-accion-los-46-segundos-con-los-que-los-hermanos-lumiere-revolucionaron-la-historia-del-cine\/","og_locale":"es_ES","og_type":"article","og_title":"Luz, c\u00e1mara, acci\u00f3n: los 46 segundos con los que los hermanos Lumi\u00e8re revolucionaron la historia del cine - Noticias Radio Reflejos","og_description":"El 22 de marzo de 1895 dos hermanos franceses apasionados por la fotograf\u00eda daban a conocer una cort\u00edsima pel\u00edcula. Fue una de las tantas de las creaciones de quienes pasar\u00edan a la historia como unos de los grandes precursores del cine tal cual lo conocemos en la actualidad.","og_url":"https:\/\/www.noticiasradioreflejos.com.ar\/2021\/luz-camara-accion-los-46-segundos-con-los-que-los-hermanos-lumiere-revolucionaron-la-historia-del-cine\/","og_site_name":"Noticias Radio Reflejos","article_published_time":"2022-03-22T11:15:52+00:00","og_image":[{"url":"https:\/\/www.infobae.com\/new-resizer\/28btUcKserv9yAIPvLIlLMIqtlo=\/420x420\/filters:format(webp):quality(85)\/cloudfront-us-east-1.images.arcpublishing.com\/infobae\/PVG76VMQBNFSHKQZNVKPOQRBHM.jpg%20420w","type":"","width":"","height":""}],"author":"Arnaldo Botto","twitter_card":"summary_large_image","schema":{"@context":"https:\/\/schema.org","@graph":[{"@type":"WebPage","@id":"https:\/\/www.noticiasradioreflejos.com.ar\/2021\/luz-camara-accion-los-46-segundos-con-los-que-los-hermanos-lumiere-revolucionaron-la-historia-del-cine\/","url":"https:\/\/www.noticiasradioreflejos.com.ar\/2021\/luz-camara-accion-los-46-segundos-con-los-que-los-hermanos-lumiere-revolucionaron-la-historia-del-cine\/","name":"Luz, c\u00e1mara, acci\u00f3n: los 46 segundos con los que los hermanos Lumi\u00e8re revolucionaron la historia del cine - Noticias Radio Reflejos","isPartOf":{"@id":"https:\/\/www.noticiasradioreflejos.com.ar\/2021\/#website"},"primaryImageOfPage":{"@id":"https:\/\/www.noticiasradioreflejos.com.ar\/2021\/luz-camara-accion-los-46-segundos-con-los-que-los-hermanos-lumiere-revolucionaron-la-historia-del-cine\/#primaryimage"},"image":{"@id":"https:\/\/www.noticiasradioreflejos.com.ar\/2021\/luz-camara-accion-los-46-segundos-con-los-que-los-hermanos-lumiere-revolucionaron-la-historia-del-cine\/#primaryimage"},"thumbnailUrl":"https:\/\/www.infobae.com\/new-resizer\/28btUcKserv9yAIPvLIlLMIqtlo=\/420x420\/filters:format(webp):quality(85)\/cloudfront-us-east-1.images.arcpublishing.com\/infobae\/PVG76VMQBNFSHKQZNVKPOQRBHM.jpg%20420w","datePublished":"2022-03-22T11:15:52+00:00","author":{"@id":"https:\/\/www.noticiasradioreflejos.com.ar\/2021\/#\/schema\/person\/ad82545263dcc5ec0996818884fd5fb1"},"breadcrumb":{"@id":"https:\/\/www.noticiasradioreflejos.com.ar\/2021\/luz-camara-accion-los-46-segundos-con-los-que-los-hermanos-lumiere-revolucionaron-la-historia-del-cine\/#breadcrumb"},"inLanguage":"es","potentialAction":[{"@type":"ReadAction","target":["https:\/\/www.noticiasradioreflejos.com.ar\/2021\/luz-camara-accion-los-46-segundos-con-los-que-los-hermanos-lumiere-revolucionaron-la-historia-del-cine\/"]}]},{"@type":"ImageObject","inLanguage":"es","@id":"https:\/\/www.noticiasradioreflejos.com.ar\/2021\/luz-camara-accion-los-46-segundos-con-los-que-los-hermanos-lumiere-revolucionaron-la-historia-del-cine\/#primaryimage","url":"https:\/\/www.infobae.com\/new-resizer\/28btUcKserv9yAIPvLIlLMIqtlo=\/420x420\/filters:format(webp):quality(85)\/cloudfront-us-east-1.images.arcpublishing.com\/infobae\/PVG76VMQBNFSHKQZNVKPOQRBHM.jpg%20420w","contentUrl":"https:\/\/www.infobae.com\/new-resizer\/28btUcKserv9yAIPvLIlLMIqtlo=\/420x420\/filters:format(webp):quality(85)\/cloudfront-us-east-1.images.arcpublishing.com\/infobae\/PVG76VMQBNFSHKQZNVKPOQRBHM.jpg%20420w"},{"@type":"BreadcrumbList","@id":"https:\/\/www.noticiasradioreflejos.com.ar\/2021\/luz-camara-accion-los-46-segundos-con-los-que-los-hermanos-lumiere-revolucionaron-la-historia-del-cine\/#breadcrumb","itemListElement":[{"@type":"ListItem","position":1,"name":"Portada","item":"https:\/\/www.noticiasradioreflejos.com.ar\/2021\/"},{"@type":"ListItem","position":2,"name":"Luz, c\u00e1mara, acci\u00f3n: los 46 segundos con los que los hermanos Lumi\u00e8re revolucionaron la historia del cine"}]},{"@type":"WebSite","@id":"https:\/\/www.noticiasradioreflejos.com.ar\/2021\/#website","url":"https:\/\/www.noticiasradioreflejos.com.ar\/2021\/","name":"Noticias Radio Reflejos","description":"Las noticias de mi comarca","potentialAction":[{"@type":"SearchAction","target":{"@type":"EntryPoint","urlTemplate":"https:\/\/www.noticiasradioreflejos.com.ar\/2021\/?s={search_term_string}"},"query-input":{"@type":"PropertyValueSpecification","valueRequired":true,"valueName":"search_term_string"}}],"inLanguage":"es"},{"@type":"Person","@id":"https:\/\/www.noticiasradioreflejos.com.ar\/2021\/#\/schema\/person\/ad82545263dcc5ec0996818884fd5fb1","name":"Arnaldo Botto","image":{"@type":"ImageObject","inLanguage":"es","@id":"https:\/\/www.noticiasradioreflejos.com.ar\/2021\/#\/schema\/person\/image\/","url":"https:\/\/secure.gravatar.com\/avatar\/55cb5e37c1efa326397366e6974cb338056df65cb50e7d64d1cf314e87504837?s=96&d=mm&r=g","contentUrl":"https:\/\/secure.gravatar.com\/avatar\/55cb5e37c1efa326397366e6974cb338056df65cb50e7d64d1cf314e87504837?s=96&d=mm&r=g","caption":"Arnaldo Botto"},"url":"https:\/\/www.noticiasradioreflejos.com.ar\/2021\/author\/arnaldo\/"}]}},"_links":{"self":[{"href":"https:\/\/www.noticiasradioreflejos.com.ar\/2021\/wp-json\/wp\/v2\/posts\/69541","targetHints":{"allow":["GET"]}}],"collection":[{"href":"https:\/\/www.noticiasradioreflejos.com.ar\/2021\/wp-json\/wp\/v2\/posts"}],"about":[{"href":"https:\/\/www.noticiasradioreflejos.com.ar\/2021\/wp-json\/wp\/v2\/types\/post"}],"author":[{"embeddable":true,"href":"https:\/\/www.noticiasradioreflejos.com.ar\/2021\/wp-json\/wp\/v2\/users\/3"}],"replies":[{"embeddable":true,"href":"https:\/\/www.noticiasradioreflejos.com.ar\/2021\/wp-json\/wp\/v2\/comments?post=69541"}],"version-history":[{"count":1,"href":"https:\/\/www.noticiasradioreflejos.com.ar\/2021\/wp-json\/wp\/v2\/posts\/69541\/revisions"}],"predecessor-version":[{"id":69543,"href":"https:\/\/www.noticiasradioreflejos.com.ar\/2021\/wp-json\/wp\/v2\/posts\/69541\/revisions\/69543"}],"wp:attachment":[{"href":"https:\/\/www.noticiasradioreflejos.com.ar\/2021\/wp-json\/wp\/v2\/media?parent=69541"}],"wp:term":[{"taxonomy":"category","embeddable":true,"href":"https:\/\/www.noticiasradioreflejos.com.ar\/2021\/wp-json\/wp\/v2\/categories?post=69541"},{"taxonomy":"post_tag","embeddable":true,"href":"https:\/\/www.noticiasradioreflejos.com.ar\/2021\/wp-json\/wp\/v2\/tags?post=69541"}],"curies":[{"name":"wp","href":"https:\/\/api.w.org\/{rel}","templated":true}]}}