{"id":69538,"date":"2022-03-22T11:09:27","date_gmt":"2022-03-22T11:09:27","guid":{"rendered":"http:\/\/www.noticiasradioreflejos.com.ar\/2021\/?p=69538"},"modified":"2022-03-22T11:09:27","modified_gmt":"2022-03-22T11:09:27","slug":"aprobaron-la-restitucion-de-los-restos-de-los-ancestros-mas-antiguos-de-buenos-aires-audio","status":"publish","type":"post","link":"https:\/\/www.noticiasradioreflejos.com.ar\/2021\/aprobaron-la-restitucion-de-los-restos-de-los-ancestros-mas-antiguos-de-buenos-aires-audio\/","title":{"rendered":"Aprobaron la restituci\u00f3n de los restos de los ancestros m\u00e1s antiguos de Buenos Aires AUDIO"},"content":{"rendered":"<p>Se trata de un n\u00famero m\u00ednimo de 50 individuos, que llegan hasta al menos 10.000 a\u00f1os de antig\u00fcedad. El reclamo hab\u00eda sido realizado por la comunidad ind\u00edgena \u00abGeneral de las Pampas Cacique Cipriano Catriel\u00bb, de la ciudad de Azul, en agosto de 2021.<br \/>\n<!--more--><\/p>\n<p>El Instituto Nacional de Asuntos Ind\u00edgenas (INAI) aprob\u00f3 la restituci\u00f3n a la comunidad ind\u00edgena \u00abGeneral de las Pampas Cacique Cipriano Catriel\u00bb, de la ciudad de Azul, de los restos \u00f3seos de pueblos originarios m\u00e1s antiguos de la provincia de Buenos Aires.<\/p>\n<p>Mat\u00edas Prafil, Director de Afirmaci\u00f3n de los Derechos Ind\u00edgenas del INAI le comunic\u00f3 este viernes a la mencionada comunidad que<strong>\u00a0se aprob\u00f3 el reclamo de restituci\u00f3n realizado por la comunidad en agosto de 2021.<\/strong><\/p>\n<p>Se trata de un n\u00famero m\u00ednimo de 50 individuos y de distintas antig\u00fcedades de entierro que llegan hasta al menos 10.000 a\u00f1os de antig\u00fcedad.<\/p>\n<p>El lonko de la comunidad, Domingo Catriel, expres\u00f3 a T\u00e9lam: \u00abPara nosotros es un orgullo tremendo seguir las huellas de nuestra abuela Modesta y mi madre Marta, que emprendieron junto al antrop\u00f3logo Fernando Pepe, reclamando por la restituci\u00f3n de todos nuestros ancestros y ancestras\u00bb.<\/p>\n<blockquote class=\"\"><p>\u00abEsperamos con esta restituci\u00f3n fortalecer el movimiento ind\u00edgena provincial e ir todos juntos por el ancestro Catriel que est\u00e1 en el Museo del Hombre en Par\u00eds\u00bb<cite class=\"author\">Domingo Catriel, lonko de la comunidad<\/cite><\/p><\/blockquote>\n<figure class=\"mb-3\"><img decoding=\"async\" src=\"https:\/\/www.telam.com.ar\/thumbs\/bluesteel\/advf\/imagenes\/2022\/03\/6234dd7032906_900.jpg\" alt=\"Foto aportada por Fernando Pepe Fotgrafo Marco Buefano Fernndez\" width=\"100%\" height=\"100%\" \/><\/p>\n<div class=\"media-icons\"><\/div><figcaption>Foto aportada por Fernando Pepe. Fot\u00f3grafo: Marco Buefano Fern\u00e1ndez<\/figcaption><\/figure>\n<p>\u00abYa logramos la restituci\u00f3n de seis ancestros que estaban en el Museo de La Plata prisioneros de la Ciencia y la hist\u00f3rica restituci\u00f3n de nuestro gran l\u00edder Cipriano Catriel desde la Administraci\u00f3n de Parques Nacionales. Ahora esperamos con esta restituci\u00f3n fortalecer el movimiento ind\u00edgena provincial e<strong>\u00a0ir todos juntos por el ancestro Catriel que est\u00e1 en el Museo del Hombre en Par\u00eds<\/strong>, Francia\u00bb, dijo entusiasta.<\/p>\n<p>Tambi\u00e9n precis\u00f3 que la lagmien (hermana) Nora Galv\u00e1n acept\u00f3 ser la Werken (vocera) en representaci\u00f3n de su comunidad ante la organizaci\u00f3n \u00abEncuentro Ind\u00edgena\u00bb de Tres Arroyos, quienes apoyaron el pedido desde un inicio y los distintos estamentos p\u00fablicos o privados que, a los solos fines de la organizaci\u00f3n de la restituci\u00f3n, as\u00ed lo requieran as\u00ed se le facilitan los tr\u00e1mites burocr\u00e1ticos.<\/p>\n<p>El antrop\u00f3logo del INAI Fernando Miguel Pepe, consultado por esta agencia, confirm\u00f3 que \u00abefectivamente estamos ante un nuevo pedido resuelto a favor de las comunidades,\u00a0<strong>ahora solo queda coordinar con los antrop\u00f3logos que tienen los restos de las y los ancestros reclamados los tiempos de restituci\u00f3n\u00bb.<\/strong><\/p>\n<p>\u00abPor Ley tienen la oportunidad de pedir un a\u00f1o de plazo para terminar los estudios en tr\u00e1mite, pero con los avances actuales de la ciencia, ahora los escanean y reservan una muestra \u00f3sea con el consentimiento de la comunidad y as\u00ed pueden acelerar los tiempos de restituci\u00f3n\u00bb, puntualiz\u00f3.<\/p>\n<figure class=\"mb-3\"><img decoding=\"async\" src=\"https:\/\/www.telam.com.ar\/thumbs\/bluesteel\/advf\/imagenes\/2022\/03\/6234dd704a36e_900.jpg\" alt=\"Foto aportada por Fernando Pepe Fotgrafo Marco Buefano Fernndez\" width=\"100%\" height=\"100%\" \/><\/p>\n<div class=\"media-icons\"><\/div><figcaption>Foto aportada por Fernando Pepe. Fot\u00f3grafo: Marco Buefano Fern\u00e1ndez<\/figcaption><\/figure>\n<p>En cuanto al pedido, especific\u00f3 que \u00abes en principio un reclamo comunitario, iniciado por una comunidad espec\u00edfica pero apoyado por numerosas comunidades Mapuche y Tehuelche locales, sumado a vecinos, indigenistas o no, pero todos quieren que los ancestros vuelvan al lugar de entierro ancestral en Tres Arroyos. En eso se destaca esta restituci\u00f3n, en el apoyo total de la comunidad de la ciudad\u00bb.<\/p>\n<p>Tambi\u00e9n adelant\u00f3 que se est\u00e1 estudiando el pedido de declarar como Sitio Sagrado de los pueblos originarios a todo el sitio arqueol\u00f3gico de Tres Arroyos.<\/p>\n<p><strong><em>Foto aportada por Fernando Pepe. Fot\u00f3grafo: Marco Buefano Fern\u00e1ndez<\/em><\/strong><\/p>\n","protected":false},"excerpt":{"rendered":"<p>Se trata de un n\u00famero m\u00ednimo de 50 individuos, que llegan hasta al menos 10.000 a\u00f1os de antig\u00fcedad. El reclamo hab\u00eda sido realizado por la comunidad ind\u00edgena \u00abGeneral de las Pampas Cacique Cipriano Catriel\u00bb, de la ciudad de Azul, en agosto de 2021.<\/p>\n","protected":false},"author":3,"featured_media":0,"comment_status":"closed","ping_status":"closed","sticky":false,"template":"","format":"standard","meta":{"footnotes":""},"categories":[24,26],"tags":[],"class_list":["post-69538","post","type-post","status-publish","format-standard","hentry","category-politica","category-sociedad"],"yoast_head":"<!-- This site is optimized with the Yoast SEO plugin v25.9 - https:\/\/yoast.com\/wordpress\/plugins\/seo\/ -->\n<title>Aprobaron la restituci\u00f3n de los restos de los ancestros m\u00e1s antiguos de Buenos Aires AUDIO - Noticias Radio Reflejos<\/title>\n<meta name=\"robots\" content=\"index, follow, max-snippet:-1, max-image-preview:large, max-video-preview:-1\" \/>\n<link rel=\"canonical\" href=\"https:\/\/www.noticiasradioreflejos.com.ar\/2021\/aprobaron-la-restitucion-de-los-restos-de-los-ancestros-mas-antiguos-de-buenos-aires-audio\/\" \/>\n<meta property=\"og:locale\" content=\"es_ES\" \/>\n<meta property=\"og:type\" content=\"article\" \/>\n<meta property=\"og:title\" content=\"Aprobaron la restituci\u00f3n de los restos de los ancestros m\u00e1s antiguos de Buenos Aires AUDIO - Noticias Radio Reflejos\" \/>\n<meta property=\"og:description\" content=\"Se trata de un n\u00famero m\u00ednimo de 50 individuos, que llegan hasta al menos 10.000 a\u00f1os de antig\u00fcedad. El reclamo hab\u00eda sido realizado por la comunidad ind\u00edgena \u00abGeneral de las Pampas Cacique Cipriano Catriel\u00bb, de la ciudad de Azul, en agosto de 2021.\" \/>\n<meta property=\"og:url\" content=\"https:\/\/www.noticiasradioreflejos.com.ar\/2021\/aprobaron-la-restitucion-de-los-restos-de-los-ancestros-mas-antiguos-de-buenos-aires-audio\/\" \/>\n<meta property=\"og:site_name\" content=\"Noticias Radio Reflejos\" \/>\n<meta property=\"article:published_time\" content=\"2022-03-22T11:09:27+00:00\" \/>\n<meta property=\"og:image\" content=\"https:\/\/www.telam.com.ar\/thumbs\/bluesteel\/advf\/imagenes\/2022\/03\/6234dd7032906_900.jpg\" \/>\n<meta name=\"author\" content=\"Arnaldo Botto\" \/>\n<meta name=\"twitter:card\" content=\"summary_large_image\" \/>\n<script type=\"application\/ld+json\" class=\"yoast-schema-graph\">{\"@context\":\"https:\/\/schema.org\",\"@graph\":[{\"@type\":\"WebPage\",\"@id\":\"https:\/\/www.noticiasradioreflejos.com.ar\/2021\/aprobaron-la-restitucion-de-los-restos-de-los-ancestros-mas-antiguos-de-buenos-aires-audio\/\",\"url\":\"https:\/\/www.noticiasradioreflejos.com.ar\/2021\/aprobaron-la-restitucion-de-los-restos-de-los-ancestros-mas-antiguos-de-buenos-aires-audio\/\",\"name\":\"Aprobaron la restituci\u00f3n de los restos de los ancestros m\u00e1s antiguos de Buenos Aires AUDIO - Noticias Radio Reflejos\",\"isPartOf\":{\"@id\":\"https:\/\/www.noticiasradioreflejos.com.ar\/2021\/#website\"},\"primaryImageOfPage\":{\"@id\":\"https:\/\/www.noticiasradioreflejos.com.ar\/2021\/aprobaron-la-restitucion-de-los-restos-de-los-ancestros-mas-antiguos-de-buenos-aires-audio\/#primaryimage\"},\"image\":{\"@id\":\"https:\/\/www.noticiasradioreflejos.com.ar\/2021\/aprobaron-la-restitucion-de-los-restos-de-los-ancestros-mas-antiguos-de-buenos-aires-audio\/#primaryimage\"},\"thumbnailUrl\":\"https:\/\/www.telam.com.ar\/thumbs\/bluesteel\/advf\/imagenes\/2022\/03\/6234dd7032906_900.jpg\",\"datePublished\":\"2022-03-22T11:09:27+00:00\",\"author\":{\"@id\":\"https:\/\/www.noticiasradioreflejos.com.ar\/2021\/#\/schema\/person\/ad82545263dcc5ec0996818884fd5fb1\"},\"breadcrumb\":{\"@id\":\"https:\/\/www.noticiasradioreflejos.com.ar\/2021\/aprobaron-la-restitucion-de-los-restos-de-los-ancestros-mas-antiguos-de-buenos-aires-audio\/#breadcrumb\"},\"inLanguage\":\"es\",\"potentialAction\":[{\"@type\":\"ReadAction\",\"target\":[\"https:\/\/www.noticiasradioreflejos.com.ar\/2021\/aprobaron-la-restitucion-de-los-restos-de-los-ancestros-mas-antiguos-de-buenos-aires-audio\/\"]}]},{\"@type\":\"ImageObject\",\"inLanguage\":\"es\",\"@id\":\"https:\/\/www.noticiasradioreflejos.com.ar\/2021\/aprobaron-la-restitucion-de-los-restos-de-los-ancestros-mas-antiguos-de-buenos-aires-audio\/#primaryimage\",\"url\":\"https:\/\/www.telam.com.ar\/thumbs\/bluesteel\/advf\/imagenes\/2022\/03\/6234dd7032906_900.jpg\",\"contentUrl\":\"https:\/\/www.telam.com.ar\/thumbs\/bluesteel\/advf\/imagenes\/2022\/03\/6234dd7032906_900.jpg\"},{\"@type\":\"BreadcrumbList\",\"@id\":\"https:\/\/www.noticiasradioreflejos.com.ar\/2021\/aprobaron-la-restitucion-de-los-restos-de-los-ancestros-mas-antiguos-de-buenos-aires-audio\/#breadcrumb\",\"itemListElement\":[{\"@type\":\"ListItem\",\"position\":1,\"name\":\"Portada\",\"item\":\"https:\/\/www.noticiasradioreflejos.com.ar\/2021\/\"},{\"@type\":\"ListItem\",\"position\":2,\"name\":\"Aprobaron la restituci\u00f3n de los restos de los ancestros m\u00e1s antiguos de Buenos Aires AUDIO\"}]},{\"@type\":\"WebSite\",\"@id\":\"https:\/\/www.noticiasradioreflejos.com.ar\/2021\/#website\",\"url\":\"https:\/\/www.noticiasradioreflejos.com.ar\/2021\/\",\"name\":\"Noticias Radio Reflejos\",\"description\":\"Las noticias de mi comarca\",\"potentialAction\":[{\"@type\":\"SearchAction\",\"target\":{\"@type\":\"EntryPoint\",\"urlTemplate\":\"https:\/\/www.noticiasradioreflejos.com.ar\/2021\/?s={search_term_string}\"},\"query-input\":{\"@type\":\"PropertyValueSpecification\",\"valueRequired\":true,\"valueName\":\"search_term_string\"}}],\"inLanguage\":\"es\"},{\"@type\":\"Person\",\"@id\":\"https:\/\/www.noticiasradioreflejos.com.ar\/2021\/#\/schema\/person\/ad82545263dcc5ec0996818884fd5fb1\",\"name\":\"Arnaldo Botto\",\"image\":{\"@type\":\"ImageObject\",\"inLanguage\":\"es\",\"@id\":\"https:\/\/www.noticiasradioreflejos.com.ar\/2021\/#\/schema\/person\/image\/\",\"url\":\"https:\/\/secure.gravatar.com\/avatar\/55cb5e37c1efa326397366e6974cb338056df65cb50e7d64d1cf314e87504837?s=96&d=mm&r=g\",\"contentUrl\":\"https:\/\/secure.gravatar.com\/avatar\/55cb5e37c1efa326397366e6974cb338056df65cb50e7d64d1cf314e87504837?s=96&d=mm&r=g\",\"caption\":\"Arnaldo Botto\"},\"url\":\"https:\/\/www.noticiasradioreflejos.com.ar\/2021\/author\/arnaldo\/\"}]}<\/script>\n<!-- \/ Yoast SEO plugin. -->","yoast_head_json":{"title":"Aprobaron la restituci\u00f3n de los restos de los ancestros m\u00e1s antiguos de Buenos Aires AUDIO - Noticias Radio Reflejos","robots":{"index":"index","follow":"follow","max-snippet":"max-snippet:-1","max-image-preview":"max-image-preview:large","max-video-preview":"max-video-preview:-1"},"canonical":"https:\/\/www.noticiasradioreflejos.com.ar\/2021\/aprobaron-la-restitucion-de-los-restos-de-los-ancestros-mas-antiguos-de-buenos-aires-audio\/","og_locale":"es_ES","og_type":"article","og_title":"Aprobaron la restituci\u00f3n de los restos de los ancestros m\u00e1s antiguos de Buenos Aires AUDIO - Noticias Radio Reflejos","og_description":"Se trata de un n\u00famero m\u00ednimo de 50 individuos, que llegan hasta al menos 10.000 a\u00f1os de antig\u00fcedad. El reclamo hab\u00eda sido realizado por la comunidad ind\u00edgena \u00abGeneral de las Pampas Cacique Cipriano Catriel\u00bb, de la ciudad de Azul, en agosto de 2021.","og_url":"https:\/\/www.noticiasradioreflejos.com.ar\/2021\/aprobaron-la-restitucion-de-los-restos-de-los-ancestros-mas-antiguos-de-buenos-aires-audio\/","og_site_name":"Noticias Radio Reflejos","article_published_time":"2022-03-22T11:09:27+00:00","og_image":[{"url":"https:\/\/www.telam.com.ar\/thumbs\/bluesteel\/advf\/imagenes\/2022\/03\/6234dd7032906_900.jpg","type":"","width":"","height":""}],"author":"Arnaldo Botto","twitter_card":"summary_large_image","schema":{"@context":"https:\/\/schema.org","@graph":[{"@type":"WebPage","@id":"https:\/\/www.noticiasradioreflejos.com.ar\/2021\/aprobaron-la-restitucion-de-los-restos-de-los-ancestros-mas-antiguos-de-buenos-aires-audio\/","url":"https:\/\/www.noticiasradioreflejos.com.ar\/2021\/aprobaron-la-restitucion-de-los-restos-de-los-ancestros-mas-antiguos-de-buenos-aires-audio\/","name":"Aprobaron la restituci\u00f3n de los restos de los ancestros m\u00e1s antiguos de Buenos Aires AUDIO - Noticias Radio Reflejos","isPartOf":{"@id":"https:\/\/www.noticiasradioreflejos.com.ar\/2021\/#website"},"primaryImageOfPage":{"@id":"https:\/\/www.noticiasradioreflejos.com.ar\/2021\/aprobaron-la-restitucion-de-los-restos-de-los-ancestros-mas-antiguos-de-buenos-aires-audio\/#primaryimage"},"image":{"@id":"https:\/\/www.noticiasradioreflejos.com.ar\/2021\/aprobaron-la-restitucion-de-los-restos-de-los-ancestros-mas-antiguos-de-buenos-aires-audio\/#primaryimage"},"thumbnailUrl":"https:\/\/www.telam.com.ar\/thumbs\/bluesteel\/advf\/imagenes\/2022\/03\/6234dd7032906_900.jpg","datePublished":"2022-03-22T11:09:27+00:00","author":{"@id":"https:\/\/www.noticiasradioreflejos.com.ar\/2021\/#\/schema\/person\/ad82545263dcc5ec0996818884fd5fb1"},"breadcrumb":{"@id":"https:\/\/www.noticiasradioreflejos.com.ar\/2021\/aprobaron-la-restitucion-de-los-restos-de-los-ancestros-mas-antiguos-de-buenos-aires-audio\/#breadcrumb"},"inLanguage":"es","potentialAction":[{"@type":"ReadAction","target":["https:\/\/www.noticiasradioreflejos.com.ar\/2021\/aprobaron-la-restitucion-de-los-restos-de-los-ancestros-mas-antiguos-de-buenos-aires-audio\/"]}]},{"@type":"ImageObject","inLanguage":"es","@id":"https:\/\/www.noticiasradioreflejos.com.ar\/2021\/aprobaron-la-restitucion-de-los-restos-de-los-ancestros-mas-antiguos-de-buenos-aires-audio\/#primaryimage","url":"https:\/\/www.telam.com.ar\/thumbs\/bluesteel\/advf\/imagenes\/2022\/03\/6234dd7032906_900.jpg","contentUrl":"https:\/\/www.telam.com.ar\/thumbs\/bluesteel\/advf\/imagenes\/2022\/03\/6234dd7032906_900.jpg"},{"@type":"BreadcrumbList","@id":"https:\/\/www.noticiasradioreflejos.com.ar\/2021\/aprobaron-la-restitucion-de-los-restos-de-los-ancestros-mas-antiguos-de-buenos-aires-audio\/#breadcrumb","itemListElement":[{"@type":"ListItem","position":1,"name":"Portada","item":"https:\/\/www.noticiasradioreflejos.com.ar\/2021\/"},{"@type":"ListItem","position":2,"name":"Aprobaron la restituci\u00f3n de los restos de los ancestros m\u00e1s antiguos de Buenos Aires AUDIO"}]},{"@type":"WebSite","@id":"https:\/\/www.noticiasradioreflejos.com.ar\/2021\/#website","url":"https:\/\/www.noticiasradioreflejos.com.ar\/2021\/","name":"Noticias Radio Reflejos","description":"Las noticias de mi comarca","potentialAction":[{"@type":"SearchAction","target":{"@type":"EntryPoint","urlTemplate":"https:\/\/www.noticiasradioreflejos.com.ar\/2021\/?s={search_term_string}"},"query-input":{"@type":"PropertyValueSpecification","valueRequired":true,"valueName":"search_term_string"}}],"inLanguage":"es"},{"@type":"Person","@id":"https:\/\/www.noticiasradioreflejos.com.ar\/2021\/#\/schema\/person\/ad82545263dcc5ec0996818884fd5fb1","name":"Arnaldo Botto","image":{"@type":"ImageObject","inLanguage":"es","@id":"https:\/\/www.noticiasradioreflejos.com.ar\/2021\/#\/schema\/person\/image\/","url":"https:\/\/secure.gravatar.com\/avatar\/55cb5e37c1efa326397366e6974cb338056df65cb50e7d64d1cf314e87504837?s=96&d=mm&r=g","contentUrl":"https:\/\/secure.gravatar.com\/avatar\/55cb5e37c1efa326397366e6974cb338056df65cb50e7d64d1cf314e87504837?s=96&d=mm&r=g","caption":"Arnaldo Botto"},"url":"https:\/\/www.noticiasradioreflejos.com.ar\/2021\/author\/arnaldo\/"}]}},"_links":{"self":[{"href":"https:\/\/www.noticiasradioreflejos.com.ar\/2021\/wp-json\/wp\/v2\/posts\/69538","targetHints":{"allow":["GET"]}}],"collection":[{"href":"https:\/\/www.noticiasradioreflejos.com.ar\/2021\/wp-json\/wp\/v2\/posts"}],"about":[{"href":"https:\/\/www.noticiasradioreflejos.com.ar\/2021\/wp-json\/wp\/v2\/types\/post"}],"author":[{"embeddable":true,"href":"https:\/\/www.noticiasradioreflejos.com.ar\/2021\/wp-json\/wp\/v2\/users\/3"}],"replies":[{"embeddable":true,"href":"https:\/\/www.noticiasradioreflejos.com.ar\/2021\/wp-json\/wp\/v2\/comments?post=69538"}],"version-history":[{"count":1,"href":"https:\/\/www.noticiasradioreflejos.com.ar\/2021\/wp-json\/wp\/v2\/posts\/69538\/revisions"}],"predecessor-version":[{"id":69540,"href":"https:\/\/www.noticiasradioreflejos.com.ar\/2021\/wp-json\/wp\/v2\/posts\/69538\/revisions\/69540"}],"wp:attachment":[{"href":"https:\/\/www.noticiasradioreflejos.com.ar\/2021\/wp-json\/wp\/v2\/media?parent=69538"}],"wp:term":[{"taxonomy":"category","embeddable":true,"href":"https:\/\/www.noticiasradioreflejos.com.ar\/2021\/wp-json\/wp\/v2\/categories?post=69538"},{"taxonomy":"post_tag","embeddable":true,"href":"https:\/\/www.noticiasradioreflejos.com.ar\/2021\/wp-json\/wp\/v2\/tags?post=69538"}],"curies":[{"name":"wp","href":"https:\/\/api.w.org\/{rel}","templated":true}]}}