{"id":69526,"date":"2022-03-22T10:41:13","date_gmt":"2022-03-22T10:41:13","guid":{"rendered":"http:\/\/www.noticiasradioreflejos.com.ar\/2021\/?p=69526"},"modified":"2022-03-22T12:19:50","modified_gmt":"2022-03-22T12:19:50","slug":"24-de-marzo-2022-una-nueva-placa-para-mas-memoria","status":"publish","type":"post","link":"https:\/\/www.noticiasradioreflejos.com.ar\/2021\/24-de-marzo-2022-una-nueva-placa-para-mas-memoria\/","title":{"rendered":"24 de marzo 2022  &#8211; Una Nueva Placa Para Mas Memoria"},"content":{"rendered":"<p>El 24 de Marzo conmemoramos 46 a\u00f1os de aquella oscura noche, que nuestra historia recuerda como el golpe de estado c\u00edvico-militar de 1976, cuando una minor\u00eda de argentinos\/as priv\u00f3 al pueblo de su derecho a elecciones libres y, tomando el poder por la fuerza, dio comienzo a la \u00faltima dictadura militar que se extendi\u00f3 hasta fines del a\u00f1o 1983.<!--more--><\/p>\n<p>El terrorismo de estado imprimi\u00f3 su huella de intolerancia, silencio y exilio. Otra vez el aniquilamiento, la desaparici\u00f3n forzada y la muerte, la apropiaci\u00f3n de ni\u00f1os, en su mayor\u00eda nacidos\/as en cautiverio en centros clandestinos, el robo bienes, la prohibici\u00f3n de libros, canciones y otras expresiones del arte y la cultura, la demonizaci\u00f3n de la pol\u00edtica, el aislamiento, la persecuci\u00f3n implacable a las organizaciones sociales, la imposici\u00f3n de un modelo econ\u00f3mico y social de exclusi\u00f3n, de endeudamiento, de par\u00e1lisis de la producci\u00f3n industrial; de destrucci\u00f3n del estado de bienestar y, como corolario, la decisi\u00f3n de una guerra cuyas consecuencias conocemos todas y todos.<br \/>\n<a title=\"Mar\u00eda Cristina Garofoli\" href=\"https:\/\/www.flickr.com\/photos\/182279889@N02\/51952990492\/in\/dateposted-public\/\" data-flickr-embed=\"true\"><img loading=\"lazy\" decoding=\"async\" class=\"aligncenter\" src=\"https:\/\/live.staticflickr.com\/65535\/51952990492_c4312ae7aa_c.jpg\" alt=\"Mar\u00eda Cristina Garofoli\" width=\"563\" height=\"800\" \/><\/a><script async src=\"\/\/embedr.flickr.com\/assets\/client-code.js\" charset=\"utf-8\"><\/script><\/p>\n<p>En nuestro distrito tambi\u00e9n hubo v\u00edctimas. Mar\u00eda Cristina Garofoli Nori, naci\u00f3 en Tornquist el 22 de mayo de 1951. Egres\u00f3 como Maestra Normal del Colegio San Vicente de Paul de Bah\u00eda Blanca y ejerci\u00f3 esa profesi\u00f3n en una escuela rural bonaerense. En 1975, con 23 a\u00f1os, ingres\u00f3 a la Facultad de Arquitectura y Urbanismo en la UNLP. Fue secuestrada en mayo de 1978 y asesinada meses m\u00e1s tarde por la Fuerza de Tareas 6 de la Base Naval de Mar del Plata. Se trat\u00f3, seg\u00fan fue probado, de una ejecuci\u00f3n en un enfrentamiento fraguado.<\/p>\n<p>En 2017, por iniciativa de nuestro partido y con el apoyo un\u00e1nime de todos los concejales seg\u00fan resoluci\u00f3n 02\/17, se coloc\u00f3 una baldosa conmemorativa se\u00f1alando la vivienda donde vivi\u00f3 Mar\u00eda Cristina en su ni\u00f1ez y juventud junto a su familia. En esa jornada con muchos vecinos y vecinas pudimos encontrarnos y acompa\u00f1ar a la familia en un verdadero acto de memoria y sobre todo, de reparaci\u00f3n de dolores siempre inconclusos.<\/p>\n<p><a title=\"gar-02b\" href=\"https:\/\/www.flickr.com\/photos\/182279889@N02\/51954282244\/in\/dateposted-public\/\" data-flickr-embed=\"true\"><img loading=\"lazy\" decoding=\"async\" class=\"aligncenter\" src=\"https:\/\/live.staticflickr.com\/65535\/51954282244_b84cae1609.jpg\" alt=\"gar-02b\" width=\"480\" height=\"400\" \/><\/a><script async src=\"\/\/embedr.flickr.com\/assets\/client-code.js\" charset=\"utf-8\"><\/script><\/p>\n<p>Por el relato de sus familiares pudimos saber que Mar\u00eda Cristina era militante de la Juventud Peronista, y que en la facultad se paraba arriba de un banco y hablaba sobre un pa\u00eds m\u00e1s justo, era una militante pol\u00edtica que iba a las villas y daba clases gratis. En cuanto a su desaparici\u00f3n, supimos que la due\u00f1a del departamento que Mar\u00eda<br \/>\nCristina alquilaba junto a otras dos chicas se comunic\u00f3 con la familia de Cristina para decirles que hab\u00edan ametrallado la puerta y que las j\u00f3venes no estaban m\u00e1s.<\/p>\n<p>&nbsp;<\/p>\n<p>Despu\u00e9s de ocho a\u00f1os de b\u00fasqueda, se encontr\u00f3 el cuerpo en el cementerio parque de Mar del Plata, en una tumba que figuraba como \u2018NN\u2019 y reci\u00e9n en 2004 los familiares pudieron traer el f\u00e9retro; y en 2014 en la causa judicial N\u00ba 093017807\/2007 llevada a cabo por el Tribunal Oral en lo Criminal Federal de Mar del Plata, se conden\u00f3 a cadena perpetua a su asesino, el ex coronel Carlos Aldo M\u00e1spero.<br \/>\nHace unas semanas concurrimos a la esquina de San Martin 501 y encontramos la baldosa salida de su base en el estado que muestra la imagen, por lo que en adhesi\u00f3n al 46 aniversario del golpe de estado del 24 de Marzo de 1976, decidimos realizar una nueva en una madera que ofrecer\u00e1 m\u00e1s resistencia y quedar\u00e1 mejor con el entorno del lugar.<br \/>\nCon el acuerdo de la familia de Mar\u00eda Cristina, colocaremos la nueva placa el 22 de Mayo de 2022, d\u00eda en que ella habr\u00eda cumplido 71 a\u00f1os.<br \/>\nSeguimos sembrando memoria, construyendo verdad y exigiendo justicia, como deseamos hacer las cosas entre todas y todos, invitamos a los\/as ciudadanos\/as de nuestro distrito a repintar los pa\u00f1uelos que junto a muchos vecinos y vecinas pintamos en 2018 para que siempre y cada d\u00eda digamos NUNCA MAS.<\/p>\n<p><em><strong>PARTIDO FRENTE GRANDE TORNQUIST.<\/strong><\/em><br \/>\n<em><strong>Masson Claudio Adri\u00e1n, Presidente<\/strong><\/em><\/p>\n<p><em><strong>Norma Blanca Fern\u00e1ndez, Vicepresidenta<\/strong><\/em><\/p>\n<p><a title=\"20220221_193242\" href=\"https:\/\/www.flickr.com\/photos\/182279889@N02\/51952990687\/in\/dateposted-public\/\" data-flickr-embed=\"true\"><img loading=\"lazy\" decoding=\"async\" src=\"https:\/\/live.staticflickr.com\/65535\/51952990687_d8588779f9.jpg\" alt=\"20220221_193242\" width=\"375\" height=\"500\" \/><\/a><script async src=\"\/\/embedr.flickr.com\/assets\/client-code.js\" charset=\"utf-8\"><\/script><\/p>\n<p><a title=\"20220222_124351\" href=\"https:\/\/www.flickr.com\/photos\/182279889@N02\/51954282349\/in\/dateposted-public\/\" data-flickr-embed=\"true\"><img loading=\"lazy\" decoding=\"async\" src=\"https:\/\/live.staticflickr.com\/65535\/51954282349_c666ec1f42.jpg\" alt=\"20220222_124351\" width=\"500\" height=\"444\" \/><\/a><script async src=\"\/\/embedr.flickr.com\/assets\/client-code.js\" charset=\"utf-8\"><\/script><\/p>\n<p><a title=\"INVITACION MARCHA 24 DE MARZO\" href=\"https:\/\/www.flickr.com\/photos\/182279889@N02\/51954046088\/in\/dateposted-public\/\" data-flickr-embed=\"true\"><img loading=\"lazy\" decoding=\"async\" class=\"aligncenter\" src=\"https:\/\/live.staticflickr.com\/65535\/51954046088_9d923299df.jpg\" alt=\"INVITACION MARCHA 24 DE MARZO\" width=\"281\" height=\"500\" \/><\/a><script async src=\"\/\/embedr.flickr.com\/assets\/client-code.js\" charset=\"utf-8\"><\/script><\/p>\n<div style=\"width: 1080px;\" class=\"wp-video\"><video class=\"wp-video-shortcode\" id=\"video-69526-1\" width=\"1080\" height=\"1080\" preload=\"metadata\" controls=\"controls\"><source type=\"video\/mp4\" src=\"http:\/\/www.noticiasradioreflejos.com.ar\/2021\/wp-content\/uploads\/2022\/03\/VIDEO-MARCHA.mp4?_=1\" \/><a href=\"http:\/\/www.noticiasradioreflejos.com.ar\/2021\/wp-content\/uploads\/2022\/03\/VIDEO-MARCHA.mp4\">http:\/\/www.noticiasradioreflejos.com.ar\/2021\/wp-content\/uploads\/2022\/03\/VIDEO-MARCHA.mp4<\/a><\/video><\/div>\n","protected":false},"excerpt":{"rendered":"<p>El 24 de Marzo conmemoramos 46 a\u00f1os de aquella oscura noche, que nuestra historia recuerda como el golpe de estado c\u00edvico-militar de 1976, cuando una minor\u00eda de argentinos\/as priv\u00f3 al pueblo de su derecho a elecciones libres y, tomando el poder por la fuerza, dio comienzo a la \u00faltima dictadura militar que se extendi\u00f3 hasta [&hellip;]<\/p>\n","protected":false},"author":3,"featured_media":0,"comment_status":"closed","ping_status":"closed","sticky":false,"template":"","format":"standard","meta":{"footnotes":""},"categories":[24],"tags":[],"class_list":["post-69526","post","type-post","status-publish","format-standard","hentry","category-politica"],"yoast_head":"<!-- This site is optimized with the Yoast SEO plugin v25.9 - https:\/\/yoast.com\/wordpress\/plugins\/seo\/ -->\n<title>24 de marzo 2022 - Una Nueva Placa Para Mas Memoria - Noticias Radio Reflejos<\/title>\n<meta name=\"robots\" content=\"index, follow, max-snippet:-1, max-image-preview:large, max-video-preview:-1\" \/>\n<link rel=\"canonical\" href=\"https:\/\/www.noticiasradioreflejos.com.ar\/2021\/24-de-marzo-2022-una-nueva-placa-para-mas-memoria\/\" \/>\n<meta property=\"og:locale\" content=\"es_ES\" \/>\n<meta property=\"og:type\" content=\"article\" \/>\n<meta property=\"og:title\" content=\"24 de marzo 2022 - Una Nueva Placa Para Mas Memoria - Noticias Radio Reflejos\" \/>\n<meta property=\"og:description\" content=\"El 24 de Marzo conmemoramos 46 a\u00f1os de aquella oscura noche, que nuestra historia recuerda como el golpe de estado c\u00edvico-militar de 1976, cuando una minor\u00eda de argentinos\/as priv\u00f3 al pueblo de su derecho a elecciones libres y, tomando el poder por la fuerza, dio comienzo a la \u00faltima dictadura militar que se extendi\u00f3 hasta [&hellip;]\" \/>\n<meta property=\"og:url\" content=\"https:\/\/www.noticiasradioreflejos.com.ar\/2021\/24-de-marzo-2022-una-nueva-placa-para-mas-memoria\/\" \/>\n<meta property=\"og:site_name\" content=\"Noticias Radio Reflejos\" \/>\n<meta property=\"article:published_time\" content=\"2022-03-22T10:41:13+00:00\" \/>\n<meta property=\"article:modified_time\" content=\"2022-03-22T12:19:50+00:00\" \/>\n<meta property=\"og:image\" content=\"https:\/\/live.staticflickr.com\/65535\/51952990492_c4312ae7aa_c.jpg\" \/>\n<meta name=\"author\" content=\"Arnaldo Botto\" \/>\n<meta name=\"twitter:card\" content=\"summary_large_image\" \/>\n<script type=\"application\/ld+json\" class=\"yoast-schema-graph\">{\"@context\":\"https:\/\/schema.org\",\"@graph\":[{\"@type\":\"WebPage\",\"@id\":\"https:\/\/www.noticiasradioreflejos.com.ar\/2021\/24-de-marzo-2022-una-nueva-placa-para-mas-memoria\/\",\"url\":\"https:\/\/www.noticiasradioreflejos.com.ar\/2021\/24-de-marzo-2022-una-nueva-placa-para-mas-memoria\/\",\"name\":\"24 de marzo 2022 - Una Nueva Placa Para Mas Memoria - Noticias Radio Reflejos\",\"isPartOf\":{\"@id\":\"https:\/\/www.noticiasradioreflejos.com.ar\/2021\/#website\"},\"primaryImageOfPage\":{\"@id\":\"https:\/\/www.noticiasradioreflejos.com.ar\/2021\/24-de-marzo-2022-una-nueva-placa-para-mas-memoria\/#primaryimage\"},\"image\":{\"@id\":\"https:\/\/www.noticiasradioreflejos.com.ar\/2021\/24-de-marzo-2022-una-nueva-placa-para-mas-memoria\/#primaryimage\"},\"thumbnailUrl\":\"https:\/\/live.staticflickr.com\/65535\/51952990492_c4312ae7aa_c.jpg\",\"datePublished\":\"2022-03-22T10:41:13+00:00\",\"dateModified\":\"2022-03-22T12:19:50+00:00\",\"author\":{\"@id\":\"https:\/\/www.noticiasradioreflejos.com.ar\/2021\/#\/schema\/person\/ad82545263dcc5ec0996818884fd5fb1\"},\"breadcrumb\":{\"@id\":\"https:\/\/www.noticiasradioreflejos.com.ar\/2021\/24-de-marzo-2022-una-nueva-placa-para-mas-memoria\/#breadcrumb\"},\"inLanguage\":\"es\",\"potentialAction\":[{\"@type\":\"ReadAction\",\"target\":[\"https:\/\/www.noticiasradioreflejos.com.ar\/2021\/24-de-marzo-2022-una-nueva-placa-para-mas-memoria\/\"]}]},{\"@type\":\"ImageObject\",\"inLanguage\":\"es\",\"@id\":\"https:\/\/www.noticiasradioreflejos.com.ar\/2021\/24-de-marzo-2022-una-nueva-placa-para-mas-memoria\/#primaryimage\",\"url\":\"https:\/\/live.staticflickr.com\/65535\/51952990492_c4312ae7aa_c.jpg\",\"contentUrl\":\"https:\/\/live.staticflickr.com\/65535\/51952990492_c4312ae7aa_c.jpg\"},{\"@type\":\"BreadcrumbList\",\"@id\":\"https:\/\/www.noticiasradioreflejos.com.ar\/2021\/24-de-marzo-2022-una-nueva-placa-para-mas-memoria\/#breadcrumb\",\"itemListElement\":[{\"@type\":\"ListItem\",\"position\":1,\"name\":\"Portada\",\"item\":\"https:\/\/www.noticiasradioreflejos.com.ar\/2021\/\"},{\"@type\":\"ListItem\",\"position\":2,\"name\":\"24 de marzo 2022 &#8211; Una Nueva Placa Para Mas Memoria\"}]},{\"@type\":\"WebSite\",\"@id\":\"https:\/\/www.noticiasradioreflejos.com.ar\/2021\/#website\",\"url\":\"https:\/\/www.noticiasradioreflejos.com.ar\/2021\/\",\"name\":\"Noticias Radio Reflejos\",\"description\":\"Las noticias de mi comarca\",\"potentialAction\":[{\"@type\":\"SearchAction\",\"target\":{\"@type\":\"EntryPoint\",\"urlTemplate\":\"https:\/\/www.noticiasradioreflejos.com.ar\/2021\/?s={search_term_string}\"},\"query-input\":{\"@type\":\"PropertyValueSpecification\",\"valueRequired\":true,\"valueName\":\"search_term_string\"}}],\"inLanguage\":\"es\"},{\"@type\":\"Person\",\"@id\":\"https:\/\/www.noticiasradioreflejos.com.ar\/2021\/#\/schema\/person\/ad82545263dcc5ec0996818884fd5fb1\",\"name\":\"Arnaldo Botto\",\"image\":{\"@type\":\"ImageObject\",\"inLanguage\":\"es\",\"@id\":\"https:\/\/www.noticiasradioreflejos.com.ar\/2021\/#\/schema\/person\/image\/\",\"url\":\"https:\/\/secure.gravatar.com\/avatar\/55cb5e37c1efa326397366e6974cb338056df65cb50e7d64d1cf314e87504837?s=96&d=mm&r=g\",\"contentUrl\":\"https:\/\/secure.gravatar.com\/avatar\/55cb5e37c1efa326397366e6974cb338056df65cb50e7d64d1cf314e87504837?s=96&d=mm&r=g\",\"caption\":\"Arnaldo Botto\"},\"url\":\"https:\/\/www.noticiasradioreflejos.com.ar\/2021\/author\/arnaldo\/\"}]}<\/script>\n<!-- \/ Yoast SEO plugin. -->","yoast_head_json":{"title":"24 de marzo 2022 - Una Nueva Placa Para Mas Memoria - Noticias Radio Reflejos","robots":{"index":"index","follow":"follow","max-snippet":"max-snippet:-1","max-image-preview":"max-image-preview:large","max-video-preview":"max-video-preview:-1"},"canonical":"https:\/\/www.noticiasradioreflejos.com.ar\/2021\/24-de-marzo-2022-una-nueva-placa-para-mas-memoria\/","og_locale":"es_ES","og_type":"article","og_title":"24 de marzo 2022 - Una Nueva Placa Para Mas Memoria - Noticias Radio Reflejos","og_description":"El 24 de Marzo conmemoramos 46 a\u00f1os de aquella oscura noche, que nuestra historia recuerda como el golpe de estado c\u00edvico-militar de 1976, cuando una minor\u00eda de argentinos\/as priv\u00f3 al pueblo de su derecho a elecciones libres y, tomando el poder por la fuerza, dio comienzo a la \u00faltima dictadura militar que se extendi\u00f3 hasta [&hellip;]","og_url":"https:\/\/www.noticiasradioreflejos.com.ar\/2021\/24-de-marzo-2022-una-nueva-placa-para-mas-memoria\/","og_site_name":"Noticias Radio Reflejos","article_published_time":"2022-03-22T10:41:13+00:00","article_modified_time":"2022-03-22T12:19:50+00:00","og_image":[{"url":"https:\/\/live.staticflickr.com\/65535\/51952990492_c4312ae7aa_c.jpg","type":"","width":"","height":""}],"author":"Arnaldo Botto","twitter_card":"summary_large_image","schema":{"@context":"https:\/\/schema.org","@graph":[{"@type":"WebPage","@id":"https:\/\/www.noticiasradioreflejos.com.ar\/2021\/24-de-marzo-2022-una-nueva-placa-para-mas-memoria\/","url":"https:\/\/www.noticiasradioreflejos.com.ar\/2021\/24-de-marzo-2022-una-nueva-placa-para-mas-memoria\/","name":"24 de marzo 2022 - Una Nueva Placa Para Mas Memoria - Noticias Radio Reflejos","isPartOf":{"@id":"https:\/\/www.noticiasradioreflejos.com.ar\/2021\/#website"},"primaryImageOfPage":{"@id":"https:\/\/www.noticiasradioreflejos.com.ar\/2021\/24-de-marzo-2022-una-nueva-placa-para-mas-memoria\/#primaryimage"},"image":{"@id":"https:\/\/www.noticiasradioreflejos.com.ar\/2021\/24-de-marzo-2022-una-nueva-placa-para-mas-memoria\/#primaryimage"},"thumbnailUrl":"https:\/\/live.staticflickr.com\/65535\/51952990492_c4312ae7aa_c.jpg","datePublished":"2022-03-22T10:41:13+00:00","dateModified":"2022-03-22T12:19:50+00:00","author":{"@id":"https:\/\/www.noticiasradioreflejos.com.ar\/2021\/#\/schema\/person\/ad82545263dcc5ec0996818884fd5fb1"},"breadcrumb":{"@id":"https:\/\/www.noticiasradioreflejos.com.ar\/2021\/24-de-marzo-2022-una-nueva-placa-para-mas-memoria\/#breadcrumb"},"inLanguage":"es","potentialAction":[{"@type":"ReadAction","target":["https:\/\/www.noticiasradioreflejos.com.ar\/2021\/24-de-marzo-2022-una-nueva-placa-para-mas-memoria\/"]}]},{"@type":"ImageObject","inLanguage":"es","@id":"https:\/\/www.noticiasradioreflejos.com.ar\/2021\/24-de-marzo-2022-una-nueva-placa-para-mas-memoria\/#primaryimage","url":"https:\/\/live.staticflickr.com\/65535\/51952990492_c4312ae7aa_c.jpg","contentUrl":"https:\/\/live.staticflickr.com\/65535\/51952990492_c4312ae7aa_c.jpg"},{"@type":"BreadcrumbList","@id":"https:\/\/www.noticiasradioreflejos.com.ar\/2021\/24-de-marzo-2022-una-nueva-placa-para-mas-memoria\/#breadcrumb","itemListElement":[{"@type":"ListItem","position":1,"name":"Portada","item":"https:\/\/www.noticiasradioreflejos.com.ar\/2021\/"},{"@type":"ListItem","position":2,"name":"24 de marzo 2022 &#8211; Una Nueva Placa Para Mas Memoria"}]},{"@type":"WebSite","@id":"https:\/\/www.noticiasradioreflejos.com.ar\/2021\/#website","url":"https:\/\/www.noticiasradioreflejos.com.ar\/2021\/","name":"Noticias Radio Reflejos","description":"Las noticias de mi comarca","potentialAction":[{"@type":"SearchAction","target":{"@type":"EntryPoint","urlTemplate":"https:\/\/www.noticiasradioreflejos.com.ar\/2021\/?s={search_term_string}"},"query-input":{"@type":"PropertyValueSpecification","valueRequired":true,"valueName":"search_term_string"}}],"inLanguage":"es"},{"@type":"Person","@id":"https:\/\/www.noticiasradioreflejos.com.ar\/2021\/#\/schema\/person\/ad82545263dcc5ec0996818884fd5fb1","name":"Arnaldo Botto","image":{"@type":"ImageObject","inLanguage":"es","@id":"https:\/\/www.noticiasradioreflejos.com.ar\/2021\/#\/schema\/person\/image\/","url":"https:\/\/secure.gravatar.com\/avatar\/55cb5e37c1efa326397366e6974cb338056df65cb50e7d64d1cf314e87504837?s=96&d=mm&r=g","contentUrl":"https:\/\/secure.gravatar.com\/avatar\/55cb5e37c1efa326397366e6974cb338056df65cb50e7d64d1cf314e87504837?s=96&d=mm&r=g","caption":"Arnaldo Botto"},"url":"https:\/\/www.noticiasradioreflejos.com.ar\/2021\/author\/arnaldo\/"}]}},"_links":{"self":[{"href":"https:\/\/www.noticiasradioreflejos.com.ar\/2021\/wp-json\/wp\/v2\/posts\/69526","targetHints":{"allow":["GET"]}}],"collection":[{"href":"https:\/\/www.noticiasradioreflejos.com.ar\/2021\/wp-json\/wp\/v2\/posts"}],"about":[{"href":"https:\/\/www.noticiasradioreflejos.com.ar\/2021\/wp-json\/wp\/v2\/types\/post"}],"author":[{"embeddable":true,"href":"https:\/\/www.noticiasradioreflejos.com.ar\/2021\/wp-json\/wp\/v2\/users\/3"}],"replies":[{"embeddable":true,"href":"https:\/\/www.noticiasradioreflejos.com.ar\/2021\/wp-json\/wp\/v2\/comments?post=69526"}],"version-history":[{"count":3,"href":"https:\/\/www.noticiasradioreflejos.com.ar\/2021\/wp-json\/wp\/v2\/posts\/69526\/revisions"}],"predecessor-version":[{"id":69545,"href":"https:\/\/www.noticiasradioreflejos.com.ar\/2021\/wp-json\/wp\/v2\/posts\/69526\/revisions\/69545"}],"wp:attachment":[{"href":"https:\/\/www.noticiasradioreflejos.com.ar\/2021\/wp-json\/wp\/v2\/media?parent=69526"}],"wp:term":[{"taxonomy":"category","embeddable":true,"href":"https:\/\/www.noticiasradioreflejos.com.ar\/2021\/wp-json\/wp\/v2\/categories?post=69526"},{"taxonomy":"post_tag","embeddable":true,"href":"https:\/\/www.noticiasradioreflejos.com.ar\/2021\/wp-json\/wp\/v2\/tags?post=69526"}],"curies":[{"name":"wp","href":"https:\/\/api.w.org\/{rel}","templated":true}]}}