{"id":69515,"date":"2022-03-21T22:50:42","date_gmt":"2022-03-21T22:50:42","guid":{"rendered":"http:\/\/www.noticiasradioreflejos.com.ar\/2021\/?p=69515"},"modified":"2022-03-21T22:50:42","modified_gmt":"2022-03-21T22:50:42","slug":"la-produccion-de-petroleo-durante-febrero-fue-la-mas-alta-en-11-anos","status":"publish","type":"post","link":"https:\/\/www.noticiasradioreflejos.com.ar\/2021\/la-produccion-de-petroleo-durante-febrero-fue-la-mas-alta-en-11-anos\/","title":{"rendered":"La producci\u00f3n de petr\u00f3leo durante febrero fue la m\u00e1s alta en 11 a\u00f1os"},"content":{"rendered":"<p>La Secretar\u00eda de Energ\u00eda inform\u00f3 que la producci\u00f3n de petr\u00f3leo ya se recuper\u00f3 definitivamente de la pandemia y en febrero marc\u00f3 un crecimiento interanual del 14%.<!--more--><\/p>\n<div>\n<div class=\"wrapper-editable-content\">\n<div>\n<div class=\"container-md\">\n<div class=\"row\">\n<div class=\"col-md-12 speak\">\n<div class=\"paragraph\">\n<figure class=\"mb-3\"><img decoding=\"async\" src=\"https:\/\/www.telam.com.ar\/thumbs\/bluesteel\/advf\/imagenes\/2022\/01\/61d2e4d5656bc_900.jpg\" alt=\"El 39 de la produccin es decir unos 222000 barriles diarios provinieron de la formacin de Vaca Muerta\" width=\"100%\" height=\"100%\" \/><\/figure>\n<\/div>\n<\/div>\n<\/div>\n<\/div>\n<\/div>\n<\/div>\n<\/div>\n<p>La producci\u00f3n total de petr\u00f3leo en febrero \u00faltimo alcanz\u00f3 un total aproximado de 571.000 barriles diarios y marc\u00f3 un nuevo crecimiento al superar a la de enero y registrar el mayor nivel desde diciembre del 2011, inform\u00f3 este lunes la Secretar\u00eda de Energ\u00eda de acuerdo a las \u00faltimas cifras relevadas.<\/p>\n<p><strong>Con respecto al gas, la producci\u00f3n se mantuvo pr\u00e1cticamente estable en relaci\u00f3n a enero<\/strong>, que fue un mes con r\u00e9cord hist\u00f3rico de producci\u00f3n no convencional.<\/p>\n<p>As\u00ed, durante el segundo mes del a\u00f1o se produjo un 11% m\u00e1s de gas total y un 38% de no convencional en comparaci\u00f3n con el mismo mes del a\u00f1o pasado.<\/p>\n<p>El reporte se dio a conocer en el marco de la Exposici\u00f3n Argentina Oil &amp; Gas que se desarrolla hasta el mi\u00e9rcoles en el predio de La Rural, donde esta tarde a partir de las 18 se realizar\u00e1 el acto de apertura con la participaci\u00f3n anunciada del secretario de Energ\u00eda, Dar\u00edo Mart\u00ednez.\u00a0Los organizadores tambi\u00e9n aguardaban la confirmaci\u00f3n en la exposici\u00f3n del ministro de Econom\u00eda, Mart\u00edn Guzm\u00e1n, \u00e1rea de la cual depende la cartera energ\u00e9tica.<\/p>\n<p>En febrero, la producci\u00f3n de crudo en todas las cuencas productoras\u00a0<strong>sum\u00f3 un promedio de 571.000 barriles diarios<\/strong>, de los cuales el segmento del no convencional represent\u00f3 el 39% del total, es decir u<strong>nos 222.000 barriles diarios provenientes de la formaci\u00f3n de Vaca Muerta.<\/strong><\/p>\n<p>Por su parte, Mart\u00ednez, expres\u00f3 que se est\u00e1 \u00abmotorizando el desarrollo productivo del sector y logrando grandes resultados\u201d.<\/p>\n<p>\u201cSe super\u00f3 la producci\u00f3n de enero que hab\u00eda sido la m\u00e1s alta desde el 2011 y es necesario seguir a seguir trabajando para que contin\u00fae creciendo\u201d, indic\u00f3 el secretario.<\/p>\n<p><strong>La producci\u00f3n de petr\u00f3leo ya se recuper\u00f3 definitivamente de la pandemia<\/strong>\u00a0y en febrero marc\u00f3 un crecimiento interanual del 14%.\u00a0El aumento viene empujado por el segmento no convencional que creci\u00f3 un 55% comparando con el mismo mes del a\u00f1o pasado.<\/p>\n<p>Mart\u00ednez explic\u00f3 que \u201cestos niveles de producci\u00f3n son muy importantes para el pa\u00eds, sobre todo en este momento donde la crisis global energ\u00e9tica producto de la guerra va a afectar a todos, inclusive a la Argentina\u00bb.<\/p>\n<p>\u201cLa actividad hidrocarbur\u00edfera es central para el crecimiento del pa\u00eds, genera trabajo, m\u00e1s pymes que se suman y m\u00e1s desarrollo de las econom\u00edas regionales\u201d, concluy\u00f3 el funcionario.<\/p>\n","protected":false},"excerpt":{"rendered":"<p>La Secretar\u00eda de Energ\u00eda inform\u00f3 que la producci\u00f3n de petr\u00f3leo ya se recuper\u00f3 definitivamente de la pandemia y en febrero marc\u00f3 un crecimiento interanual del 14%.<\/p>\n","protected":false},"author":3,"featured_media":0,"comment_status":"closed","ping_status":"closed","sticky":false,"template":"","format":"standard","meta":{"footnotes":""},"categories":[36,24,26],"tags":[],"class_list":["post-69515","post","type-post","status-publish","format-standard","hentry","category-economia","category-politica","category-sociedad"],"yoast_head":"<!-- This site is optimized with the Yoast SEO plugin v25.9 - https:\/\/yoast.com\/wordpress\/plugins\/seo\/ -->\n<title>La producci\u00f3n de petr\u00f3leo durante febrero fue la m\u00e1s alta en 11 a\u00f1os - Noticias Radio Reflejos<\/title>\n<meta name=\"robots\" content=\"index, follow, max-snippet:-1, max-image-preview:large, max-video-preview:-1\" \/>\n<link rel=\"canonical\" href=\"https:\/\/www.noticiasradioreflejos.com.ar\/2021\/la-produccion-de-petroleo-durante-febrero-fue-la-mas-alta-en-11-anos\/\" \/>\n<meta property=\"og:locale\" content=\"es_ES\" \/>\n<meta property=\"og:type\" content=\"article\" \/>\n<meta property=\"og:title\" content=\"La producci\u00f3n de petr\u00f3leo durante febrero fue la m\u00e1s alta en 11 a\u00f1os - Noticias Radio Reflejos\" \/>\n<meta property=\"og:description\" content=\"La Secretar\u00eda de Energ\u00eda inform\u00f3 que la producci\u00f3n de petr\u00f3leo ya se recuper\u00f3 definitivamente de la pandemia y en febrero marc\u00f3 un crecimiento interanual del 14%.\" \/>\n<meta property=\"og:url\" content=\"https:\/\/www.noticiasradioreflejos.com.ar\/2021\/la-produccion-de-petroleo-durante-febrero-fue-la-mas-alta-en-11-anos\/\" \/>\n<meta property=\"og:site_name\" content=\"Noticias Radio Reflejos\" \/>\n<meta property=\"article:published_time\" content=\"2022-03-21T22:50:42+00:00\" \/>\n<meta property=\"og:image\" content=\"https:\/\/www.telam.com.ar\/thumbs\/bluesteel\/advf\/imagenes\/2022\/01\/61d2e4d5656bc_900.jpg\" \/>\n<meta name=\"author\" content=\"Arnaldo Botto\" \/>\n<meta name=\"twitter:card\" content=\"summary_large_image\" \/>\n<script type=\"application\/ld+json\" class=\"yoast-schema-graph\">{\"@context\":\"https:\/\/schema.org\",\"@graph\":[{\"@type\":\"WebPage\",\"@id\":\"https:\/\/www.noticiasradioreflejos.com.ar\/2021\/la-produccion-de-petroleo-durante-febrero-fue-la-mas-alta-en-11-anos\/\",\"url\":\"https:\/\/www.noticiasradioreflejos.com.ar\/2021\/la-produccion-de-petroleo-durante-febrero-fue-la-mas-alta-en-11-anos\/\",\"name\":\"La producci\u00f3n de petr\u00f3leo durante febrero fue la m\u00e1s alta en 11 a\u00f1os - Noticias Radio Reflejos\",\"isPartOf\":{\"@id\":\"https:\/\/www.noticiasradioreflejos.com.ar\/2021\/#website\"},\"primaryImageOfPage\":{\"@id\":\"https:\/\/www.noticiasradioreflejos.com.ar\/2021\/la-produccion-de-petroleo-durante-febrero-fue-la-mas-alta-en-11-anos\/#primaryimage\"},\"image\":{\"@id\":\"https:\/\/www.noticiasradioreflejos.com.ar\/2021\/la-produccion-de-petroleo-durante-febrero-fue-la-mas-alta-en-11-anos\/#primaryimage\"},\"thumbnailUrl\":\"https:\/\/www.telam.com.ar\/thumbs\/bluesteel\/advf\/imagenes\/2022\/01\/61d2e4d5656bc_900.jpg\",\"datePublished\":\"2022-03-21T22:50:42+00:00\",\"author\":{\"@id\":\"https:\/\/www.noticiasradioreflejos.com.ar\/2021\/#\/schema\/person\/ad82545263dcc5ec0996818884fd5fb1\"},\"breadcrumb\":{\"@id\":\"https:\/\/www.noticiasradioreflejos.com.ar\/2021\/la-produccion-de-petroleo-durante-febrero-fue-la-mas-alta-en-11-anos\/#breadcrumb\"},\"inLanguage\":\"es\",\"potentialAction\":[{\"@type\":\"ReadAction\",\"target\":[\"https:\/\/www.noticiasradioreflejos.com.ar\/2021\/la-produccion-de-petroleo-durante-febrero-fue-la-mas-alta-en-11-anos\/\"]}]},{\"@type\":\"ImageObject\",\"inLanguage\":\"es\",\"@id\":\"https:\/\/www.noticiasradioreflejos.com.ar\/2021\/la-produccion-de-petroleo-durante-febrero-fue-la-mas-alta-en-11-anos\/#primaryimage\",\"url\":\"https:\/\/www.telam.com.ar\/thumbs\/bluesteel\/advf\/imagenes\/2022\/01\/61d2e4d5656bc_900.jpg\",\"contentUrl\":\"https:\/\/www.telam.com.ar\/thumbs\/bluesteel\/advf\/imagenes\/2022\/01\/61d2e4d5656bc_900.jpg\"},{\"@type\":\"BreadcrumbList\",\"@id\":\"https:\/\/www.noticiasradioreflejos.com.ar\/2021\/la-produccion-de-petroleo-durante-febrero-fue-la-mas-alta-en-11-anos\/#breadcrumb\",\"itemListElement\":[{\"@type\":\"ListItem\",\"position\":1,\"name\":\"Portada\",\"item\":\"https:\/\/www.noticiasradioreflejos.com.ar\/2021\/\"},{\"@type\":\"ListItem\",\"position\":2,\"name\":\"La producci\u00f3n de petr\u00f3leo durante febrero fue la m\u00e1s alta en 11 a\u00f1os\"}]},{\"@type\":\"WebSite\",\"@id\":\"https:\/\/www.noticiasradioreflejos.com.ar\/2021\/#website\",\"url\":\"https:\/\/www.noticiasradioreflejos.com.ar\/2021\/\",\"name\":\"Noticias Radio Reflejos\",\"description\":\"Las noticias de mi comarca\",\"potentialAction\":[{\"@type\":\"SearchAction\",\"target\":{\"@type\":\"EntryPoint\",\"urlTemplate\":\"https:\/\/www.noticiasradioreflejos.com.ar\/2021\/?s={search_term_string}\"},\"query-input\":{\"@type\":\"PropertyValueSpecification\",\"valueRequired\":true,\"valueName\":\"search_term_string\"}}],\"inLanguage\":\"es\"},{\"@type\":\"Person\",\"@id\":\"https:\/\/www.noticiasradioreflejos.com.ar\/2021\/#\/schema\/person\/ad82545263dcc5ec0996818884fd5fb1\",\"name\":\"Arnaldo Botto\",\"image\":{\"@type\":\"ImageObject\",\"inLanguage\":\"es\",\"@id\":\"https:\/\/www.noticiasradioreflejos.com.ar\/2021\/#\/schema\/person\/image\/\",\"url\":\"https:\/\/secure.gravatar.com\/avatar\/55cb5e37c1efa326397366e6974cb338056df65cb50e7d64d1cf314e87504837?s=96&d=mm&r=g\",\"contentUrl\":\"https:\/\/secure.gravatar.com\/avatar\/55cb5e37c1efa326397366e6974cb338056df65cb50e7d64d1cf314e87504837?s=96&d=mm&r=g\",\"caption\":\"Arnaldo Botto\"},\"url\":\"https:\/\/www.noticiasradioreflejos.com.ar\/2021\/author\/arnaldo\/\"}]}<\/script>\n<!-- \/ Yoast SEO plugin. -->","yoast_head_json":{"title":"La producci\u00f3n de petr\u00f3leo durante febrero fue la m\u00e1s alta en 11 a\u00f1os - Noticias Radio Reflejos","robots":{"index":"index","follow":"follow","max-snippet":"max-snippet:-1","max-image-preview":"max-image-preview:large","max-video-preview":"max-video-preview:-1"},"canonical":"https:\/\/www.noticiasradioreflejos.com.ar\/2021\/la-produccion-de-petroleo-durante-febrero-fue-la-mas-alta-en-11-anos\/","og_locale":"es_ES","og_type":"article","og_title":"La producci\u00f3n de petr\u00f3leo durante febrero fue la m\u00e1s alta en 11 a\u00f1os - Noticias Radio Reflejos","og_description":"La Secretar\u00eda de Energ\u00eda inform\u00f3 que la producci\u00f3n de petr\u00f3leo ya se recuper\u00f3 definitivamente de la pandemia y en febrero marc\u00f3 un crecimiento interanual del 14%.","og_url":"https:\/\/www.noticiasradioreflejos.com.ar\/2021\/la-produccion-de-petroleo-durante-febrero-fue-la-mas-alta-en-11-anos\/","og_site_name":"Noticias Radio Reflejos","article_published_time":"2022-03-21T22:50:42+00:00","og_image":[{"url":"https:\/\/www.telam.com.ar\/thumbs\/bluesteel\/advf\/imagenes\/2022\/01\/61d2e4d5656bc_900.jpg","type":"","width":"","height":""}],"author":"Arnaldo Botto","twitter_card":"summary_large_image","schema":{"@context":"https:\/\/schema.org","@graph":[{"@type":"WebPage","@id":"https:\/\/www.noticiasradioreflejos.com.ar\/2021\/la-produccion-de-petroleo-durante-febrero-fue-la-mas-alta-en-11-anos\/","url":"https:\/\/www.noticiasradioreflejos.com.ar\/2021\/la-produccion-de-petroleo-durante-febrero-fue-la-mas-alta-en-11-anos\/","name":"La producci\u00f3n de petr\u00f3leo durante febrero fue la m\u00e1s alta en 11 a\u00f1os - Noticias Radio Reflejos","isPartOf":{"@id":"https:\/\/www.noticiasradioreflejos.com.ar\/2021\/#website"},"primaryImageOfPage":{"@id":"https:\/\/www.noticiasradioreflejos.com.ar\/2021\/la-produccion-de-petroleo-durante-febrero-fue-la-mas-alta-en-11-anos\/#primaryimage"},"image":{"@id":"https:\/\/www.noticiasradioreflejos.com.ar\/2021\/la-produccion-de-petroleo-durante-febrero-fue-la-mas-alta-en-11-anos\/#primaryimage"},"thumbnailUrl":"https:\/\/www.telam.com.ar\/thumbs\/bluesteel\/advf\/imagenes\/2022\/01\/61d2e4d5656bc_900.jpg","datePublished":"2022-03-21T22:50:42+00:00","author":{"@id":"https:\/\/www.noticiasradioreflejos.com.ar\/2021\/#\/schema\/person\/ad82545263dcc5ec0996818884fd5fb1"},"breadcrumb":{"@id":"https:\/\/www.noticiasradioreflejos.com.ar\/2021\/la-produccion-de-petroleo-durante-febrero-fue-la-mas-alta-en-11-anos\/#breadcrumb"},"inLanguage":"es","potentialAction":[{"@type":"ReadAction","target":["https:\/\/www.noticiasradioreflejos.com.ar\/2021\/la-produccion-de-petroleo-durante-febrero-fue-la-mas-alta-en-11-anos\/"]}]},{"@type":"ImageObject","inLanguage":"es","@id":"https:\/\/www.noticiasradioreflejos.com.ar\/2021\/la-produccion-de-petroleo-durante-febrero-fue-la-mas-alta-en-11-anos\/#primaryimage","url":"https:\/\/www.telam.com.ar\/thumbs\/bluesteel\/advf\/imagenes\/2022\/01\/61d2e4d5656bc_900.jpg","contentUrl":"https:\/\/www.telam.com.ar\/thumbs\/bluesteel\/advf\/imagenes\/2022\/01\/61d2e4d5656bc_900.jpg"},{"@type":"BreadcrumbList","@id":"https:\/\/www.noticiasradioreflejos.com.ar\/2021\/la-produccion-de-petroleo-durante-febrero-fue-la-mas-alta-en-11-anos\/#breadcrumb","itemListElement":[{"@type":"ListItem","position":1,"name":"Portada","item":"https:\/\/www.noticiasradioreflejos.com.ar\/2021\/"},{"@type":"ListItem","position":2,"name":"La producci\u00f3n de petr\u00f3leo durante febrero fue la m\u00e1s alta en 11 a\u00f1os"}]},{"@type":"WebSite","@id":"https:\/\/www.noticiasradioreflejos.com.ar\/2021\/#website","url":"https:\/\/www.noticiasradioreflejos.com.ar\/2021\/","name":"Noticias Radio Reflejos","description":"Las noticias de mi comarca","potentialAction":[{"@type":"SearchAction","target":{"@type":"EntryPoint","urlTemplate":"https:\/\/www.noticiasradioreflejos.com.ar\/2021\/?s={search_term_string}"},"query-input":{"@type":"PropertyValueSpecification","valueRequired":true,"valueName":"search_term_string"}}],"inLanguage":"es"},{"@type":"Person","@id":"https:\/\/www.noticiasradioreflejos.com.ar\/2021\/#\/schema\/person\/ad82545263dcc5ec0996818884fd5fb1","name":"Arnaldo Botto","image":{"@type":"ImageObject","inLanguage":"es","@id":"https:\/\/www.noticiasradioreflejos.com.ar\/2021\/#\/schema\/person\/image\/","url":"https:\/\/secure.gravatar.com\/avatar\/55cb5e37c1efa326397366e6974cb338056df65cb50e7d64d1cf314e87504837?s=96&d=mm&r=g","contentUrl":"https:\/\/secure.gravatar.com\/avatar\/55cb5e37c1efa326397366e6974cb338056df65cb50e7d64d1cf314e87504837?s=96&d=mm&r=g","caption":"Arnaldo Botto"},"url":"https:\/\/www.noticiasradioreflejos.com.ar\/2021\/author\/arnaldo\/"}]}},"_links":{"self":[{"href":"https:\/\/www.noticiasradioreflejos.com.ar\/2021\/wp-json\/wp\/v2\/posts\/69515","targetHints":{"allow":["GET"]}}],"collection":[{"href":"https:\/\/www.noticiasradioreflejos.com.ar\/2021\/wp-json\/wp\/v2\/posts"}],"about":[{"href":"https:\/\/www.noticiasradioreflejos.com.ar\/2021\/wp-json\/wp\/v2\/types\/post"}],"author":[{"embeddable":true,"href":"https:\/\/www.noticiasradioreflejos.com.ar\/2021\/wp-json\/wp\/v2\/users\/3"}],"replies":[{"embeddable":true,"href":"https:\/\/www.noticiasradioreflejos.com.ar\/2021\/wp-json\/wp\/v2\/comments?post=69515"}],"version-history":[{"count":1,"href":"https:\/\/www.noticiasradioreflejos.com.ar\/2021\/wp-json\/wp\/v2\/posts\/69515\/revisions"}],"predecessor-version":[{"id":69517,"href":"https:\/\/www.noticiasradioreflejos.com.ar\/2021\/wp-json\/wp\/v2\/posts\/69515\/revisions\/69517"}],"wp:attachment":[{"href":"https:\/\/www.noticiasradioreflejos.com.ar\/2021\/wp-json\/wp\/v2\/media?parent=69515"}],"wp:term":[{"taxonomy":"category","embeddable":true,"href":"https:\/\/www.noticiasradioreflejos.com.ar\/2021\/wp-json\/wp\/v2\/categories?post=69515"},{"taxonomy":"post_tag","embeddable":true,"href":"https:\/\/www.noticiasradioreflejos.com.ar\/2021\/wp-json\/wp\/v2\/tags?post=69515"}],"curies":[{"name":"wp","href":"https:\/\/api.w.org\/{rel}","templated":true}]}}