{"id":69508,"date":"2022-03-21T22:57:52","date_gmt":"2022-03-21T22:57:52","guid":{"rendered":"http:\/\/www.noticiasradioreflejos.com.ar\/2021\/?p=69508"},"modified":"2022-03-21T22:58:34","modified_gmt":"2022-03-21T22:58:34","slug":"fondos-para-seguridad-allanamientos-por-narcotrafico-en-tornquist-y-hurtos-en-sierra-de-la-ventana-temas-tratados-con-el-secretario-de-seguridad","status":"publish","type":"post","link":"https:\/\/www.noticiasradioreflejos.com.ar\/2021\/fondos-para-seguridad-allanamientos-por-narcotrafico-en-tornquist-y-hurtos-en-sierra-de-la-ventana-temas-tratados-con-el-secretario-de-seguridad\/","title":{"rendered":"Fondos para seguridad, allanamientos por narcotr\u00e1fico en Tornquist y por hurtos en Sierra de la Ventana. Temas tratados con el Secretario de Seguridad."},"content":{"rendered":"<p>Esta ma\u00f1ana entrevistamos a Ezequiel Gabella luego de la visita del <strong>Ministro de Seguridad Sergio Berni<\/strong> en nuestro distrito. En esta nota, Gabella comparte novedades con el programa de fondos de seguridad, reparaci\u00f3n de patrulleros y la incorporaci\u00f3n de m\u00e1s personal. Tambi\u00e9n, aprovecha el espacio para realizar algunas aclaraciones en relaci\u00f3n a allanamientos que tomaron lugar en nuestro distrito y dem\u00e1s consultas de los oyentes.<!--more--><\/p>\n<p><strong>Visita del Ministro de Seguridad, Sergio Berni<\/strong><\/p>\n<p>\u00abFue muy fruct\u00edfera\u00bb resumi\u00f3 Ezequiel c\u00f3mo fue la visita del Ministro de Seguridad, Sergio Berni. Entre las cosas que el Secretario de Seguridad y Gobierno destaca de la reuni\u00f3n del gabinete del intendente con Berni se encuentran algunos anuncios importantes, como, por ejemplo, la confirmaci\u00f3n de la reaparici\u00f3n del Fondo de Seguridad, medida que se aplic\u00f3 durante el gobierno de Vidal.<\/p>\n<p>Gabella asegur\u00f3 qu\u00e9 se trata este Fondo de Seguridad, el cual estar\u00e1 destinado, en parte, a la \u00abpuesta en 0 kil\u00f3metros\u00bb de los m\u00f3viles del distrito de Tornquist que est\u00e1n afectados a la Estaci\u00f3n de Polic\u00eda Comunal. El mismo va a estar siendo entregado en tres desembolsos, siendo el primero de ellos de 7 millones de pesos. Mencion\u00f3 que el incentivo del Ministro es que por cada patrullero que se ponga a 0 kil\u00f3metros, se entregar\u00e1 un m\u00f3vil a estrenar. Es decir, se duplicar\u00edan la cantidad de m\u00f3viles policiales en el distrito.<\/p>\n<p>\u00abLa otra muy buena noticia es la asignaci\u00f3n de una especie de contenedor, con aire acondicionado, ba\u00f1o, para que est\u00e9 la patrulla rural, en las afueras de la localidad\u00bb anunci\u00f3 Ezequiel. Agreg\u00f3 que el sector que designaron para colocar este contenedor ser\u00e1 en una parcela de tierra donada camino a Funke.<\/p>\n<p>\u00abEn estos dos meses que nos tomaremos de tiempo, implicar\u00e1 que los mec\u00e1nicos que est\u00e9n habilitados y sean proveedores del municipio, o se hagan, van a tener trabajo. Vamos a tratar de distribuir los patrulleros en los mec\u00e1nicos de confianza para poder poner a punto a arreglar estos 7 patrulleros y que van a habilitar otros 7 patrulleros m\u00e1s\u00bb mencion\u00f3 la gran oportunidad laboral que brindar\u00e1 esta pol\u00edtica del Ministerio.<\/p>\n<p>&nbsp;<\/p>\n<p><strong>Allanamientos en el distrito de Tornquist por narcotr\u00e1fico<\/strong><\/p>\n<p>Tambi\u00e9n estuvimos conversando sobre los allanamientos operados en Bah\u00eda Blanca, donde hubo personas aprehendidas originarias de nuestro distrito. Explic\u00f3 que este operativo estaba siendo llevado a cabo por la Polic\u00eda Federal y gracias a ello, se secuestr\u00f3 una cantidad muy grande de sustancias ilegales. \u00abLa supuesta jefa de esta banda de radic\u00f3 hace un tiempo en la ciudad de Tornquist, hace como 10 a\u00f1os, pero tambi\u00e9n est\u00e1 implicada en la causa una hermana de esta chica que ella s\u00ed esta radicada en la ciudad de Tornquist. Por eso se hicieron allanamientos en nuestra ciudad\u00bb explic\u00f3 la conexi\u00f3n del gran operativo de Bah\u00eda Blanca con nuestro distrito.<\/p>\n<p><strong>Campamento Cann\u00e1bico Flipex<\/strong><\/p>\n<p>En relaci\u00f3n al fin de semana, Ezequiel comparti\u00f3 c\u00f3mo se vivi\u00f3 el primer campamento cann\u00e1bico de Argentina, el Campamento Flipex, desde su perspectiva. \u00abLa verdad que no estuvo ni cerca de las expectativas que se hab\u00eda creado, precisamente porque es algo totalmente nuevo. Tambi\u00e9n es cierto que el clima no acompa\u00f1\u00f3 para nada y hay una realidad, que queda totalmente al desnudo y que pasa siempre que la entrada a los eventos no es gratuita, es un n\u00famero que se piensa dos veces antes de hacer ese gasto\u00bb.<\/p>\n<p>Agreg\u00f3 que, desde el Municipio de Tornquist, se tiene la intenci\u00f3n de realizar grandes trabajos relacionados al cannabis y su uso medicinal, principalmente, con el fin de que Tornquist contin\u00fae siendo el faro de la causa, donde se pone en juego una sustancia tab\u00fa.<\/p>\n<p>&nbsp;<\/p>\n<p><strong>Allanamientos por hurtos en Sierra de la Ventana<\/strong><\/p>\n<p>\u00abMe han llegado consultas y preocupaci\u00f3n de gente de Sierra de la Ventana referido a unos allanamientos que se llevaron adelante\u00bb comparti\u00f3 Gabella una de las cuestiones de las que quer\u00eda conversar. \u00abLos hechos generan la alerta social, no estoy naturalizando el hurto, pero es una modalidad dif\u00edcil de esclarecer. En el caso de Sierra de la Ventana, hubo dos hechos, no hay mayores avances, hay l\u00edneas de investigaci\u00f3n pero no se podr\u00eda estar hablando de un esclarecimiento\u00bb. Luego aclar\u00f3 que se estaba refiriendo a un allanamiento que se hizo en un comercio gastron\u00f3mico de Sierra de la Ventana, donde se secuestraron elementos que sirven a la investigaci\u00f3n. Sin embargo, volvi\u00f3 a repetir que no se lleg\u00f3 a resultados contundentes.<\/p>\n<p>Ezequiel tambi\u00e9n estuvo conversando con nosotros acerca del suministro de agua potable en Sierra de la Ventana. \u00abSabemos que fue una bomba principal que hab\u00eda quedado fuera de servicio, que ya se puso en funcionamiento. Ya se est\u00e1 trabajando en cu\u00e1l es la manera correcta de agregar una nueva perforaci\u00f3n\u00bb.<\/p>\n<p>Los oyentes estuvieron reclamando que varios llamados al 911 no han brindado respuesta, es decir, que no se ha asistido a las personas que estuvieron realizando las llamadas. \u00abNunca me lleg\u00f3 la queja\u00bb fueron las palabras que dijo Gabella adem\u00e1s de pedir disculpas.<\/p>\n<p>&nbsp;<\/p>\n<p>Nota completa a continuaci\u00f3n:<br \/>\n<iframe loading=\"lazy\" src=\"https:\/\/w.soundcloud.com\/player\/?url=https%3A\/\/api.soundcloud.com\/tracks\/1236191512&amp;color=%23ff5500&amp;auto_play=false&amp;hide_related=false&amp;show_comments=true&amp;show_user=true&amp;show_reposts=false&amp;show_teaser=true&amp;visual=true\" width=\"100%\" height=\"300\" frameborder=\"no\" scrolling=\"no\"><\/iframe><\/p>\n<div style=\"font-size: 10px; color: #cccccc; line-break: anywhere; word-break: normal; overflow: hidden; white-space: nowrap; text-overflow: ellipsis; font-family: Interstate,Lucida Grande,Lucida Sans Unicode,Lucida Sans,Garuda,Verdana,Tahoma,sans-serif; font-weight: 100;\"><a style=\"color: #cccccc; text-decoration: none;\" title=\"fmreflejos 103.7\" href=\"https:\/\/soundcloud.com\/fmreflejos-103-7\" target=\"_blank\" rel=\"noopener\">fmreflejos 103.7<\/a> \u00b7 <a style=\"color: #cccccc; text-decoration: none;\" title=\"Ezequiel Gabella\" href=\"https:\/\/soundcloud.com\/fmreflejos-103-7\/ezequiel-gabella-262448497\" target=\"_blank\" rel=\"noopener\">Ezequiel Gabella<\/a><\/div>\n","protected":false},"excerpt":{"rendered":"<p>Esta ma\u00f1ana entrevistamos a Ezequiel Gabella luego de la visita del Ministro de Seguridad Sergio Berni en nuestro distrito. En esta nota, Gabella comparte novedades con el programa de fondos de seguridad, reparaci\u00f3n de patrulleros y la incorporaci\u00f3n de m\u00e1s personal. Tambi\u00e9n, aprovecha el espacio para realizar algunas aclaraciones en relaci\u00f3n a allanamientos que tomaron [&hellip;]<\/p>\n","protected":false},"author":3,"featured_media":0,"comment_status":"closed","ping_status":"closed","sticky":false,"template":"","format":"standard","meta":{"footnotes":""},"categories":[28,29,24],"tags":[48],"class_list":["post-69508","post","type-post","status-publish","format-standard","hentry","category-municipales","category-policiales","category-politica","tag-destacada"],"yoast_head":"<!-- This site is optimized with the Yoast SEO plugin v25.9 - https:\/\/yoast.com\/wordpress\/plugins\/seo\/ -->\n<title>Fondos para seguridad, allanamientos por narcotr\u00e1fico en Tornquist y por hurtos en Sierra de la Ventana. Temas tratados con el Secretario de Seguridad. - Noticias Radio Reflejos<\/title>\n<meta name=\"robots\" content=\"index, follow, max-snippet:-1, max-image-preview:large, max-video-preview:-1\" \/>\n<link rel=\"canonical\" href=\"https:\/\/www.noticiasradioreflejos.com.ar\/2021\/fondos-para-seguridad-allanamientos-por-narcotrafico-en-tornquist-y-hurtos-en-sierra-de-la-ventana-temas-tratados-con-el-secretario-de-seguridad\/\" \/>\n<meta property=\"og:locale\" content=\"es_ES\" \/>\n<meta property=\"og:type\" content=\"article\" \/>\n<meta property=\"og:title\" content=\"Fondos para seguridad, allanamientos por narcotr\u00e1fico en Tornquist y por hurtos en Sierra de la Ventana. Temas tratados con el Secretario de Seguridad. - Noticias Radio Reflejos\" \/>\n<meta property=\"og:description\" content=\"Esta ma\u00f1ana entrevistamos a Ezequiel Gabella luego de la visita del Ministro de Seguridad Sergio Berni en nuestro distrito. En esta nota, Gabella comparte novedades con el programa de fondos de seguridad, reparaci\u00f3n de patrulleros y la incorporaci\u00f3n de m\u00e1s personal. Tambi\u00e9n, aprovecha el espacio para realizar algunas aclaraciones en relaci\u00f3n a allanamientos que tomaron [&hellip;]\" \/>\n<meta property=\"og:url\" content=\"https:\/\/www.noticiasradioreflejos.com.ar\/2021\/fondos-para-seguridad-allanamientos-por-narcotrafico-en-tornquist-y-hurtos-en-sierra-de-la-ventana-temas-tratados-con-el-secretario-de-seguridad\/\" \/>\n<meta property=\"og:site_name\" content=\"Noticias Radio Reflejos\" \/>\n<meta property=\"article:published_time\" content=\"2022-03-21T22:57:52+00:00\" \/>\n<meta property=\"article:modified_time\" content=\"2022-03-21T22:58:34+00:00\" \/>\n<meta property=\"og:image\" content=\"https:\/\/www.noticiasradioreflejos.com.ar\/2021\/wp-content\/uploads\/2021\/07\/logosol300x200.png\" \/>\n\t<meta property=\"og:image:width\" content=\"300\" \/>\n\t<meta property=\"og:image:height\" content=\"200\" \/>\n\t<meta property=\"og:image:type\" content=\"image\/png\" \/>\n<meta name=\"author\" content=\"Arnaldo Botto\" \/>\n<meta name=\"twitter:card\" content=\"summary_large_image\" \/>\n<script type=\"application\/ld+json\" class=\"yoast-schema-graph\">{\"@context\":\"https:\/\/schema.org\",\"@graph\":[{\"@type\":\"WebPage\",\"@id\":\"https:\/\/www.noticiasradioreflejos.com.ar\/2021\/fondos-para-seguridad-allanamientos-por-narcotrafico-en-tornquist-y-hurtos-en-sierra-de-la-ventana-temas-tratados-con-el-secretario-de-seguridad\/\",\"url\":\"https:\/\/www.noticiasradioreflejos.com.ar\/2021\/fondos-para-seguridad-allanamientos-por-narcotrafico-en-tornquist-y-hurtos-en-sierra-de-la-ventana-temas-tratados-con-el-secretario-de-seguridad\/\",\"name\":\"Fondos para seguridad, allanamientos por narcotr\u00e1fico en Tornquist y por hurtos en Sierra de la Ventana. Temas tratados con el Secretario de Seguridad. - Noticias Radio Reflejos\",\"isPartOf\":{\"@id\":\"https:\/\/www.noticiasradioreflejos.com.ar\/2021\/#website\"},\"datePublished\":\"2022-03-21T22:57:52+00:00\",\"dateModified\":\"2022-03-21T22:58:34+00:00\",\"author\":{\"@id\":\"https:\/\/www.noticiasradioreflejos.com.ar\/2021\/#\/schema\/person\/ad82545263dcc5ec0996818884fd5fb1\"},\"breadcrumb\":{\"@id\":\"https:\/\/www.noticiasradioreflejos.com.ar\/2021\/fondos-para-seguridad-allanamientos-por-narcotrafico-en-tornquist-y-hurtos-en-sierra-de-la-ventana-temas-tratados-con-el-secretario-de-seguridad\/#breadcrumb\"},\"inLanguage\":\"es\",\"potentialAction\":[{\"@type\":\"ReadAction\",\"target\":[\"https:\/\/www.noticiasradioreflejos.com.ar\/2021\/fondos-para-seguridad-allanamientos-por-narcotrafico-en-tornquist-y-hurtos-en-sierra-de-la-ventana-temas-tratados-con-el-secretario-de-seguridad\/\"]}]},{\"@type\":\"BreadcrumbList\",\"@id\":\"https:\/\/www.noticiasradioreflejos.com.ar\/2021\/fondos-para-seguridad-allanamientos-por-narcotrafico-en-tornquist-y-hurtos-en-sierra-de-la-ventana-temas-tratados-con-el-secretario-de-seguridad\/#breadcrumb\",\"itemListElement\":[{\"@type\":\"ListItem\",\"position\":1,\"name\":\"Portada\",\"item\":\"https:\/\/www.noticiasradioreflejos.com.ar\/2021\/\"},{\"@type\":\"ListItem\",\"position\":2,\"name\":\"Fondos para seguridad, allanamientos por narcotr\u00e1fico en Tornquist y por hurtos en Sierra de la Ventana. Temas tratados con el Secretario de Seguridad.\"}]},{\"@type\":\"WebSite\",\"@id\":\"https:\/\/www.noticiasradioreflejos.com.ar\/2021\/#website\",\"url\":\"https:\/\/www.noticiasradioreflejos.com.ar\/2021\/\",\"name\":\"Noticias Radio Reflejos\",\"description\":\"Las noticias de mi comarca\",\"potentialAction\":[{\"@type\":\"SearchAction\",\"target\":{\"@type\":\"EntryPoint\",\"urlTemplate\":\"https:\/\/www.noticiasradioreflejos.com.ar\/2021\/?s={search_term_string}\"},\"query-input\":{\"@type\":\"PropertyValueSpecification\",\"valueRequired\":true,\"valueName\":\"search_term_string\"}}],\"inLanguage\":\"es\"},{\"@type\":\"Person\",\"@id\":\"https:\/\/www.noticiasradioreflejos.com.ar\/2021\/#\/schema\/person\/ad82545263dcc5ec0996818884fd5fb1\",\"name\":\"Arnaldo Botto\",\"image\":{\"@type\":\"ImageObject\",\"inLanguage\":\"es\",\"@id\":\"https:\/\/www.noticiasradioreflejos.com.ar\/2021\/#\/schema\/person\/image\/\",\"url\":\"https:\/\/secure.gravatar.com\/avatar\/55cb5e37c1efa326397366e6974cb338056df65cb50e7d64d1cf314e87504837?s=96&d=mm&r=g\",\"contentUrl\":\"https:\/\/secure.gravatar.com\/avatar\/55cb5e37c1efa326397366e6974cb338056df65cb50e7d64d1cf314e87504837?s=96&d=mm&r=g\",\"caption\":\"Arnaldo Botto\"},\"url\":\"https:\/\/www.noticiasradioreflejos.com.ar\/2021\/author\/arnaldo\/\"}]}<\/script>\n<!-- \/ Yoast SEO plugin. -->","yoast_head_json":{"title":"Fondos para seguridad, allanamientos por narcotr\u00e1fico en Tornquist y por hurtos en Sierra de la Ventana. Temas tratados con el Secretario de Seguridad. - Noticias Radio Reflejos","robots":{"index":"index","follow":"follow","max-snippet":"max-snippet:-1","max-image-preview":"max-image-preview:large","max-video-preview":"max-video-preview:-1"},"canonical":"https:\/\/www.noticiasradioreflejos.com.ar\/2021\/fondos-para-seguridad-allanamientos-por-narcotrafico-en-tornquist-y-hurtos-en-sierra-de-la-ventana-temas-tratados-con-el-secretario-de-seguridad\/","og_locale":"es_ES","og_type":"article","og_title":"Fondos para seguridad, allanamientos por narcotr\u00e1fico en Tornquist y por hurtos en Sierra de la Ventana. Temas tratados con el Secretario de Seguridad. - Noticias Radio Reflejos","og_description":"Esta ma\u00f1ana entrevistamos a Ezequiel Gabella luego de la visita del Ministro de Seguridad Sergio Berni en nuestro distrito. En esta nota, Gabella comparte novedades con el programa de fondos de seguridad, reparaci\u00f3n de patrulleros y la incorporaci\u00f3n de m\u00e1s personal. Tambi\u00e9n, aprovecha el espacio para realizar algunas aclaraciones en relaci\u00f3n a allanamientos que tomaron [&hellip;]","og_url":"https:\/\/www.noticiasradioreflejos.com.ar\/2021\/fondos-para-seguridad-allanamientos-por-narcotrafico-en-tornquist-y-hurtos-en-sierra-de-la-ventana-temas-tratados-con-el-secretario-de-seguridad\/","og_site_name":"Noticias Radio Reflejos","article_published_time":"2022-03-21T22:57:52+00:00","article_modified_time":"2022-03-21T22:58:34+00:00","og_image":[{"width":300,"height":200,"url":"https:\/\/www.noticiasradioreflejos.com.ar\/2021\/wp-content\/uploads\/2021\/07\/logosol300x200.png","type":"image\/png"}],"author":"Arnaldo Botto","twitter_card":"summary_large_image","schema":{"@context":"https:\/\/schema.org","@graph":[{"@type":"WebPage","@id":"https:\/\/www.noticiasradioreflejos.com.ar\/2021\/fondos-para-seguridad-allanamientos-por-narcotrafico-en-tornquist-y-hurtos-en-sierra-de-la-ventana-temas-tratados-con-el-secretario-de-seguridad\/","url":"https:\/\/www.noticiasradioreflejos.com.ar\/2021\/fondos-para-seguridad-allanamientos-por-narcotrafico-en-tornquist-y-hurtos-en-sierra-de-la-ventana-temas-tratados-con-el-secretario-de-seguridad\/","name":"Fondos para seguridad, allanamientos por narcotr\u00e1fico en Tornquist y por hurtos en Sierra de la Ventana. Temas tratados con el Secretario de Seguridad. - Noticias Radio Reflejos","isPartOf":{"@id":"https:\/\/www.noticiasradioreflejos.com.ar\/2021\/#website"},"datePublished":"2022-03-21T22:57:52+00:00","dateModified":"2022-03-21T22:58:34+00:00","author":{"@id":"https:\/\/www.noticiasradioreflejos.com.ar\/2021\/#\/schema\/person\/ad82545263dcc5ec0996818884fd5fb1"},"breadcrumb":{"@id":"https:\/\/www.noticiasradioreflejos.com.ar\/2021\/fondos-para-seguridad-allanamientos-por-narcotrafico-en-tornquist-y-hurtos-en-sierra-de-la-ventana-temas-tratados-con-el-secretario-de-seguridad\/#breadcrumb"},"inLanguage":"es","potentialAction":[{"@type":"ReadAction","target":["https:\/\/www.noticiasradioreflejos.com.ar\/2021\/fondos-para-seguridad-allanamientos-por-narcotrafico-en-tornquist-y-hurtos-en-sierra-de-la-ventana-temas-tratados-con-el-secretario-de-seguridad\/"]}]},{"@type":"BreadcrumbList","@id":"https:\/\/www.noticiasradioreflejos.com.ar\/2021\/fondos-para-seguridad-allanamientos-por-narcotrafico-en-tornquist-y-hurtos-en-sierra-de-la-ventana-temas-tratados-con-el-secretario-de-seguridad\/#breadcrumb","itemListElement":[{"@type":"ListItem","position":1,"name":"Portada","item":"https:\/\/www.noticiasradioreflejos.com.ar\/2021\/"},{"@type":"ListItem","position":2,"name":"Fondos para seguridad, allanamientos por narcotr\u00e1fico en Tornquist y por hurtos en Sierra de la Ventana. Temas tratados con el Secretario de Seguridad."}]},{"@type":"WebSite","@id":"https:\/\/www.noticiasradioreflejos.com.ar\/2021\/#website","url":"https:\/\/www.noticiasradioreflejos.com.ar\/2021\/","name":"Noticias Radio Reflejos","description":"Las noticias de mi comarca","potentialAction":[{"@type":"SearchAction","target":{"@type":"EntryPoint","urlTemplate":"https:\/\/www.noticiasradioreflejos.com.ar\/2021\/?s={search_term_string}"},"query-input":{"@type":"PropertyValueSpecification","valueRequired":true,"valueName":"search_term_string"}}],"inLanguage":"es"},{"@type":"Person","@id":"https:\/\/www.noticiasradioreflejos.com.ar\/2021\/#\/schema\/person\/ad82545263dcc5ec0996818884fd5fb1","name":"Arnaldo Botto","image":{"@type":"ImageObject","inLanguage":"es","@id":"https:\/\/www.noticiasradioreflejos.com.ar\/2021\/#\/schema\/person\/image\/","url":"https:\/\/secure.gravatar.com\/avatar\/55cb5e37c1efa326397366e6974cb338056df65cb50e7d64d1cf314e87504837?s=96&d=mm&r=g","contentUrl":"https:\/\/secure.gravatar.com\/avatar\/55cb5e37c1efa326397366e6974cb338056df65cb50e7d64d1cf314e87504837?s=96&d=mm&r=g","caption":"Arnaldo Botto"},"url":"https:\/\/www.noticiasradioreflejos.com.ar\/2021\/author\/arnaldo\/"}]}},"_links":{"self":[{"href":"https:\/\/www.noticiasradioreflejos.com.ar\/2021\/wp-json\/wp\/v2\/posts\/69508","targetHints":{"allow":["GET"]}}],"collection":[{"href":"https:\/\/www.noticiasradioreflejos.com.ar\/2021\/wp-json\/wp\/v2\/posts"}],"about":[{"href":"https:\/\/www.noticiasradioreflejos.com.ar\/2021\/wp-json\/wp\/v2\/types\/post"}],"author":[{"embeddable":true,"href":"https:\/\/www.noticiasradioreflejos.com.ar\/2021\/wp-json\/wp\/v2\/users\/3"}],"replies":[{"embeddable":true,"href":"https:\/\/www.noticiasradioreflejos.com.ar\/2021\/wp-json\/wp\/v2\/comments?post=69508"}],"version-history":[{"count":5,"href":"https:\/\/www.noticiasradioreflejos.com.ar\/2021\/wp-json\/wp\/v2\/posts\/69508\/revisions"}],"predecessor-version":[{"id":69520,"href":"https:\/\/www.noticiasradioreflejos.com.ar\/2021\/wp-json\/wp\/v2\/posts\/69508\/revisions\/69520"}],"wp:attachment":[{"href":"https:\/\/www.noticiasradioreflejos.com.ar\/2021\/wp-json\/wp\/v2\/media?parent=69508"}],"wp:term":[{"taxonomy":"category","embeddable":true,"href":"https:\/\/www.noticiasradioreflejos.com.ar\/2021\/wp-json\/wp\/v2\/categories?post=69508"},{"taxonomy":"post_tag","embeddable":true,"href":"https:\/\/www.noticiasradioreflejos.com.ar\/2021\/wp-json\/wp\/v2\/tags?post=69508"}],"curies":[{"name":"wp","href":"https:\/\/api.w.org\/{rel}","templated":true}]}}