{"id":69499,"date":"2022-03-21T19:57:13","date_gmt":"2022-03-21T19:57:13","guid":{"rendered":"http:\/\/www.noticiasradioreflejos.com.ar\/2021\/?p=69499"},"modified":"2022-03-21T19:57:13","modified_gmt":"2022-03-21T19:57:13","slug":"22-de-marzo-dia-mundial-del-agua","status":"publish","type":"post","link":"https:\/\/www.noticiasradioreflejos.com.ar\/2021\/22-de-marzo-dia-mundial-del-agua\/","title":{"rendered":"22 DE MARZO &#8211; D\u00eda Mundial del Agua"},"content":{"rendered":"<p>Seg\u00fan la ONU, de un cuarto de la poblaci\u00f3n mundial carece de agua potable y\u00a0<strong>en Argentina s\u00f3lo el 18% de los recursos proveedores de agua poseen buena calidad de agua ambiental<\/strong>, en comparaci\u00f3n con otros pa\u00edses de la regi\u00f3n. <!--more--><\/p>\n<p><em>Compartimos una columna escrita por la\u00a0<strong>Lic. Cecilia Aquino,\u00a0<\/strong>docente\u00a0<strong>Licenciatura en Nutrici\u00f3n de la Facultad de Ciencias Biom\u00e9dicas\u00a0<\/strong>de la Universidad Austral, en la que destaca la necesidad de concientizar sobre la importancia de las aguas subterr\u00e1neas, que comprenden casi toda el agua dulce l\u00edquida del mundo.<\/em><\/p>\n<p>Debajo de nuestros pies se esconde un tesoro subterr\u00e1neo que enriquece nuestras vidas:\u00a0<strong>casi toda el agua dulce l\u00edquida del mundo es agua subterr\u00e1nea<\/strong>. Es por este motivo que debemos tomar conciencia de que mientras el cambio clim\u00e1tico empeore, las aguas subterr\u00e1neas se har\u00e1n cada vez m\u00e1s cr\u00edticas.<\/p>\n<p>En el mundo existen\u00a0<strong>2 mil millones de personas que carecen de agua<\/strong>\u00a0<strong>potable<\/strong>, el D\u00eda Mundial del Agua nos recuerda la necesidad de adoptar\u00a0<strong>medidas que ayuden a paliar la crisis mundial del agua<\/strong>\u00a0y concientizar sobre su uso racional.\u00a0El lema de este 2022 hace foco en las\u00a0<strong>aguas subterr\u00e1neas<\/strong>, que son invisibles, pero su impacto es visible en todas partes.<\/p>\n<p>Luego de alimentar manantiales, r\u00edos, lagos y humedales, estas aguas finalmente se filtran a los oc\u00e9anos. Su principal fuente de recarga son la lluvia y la nieve que se infiltran en el suelo y pueden extraerse a la superficie por medio de bombas y pozos.<\/p>\n<p><strong>El agua dulce subterr\u00e1nea representa la base del suministro de agua potable<\/strong>, los sistemas de saneamiento, la agricultura, la industria y los ecosistemas.<\/p>\n<p>El agua salubre y accesible -ya sea para beber, uso dom\u00e9stico, producir alimentos o fines recreativos- es importante para la salud p\u00fablica. Por el contrario, cuando se contamina es transmisora de enfermedades. Seg\u00fan la organizaci\u00f3n Mundial de la Salud, \u201clos servicios de agua y saneamiento inexistentes, insuficientes o gestionados de forma inapropiada exponen a la poblaci\u00f3n a riesgos prevenibles para su salud\u201d.<\/p>\n<p>En nuestro pa\u00eds se encuentran los\u00a0<strong>acu\u00edferos Puelche y Guaran\u00ed<\/strong>, este \u00faltimo es uno de los reservorios de agua subterr\u00e1nea m\u00e1s grandes del mundo: en el subsuelo, ocupa una superficie mayor que las de Espa\u00f1a, Francia y Portugal juntas. Hace ya dos a\u00f1os, en noviembre del 2020, entr\u00f3 en vigencia la Ley 26.780 que aprueba el acuerdo sobre el Acu\u00edfero Guaran\u00ed celebrado entre Argentina, Brasil, Paraguay y Uruguay por el que se establece que los Estados parte \u00abse comprometen a promover la\u00a0<strong>conservaci\u00f3n y la protecci\u00f3n ambiental\u00a0<\/strong>de manera de asegurar el uso m\u00faltiple, racional, sustentable y equitativo de sus recursos h\u00eddricos\u00bb.<\/p>\n<p>Seg\u00fan los indicadores de Naciones Unidas,\u00a0<strong>en Argentina s\u00f3lo el 18% de los recursos proveedores de agua poseen buena calidad de agua ambiental<\/strong>, en comparaci\u00f3n con otros pa\u00edses de la regi\u00f3n.\u00a0<strong>Solo el 51% de la poblaci\u00f3n cuenta con saneamiento<\/strong>\u00a0gestionado de forma segura (posibilidad de separar higi\u00e9nicamente excrementos de contacto humano) y solo el 36% tiene tratamiento adecuado de aguas dom\u00e9sticas.<\/p>\n<p>Los profesionales de la Nutrici\u00f3n, junto a instituciones y organizaciones, participamos activamente para\u00a0<strong>gestionar de forma sostenible este preciado recurso<\/strong>. Para ello, en \u00e1reas donde se elaboran alimentos para comunidades, los nutricionistas sugerimos seleccionar cuidadosamente materiales, electrodom\u00e9sticos y m\u00e9todos de cocci\u00f3n que sean eficientes en el uso de agua y energ\u00eda.<\/p>\n<p>El agua segura que obtenemos de las canillas o grifos como de t\u00e9cnicas hogare\u00f1as para potabilizarla, promocionan la salud de las personas y mejoran el medioambiente construyendo un lugar de calidad para nuestras vidas. Estrategias que fomenten la calidad y el uso racional del agua, son necesarias.<\/p>\n<p><strong>Lic. Cecilia Aquino<\/strong><\/p>\n<p>Docente\u00a0<strong>Licenciatura en Nutrici\u00f3n de la Facultad de Ciencias Biom\u00e9dicas<\/strong>, Universidad Austral.<\/p>\n","protected":false},"excerpt":{"rendered":"<p>Seg\u00fan la ONU, de un cuarto de la poblaci\u00f3n mundial carece de agua potable y\u00a0en Argentina s\u00f3lo el 18% de los recursos proveedores de agua poseen buena calidad de agua ambiental, en comparaci\u00f3n con otros pa\u00edses de la regi\u00f3n.<\/p>\n","protected":false},"author":3,"featured_media":0,"comment_status":"closed","ping_status":"closed","sticky":false,"template":"","format":"standard","meta":{"footnotes":""},"categories":[35,34,30],"tags":[],"class_list":["post-69499","post","type-post","status-publish","format-standard","hentry","category-cultura","category-educacion","category-salud"],"yoast_head":"<!-- This site is optimized with the Yoast SEO plugin v25.9 - https:\/\/yoast.com\/wordpress\/plugins\/seo\/ -->\n<title>22 DE MARZO - D\u00eda Mundial del Agua - Noticias Radio Reflejos<\/title>\n<meta name=\"robots\" content=\"index, follow, max-snippet:-1, max-image-preview:large, max-video-preview:-1\" \/>\n<link rel=\"canonical\" href=\"https:\/\/www.noticiasradioreflejos.com.ar\/2021\/22-de-marzo-dia-mundial-del-agua\/\" \/>\n<meta property=\"og:locale\" content=\"es_ES\" \/>\n<meta property=\"og:type\" content=\"article\" \/>\n<meta property=\"og:title\" content=\"22 DE MARZO - D\u00eda Mundial del Agua - Noticias Radio Reflejos\" \/>\n<meta property=\"og:description\" content=\"Seg\u00fan la ONU, de un cuarto de la poblaci\u00f3n mundial carece de agua potable y\u00a0en Argentina s\u00f3lo el 18% de los recursos proveedores de agua poseen buena calidad de agua ambiental, en comparaci\u00f3n con otros pa\u00edses de la regi\u00f3n.\" \/>\n<meta property=\"og:url\" content=\"https:\/\/www.noticiasradioreflejos.com.ar\/2021\/22-de-marzo-dia-mundial-del-agua\/\" \/>\n<meta property=\"og:site_name\" content=\"Noticias Radio Reflejos\" \/>\n<meta property=\"article:published_time\" content=\"2022-03-21T19:57:13+00:00\" \/>\n<meta property=\"og:image\" content=\"https:\/\/www.noticiasradioreflejos.com.ar\/2021\/wp-content\/uploads\/2021\/07\/logosol300x200.png\" \/>\n\t<meta property=\"og:image:width\" content=\"300\" \/>\n\t<meta property=\"og:image:height\" content=\"200\" \/>\n\t<meta property=\"og:image:type\" content=\"image\/png\" \/>\n<meta name=\"author\" content=\"Arnaldo Botto\" \/>\n<meta name=\"twitter:card\" content=\"summary_large_image\" \/>\n<script type=\"application\/ld+json\" class=\"yoast-schema-graph\">{\"@context\":\"https:\/\/schema.org\",\"@graph\":[{\"@type\":\"WebPage\",\"@id\":\"https:\/\/www.noticiasradioreflejos.com.ar\/2021\/22-de-marzo-dia-mundial-del-agua\/\",\"url\":\"https:\/\/www.noticiasradioreflejos.com.ar\/2021\/22-de-marzo-dia-mundial-del-agua\/\",\"name\":\"22 DE MARZO - D\u00eda Mundial del Agua - Noticias Radio Reflejos\",\"isPartOf\":{\"@id\":\"https:\/\/www.noticiasradioreflejos.com.ar\/2021\/#website\"},\"datePublished\":\"2022-03-21T19:57:13+00:00\",\"author\":{\"@id\":\"https:\/\/www.noticiasradioreflejos.com.ar\/2021\/#\/schema\/person\/ad82545263dcc5ec0996818884fd5fb1\"},\"breadcrumb\":{\"@id\":\"https:\/\/www.noticiasradioreflejos.com.ar\/2021\/22-de-marzo-dia-mundial-del-agua\/#breadcrumb\"},\"inLanguage\":\"es\",\"potentialAction\":[{\"@type\":\"ReadAction\",\"target\":[\"https:\/\/www.noticiasradioreflejos.com.ar\/2021\/22-de-marzo-dia-mundial-del-agua\/\"]}]},{\"@type\":\"BreadcrumbList\",\"@id\":\"https:\/\/www.noticiasradioreflejos.com.ar\/2021\/22-de-marzo-dia-mundial-del-agua\/#breadcrumb\",\"itemListElement\":[{\"@type\":\"ListItem\",\"position\":1,\"name\":\"Portada\",\"item\":\"https:\/\/www.noticiasradioreflejos.com.ar\/2021\/\"},{\"@type\":\"ListItem\",\"position\":2,\"name\":\"22 DE MARZO &#8211; D\u00eda Mundial del Agua\"}]},{\"@type\":\"WebSite\",\"@id\":\"https:\/\/www.noticiasradioreflejos.com.ar\/2021\/#website\",\"url\":\"https:\/\/www.noticiasradioreflejos.com.ar\/2021\/\",\"name\":\"Noticias Radio Reflejos\",\"description\":\"Las noticias de mi comarca\",\"potentialAction\":[{\"@type\":\"SearchAction\",\"target\":{\"@type\":\"EntryPoint\",\"urlTemplate\":\"https:\/\/www.noticiasradioreflejos.com.ar\/2021\/?s={search_term_string}\"},\"query-input\":{\"@type\":\"PropertyValueSpecification\",\"valueRequired\":true,\"valueName\":\"search_term_string\"}}],\"inLanguage\":\"es\"},{\"@type\":\"Person\",\"@id\":\"https:\/\/www.noticiasradioreflejos.com.ar\/2021\/#\/schema\/person\/ad82545263dcc5ec0996818884fd5fb1\",\"name\":\"Arnaldo Botto\",\"image\":{\"@type\":\"ImageObject\",\"inLanguage\":\"es\",\"@id\":\"https:\/\/www.noticiasradioreflejos.com.ar\/2021\/#\/schema\/person\/image\/\",\"url\":\"https:\/\/secure.gravatar.com\/avatar\/55cb5e37c1efa326397366e6974cb338056df65cb50e7d64d1cf314e87504837?s=96&d=mm&r=g\",\"contentUrl\":\"https:\/\/secure.gravatar.com\/avatar\/55cb5e37c1efa326397366e6974cb338056df65cb50e7d64d1cf314e87504837?s=96&d=mm&r=g\",\"caption\":\"Arnaldo Botto\"},\"url\":\"https:\/\/www.noticiasradioreflejos.com.ar\/2021\/author\/arnaldo\/\"}]}<\/script>\n<!-- \/ Yoast SEO plugin. -->","yoast_head_json":{"title":"22 DE MARZO - D\u00eda Mundial del Agua - Noticias Radio Reflejos","robots":{"index":"index","follow":"follow","max-snippet":"max-snippet:-1","max-image-preview":"max-image-preview:large","max-video-preview":"max-video-preview:-1"},"canonical":"https:\/\/www.noticiasradioreflejos.com.ar\/2021\/22-de-marzo-dia-mundial-del-agua\/","og_locale":"es_ES","og_type":"article","og_title":"22 DE MARZO - D\u00eda Mundial del Agua - Noticias Radio Reflejos","og_description":"Seg\u00fan la ONU, de un cuarto de la poblaci\u00f3n mundial carece de agua potable y\u00a0en Argentina s\u00f3lo el 18% de los recursos proveedores de agua poseen buena calidad de agua ambiental, en comparaci\u00f3n con otros pa\u00edses de la regi\u00f3n.","og_url":"https:\/\/www.noticiasradioreflejos.com.ar\/2021\/22-de-marzo-dia-mundial-del-agua\/","og_site_name":"Noticias Radio Reflejos","article_published_time":"2022-03-21T19:57:13+00:00","og_image":[{"width":300,"height":200,"url":"https:\/\/www.noticiasradioreflejos.com.ar\/2021\/wp-content\/uploads\/2021\/07\/logosol300x200.png","type":"image\/png"}],"author":"Arnaldo Botto","twitter_card":"summary_large_image","schema":{"@context":"https:\/\/schema.org","@graph":[{"@type":"WebPage","@id":"https:\/\/www.noticiasradioreflejos.com.ar\/2021\/22-de-marzo-dia-mundial-del-agua\/","url":"https:\/\/www.noticiasradioreflejos.com.ar\/2021\/22-de-marzo-dia-mundial-del-agua\/","name":"22 DE MARZO - D\u00eda Mundial del Agua - Noticias Radio Reflejos","isPartOf":{"@id":"https:\/\/www.noticiasradioreflejos.com.ar\/2021\/#website"},"datePublished":"2022-03-21T19:57:13+00:00","author":{"@id":"https:\/\/www.noticiasradioreflejos.com.ar\/2021\/#\/schema\/person\/ad82545263dcc5ec0996818884fd5fb1"},"breadcrumb":{"@id":"https:\/\/www.noticiasradioreflejos.com.ar\/2021\/22-de-marzo-dia-mundial-del-agua\/#breadcrumb"},"inLanguage":"es","potentialAction":[{"@type":"ReadAction","target":["https:\/\/www.noticiasradioreflejos.com.ar\/2021\/22-de-marzo-dia-mundial-del-agua\/"]}]},{"@type":"BreadcrumbList","@id":"https:\/\/www.noticiasradioreflejos.com.ar\/2021\/22-de-marzo-dia-mundial-del-agua\/#breadcrumb","itemListElement":[{"@type":"ListItem","position":1,"name":"Portada","item":"https:\/\/www.noticiasradioreflejos.com.ar\/2021\/"},{"@type":"ListItem","position":2,"name":"22 DE MARZO &#8211; D\u00eda Mundial del Agua"}]},{"@type":"WebSite","@id":"https:\/\/www.noticiasradioreflejos.com.ar\/2021\/#website","url":"https:\/\/www.noticiasradioreflejos.com.ar\/2021\/","name":"Noticias Radio Reflejos","description":"Las noticias de mi comarca","potentialAction":[{"@type":"SearchAction","target":{"@type":"EntryPoint","urlTemplate":"https:\/\/www.noticiasradioreflejos.com.ar\/2021\/?s={search_term_string}"},"query-input":{"@type":"PropertyValueSpecification","valueRequired":true,"valueName":"search_term_string"}}],"inLanguage":"es"},{"@type":"Person","@id":"https:\/\/www.noticiasradioreflejos.com.ar\/2021\/#\/schema\/person\/ad82545263dcc5ec0996818884fd5fb1","name":"Arnaldo Botto","image":{"@type":"ImageObject","inLanguage":"es","@id":"https:\/\/www.noticiasradioreflejos.com.ar\/2021\/#\/schema\/person\/image\/","url":"https:\/\/secure.gravatar.com\/avatar\/55cb5e37c1efa326397366e6974cb338056df65cb50e7d64d1cf314e87504837?s=96&d=mm&r=g","contentUrl":"https:\/\/secure.gravatar.com\/avatar\/55cb5e37c1efa326397366e6974cb338056df65cb50e7d64d1cf314e87504837?s=96&d=mm&r=g","caption":"Arnaldo Botto"},"url":"https:\/\/www.noticiasradioreflejos.com.ar\/2021\/author\/arnaldo\/"}]}},"_links":{"self":[{"href":"https:\/\/www.noticiasradioreflejos.com.ar\/2021\/wp-json\/wp\/v2\/posts\/69499","targetHints":{"allow":["GET"]}}],"collection":[{"href":"https:\/\/www.noticiasradioreflejos.com.ar\/2021\/wp-json\/wp\/v2\/posts"}],"about":[{"href":"https:\/\/www.noticiasradioreflejos.com.ar\/2021\/wp-json\/wp\/v2\/types\/post"}],"author":[{"embeddable":true,"href":"https:\/\/www.noticiasradioreflejos.com.ar\/2021\/wp-json\/wp\/v2\/users\/3"}],"replies":[{"embeddable":true,"href":"https:\/\/www.noticiasradioreflejos.com.ar\/2021\/wp-json\/wp\/v2\/comments?post=69499"}],"version-history":[{"count":1,"href":"https:\/\/www.noticiasradioreflejos.com.ar\/2021\/wp-json\/wp\/v2\/posts\/69499\/revisions"}],"predecessor-version":[{"id":69501,"href":"https:\/\/www.noticiasradioreflejos.com.ar\/2021\/wp-json\/wp\/v2\/posts\/69499\/revisions\/69501"}],"wp:attachment":[{"href":"https:\/\/www.noticiasradioreflejos.com.ar\/2021\/wp-json\/wp\/v2\/media?parent=69499"}],"wp:term":[{"taxonomy":"category","embeddable":true,"href":"https:\/\/www.noticiasradioreflejos.com.ar\/2021\/wp-json\/wp\/v2\/categories?post=69499"},{"taxonomy":"post_tag","embeddable":true,"href":"https:\/\/www.noticiasradioreflejos.com.ar\/2021\/wp-json\/wp\/v2\/tags?post=69499"}],"curies":[{"name":"wp","href":"https:\/\/api.w.org\/{rel}","templated":true}]}}