{"id":69481,"date":"2022-03-21T11:50:05","date_gmt":"2022-03-21T11:50:05","guid":{"rendered":"http:\/\/www.noticiasradioreflejos.com.ar\/2021\/?p=69481"},"modified":"2022-03-21T11:50:05","modified_gmt":"2022-03-21T11:50:05","slug":"el-banco-mundial-financiara-con-us-170-millones-los-programas-de-infraestructura-digital-de-arsat","status":"publish","type":"post","link":"https:\/\/www.noticiasradioreflejos.com.ar\/2021\/el-banco-mundial-financiara-con-us-170-millones-los-programas-de-infraestructura-digital-de-arsat\/","title":{"rendered":"El Banco Mundial financiar\u00e1 con U$S 170 millones los programas de infraestructura digital de Arsat"},"content":{"rendered":"<div class=\"wrapper-header\">\n<div class=\"container-xl\">\n<div class=\"row\">\n<div class=\"col-12\">\n<div class=\"head-content mb-4\">\n<div class=\"my-3\">\n<div class=\"social mt-3\">El pr\u00e9stamo se utilizar\u00e1 para fomentar la innovaci\u00f3n en los servicios digitales que presta el Estado y apunta a cerrar las brechas digitales y federalizar la infraestructura destinada a la conectividad.<\/div>\n<\/div>\n<\/div>\n<\/div>\n<\/div>\n<\/div>\n<\/div>\n<div class=\"wrapper-editable-content\">\n<div>\n<div class=\"wrapper-editable-content\">\n<div>\n<div class=\"container-md\">\n<div class=\"row\">\n<div class=\"col-md-12 speak\">\n<div class=\"paragraph\">\n<figure class=\"mb-3\"><img decoding=\"async\" src=\"https:\/\/www.telam.com.ar\/thumbs\/bluesteel\/advf\/imagenes\/2022\/02\/620805645c896_900.jpg\" alt=\"Arsat Conectividad foto archivo\" width=\"100%\" height=\"100%\" \/><\/p>\n<div class=\"media-icons\"><\/div><figcaption>Arsat Conectividad (foto archivo)<\/figcaption><\/figure>\n<p>El Banco Mundial otorgar\u00e1 un pr\u00e9stamo por\u00a0<strong>170 millones de d\u00f3lares a la Argentina\u00a0<\/strong>para financiar el programa de desarrollo de infraestructura digital cuyo objetivo es cerrar las brechas digitales a trav\u00e9s del servicios que presta la empresa estatal Arsat, revel\u00f3 hoy la Jefatura de Gabinete.<\/p>\n<p>\u00abEl\u00a0<strong>Programa de Desarrollo de Infraestructura Digital<\/strong>\u00a0prev\u00e9 un pr\u00e9stamo de 170 millones de d\u00f3lares y tiene como objetivo fomentar la innovaci\u00f3n en los servicios digitales que presta el Estado a trav\u00e9s de\u00a0<strong>ARSAT<\/strong>\u00ab, explic\u00f3 un comunicado.<\/p>\n<p>Agreg\u00f3 que \u00aben un presente que tiene como uno de los grandes desaf\u00edos mejorar la infraestructura digital, el Gobierno avanza en un proyecto con el Banco Mundial que apunta a cerrar las brechas digitales y federalizar la infraestructura destinada a la conectividad\u00bb.<\/p>\n<p>\u00abEl Programa de Desarrollo de Infraestructura Digital, que\u00a0<strong>ser\u00e1 coordinado por la Jefatura de Gabinete<\/strong>\u00a0y prev\u00e9 cr\u00e9ditos del organismo internacional por 170 millones de d\u00f3lares, tiene puntualmente como objetivo fomentar la innovaci\u00f3n en los servicios digitales que presta el Estado a trav\u00e9s de ARSAT\u00bb, indic\u00f3.<\/p>\n<p>En esta primera etapa, el vicejefe del Gabinete Nacional,\u00a0<strong>Jorge Neme<\/strong>, y el director del Banco Mundial en Argentina,\u00a0<strong>Jordan Schwartz<\/strong>, realizaron el cierre de la Misi\u00f3n del Programa de Desarrollo de Infraestructura Digital.<\/p>\n<figure class=\"mb-3\"><img decoding=\"async\" src=\"https:\/\/www.telam.com.ar\/thumbs\/bluesteel\/advf\/imagenes\/2022\/02\/6208056453533_900.jpg\" alt=\"Arsat Conectividad foto archivo\" width=\"100%\" height=\"100%\" \/><\/p>\n<div class=\"media-icons\"><\/div><figcaption>Arsat Conectividad (foto archivo)<\/figcaption><\/figure>\n<p>\u00abSe trata de una operaci\u00f3n sin precedentes que\u00a0<strong>posicionar\u00e1 a la Argentina como un referente<\/strong>\u00a0<strong>en la reducci\u00f3n de brechas digitales<\/strong>\u00a0y en la federalizaci\u00f3n de infraestructura a trav\u00e9s de datos\u201d, asever\u00f3 Neme, adem\u00e1s de subrayar el rol de los organismos internacionales \u201cno solo como herramientas de inversi\u00f3n fundamental para el cumplimiento de pol\u00edticas p\u00fablicas, sino tambi\u00e9n como catalizadores de la actualizaci\u00f3n de los marcos conceptuales de \u00e9stas pol\u00edticas\u201d.<\/p>\n<p>Por su parte, Schwartz hizo referencia al gran caudal de informaci\u00f3n y conocimiento compartido por Argentina desde el inicio de la Misi\u00f3n, que incluy\u00f3 visitas y reuniones t\u00e9cnicas con referentes de ARSAT, y mencion\u00f3, al igual que el vicejefe de Gabinete, que \u201cse trata de una operaci\u00f3n\u00a0<strong>sin precedentes<\/strong>\u00a0que permitir\u00e1 al Banco Mundial transferir la experiencia a otros pa\u00edses\u201d.<\/p>\n<p>La \u00faltima visita de una misi\u00f3n t\u00e9cnica del Banco Mundial a Arsat fue el 10 de marzo pasado, cuando fueron recibidos por\u00a0<strong>el presidente de la empresa Mat\u00edas Tombolini\u00a0<\/strong>y el entonces gerente general Pablo N\u00e9stor Tognetti.<\/p>\n<p>En esa oportunidad la misi\u00f3n estuvo encabezada por el Director Regional de Infraestructura, Franz Drees-Gross, y evaluaron proyectos para\u00a0<strong>mejoras tecnol\u00f3gicas<\/strong>\u00a0en el Centro Nacional de Datos de la empresa y el fortalecimiento y expansi\u00f3n futura de la infraestructura digital federal.<\/p>\n<p>El pr\u00e9stamo en preparaci\u00f3n para el programa difundido el s\u00e1bado por Jefatura de Gabinete tiene\u00a0<strong>dos antecedentes cercanos<\/strong>: el Proyecto de Inclusi\u00f3n Digital e Innovaci\u00f3n de los Servicios P\u00fablicos en Argentina, actualmente\u00a0<strong>en ejecuci\u00f3n<\/strong>; y el Proyecto de Modernizaci\u00f3n e Innovaci\u00f3n de los Servicios P\u00fablicos en Argentina, que finaliz\u00f3<strong>\u00a0con una ejecuci\u00f3n del 97%<\/strong>\u00a0del pr\u00e9stamo en 2021.<\/div>\n<\/div>\n<\/div>\n<\/div>\n<\/div>\n<\/div>\n<\/div>\n<\/div>\n","protected":false},"excerpt":{"rendered":"<p>El pr\u00e9stamo se utilizar\u00e1 para fomentar la innovaci\u00f3n en los servicios digitales que presta el Estado y apunta a cerrar las brechas digitales y federalizar la infraestructura destinada a la conectividad. Arsat Conectividad (foto archivo) El Banco Mundial otorgar\u00e1 un pr\u00e9stamo por\u00a0170 millones de d\u00f3lares a la Argentina\u00a0para financiar el programa de desarrollo de infraestructura [&hellip;]<\/p>\n","protected":false},"author":3,"featured_media":0,"comment_status":"closed","ping_status":"closed","sticky":false,"template":"","format":"standard","meta":{"footnotes":""},"categories":[46,24,26],"tags":[],"class_list":["post-69481","post","type-post","status-publish","format-standard","hentry","category-ciencia-y-tecnologia","category-politica","category-sociedad"],"yoast_head":"<!-- This site is optimized with the Yoast SEO plugin v25.9 - https:\/\/yoast.com\/wordpress\/plugins\/seo\/ -->\n<title>El Banco Mundial financiar\u00e1 con U$S 170 millones los programas de infraestructura digital de Arsat - Noticias Radio Reflejos<\/title>\n<meta name=\"robots\" content=\"index, follow, max-snippet:-1, max-image-preview:large, max-video-preview:-1\" \/>\n<link rel=\"canonical\" href=\"https:\/\/www.noticiasradioreflejos.com.ar\/2021\/el-banco-mundial-financiara-con-us-170-millones-los-programas-de-infraestructura-digital-de-arsat\/\" \/>\n<meta property=\"og:locale\" content=\"es_ES\" \/>\n<meta property=\"og:type\" content=\"article\" \/>\n<meta property=\"og:title\" content=\"El Banco Mundial financiar\u00e1 con U$S 170 millones los programas de infraestructura digital de Arsat - Noticias Radio Reflejos\" \/>\n<meta property=\"og:description\" content=\"El pr\u00e9stamo se utilizar\u00e1 para fomentar la innovaci\u00f3n en los servicios digitales que presta el Estado y apunta a cerrar las brechas digitales y federalizar la infraestructura destinada a la conectividad. Arsat Conectividad (foto archivo) El Banco Mundial otorgar\u00e1 un pr\u00e9stamo por\u00a0170 millones de d\u00f3lares a la Argentina\u00a0para financiar el programa de desarrollo de infraestructura [&hellip;]\" \/>\n<meta property=\"og:url\" content=\"https:\/\/www.noticiasradioreflejos.com.ar\/2021\/el-banco-mundial-financiara-con-us-170-millones-los-programas-de-infraestructura-digital-de-arsat\/\" \/>\n<meta property=\"og:site_name\" content=\"Noticias Radio Reflejos\" \/>\n<meta property=\"article:published_time\" content=\"2022-03-21T11:50:05+00:00\" \/>\n<meta property=\"og:image\" content=\"https:\/\/www.telam.com.ar\/thumbs\/bluesteel\/advf\/imagenes\/2022\/02\/620805645c896_900.jpg\" \/>\n<meta name=\"author\" content=\"Arnaldo Botto\" \/>\n<meta name=\"twitter:card\" content=\"summary_large_image\" \/>\n<script type=\"application\/ld+json\" class=\"yoast-schema-graph\">{\"@context\":\"https:\/\/schema.org\",\"@graph\":[{\"@type\":\"WebPage\",\"@id\":\"https:\/\/www.noticiasradioreflejos.com.ar\/2021\/el-banco-mundial-financiara-con-us-170-millones-los-programas-de-infraestructura-digital-de-arsat\/\",\"url\":\"https:\/\/www.noticiasradioreflejos.com.ar\/2021\/el-banco-mundial-financiara-con-us-170-millones-los-programas-de-infraestructura-digital-de-arsat\/\",\"name\":\"El Banco Mundial financiar\u00e1 con U$S 170 millones los programas de infraestructura digital de Arsat - Noticias Radio Reflejos\",\"isPartOf\":{\"@id\":\"https:\/\/www.noticiasradioreflejos.com.ar\/2021\/#website\"},\"primaryImageOfPage\":{\"@id\":\"https:\/\/www.noticiasradioreflejos.com.ar\/2021\/el-banco-mundial-financiara-con-us-170-millones-los-programas-de-infraestructura-digital-de-arsat\/#primaryimage\"},\"image\":{\"@id\":\"https:\/\/www.noticiasradioreflejos.com.ar\/2021\/el-banco-mundial-financiara-con-us-170-millones-los-programas-de-infraestructura-digital-de-arsat\/#primaryimage\"},\"thumbnailUrl\":\"https:\/\/www.telam.com.ar\/thumbs\/bluesteel\/advf\/imagenes\/2022\/02\/620805645c896_900.jpg\",\"datePublished\":\"2022-03-21T11:50:05+00:00\",\"author\":{\"@id\":\"https:\/\/www.noticiasradioreflejos.com.ar\/2021\/#\/schema\/person\/ad82545263dcc5ec0996818884fd5fb1\"},\"breadcrumb\":{\"@id\":\"https:\/\/www.noticiasradioreflejos.com.ar\/2021\/el-banco-mundial-financiara-con-us-170-millones-los-programas-de-infraestructura-digital-de-arsat\/#breadcrumb\"},\"inLanguage\":\"es\",\"potentialAction\":[{\"@type\":\"ReadAction\",\"target\":[\"https:\/\/www.noticiasradioreflejos.com.ar\/2021\/el-banco-mundial-financiara-con-us-170-millones-los-programas-de-infraestructura-digital-de-arsat\/\"]}]},{\"@type\":\"ImageObject\",\"inLanguage\":\"es\",\"@id\":\"https:\/\/www.noticiasradioreflejos.com.ar\/2021\/el-banco-mundial-financiara-con-us-170-millones-los-programas-de-infraestructura-digital-de-arsat\/#primaryimage\",\"url\":\"https:\/\/www.telam.com.ar\/thumbs\/bluesteel\/advf\/imagenes\/2022\/02\/620805645c896_900.jpg\",\"contentUrl\":\"https:\/\/www.telam.com.ar\/thumbs\/bluesteel\/advf\/imagenes\/2022\/02\/620805645c896_900.jpg\"},{\"@type\":\"BreadcrumbList\",\"@id\":\"https:\/\/www.noticiasradioreflejos.com.ar\/2021\/el-banco-mundial-financiara-con-us-170-millones-los-programas-de-infraestructura-digital-de-arsat\/#breadcrumb\",\"itemListElement\":[{\"@type\":\"ListItem\",\"position\":1,\"name\":\"Portada\",\"item\":\"https:\/\/www.noticiasradioreflejos.com.ar\/2021\/\"},{\"@type\":\"ListItem\",\"position\":2,\"name\":\"El Banco Mundial financiar\u00e1 con U$S 170 millones los programas de infraestructura digital de Arsat\"}]},{\"@type\":\"WebSite\",\"@id\":\"https:\/\/www.noticiasradioreflejos.com.ar\/2021\/#website\",\"url\":\"https:\/\/www.noticiasradioreflejos.com.ar\/2021\/\",\"name\":\"Noticias Radio Reflejos\",\"description\":\"Las noticias de mi comarca\",\"potentialAction\":[{\"@type\":\"SearchAction\",\"target\":{\"@type\":\"EntryPoint\",\"urlTemplate\":\"https:\/\/www.noticiasradioreflejos.com.ar\/2021\/?s={search_term_string}\"},\"query-input\":{\"@type\":\"PropertyValueSpecification\",\"valueRequired\":true,\"valueName\":\"search_term_string\"}}],\"inLanguage\":\"es\"},{\"@type\":\"Person\",\"@id\":\"https:\/\/www.noticiasradioreflejos.com.ar\/2021\/#\/schema\/person\/ad82545263dcc5ec0996818884fd5fb1\",\"name\":\"Arnaldo Botto\",\"image\":{\"@type\":\"ImageObject\",\"inLanguage\":\"es\",\"@id\":\"https:\/\/www.noticiasradioreflejos.com.ar\/2021\/#\/schema\/person\/image\/\",\"url\":\"https:\/\/secure.gravatar.com\/avatar\/55cb5e37c1efa326397366e6974cb338056df65cb50e7d64d1cf314e87504837?s=96&d=mm&r=g\",\"contentUrl\":\"https:\/\/secure.gravatar.com\/avatar\/55cb5e37c1efa326397366e6974cb338056df65cb50e7d64d1cf314e87504837?s=96&d=mm&r=g\",\"caption\":\"Arnaldo Botto\"},\"url\":\"https:\/\/www.noticiasradioreflejos.com.ar\/2021\/author\/arnaldo\/\"}]}<\/script>\n<!-- \/ Yoast SEO plugin. -->","yoast_head_json":{"title":"El Banco Mundial financiar\u00e1 con U$S 170 millones los programas de infraestructura digital de Arsat - Noticias Radio Reflejos","robots":{"index":"index","follow":"follow","max-snippet":"max-snippet:-1","max-image-preview":"max-image-preview:large","max-video-preview":"max-video-preview:-1"},"canonical":"https:\/\/www.noticiasradioreflejos.com.ar\/2021\/el-banco-mundial-financiara-con-us-170-millones-los-programas-de-infraestructura-digital-de-arsat\/","og_locale":"es_ES","og_type":"article","og_title":"El Banco Mundial financiar\u00e1 con U$S 170 millones los programas de infraestructura digital de Arsat - Noticias Radio Reflejos","og_description":"El pr\u00e9stamo se utilizar\u00e1 para fomentar la innovaci\u00f3n en los servicios digitales que presta el Estado y apunta a cerrar las brechas digitales y federalizar la infraestructura destinada a la conectividad. Arsat Conectividad (foto archivo) El Banco Mundial otorgar\u00e1 un pr\u00e9stamo por\u00a0170 millones de d\u00f3lares a la Argentina\u00a0para financiar el programa de desarrollo de infraestructura [&hellip;]","og_url":"https:\/\/www.noticiasradioreflejos.com.ar\/2021\/el-banco-mundial-financiara-con-us-170-millones-los-programas-de-infraestructura-digital-de-arsat\/","og_site_name":"Noticias Radio Reflejos","article_published_time":"2022-03-21T11:50:05+00:00","og_image":[{"url":"https:\/\/www.telam.com.ar\/thumbs\/bluesteel\/advf\/imagenes\/2022\/02\/620805645c896_900.jpg","type":"","width":"","height":""}],"author":"Arnaldo Botto","twitter_card":"summary_large_image","schema":{"@context":"https:\/\/schema.org","@graph":[{"@type":"WebPage","@id":"https:\/\/www.noticiasradioreflejos.com.ar\/2021\/el-banco-mundial-financiara-con-us-170-millones-los-programas-de-infraestructura-digital-de-arsat\/","url":"https:\/\/www.noticiasradioreflejos.com.ar\/2021\/el-banco-mundial-financiara-con-us-170-millones-los-programas-de-infraestructura-digital-de-arsat\/","name":"El Banco Mundial financiar\u00e1 con U$S 170 millones los programas de infraestructura digital de Arsat - Noticias Radio Reflejos","isPartOf":{"@id":"https:\/\/www.noticiasradioreflejos.com.ar\/2021\/#website"},"primaryImageOfPage":{"@id":"https:\/\/www.noticiasradioreflejos.com.ar\/2021\/el-banco-mundial-financiara-con-us-170-millones-los-programas-de-infraestructura-digital-de-arsat\/#primaryimage"},"image":{"@id":"https:\/\/www.noticiasradioreflejos.com.ar\/2021\/el-banco-mundial-financiara-con-us-170-millones-los-programas-de-infraestructura-digital-de-arsat\/#primaryimage"},"thumbnailUrl":"https:\/\/www.telam.com.ar\/thumbs\/bluesteel\/advf\/imagenes\/2022\/02\/620805645c896_900.jpg","datePublished":"2022-03-21T11:50:05+00:00","author":{"@id":"https:\/\/www.noticiasradioreflejos.com.ar\/2021\/#\/schema\/person\/ad82545263dcc5ec0996818884fd5fb1"},"breadcrumb":{"@id":"https:\/\/www.noticiasradioreflejos.com.ar\/2021\/el-banco-mundial-financiara-con-us-170-millones-los-programas-de-infraestructura-digital-de-arsat\/#breadcrumb"},"inLanguage":"es","potentialAction":[{"@type":"ReadAction","target":["https:\/\/www.noticiasradioreflejos.com.ar\/2021\/el-banco-mundial-financiara-con-us-170-millones-los-programas-de-infraestructura-digital-de-arsat\/"]}]},{"@type":"ImageObject","inLanguage":"es","@id":"https:\/\/www.noticiasradioreflejos.com.ar\/2021\/el-banco-mundial-financiara-con-us-170-millones-los-programas-de-infraestructura-digital-de-arsat\/#primaryimage","url":"https:\/\/www.telam.com.ar\/thumbs\/bluesteel\/advf\/imagenes\/2022\/02\/620805645c896_900.jpg","contentUrl":"https:\/\/www.telam.com.ar\/thumbs\/bluesteel\/advf\/imagenes\/2022\/02\/620805645c896_900.jpg"},{"@type":"BreadcrumbList","@id":"https:\/\/www.noticiasradioreflejos.com.ar\/2021\/el-banco-mundial-financiara-con-us-170-millones-los-programas-de-infraestructura-digital-de-arsat\/#breadcrumb","itemListElement":[{"@type":"ListItem","position":1,"name":"Portada","item":"https:\/\/www.noticiasradioreflejos.com.ar\/2021\/"},{"@type":"ListItem","position":2,"name":"El Banco Mundial financiar\u00e1 con U$S 170 millones los programas de infraestructura digital de Arsat"}]},{"@type":"WebSite","@id":"https:\/\/www.noticiasradioreflejos.com.ar\/2021\/#website","url":"https:\/\/www.noticiasradioreflejos.com.ar\/2021\/","name":"Noticias Radio Reflejos","description":"Las noticias de mi comarca","potentialAction":[{"@type":"SearchAction","target":{"@type":"EntryPoint","urlTemplate":"https:\/\/www.noticiasradioreflejos.com.ar\/2021\/?s={search_term_string}"},"query-input":{"@type":"PropertyValueSpecification","valueRequired":true,"valueName":"search_term_string"}}],"inLanguage":"es"},{"@type":"Person","@id":"https:\/\/www.noticiasradioreflejos.com.ar\/2021\/#\/schema\/person\/ad82545263dcc5ec0996818884fd5fb1","name":"Arnaldo Botto","image":{"@type":"ImageObject","inLanguage":"es","@id":"https:\/\/www.noticiasradioreflejos.com.ar\/2021\/#\/schema\/person\/image\/","url":"https:\/\/secure.gravatar.com\/avatar\/55cb5e37c1efa326397366e6974cb338056df65cb50e7d64d1cf314e87504837?s=96&d=mm&r=g","contentUrl":"https:\/\/secure.gravatar.com\/avatar\/55cb5e37c1efa326397366e6974cb338056df65cb50e7d64d1cf314e87504837?s=96&d=mm&r=g","caption":"Arnaldo Botto"},"url":"https:\/\/www.noticiasradioreflejos.com.ar\/2021\/author\/arnaldo\/"}]}},"_links":{"self":[{"href":"https:\/\/www.noticiasradioreflejos.com.ar\/2021\/wp-json\/wp\/v2\/posts\/69481","targetHints":{"allow":["GET"]}}],"collection":[{"href":"https:\/\/www.noticiasradioreflejos.com.ar\/2021\/wp-json\/wp\/v2\/posts"}],"about":[{"href":"https:\/\/www.noticiasradioreflejos.com.ar\/2021\/wp-json\/wp\/v2\/types\/post"}],"author":[{"embeddable":true,"href":"https:\/\/www.noticiasradioreflejos.com.ar\/2021\/wp-json\/wp\/v2\/users\/3"}],"replies":[{"embeddable":true,"href":"https:\/\/www.noticiasradioreflejos.com.ar\/2021\/wp-json\/wp\/v2\/comments?post=69481"}],"version-history":[{"count":1,"href":"https:\/\/www.noticiasradioreflejos.com.ar\/2021\/wp-json\/wp\/v2\/posts\/69481\/revisions"}],"predecessor-version":[{"id":69483,"href":"https:\/\/www.noticiasradioreflejos.com.ar\/2021\/wp-json\/wp\/v2\/posts\/69481\/revisions\/69483"}],"wp:attachment":[{"href":"https:\/\/www.noticiasradioreflejos.com.ar\/2021\/wp-json\/wp\/v2\/media?parent=69481"}],"wp:term":[{"taxonomy":"category","embeddable":true,"href":"https:\/\/www.noticiasradioreflejos.com.ar\/2021\/wp-json\/wp\/v2\/categories?post=69481"},{"taxonomy":"post_tag","embeddable":true,"href":"https:\/\/www.noticiasradioreflejos.com.ar\/2021\/wp-json\/wp\/v2\/tags?post=69481"}],"curies":[{"name":"wp","href":"https:\/\/api.w.org\/{rel}","templated":true}]}}