{"id":69478,"date":"2022-03-21T11:47:08","date_gmt":"2022-03-21T11:47:08","guid":{"rendered":"http:\/\/www.noticiasradioreflejos.com.ar\/2021\/?p=69478"},"modified":"2022-03-21T11:47:08","modified_gmt":"2022-03-21T11:47:08","slug":"el-conflicto-belico-entre-rusia-y-ucrania-dificulta-las-exportaciones-argentinas-de-vino","status":"publish","type":"post","link":"https:\/\/www.noticiasradioreflejos.com.ar\/2021\/el-conflicto-belico-entre-rusia-y-ucrania-dificulta-las-exportaciones-argentinas-de-vino\/","title":{"rendered":"El conflicto b\u00e9lico entre Rusia y Ucrania dificulta las exportaciones argentinas de vino"},"content":{"rendered":"<p>&gt;En 2021, ambos pa\u00edses concretaron compras de vinos y mostos por un 13,2 millones de d\u00f3lares, un 3% de las ventas al exterior. Los especialistas del sector contaron a T\u00e9lam cu\u00e1les son las medidas para solucionar los problemas log\u00edsticos.<!--more--><\/p>\n<div class=\"info\">\n<div class=\"name\">POR OSCAR PINCO<\/div>\n<div class=\"time\"><\/div>\n<\/div>\n<div>\n<div class=\"wrapper-editable-content\">\n<div>\n<div class=\"container-md\">\n<div class=\"row\">\n<div class=\"col-md-12 speak\">\n<div class=\"paragraph\">\n<figure class=\"mb-3\"><img decoding=\"async\" src=\"https:\/\/www.telam.com.ar\/thumbs\/bluesteel\/advf\/imagenes\/2022\/03\/62373e8ade778_900.jpg\" alt=\"Las exportaciones de vinos argentinos a Rusia y Ucrania explican alrededor del 3 del total de las ventas al exterior\" width=\"100%\" height=\"100%\" \/><\/p>\n<div class=\"media-icons\"><\/div><figcaption>Las exportaciones de vinos argentinos a Rusia y Ucrania explican alrededor del 3% del total de las ventas al exterior.<\/figcaption><\/figure>\n<p>El conflicto b\u00e9lico entre Rusia y Ucrania comenz\u00f3 a impactar en las exportaciones de vinos argentinos a esos destinos, que\u00a0<strong>explican alrededor del 3% del total de las ventas al exterior<\/strong>.<\/p>\n<p>El vicepresidente del Instituto Nacional de Vitivinicultura (INV). el sanjuanino\u00a0<strong>Hugo Carmona<\/strong>, se\u00f1al\u00f3 a T\u00e9lam que \u00aben estos primeros meses\u00a0<strong>se frenaron exportaciones por un valor de 1.360.000 d\u00f3lares a Rusia, y en mosto unas 1.300 toneladas. Y a Ucrania m\u00e1s de 4 millones de litros por 1.4 millones de d\u00f3lares<\/strong>\u00ab.<\/p>\n<p>En base a datos oficiales,\u00a0<strong>ambos pa\u00edses en 2021 concretaron compras de vinos y mosto por un 13,2 millones de d\u00f3lares<\/strong>.<\/p>\n<p>Desde el sector privado,\u00a0<strong>Diego Levy<\/strong>, CEO de Finca Flichman, una bodega de capitales portugueses (Sogrape), sostuvo que \u00abel conflicto de Rusia nos peg\u00f3 muy fuerte en el primer trimestre con aproximadamente el 15% de nuestras exportaciones\u00bb.<\/p>\n<p>La importancia de ese mercado se explica en que el 15% de las exportaciones previstas por la firma de capitales lusos ten\u00eda como destino a ese mercado.<\/p>\n<p>\u00abNosotros le vendemos a dos clientes de Rusia con los que tenemos muy buena relaci\u00f3n comercial, y nos mandaron una comunicaci\u00f3n donde nos informaron que est\u00e1n teniendo complicaciones para los pagos, pero que est\u00e1n tratando de resolverlo. La manera de hacerlo, nos explicaron, es porque hay dos bancos (con sede en Mosc\u00fa) que no fueron intervenidos, es decir que no los han sacado del sistema Swift\u00bb, se\u00f1al\u00f3 Levy.<\/p>\n<p>SWIFT es el acr\u00f3nimo de Society for Worldwide Interbank Financial Telecommunication (Sociedad para las Comunicaciones Interbancarias y Financieras Mundiales) que es una organizaci\u00f3n con sede en B\u00e9lgica que tiene a cargo una red internacional de comunicaciones financieras entre bancos y otras entidades financieras.<\/p>\n<p>SWIFT es una sociedad cooperativa de derecho belga propiedad de unos 3500 miembros (todos instituciones financieras) como socios accionistas. No obstante, la supervisi\u00f3n de SWIFT recae sobre un consejo formado por los bancos centrales de B\u00e9lgica, Estados Unidos, Reino Unido, Francia, Alemania, Canad\u00e1, Italia, Jap\u00f3n, Suiza, Suecia as\u00ed como el Banco Central Europeo.<\/p>\n<p>Levy explic\u00f3 que\u00a0<strong>sus clientes rusos \u00abest\u00e1n tratando de redireccionar cuentas a esas entidades\u00bb para poder mantener la cadena de pagos<\/strong>.<\/p>\n<p>En\u00a0<strong>Flichman decidieron no despachar vinos con destino a Rusia<\/strong>\u00a0porque en la Argentina \u00abrige el plazo de 180 d\u00edas que estipula el Banco Central (BCRA) para la liquidaci\u00f3n de Divisas de Exportaci\u00f3n\u00bb, una situaci\u00f3n que puede resultar de dif\u00edcil cumplimiento en medio de las sanciones econ\u00f3micas dispuestas contra Rusia por las potencias occidentales.<\/p>\n<p>Levy dijo que la previsi\u00f3n inicial era vender a Rusia \u00aba un valor un promedio de U$D 20 a U$D 25 FOB la caja de 9 litros (12 botellas) dependiendo la marca y el producto, lo que para nosotros significan unas 15 mil cajas f\u00edsicas\u00bb, por un monto estimado de 350 mil d\u00f3lares solo para el primer trimestre del a\u00f1o.<\/p>\n<p>Por su parte, el despachante de aduanas\u00a0<strong>Cristian Fontana<\/strong>, especialista en el sector vitivin\u00edcola, dijo a T\u00e9lam que en principio \u00ablo m\u00e1s afectado es el tema log\u00edstico, por lo que estamos trabajando fuertemente con nuestros clientes poniendo el foco en todas las embarcaciones que est\u00e1n en tr\u00e1nsito con todos los contenedores ya despachados\u00bb.<\/p>\n<p>\u00abContamos con profesionales asociados y agentes de log\u00edstica y comercio exterior en los principales puertos y destinos del mundo y ante una grave situaci\u00f3n como esta, totalmente imprevisible, activamos todos los mecanismos con el objetivo de elaborar un\u00a0<strong>plan de contingencia codo a codo con los empresarios exportadores y las cadenas involucradas, para que se tenga la menor dificultad en medio de este conflicto y morigerar efectos colaterales<\/strong>\u00ab, cont\u00f3 Fontana.<\/p>\n<p>\u00abNuestra reingenier\u00eda de procedimientos operativos relacionados con el comercio exterior, vinculado a nuestro servicio de transporte internacional intermodal, y nuestras alianzas estrat\u00e9gicas con Freight Forwarders en el exterior, nos han puesto a prueba, pero apuntamos a que todos nuestros despachos lleguen a buen puerto\u00bb, agreg\u00f3 Fontana.<\/p>\n<p>Otro ejemplo de los inconvenientes que registra el sector a ra\u00edz del conflicto b\u00e9lico fue registrado por la firma Global Logistic Solutions, una de las compa\u00f1\u00edas dedicadas a la exportaci\u00f3n desde Mendoza.<\/p>\n<p>La firma ten\u00eda embarcado un contenedor con destino a San Petersburgo, y en el puerto Panam\u00e1 International Terminal (PSA) tuvieron que derivar la carga hacia otro nav\u00edo con destino a Lituania, por la imposibilidad de entregar la carga en Rusia.<\/p>\n<\/div>\n<\/div>\n<\/div>\n<\/div>\n<\/div>\n<\/div>\n<\/div>\n","protected":false},"excerpt":{"rendered":"<p>&gt;En 2021, ambos pa\u00edses concretaron compras de vinos y mostos por un 13,2 millones de d\u00f3lares, un 3% de las ventas al exterior. Los especialistas del sector contaron a T\u00e9lam cu\u00e1les son las medidas para solucionar los problemas log\u00edsticos.<\/p>\n","protected":false},"author":3,"featured_media":69479,"comment_status":"closed","ping_status":"closed","sticky":false,"template":"","format":"standard","meta":{"footnotes":""},"categories":[36,24,26],"tags":[],"class_list":["post-69478","post","type-post","status-publish","format-standard","has-post-thumbnail","hentry","category-economia","category-politica","category-sociedad"],"yoast_head":"<!-- This site is optimized with the Yoast SEO plugin v25.9 - https:\/\/yoast.com\/wordpress\/plugins\/seo\/ -->\n<title>El conflicto b\u00e9lico entre Rusia y Ucrania dificulta las exportaciones argentinas de vino - Noticias Radio Reflejos<\/title>\n<meta name=\"robots\" content=\"index, follow, max-snippet:-1, max-image-preview:large, max-video-preview:-1\" \/>\n<link rel=\"canonical\" href=\"https:\/\/www.noticiasradioreflejos.com.ar\/2021\/el-conflicto-belico-entre-rusia-y-ucrania-dificulta-las-exportaciones-argentinas-de-vino\/\" \/>\n<meta property=\"og:locale\" content=\"es_ES\" \/>\n<meta property=\"og:type\" content=\"article\" \/>\n<meta property=\"og:title\" content=\"El conflicto b\u00e9lico entre Rusia y Ucrania dificulta las exportaciones argentinas de vino - Noticias Radio Reflejos\" \/>\n<meta property=\"og:description\" content=\"&gt;En 2021, ambos pa\u00edses concretaron compras de vinos y mostos por un 13,2 millones de d\u00f3lares, un 3% de las ventas al exterior. Los especialistas del sector contaron a T\u00e9lam cu\u00e1les son las medidas para solucionar los problemas log\u00edsticos.\" \/>\n<meta property=\"og:url\" content=\"https:\/\/www.noticiasradioreflejos.com.ar\/2021\/el-conflicto-belico-entre-rusia-y-ucrania-dificulta-las-exportaciones-argentinas-de-vino\/\" \/>\n<meta property=\"og:site_name\" content=\"Noticias Radio Reflejos\" \/>\n<meta property=\"article:published_time\" content=\"2022-03-21T11:47:08+00:00\" \/>\n<meta property=\"og:image\" content=\"https:\/\/www.noticiasradioreflejos.com.ar\/2021\/wp-content\/uploads\/2022\/03\/vino-argentina.jpg\" \/>\n\t<meta property=\"og:image:width\" content=\"600\" \/>\n\t<meta property=\"og:image:height\" content=\"300\" \/>\n\t<meta property=\"og:image:type\" content=\"image\/jpeg\" \/>\n<meta name=\"author\" content=\"Arnaldo Botto\" \/>\n<meta name=\"twitter:card\" content=\"summary_large_image\" \/>\n<script type=\"application\/ld+json\" class=\"yoast-schema-graph\">{\"@context\":\"https:\/\/schema.org\",\"@graph\":[{\"@type\":\"WebPage\",\"@id\":\"https:\/\/www.noticiasradioreflejos.com.ar\/2021\/el-conflicto-belico-entre-rusia-y-ucrania-dificulta-las-exportaciones-argentinas-de-vino\/\",\"url\":\"https:\/\/www.noticiasradioreflejos.com.ar\/2021\/el-conflicto-belico-entre-rusia-y-ucrania-dificulta-las-exportaciones-argentinas-de-vino\/\",\"name\":\"El conflicto b\u00e9lico entre Rusia y Ucrania dificulta las exportaciones argentinas de vino - Noticias Radio Reflejos\",\"isPartOf\":{\"@id\":\"https:\/\/www.noticiasradioreflejos.com.ar\/2021\/#website\"},\"primaryImageOfPage\":{\"@id\":\"https:\/\/www.noticiasradioreflejos.com.ar\/2021\/el-conflicto-belico-entre-rusia-y-ucrania-dificulta-las-exportaciones-argentinas-de-vino\/#primaryimage\"},\"image\":{\"@id\":\"https:\/\/www.noticiasradioreflejos.com.ar\/2021\/el-conflicto-belico-entre-rusia-y-ucrania-dificulta-las-exportaciones-argentinas-de-vino\/#primaryimage\"},\"thumbnailUrl\":\"https:\/\/www.noticiasradioreflejos.com.ar\/2021\/wp-content\/uploads\/2022\/03\/vino-argentina.jpg\",\"datePublished\":\"2022-03-21T11:47:08+00:00\",\"author\":{\"@id\":\"https:\/\/www.noticiasradioreflejos.com.ar\/2021\/#\/schema\/person\/ad82545263dcc5ec0996818884fd5fb1\"},\"breadcrumb\":{\"@id\":\"https:\/\/www.noticiasradioreflejos.com.ar\/2021\/el-conflicto-belico-entre-rusia-y-ucrania-dificulta-las-exportaciones-argentinas-de-vino\/#breadcrumb\"},\"inLanguage\":\"es\",\"potentialAction\":[{\"@type\":\"ReadAction\",\"target\":[\"https:\/\/www.noticiasradioreflejos.com.ar\/2021\/el-conflicto-belico-entre-rusia-y-ucrania-dificulta-las-exportaciones-argentinas-de-vino\/\"]}]},{\"@type\":\"ImageObject\",\"inLanguage\":\"es\",\"@id\":\"https:\/\/www.noticiasradioreflejos.com.ar\/2021\/el-conflicto-belico-entre-rusia-y-ucrania-dificulta-las-exportaciones-argentinas-de-vino\/#primaryimage\",\"url\":\"https:\/\/www.noticiasradioreflejos.com.ar\/2021\/wp-content\/uploads\/2022\/03\/vino-argentina.jpg\",\"contentUrl\":\"https:\/\/www.noticiasradioreflejos.com.ar\/2021\/wp-content\/uploads\/2022\/03\/vino-argentina.jpg\",\"width\":600,\"height\":300},{\"@type\":\"BreadcrumbList\",\"@id\":\"https:\/\/www.noticiasradioreflejos.com.ar\/2021\/el-conflicto-belico-entre-rusia-y-ucrania-dificulta-las-exportaciones-argentinas-de-vino\/#breadcrumb\",\"itemListElement\":[{\"@type\":\"ListItem\",\"position\":1,\"name\":\"Portada\",\"item\":\"https:\/\/www.noticiasradioreflejos.com.ar\/2021\/\"},{\"@type\":\"ListItem\",\"position\":2,\"name\":\"El conflicto b\u00e9lico entre Rusia y Ucrania dificulta las exportaciones argentinas de vino\"}]},{\"@type\":\"WebSite\",\"@id\":\"https:\/\/www.noticiasradioreflejos.com.ar\/2021\/#website\",\"url\":\"https:\/\/www.noticiasradioreflejos.com.ar\/2021\/\",\"name\":\"Noticias Radio Reflejos\",\"description\":\"Las noticias de mi comarca\",\"potentialAction\":[{\"@type\":\"SearchAction\",\"target\":{\"@type\":\"EntryPoint\",\"urlTemplate\":\"https:\/\/www.noticiasradioreflejos.com.ar\/2021\/?s={search_term_string}\"},\"query-input\":{\"@type\":\"PropertyValueSpecification\",\"valueRequired\":true,\"valueName\":\"search_term_string\"}}],\"inLanguage\":\"es\"},{\"@type\":\"Person\",\"@id\":\"https:\/\/www.noticiasradioreflejos.com.ar\/2021\/#\/schema\/person\/ad82545263dcc5ec0996818884fd5fb1\",\"name\":\"Arnaldo Botto\",\"image\":{\"@type\":\"ImageObject\",\"inLanguage\":\"es\",\"@id\":\"https:\/\/www.noticiasradioreflejos.com.ar\/2021\/#\/schema\/person\/image\/\",\"url\":\"https:\/\/secure.gravatar.com\/avatar\/55cb5e37c1efa326397366e6974cb338056df65cb50e7d64d1cf314e87504837?s=96&d=mm&r=g\",\"contentUrl\":\"https:\/\/secure.gravatar.com\/avatar\/55cb5e37c1efa326397366e6974cb338056df65cb50e7d64d1cf314e87504837?s=96&d=mm&r=g\",\"caption\":\"Arnaldo Botto\"},\"url\":\"https:\/\/www.noticiasradioreflejos.com.ar\/2021\/author\/arnaldo\/\"}]}<\/script>\n<!-- \/ Yoast SEO plugin. -->","yoast_head_json":{"title":"El conflicto b\u00e9lico entre Rusia y Ucrania dificulta las exportaciones argentinas de vino - Noticias Radio Reflejos","robots":{"index":"index","follow":"follow","max-snippet":"max-snippet:-1","max-image-preview":"max-image-preview:large","max-video-preview":"max-video-preview:-1"},"canonical":"https:\/\/www.noticiasradioreflejos.com.ar\/2021\/el-conflicto-belico-entre-rusia-y-ucrania-dificulta-las-exportaciones-argentinas-de-vino\/","og_locale":"es_ES","og_type":"article","og_title":"El conflicto b\u00e9lico entre Rusia y Ucrania dificulta las exportaciones argentinas de vino - Noticias Radio Reflejos","og_description":"&gt;En 2021, ambos pa\u00edses concretaron compras de vinos y mostos por un 13,2 millones de d\u00f3lares, un 3% de las ventas al exterior. Los especialistas del sector contaron a T\u00e9lam cu\u00e1les son las medidas para solucionar los problemas log\u00edsticos.","og_url":"https:\/\/www.noticiasradioreflejos.com.ar\/2021\/el-conflicto-belico-entre-rusia-y-ucrania-dificulta-las-exportaciones-argentinas-de-vino\/","og_site_name":"Noticias Radio Reflejos","article_published_time":"2022-03-21T11:47:08+00:00","og_image":[{"width":600,"height":300,"url":"https:\/\/www.noticiasradioreflejos.com.ar\/2021\/wp-content\/uploads\/2022\/03\/vino-argentina.jpg","type":"image\/jpeg"}],"author":"Arnaldo Botto","twitter_card":"summary_large_image","schema":{"@context":"https:\/\/schema.org","@graph":[{"@type":"WebPage","@id":"https:\/\/www.noticiasradioreflejos.com.ar\/2021\/el-conflicto-belico-entre-rusia-y-ucrania-dificulta-las-exportaciones-argentinas-de-vino\/","url":"https:\/\/www.noticiasradioreflejos.com.ar\/2021\/el-conflicto-belico-entre-rusia-y-ucrania-dificulta-las-exportaciones-argentinas-de-vino\/","name":"El conflicto b\u00e9lico entre Rusia y Ucrania dificulta las exportaciones argentinas de vino - Noticias Radio Reflejos","isPartOf":{"@id":"https:\/\/www.noticiasradioreflejos.com.ar\/2021\/#website"},"primaryImageOfPage":{"@id":"https:\/\/www.noticiasradioreflejos.com.ar\/2021\/el-conflicto-belico-entre-rusia-y-ucrania-dificulta-las-exportaciones-argentinas-de-vino\/#primaryimage"},"image":{"@id":"https:\/\/www.noticiasradioreflejos.com.ar\/2021\/el-conflicto-belico-entre-rusia-y-ucrania-dificulta-las-exportaciones-argentinas-de-vino\/#primaryimage"},"thumbnailUrl":"https:\/\/www.noticiasradioreflejos.com.ar\/2021\/wp-content\/uploads\/2022\/03\/vino-argentina.jpg","datePublished":"2022-03-21T11:47:08+00:00","author":{"@id":"https:\/\/www.noticiasradioreflejos.com.ar\/2021\/#\/schema\/person\/ad82545263dcc5ec0996818884fd5fb1"},"breadcrumb":{"@id":"https:\/\/www.noticiasradioreflejos.com.ar\/2021\/el-conflicto-belico-entre-rusia-y-ucrania-dificulta-las-exportaciones-argentinas-de-vino\/#breadcrumb"},"inLanguage":"es","potentialAction":[{"@type":"ReadAction","target":["https:\/\/www.noticiasradioreflejos.com.ar\/2021\/el-conflicto-belico-entre-rusia-y-ucrania-dificulta-las-exportaciones-argentinas-de-vino\/"]}]},{"@type":"ImageObject","inLanguage":"es","@id":"https:\/\/www.noticiasradioreflejos.com.ar\/2021\/el-conflicto-belico-entre-rusia-y-ucrania-dificulta-las-exportaciones-argentinas-de-vino\/#primaryimage","url":"https:\/\/www.noticiasradioreflejos.com.ar\/2021\/wp-content\/uploads\/2022\/03\/vino-argentina.jpg","contentUrl":"https:\/\/www.noticiasradioreflejos.com.ar\/2021\/wp-content\/uploads\/2022\/03\/vino-argentina.jpg","width":600,"height":300},{"@type":"BreadcrumbList","@id":"https:\/\/www.noticiasradioreflejos.com.ar\/2021\/el-conflicto-belico-entre-rusia-y-ucrania-dificulta-las-exportaciones-argentinas-de-vino\/#breadcrumb","itemListElement":[{"@type":"ListItem","position":1,"name":"Portada","item":"https:\/\/www.noticiasradioreflejos.com.ar\/2021\/"},{"@type":"ListItem","position":2,"name":"El conflicto b\u00e9lico entre Rusia y Ucrania dificulta las exportaciones argentinas de vino"}]},{"@type":"WebSite","@id":"https:\/\/www.noticiasradioreflejos.com.ar\/2021\/#website","url":"https:\/\/www.noticiasradioreflejos.com.ar\/2021\/","name":"Noticias Radio Reflejos","description":"Las noticias de mi comarca","potentialAction":[{"@type":"SearchAction","target":{"@type":"EntryPoint","urlTemplate":"https:\/\/www.noticiasradioreflejos.com.ar\/2021\/?s={search_term_string}"},"query-input":{"@type":"PropertyValueSpecification","valueRequired":true,"valueName":"search_term_string"}}],"inLanguage":"es"},{"@type":"Person","@id":"https:\/\/www.noticiasradioreflejos.com.ar\/2021\/#\/schema\/person\/ad82545263dcc5ec0996818884fd5fb1","name":"Arnaldo Botto","image":{"@type":"ImageObject","inLanguage":"es","@id":"https:\/\/www.noticiasradioreflejos.com.ar\/2021\/#\/schema\/person\/image\/","url":"https:\/\/secure.gravatar.com\/avatar\/55cb5e37c1efa326397366e6974cb338056df65cb50e7d64d1cf314e87504837?s=96&d=mm&r=g","contentUrl":"https:\/\/secure.gravatar.com\/avatar\/55cb5e37c1efa326397366e6974cb338056df65cb50e7d64d1cf314e87504837?s=96&d=mm&r=g","caption":"Arnaldo Botto"},"url":"https:\/\/www.noticiasradioreflejos.com.ar\/2021\/author\/arnaldo\/"}]}},"_links":{"self":[{"href":"https:\/\/www.noticiasradioreflejos.com.ar\/2021\/wp-json\/wp\/v2\/posts\/69478","targetHints":{"allow":["GET"]}}],"collection":[{"href":"https:\/\/www.noticiasradioreflejos.com.ar\/2021\/wp-json\/wp\/v2\/posts"}],"about":[{"href":"https:\/\/www.noticiasradioreflejos.com.ar\/2021\/wp-json\/wp\/v2\/types\/post"}],"author":[{"embeddable":true,"href":"https:\/\/www.noticiasradioreflejos.com.ar\/2021\/wp-json\/wp\/v2\/users\/3"}],"replies":[{"embeddable":true,"href":"https:\/\/www.noticiasradioreflejos.com.ar\/2021\/wp-json\/wp\/v2\/comments?post=69478"}],"version-history":[{"count":1,"href":"https:\/\/www.noticiasradioreflejos.com.ar\/2021\/wp-json\/wp\/v2\/posts\/69478\/revisions"}],"predecessor-version":[{"id":69480,"href":"https:\/\/www.noticiasradioreflejos.com.ar\/2021\/wp-json\/wp\/v2\/posts\/69478\/revisions\/69480"}],"wp:featuredmedia":[{"embeddable":true,"href":"https:\/\/www.noticiasradioreflejos.com.ar\/2021\/wp-json\/wp\/v2\/media\/69479"}],"wp:attachment":[{"href":"https:\/\/www.noticiasradioreflejos.com.ar\/2021\/wp-json\/wp\/v2\/media?parent=69478"}],"wp:term":[{"taxonomy":"category","embeddable":true,"href":"https:\/\/www.noticiasradioreflejos.com.ar\/2021\/wp-json\/wp\/v2\/categories?post=69478"},{"taxonomy":"post_tag","embeddable":true,"href":"https:\/\/www.noticiasradioreflejos.com.ar\/2021\/wp-json\/wp\/v2\/tags?post=69478"}],"curies":[{"name":"wp","href":"https:\/\/api.w.org\/{rel}","templated":true}]}}