{"id":69475,"date":"2022-03-21T11:32:54","date_gmt":"2022-03-21T11:32:54","guid":{"rendered":"http:\/\/www.noticiasradioreflejos.com.ar\/2021\/?p=69475"},"modified":"2022-03-21T11:32:54","modified_gmt":"2022-03-21T11:32:54","slug":"los-meteorologos-no-se-ponen-de-acuerdo-sobre-si-continuara-el-fenomeno-climatico-la-nina","status":"publish","type":"post","link":"https:\/\/www.noticiasradioreflejos.com.ar\/2021\/los-meteorologos-no-se-ponen-de-acuerdo-sobre-si-continuara-el-fenomeno-climatico-la-nina\/","title":{"rendered":"Los meteor\u00f3logos no se ponen de acuerdo sobre si continuar\u00e1 el fen\u00f3meno clim\u00e1tico La Ni\u00f1a"},"content":{"rendered":"<p>Desde la Bolsa de Comercio de Rosario advirtieron que en junio o julio se puede registrar una nueva fase del actual fen\u00f3meno, mientras que desde la Bolsa de Comercio de C\u00f3rdoba sostuvieron que las mayores perspectivas dan cuenta que el clima en la regi\u00f3n ingresar\u00e1 a una fase \u00abneutra\u00bb<!--more--><\/p>\n<div>\n<div class=\"wrapper-editable-content\">\n<div>\n<div class=\"container-md\">\n<div class=\"row\">\n<div class=\"col-md-12 speak\">\n<div class=\"paragraph\">\n<p><strong>Por Juan Manuel Colombo y Victoria \u00c1vila<\/strong><\/p>\n<figure class=\"mb-3\"><img decoding=\"async\" src=\"https:\/\/www.telam.com.ar\/thumbs\/bluesteel\/advf\/imagenes\/2021\/01\/5ff1a465c392d_900.jpg\" alt=\"El fenmeno climtico La Nia en el centro del debate entre meteorlogos Foto Archivo\" width=\"100%\" height=\"100%\" \/><\/p>\n<div class=\"media-icons\"><\/div><figcaption>El fen\u00f3meno clim\u00e1tico \u00abLa Ni\u00f1a\u00bb, en el centro del debate entre meteor\u00f3logos. (Foto Archivo)<\/figcaption><\/figure>\n<p>Los especialistas en meteorolog\u00eda\u00a0<strong>no terminan de ponerse de acuerdo respecto a la continuidad o no de \u00abLa Ni\u00f1a\u00bb<\/strong>, ya que mientras desde la Bolsa de Comercio de Rosario advierten que en junio o julio se puede registrar una nueva fase del actual fen\u00f3meno, desde la Bolsa de Comercio de C\u00f3rdoba sostienen que las mayores perspectivas dan cuenta que el clima en la regi\u00f3n ingresar\u00e1 a una fase \u00abneutra\u00bb por lo que otra serie de factores ser\u00edan los que van a estar influenciando las precipitaciones y la temperatura.<\/p>\n<p><strong>\u201cPor ahora nada indica que estemos entrando en una nueva fase Ni\u00f1a\u201d<\/strong>, dijo a T\u00e9lam Jorge Ruiz, meteor\u00f3logo de la\u00a0<strong>Bolsa de Comercio de C\u00f3rdoba<\/strong><\/p>\n<p>Por el contrario,\u00a0<strong>en el \u00faltimo informe semanal para la Regi\u00f3n N\u00facleo, desde la Bolsa de Comercio de Rosario advirtieron que \u00abLa Ni\u00f1a podr\u00eda continuar en el invierno del hemisferio sur con un 53% de probabilidad\u201d<\/strong>, en base a previsiones reportadas por la entidad internacional de la Administraci\u00f3n Nacional Oce\u00e1nica y Atmosf\u00e9rica (NOAA).<\/p>\n<p>Ruiz sostuvo que para los meses de mayo-junio se proyecta \u201cque estemos pasando por una fase neutra, que se espera predomine por lo menos hasta fin de a\u00f1o\u00bb.<\/p>\n<p>\u201cPor ahora nada indica que estemos entrando en una nueva fase Ni\u00f1a\u201d, asegur\u00f3 el especialista y explic\u00f3 que existe una alta probabilidad de que las condiciones sean neutrales, debido a que mientras que \u201cla probabilidad de que el \u00faltimo trimestre del a\u00f1o cerremos con un evento neutro est\u00e1 en torno al 45%, la de que tengamos un evento Ni\u00f1a est\u00e1 en torno al 30%\u201d, por lo que otra serie de factores ser\u00edan los que van a estar influenciando las precipitaciones y la temperatura en los pr\u00f3ximos meses.<\/p>\n<p>Asimismo, argument\u00f3 que una fase Ni\u00f1o-Oscilaci\u00f3n Sur \u201cest\u00e1 descartada por ahora y no hay motivos para pensar en un nuevo ciclo Ni\u00f1a por ahora\u201d, aunque \u201c<strong>el clima es bastante cambiante y hay que seguir monitoreando, pero a partir de junio vamos a entrar a una fase neutra\u201d<\/strong>, afirm\u00f3.<\/p>\n<p>En ese sentido, Ruiz detall\u00f3 que para la siguiente campa\u00f1a, esperan que \u201cel inicio tenga condiciones m\u00e1s neutrales en el clima, y esto no quiere decir que vamos a tener precipitaciones normales, sino que probablemente estemos entrando a una frase neutra hacia fines de mayo, junio\u201d, y \u201cseg\u00fan los modelos las precipitaciones estar\u00e1n en junio, julio y agosto por debajo de lo normal\u201d, puntualiz\u00f3.<\/p>\n<p>En relaci\u00f3n a la situaci\u00f3n de la provincia de C\u00f3rdoba, especific\u00f3 que \u201clas reservas de agua actualmente son bastante buenas, no son limitantes, pero es importante destacar que hay zonas de C\u00f3rdoba que mirando hacia atr\u00e1s vienen muy mal, como el Departamento de San Justo en donde los \u00faltimos meses ha llovido muy poco y los cultivos han estado en situaciones de estr\u00e9s h\u00eddrica\u201d.<\/p>\n<p>\u201cEn la regi\u00f3n pampeana, con respecto a un clima seco,\u00a0<strong>los estudios infieren que el cambio clim\u00e1tico va a incidir de forma tal que puede llegar a llover por encima de lo normal en algunas zonas<\/strong>: por ejemplo, en los \u00faltimos 20 a\u00f1os ha llovido m\u00e1s en la zona del noreste de C\u00f3rdoba, y gran parte del norte de C\u00f3rdoba, y por eso es posible hacer cultivos, como el garbanzo que antes no eran posibles en esa zona\u201d, afirm\u00f3.<\/p>\n<p>Adem\u00e1s, alert\u00f3 respecto de que \u201c<strong>lo que el cambio clim\u00e1tico hace es que los eventos extremos, como inundaciones o sequ\u00edas, sean m\u00e1s frecuentes y severos<\/strong>, con per\u00edodos m\u00e1s largos con d\u00e9ficit de lluvia y luego con mucha lluvia, y por ejemplo, en C\u00f3rdoba se observa ese impacto, hay localidades que tienen eventos aislados de tormentas muy severas y luego pasa much\u00edsimo tiempo sin que llueva\u201d.<\/p>\n<p>En tanto, especialistas de la Gu\u00eda Estrat\u00e9gica para el Agro (GEA) de la Bolsa de Comercio de Rosario, explicaron que el \u00faltimo informe de la entidad internacional de la Administraci\u00f3n Nacional Oce\u00e1nica y Atmosf\u00e9rica (NOAA), refiere que\u00a0<strong>\u201cLa Ni\u00f1a podr\u00eda continuar en el invierno del hemisferio sur con un 53% de probabilidad\u201d<\/strong>.<\/p>\n<p>\u201cTambi\u00e9n subi\u00f3 la probabilidad de que luego la transici\u00f3n sea hacia una Ni\u00f1a, que ser\u00eda la tercera consecutiva\u201d, afirmaron y detallaron que se espera adem\u00e1s \u201cel avance de dos sistemas frontales en los pr\u00f3ximos siete d\u00edas que provocar\u00e1 condiciones de inestabilidad y estos desarrollos de lluvias y tormentas de variada intensidad\u201d.<\/p>\n<p>En esta l\u00ednea, el consultor de GEA, Alfredo Elorriaga, afirm\u00f3 que \u201cla Ni\u00f1a continuar\u00eda en el invierno del hemisferio sur, con lo que Argentina se encuentra ante las puertas de una tercera Ni\u00f1a consecutiva\u201d.<\/p>\n<p>\u201cLo que muestra la \u00faltima publicaci\u00f3n de la NOAA\u00a0<strong>es una muy mala noticia para Argentina: el peor escenario clim\u00e1tico empieza a mostrar se\u00f1ales ciertas de que puede volverse realidad, y hace 20 a\u00f1os que no ocurre algo as\u00ed<\/strong>\u201d, dijo el especialista y contextualiz\u00f3 que ya \u201cen agosto de 2021 alert\u00e1bamos de la segunda Ni\u00f1a consecutiva que ahora est\u00e1 en v\u00edas de seguir, y el problema de estos escenarios es que mes a mes se agrava una falta de agua\u201d.<\/p>\n<p>Adem\u00e1s, explic\u00f3 que \u201ccon bajas en los rindes que van del 10 al 50%, el avance en la cosecha no muestra mejor\u00edas importantes en los resultados, y al momento se avanz\u00f3 un 50% y a\u00fan queda mucho trabajo por delante\u201d.<\/p>\n<p>No obstante, \u00ab<strong>las expectativas de rinde no cambiaron demasiado<\/strong>: en Bigand y San Pedro esperan la mitad de la producci\u00f3n de un a\u00f1o normal (entre 40 y 45 qq\/ha respectivamente); Marcos Ju\u00e1rez estima un 30% de p\u00e9rdida de rinde; en Carlos Pellegrini las expectativas son solo un 10% menores y esperan una media de 100 qq\/ha; y hacia el noroeste bonaerense, donde las precipitaciones presentaron una mejor distribuci\u00f3n y frecuencia en el ciclo, estiman de 85 a 90 qq\/ha\u201d, puntualiz\u00f3 puntualiz\u00f3 la entidad burs\u00e1til rosarina.<\/p>\n<p>El caso del ma\u00edz se\u00f1alaron que \u201cal igual que los tempranos, los ma\u00edces tard\u00edos tambi\u00e9n presentan mermas de producci\u00f3n. Sin embargo se espera rindes superadores a los tempranos o que al menos los igualen en muchas localidades de zona n\u00facleo\u201d.<\/p>\n<p>En el caso de la cosecha de soja, confirmaron que la semana pasada comenzaron a levantarse los primeros lotes de la oleaginosa, y que \u00abel 3% de lotes cosechado arrojan rindes menores a los esperados para un a\u00f1o normal desde el punto de vista clim\u00e1tico\u201d.<\/p>\n<p>\u201cEsta campa\u00f1a qued\u00f3 marcada a fuego por la diferencia en las precipitaciones: los sectores que recibieron buenos milimetrajes festejan, pero en el resto,\u00a0<strong>los productores tendr\u00e1n que enfrentar grav\u00edsimas consecuencias financieras y pueden quedar fuera del pr\u00f3ximo ciclo<\/strong>\u201d concluy\u00f3 Elorriaga.<\/p>\n<\/div>\n<\/div>\n<\/div>\n<\/div>\n<\/div>\n<\/div>\n<\/div>\n","protected":false},"excerpt":{"rendered":"<p>Desde la Bolsa de Comercio de Rosario advirtieron que en junio o julio se puede registrar una nueva fase del actual fen\u00f3meno, mientras que desde la Bolsa de Comercio de C\u00f3rdoba sostuvieron que las mayores perspectivas dan cuenta que el clima en la regi\u00f3n ingresar\u00e1 a una fase \u00abneutra\u00bb<\/p>\n","protected":false},"author":3,"featured_media":69476,"comment_status":"closed","ping_status":"closed","sticky":false,"template":"","format":"standard","meta":{"footnotes":""},"categories":[46],"tags":[],"class_list":["post-69475","post","type-post","status-publish","format-standard","has-post-thumbnail","hentry","category-ciencia-y-tecnologia"],"yoast_head":"<!-- This site is optimized with the Yoast SEO plugin v25.9 - https:\/\/yoast.com\/wordpress\/plugins\/seo\/ -->\n<title>Los meteor\u00f3logos no se ponen de acuerdo sobre si continuar\u00e1 el fen\u00f3meno clim\u00e1tico La Ni\u00f1a - Noticias Radio Reflejos<\/title>\n<meta name=\"robots\" content=\"index, follow, max-snippet:-1, max-image-preview:large, max-video-preview:-1\" \/>\n<link rel=\"canonical\" href=\"https:\/\/www.noticiasradioreflejos.com.ar\/2021\/los-meteorologos-no-se-ponen-de-acuerdo-sobre-si-continuara-el-fenomeno-climatico-la-nina\/\" \/>\n<meta property=\"og:locale\" content=\"es_ES\" \/>\n<meta property=\"og:type\" content=\"article\" \/>\n<meta property=\"og:title\" content=\"Los meteor\u00f3logos no se ponen de acuerdo sobre si continuar\u00e1 el fen\u00f3meno clim\u00e1tico La Ni\u00f1a - Noticias Radio Reflejos\" \/>\n<meta property=\"og:description\" content=\"Desde la Bolsa de Comercio de Rosario advirtieron que en junio o julio se puede registrar una nueva fase del actual fen\u00f3meno, mientras que desde la Bolsa de Comercio de C\u00f3rdoba sostuvieron que las mayores perspectivas dan cuenta que el clima en la regi\u00f3n ingresar\u00e1 a una fase \u00abneutra\u00bb\" \/>\n<meta property=\"og:url\" content=\"https:\/\/www.noticiasradioreflejos.com.ar\/2021\/los-meteorologos-no-se-ponen-de-acuerdo-sobre-si-continuara-el-fenomeno-climatico-la-nina\/\" \/>\n<meta property=\"og:site_name\" content=\"Noticias Radio Reflejos\" \/>\n<meta property=\"article:published_time\" content=\"2022-03-21T11:32:54+00:00\" \/>\n<meta property=\"og:image\" content=\"https:\/\/www.noticiasradioreflejos.com.ar\/2021\/wp-content\/uploads\/2022\/03\/rayo-en-el-mar.jpg\" \/>\n\t<meta property=\"og:image:width\" content=\"610\" \/>\n\t<meta property=\"og:image:height\" content=\"394\" \/>\n\t<meta property=\"og:image:type\" content=\"image\/jpeg\" \/>\n<meta name=\"author\" content=\"Arnaldo Botto\" \/>\n<meta name=\"twitter:card\" content=\"summary_large_image\" \/>\n<script type=\"application\/ld+json\" class=\"yoast-schema-graph\">{\"@context\":\"https:\/\/schema.org\",\"@graph\":[{\"@type\":\"WebPage\",\"@id\":\"https:\/\/www.noticiasradioreflejos.com.ar\/2021\/los-meteorologos-no-se-ponen-de-acuerdo-sobre-si-continuara-el-fenomeno-climatico-la-nina\/\",\"url\":\"https:\/\/www.noticiasradioreflejos.com.ar\/2021\/los-meteorologos-no-se-ponen-de-acuerdo-sobre-si-continuara-el-fenomeno-climatico-la-nina\/\",\"name\":\"Los meteor\u00f3logos no se ponen de acuerdo sobre si continuar\u00e1 el fen\u00f3meno clim\u00e1tico La Ni\u00f1a - Noticias Radio Reflejos\",\"isPartOf\":{\"@id\":\"https:\/\/www.noticiasradioreflejos.com.ar\/2021\/#website\"},\"primaryImageOfPage\":{\"@id\":\"https:\/\/www.noticiasradioreflejos.com.ar\/2021\/los-meteorologos-no-se-ponen-de-acuerdo-sobre-si-continuara-el-fenomeno-climatico-la-nina\/#primaryimage\"},\"image\":{\"@id\":\"https:\/\/www.noticiasradioreflejos.com.ar\/2021\/los-meteorologos-no-se-ponen-de-acuerdo-sobre-si-continuara-el-fenomeno-climatico-la-nina\/#primaryimage\"},\"thumbnailUrl\":\"https:\/\/www.noticiasradioreflejos.com.ar\/2021\/wp-content\/uploads\/2022\/03\/rayo-en-el-mar.jpg\",\"datePublished\":\"2022-03-21T11:32:54+00:00\",\"author\":{\"@id\":\"https:\/\/www.noticiasradioreflejos.com.ar\/2021\/#\/schema\/person\/ad82545263dcc5ec0996818884fd5fb1\"},\"breadcrumb\":{\"@id\":\"https:\/\/www.noticiasradioreflejos.com.ar\/2021\/los-meteorologos-no-se-ponen-de-acuerdo-sobre-si-continuara-el-fenomeno-climatico-la-nina\/#breadcrumb\"},\"inLanguage\":\"es\",\"potentialAction\":[{\"@type\":\"ReadAction\",\"target\":[\"https:\/\/www.noticiasradioreflejos.com.ar\/2021\/los-meteorologos-no-se-ponen-de-acuerdo-sobre-si-continuara-el-fenomeno-climatico-la-nina\/\"]}]},{\"@type\":\"ImageObject\",\"inLanguage\":\"es\",\"@id\":\"https:\/\/www.noticiasradioreflejos.com.ar\/2021\/los-meteorologos-no-se-ponen-de-acuerdo-sobre-si-continuara-el-fenomeno-climatico-la-nina\/#primaryimage\",\"url\":\"https:\/\/www.noticiasradioreflejos.com.ar\/2021\/wp-content\/uploads\/2022\/03\/rayo-en-el-mar.jpg\",\"contentUrl\":\"https:\/\/www.noticiasradioreflejos.com.ar\/2021\/wp-content\/uploads\/2022\/03\/rayo-en-el-mar.jpg\",\"width\":610,\"height\":394},{\"@type\":\"BreadcrumbList\",\"@id\":\"https:\/\/www.noticiasradioreflejos.com.ar\/2021\/los-meteorologos-no-se-ponen-de-acuerdo-sobre-si-continuara-el-fenomeno-climatico-la-nina\/#breadcrumb\",\"itemListElement\":[{\"@type\":\"ListItem\",\"position\":1,\"name\":\"Portada\",\"item\":\"https:\/\/www.noticiasradioreflejos.com.ar\/2021\/\"},{\"@type\":\"ListItem\",\"position\":2,\"name\":\"Los meteor\u00f3logos no se ponen de acuerdo sobre si continuar\u00e1 el fen\u00f3meno clim\u00e1tico La Ni\u00f1a\"}]},{\"@type\":\"WebSite\",\"@id\":\"https:\/\/www.noticiasradioreflejos.com.ar\/2021\/#website\",\"url\":\"https:\/\/www.noticiasradioreflejos.com.ar\/2021\/\",\"name\":\"Noticias Radio Reflejos\",\"description\":\"Las noticias de mi comarca\",\"potentialAction\":[{\"@type\":\"SearchAction\",\"target\":{\"@type\":\"EntryPoint\",\"urlTemplate\":\"https:\/\/www.noticiasradioreflejos.com.ar\/2021\/?s={search_term_string}\"},\"query-input\":{\"@type\":\"PropertyValueSpecification\",\"valueRequired\":true,\"valueName\":\"search_term_string\"}}],\"inLanguage\":\"es\"},{\"@type\":\"Person\",\"@id\":\"https:\/\/www.noticiasradioreflejos.com.ar\/2021\/#\/schema\/person\/ad82545263dcc5ec0996818884fd5fb1\",\"name\":\"Arnaldo Botto\",\"image\":{\"@type\":\"ImageObject\",\"inLanguage\":\"es\",\"@id\":\"https:\/\/www.noticiasradioreflejos.com.ar\/2021\/#\/schema\/person\/image\/\",\"url\":\"https:\/\/secure.gravatar.com\/avatar\/55cb5e37c1efa326397366e6974cb338056df65cb50e7d64d1cf314e87504837?s=96&d=mm&r=g\",\"contentUrl\":\"https:\/\/secure.gravatar.com\/avatar\/55cb5e37c1efa326397366e6974cb338056df65cb50e7d64d1cf314e87504837?s=96&d=mm&r=g\",\"caption\":\"Arnaldo Botto\"},\"url\":\"https:\/\/www.noticiasradioreflejos.com.ar\/2021\/author\/arnaldo\/\"}]}<\/script>\n<!-- \/ Yoast SEO plugin. -->","yoast_head_json":{"title":"Los meteor\u00f3logos no se ponen de acuerdo sobre si continuar\u00e1 el fen\u00f3meno clim\u00e1tico La Ni\u00f1a - Noticias Radio Reflejos","robots":{"index":"index","follow":"follow","max-snippet":"max-snippet:-1","max-image-preview":"max-image-preview:large","max-video-preview":"max-video-preview:-1"},"canonical":"https:\/\/www.noticiasradioreflejos.com.ar\/2021\/los-meteorologos-no-se-ponen-de-acuerdo-sobre-si-continuara-el-fenomeno-climatico-la-nina\/","og_locale":"es_ES","og_type":"article","og_title":"Los meteor\u00f3logos no se ponen de acuerdo sobre si continuar\u00e1 el fen\u00f3meno clim\u00e1tico La Ni\u00f1a - Noticias Radio Reflejos","og_description":"Desde la Bolsa de Comercio de Rosario advirtieron que en junio o julio se puede registrar una nueva fase del actual fen\u00f3meno, mientras que desde la Bolsa de Comercio de C\u00f3rdoba sostuvieron que las mayores perspectivas dan cuenta que el clima en la regi\u00f3n ingresar\u00e1 a una fase \u00abneutra\u00bb","og_url":"https:\/\/www.noticiasradioreflejos.com.ar\/2021\/los-meteorologos-no-se-ponen-de-acuerdo-sobre-si-continuara-el-fenomeno-climatico-la-nina\/","og_site_name":"Noticias Radio Reflejos","article_published_time":"2022-03-21T11:32:54+00:00","og_image":[{"width":610,"height":394,"url":"https:\/\/www.noticiasradioreflejos.com.ar\/2021\/wp-content\/uploads\/2022\/03\/rayo-en-el-mar.jpg","type":"image\/jpeg"}],"author":"Arnaldo Botto","twitter_card":"summary_large_image","schema":{"@context":"https:\/\/schema.org","@graph":[{"@type":"WebPage","@id":"https:\/\/www.noticiasradioreflejos.com.ar\/2021\/los-meteorologos-no-se-ponen-de-acuerdo-sobre-si-continuara-el-fenomeno-climatico-la-nina\/","url":"https:\/\/www.noticiasradioreflejos.com.ar\/2021\/los-meteorologos-no-se-ponen-de-acuerdo-sobre-si-continuara-el-fenomeno-climatico-la-nina\/","name":"Los meteor\u00f3logos no se ponen de acuerdo sobre si continuar\u00e1 el fen\u00f3meno clim\u00e1tico La Ni\u00f1a - Noticias Radio Reflejos","isPartOf":{"@id":"https:\/\/www.noticiasradioreflejos.com.ar\/2021\/#website"},"primaryImageOfPage":{"@id":"https:\/\/www.noticiasradioreflejos.com.ar\/2021\/los-meteorologos-no-se-ponen-de-acuerdo-sobre-si-continuara-el-fenomeno-climatico-la-nina\/#primaryimage"},"image":{"@id":"https:\/\/www.noticiasradioreflejos.com.ar\/2021\/los-meteorologos-no-se-ponen-de-acuerdo-sobre-si-continuara-el-fenomeno-climatico-la-nina\/#primaryimage"},"thumbnailUrl":"https:\/\/www.noticiasradioreflejos.com.ar\/2021\/wp-content\/uploads\/2022\/03\/rayo-en-el-mar.jpg","datePublished":"2022-03-21T11:32:54+00:00","author":{"@id":"https:\/\/www.noticiasradioreflejos.com.ar\/2021\/#\/schema\/person\/ad82545263dcc5ec0996818884fd5fb1"},"breadcrumb":{"@id":"https:\/\/www.noticiasradioreflejos.com.ar\/2021\/los-meteorologos-no-se-ponen-de-acuerdo-sobre-si-continuara-el-fenomeno-climatico-la-nina\/#breadcrumb"},"inLanguage":"es","potentialAction":[{"@type":"ReadAction","target":["https:\/\/www.noticiasradioreflejos.com.ar\/2021\/los-meteorologos-no-se-ponen-de-acuerdo-sobre-si-continuara-el-fenomeno-climatico-la-nina\/"]}]},{"@type":"ImageObject","inLanguage":"es","@id":"https:\/\/www.noticiasradioreflejos.com.ar\/2021\/los-meteorologos-no-se-ponen-de-acuerdo-sobre-si-continuara-el-fenomeno-climatico-la-nina\/#primaryimage","url":"https:\/\/www.noticiasradioreflejos.com.ar\/2021\/wp-content\/uploads\/2022\/03\/rayo-en-el-mar.jpg","contentUrl":"https:\/\/www.noticiasradioreflejos.com.ar\/2021\/wp-content\/uploads\/2022\/03\/rayo-en-el-mar.jpg","width":610,"height":394},{"@type":"BreadcrumbList","@id":"https:\/\/www.noticiasradioreflejos.com.ar\/2021\/los-meteorologos-no-se-ponen-de-acuerdo-sobre-si-continuara-el-fenomeno-climatico-la-nina\/#breadcrumb","itemListElement":[{"@type":"ListItem","position":1,"name":"Portada","item":"https:\/\/www.noticiasradioreflejos.com.ar\/2021\/"},{"@type":"ListItem","position":2,"name":"Los meteor\u00f3logos no se ponen de acuerdo sobre si continuar\u00e1 el fen\u00f3meno clim\u00e1tico La Ni\u00f1a"}]},{"@type":"WebSite","@id":"https:\/\/www.noticiasradioreflejos.com.ar\/2021\/#website","url":"https:\/\/www.noticiasradioreflejos.com.ar\/2021\/","name":"Noticias Radio Reflejos","description":"Las noticias de mi comarca","potentialAction":[{"@type":"SearchAction","target":{"@type":"EntryPoint","urlTemplate":"https:\/\/www.noticiasradioreflejos.com.ar\/2021\/?s={search_term_string}"},"query-input":{"@type":"PropertyValueSpecification","valueRequired":true,"valueName":"search_term_string"}}],"inLanguage":"es"},{"@type":"Person","@id":"https:\/\/www.noticiasradioreflejos.com.ar\/2021\/#\/schema\/person\/ad82545263dcc5ec0996818884fd5fb1","name":"Arnaldo Botto","image":{"@type":"ImageObject","inLanguage":"es","@id":"https:\/\/www.noticiasradioreflejos.com.ar\/2021\/#\/schema\/person\/image\/","url":"https:\/\/secure.gravatar.com\/avatar\/55cb5e37c1efa326397366e6974cb338056df65cb50e7d64d1cf314e87504837?s=96&d=mm&r=g","contentUrl":"https:\/\/secure.gravatar.com\/avatar\/55cb5e37c1efa326397366e6974cb338056df65cb50e7d64d1cf314e87504837?s=96&d=mm&r=g","caption":"Arnaldo Botto"},"url":"https:\/\/www.noticiasradioreflejos.com.ar\/2021\/author\/arnaldo\/"}]}},"_links":{"self":[{"href":"https:\/\/www.noticiasradioreflejos.com.ar\/2021\/wp-json\/wp\/v2\/posts\/69475","targetHints":{"allow":["GET"]}}],"collection":[{"href":"https:\/\/www.noticiasradioreflejos.com.ar\/2021\/wp-json\/wp\/v2\/posts"}],"about":[{"href":"https:\/\/www.noticiasradioreflejos.com.ar\/2021\/wp-json\/wp\/v2\/types\/post"}],"author":[{"embeddable":true,"href":"https:\/\/www.noticiasradioreflejos.com.ar\/2021\/wp-json\/wp\/v2\/users\/3"}],"replies":[{"embeddable":true,"href":"https:\/\/www.noticiasradioreflejos.com.ar\/2021\/wp-json\/wp\/v2\/comments?post=69475"}],"version-history":[{"count":1,"href":"https:\/\/www.noticiasradioreflejos.com.ar\/2021\/wp-json\/wp\/v2\/posts\/69475\/revisions"}],"predecessor-version":[{"id":69477,"href":"https:\/\/www.noticiasradioreflejos.com.ar\/2021\/wp-json\/wp\/v2\/posts\/69475\/revisions\/69477"}],"wp:featuredmedia":[{"embeddable":true,"href":"https:\/\/www.noticiasradioreflejos.com.ar\/2021\/wp-json\/wp\/v2\/media\/69476"}],"wp:attachment":[{"href":"https:\/\/www.noticiasradioreflejos.com.ar\/2021\/wp-json\/wp\/v2\/media?parent=69475"}],"wp:term":[{"taxonomy":"category","embeddable":true,"href":"https:\/\/www.noticiasradioreflejos.com.ar\/2021\/wp-json\/wp\/v2\/categories?post=69475"},{"taxonomy":"post_tag","embeddable":true,"href":"https:\/\/www.noticiasradioreflejos.com.ar\/2021\/wp-json\/wp\/v2\/tags?post=69475"}],"curies":[{"name":"wp","href":"https:\/\/api.w.org\/{rel}","templated":true}]}}