{"id":69469,"date":"2022-03-21T11:10:44","date_gmt":"2022-03-21T11:10:44","guid":{"rendered":"http:\/\/www.noticiasradioreflejos.com.ar\/2021\/?p=69469"},"modified":"2022-03-21T11:10:44","modified_gmt":"2022-03-21T11:10:44","slug":"el-radicalismo-renueva-su-convencion-encargada-de-las-alianzas-electorales-rumbo-a-2023","status":"publish","type":"post","link":"https:\/\/www.noticiasradioreflejos.com.ar\/2021\/el-radicalismo-renueva-su-convencion-encargada-de-las-alianzas-electorales-rumbo-a-2023\/","title":{"rendered":"El radicalismo renueva su Convenci\u00f3n, encargada de las alianzas electorales rumbo a 2023"},"content":{"rendered":"<p>La elecci\u00f3n estar\u00e1 signada por las diferencias que se visibilizaron en la conformaci\u00f3n del Comit\u00e9 Nacional entre el sector del gobernador de Jujuy Gerardo Morales y la l\u00ednea del senador Mart\u00edn Lousteau.<!--more--><\/p>\n<div>\n<div class=\"wrapper-editable-content\">\n<div>\n<div class=\"container-md\">\n<div class=\"row\">\n<div class=\"col-md-12 speak\">\n<div class=\"paragraph\">\n<figure class=\"mb-3\"><img decoding=\"async\" src=\"https:\/\/www.telam.com.ar\/thumbs\/bluesteel\/advf\/imagenes\/2018\/03\/5ab26e691d24b_900.jpg\" alt=\"La UCR renueva uno de sus rganos de gestin \" width=\"100%\" height=\"100%\" \/><\/figure>\n<\/div>\n<\/div>\n<\/div>\n<\/div>\n<\/div>\n<\/div>\n<\/div>\n<div class=\"media-icons\"><\/div>\n<p>La UCR renueva uno de sus \u00f3rganos de gesti\u00f3n.<\/p>\n<p>El radicalismo se apresta a elegir entre fines de abril y principios de mayo a las<strong>\u00a0nuevas autoridades de su Convenci\u00f3n Nacional, uno de los \u00f3rganos de conducci\u00f3n partidaria junto con el Comit\u00e9 Nacional\u00a0<\/strong>y que tiene el rol estrat\u00e9gico de establecer las alianzas electorales para los comicios presidenciales de 2023.<\/p>\n<p>Distintas fuentes partidarias indicaron a T\u00e9lam que, tal como lo indica la carta org\u00e1nica del partido, la importancia de la convenci\u00f3n tiene que ver con el hecho de que\u00a0<strong>establece la pol\u00edtica de alianzas electorales del partido, elabora y sanciona el programa para cada per\u00edodo presidencial y, eventualmente, puede elegir la f\u00f3rmula presidencial<\/strong>\u00a0en caso de que no exista la instancia de las PASO.<\/p>\n<p>Las elecciones de este a\u00f1o de la convenci\u00f3n, a priori,<strong>\u00a0repetir\u00e1n la disputa de poder que se dio durante la elecci\u00f3n de autoridades del Comit\u00e9 Nacional, cuya conducci\u00f3n ejerce desde diciembre el gobernador de Jujuy, Gerardo Morales<\/strong>, tras lograr que una gran mayor\u00eda de representantes de todo el pa\u00eds respaldaran su candidatura<strong>\u00a0<\/strong>frente a la intenci\u00f3n de alzarse con ese puesto del senador\u00a0<strong>Mart\u00edn Lousteau y su l\u00ednea interna, Evoluci\u00f3n.<\/strong><\/p>\n<p>Las diferencias entre el sector del radicalismo mayoritario y Evoluci\u00f3n tambi\u00e9n quedaron plasmadas a fin del a\u00f1o pasado cuando se quebr\u00f3 el bloque de diputados nacionales y se constituyeron dos bancadas: la de la UCR, con 33 diputados y la conducci\u00f3n de Mario Negri, y la de Evoluci\u00f3n, con 12 legisladores y presidida por Rodrigo de Loredo.<\/p>\n<p>Pese a este quiebre en el bloque, la UCR logr\u00f3 consagrar una conducci\u00f3n de unidad en el Comit\u00e9 Nacional y, fruto de este acuerdo, Morales fue designado presidente y Lousteau vicepresidente del centenario partido.<\/p>\n<figure class=\"mb-3\"><img decoding=\"async\" src=\"https:\/\/www.telam.com.ar\/thumbs\/bluesteel\/advf\/imagenes\/2018\/05\/5afc33ff4e056_900.jpg\" alt=\"Jorge Sappia es el actual titular de la Convencin \" width=\"100%\" height=\"100%\" \/><\/p>\n<div class=\"media-icons\"><\/div><figcaption>Jorge Sappia es el actual titular de la Convenci\u00f3n.<\/figcaption><\/figure>\n<p>Los pr\u00f3ximos pasos formales para la elecci\u00f3n de autoridades de la convenci\u00f3n pasan por la<strong>\u00a0convocatoria que tiene que hacer el Comit\u00e9 Nacional para fijar una fecha de renovaci\u00f3n de cargos en el organismo<\/strong>\u00a0que actualmente es presidido por Jorge Sappia.<\/p>\n<p>La convenci\u00f3n es uno de los<strong>\u00a0\u00f3rganos m\u00e1s antiguos del radicalismo<\/strong>\u00a0y est\u00e1 integrada por m\u00e1s de 300 convencionales de todo el pa\u00eds. Cada provincia est\u00e1 representada por un n\u00famero equivalente a la cantidad de diputados y senadores nacionales que tiene cada distrito.<\/p>\n<p>As\u00ed, por ejemplo, la ciudad de Buenos Aires tiene 28 convencionales: el equivalente a la representaci\u00f3n de sus 25 diputados nacionales y tres senadores nacionales.<\/p>\n<p>El sector mayoritario del partido, referenciado en los potenciales candidatos presidenciales Gerardo Morales y Facundo Manes, estar\u00eda de acuerdo en impulsar para el rol de titular de la convenci\u00f3n a\u00a0<strong>Gast\u00f3n Manes, hermano del diputado nacional.<\/strong><\/p>\n<p>Mientras que el sector de Lousteau, Evoluci\u00f3n, se inclinar\u00eda por<strong>\u00a0Hern\u00e1n Rossi, actual funcionario del Ministerio de Desarrollo<\/strong>\u00a0Econ\u00f3mico de la Ciudad.<\/p>\n<p>En la negociaci\u00f3n tambi\u00e9n entrar\u00eda el hist\u00f3rico dirigente partidario Enrique \u00abCoti\u00bb Nosiglia, cercano a Lousteau y a los radicales \u00abporte\u00f1os\u00bb, quien d\u00edas pasados rompi\u00f3 un largo silencio medi\u00e1tico para brindar un reportaje con cuestionamientos al expresidente Mauricio Macri.<\/p>\n<figure class=\"mb-3\"><img decoding=\"async\" src=\"https:\/\/www.telam.com.ar\/thumbs\/bluesteel\/advf\/imagenes\/2021\/12\/61bcfb8929a44_900.jpg\" alt=\"Lousteau y Morales enfrentados en la interna radical Foto Osvaldo Fanton \" width=\"100%\" height=\"100%\" \/><\/p>\n<div class=\"media-icons\"><\/div><figcaption>Lousteau y Morales, enfrentados en la interna radical. Foto: Osvaldo Fanton.<\/figcaption><\/figure>\n<p>En la historia reciente, la convenci\u00f3n radical m\u00e1s recordada es la que se llev\u00f3 a cabo en marzo de 2015 en la ciudad entrerriana de Gualeguaych\u00fa, donde el radicalismo consagr\u00f3 su alianza con el PRO, a\u00fan vigente, y que finalizar\u00eda en el triunfo electoral de Macri en las presidenciales de ese a\u00f1o.<\/p>\n","protected":false},"excerpt":{"rendered":"<p>La elecci\u00f3n estar\u00e1 signada por las diferencias que se visibilizaron en la conformaci\u00f3n del Comit\u00e9 Nacional entre el sector del gobernador de Jujuy Gerardo Morales y la l\u00ednea del senador Mart\u00edn Lousteau.<\/p>\n","protected":false},"author":3,"featured_media":0,"comment_status":"closed","ping_status":"closed","sticky":false,"template":"","format":"standard","meta":{"footnotes":""},"categories":[24],"tags":[],"class_list":["post-69469","post","type-post","status-publish","format-standard","hentry","category-politica"],"yoast_head":"<!-- This site is optimized with the Yoast SEO plugin v25.9 - https:\/\/yoast.com\/wordpress\/plugins\/seo\/ -->\n<title>El radicalismo renueva su Convenci\u00f3n, encargada de las alianzas electorales rumbo a 2023 - Noticias Radio Reflejos<\/title>\n<meta name=\"robots\" content=\"index, follow, max-snippet:-1, max-image-preview:large, max-video-preview:-1\" \/>\n<link rel=\"canonical\" href=\"https:\/\/www.noticiasradioreflejos.com.ar\/2021\/el-radicalismo-renueva-su-convencion-encargada-de-las-alianzas-electorales-rumbo-a-2023\/\" \/>\n<meta property=\"og:locale\" content=\"es_ES\" \/>\n<meta property=\"og:type\" content=\"article\" \/>\n<meta property=\"og:title\" content=\"El radicalismo renueva su Convenci\u00f3n, encargada de las alianzas electorales rumbo a 2023 - Noticias Radio Reflejos\" \/>\n<meta property=\"og:description\" content=\"La elecci\u00f3n estar\u00e1 signada por las diferencias que se visibilizaron en la conformaci\u00f3n del Comit\u00e9 Nacional entre el sector del gobernador de Jujuy Gerardo Morales y la l\u00ednea del senador Mart\u00edn Lousteau.\" \/>\n<meta property=\"og:url\" content=\"https:\/\/www.noticiasradioreflejos.com.ar\/2021\/el-radicalismo-renueva-su-convencion-encargada-de-las-alianzas-electorales-rumbo-a-2023\/\" \/>\n<meta property=\"og:site_name\" content=\"Noticias Radio Reflejos\" \/>\n<meta property=\"article:published_time\" content=\"2022-03-21T11:10:44+00:00\" \/>\n<meta property=\"og:image\" content=\"https:\/\/www.telam.com.ar\/thumbs\/bluesteel\/advf\/imagenes\/2018\/03\/5ab26e691d24b_900.jpg\" \/>\n<meta name=\"author\" content=\"Arnaldo Botto\" \/>\n<meta name=\"twitter:card\" content=\"summary_large_image\" \/>\n<script type=\"application\/ld+json\" class=\"yoast-schema-graph\">{\"@context\":\"https:\/\/schema.org\",\"@graph\":[{\"@type\":\"WebPage\",\"@id\":\"https:\/\/www.noticiasradioreflejos.com.ar\/2021\/el-radicalismo-renueva-su-convencion-encargada-de-las-alianzas-electorales-rumbo-a-2023\/\",\"url\":\"https:\/\/www.noticiasradioreflejos.com.ar\/2021\/el-radicalismo-renueva-su-convencion-encargada-de-las-alianzas-electorales-rumbo-a-2023\/\",\"name\":\"El radicalismo renueva su Convenci\u00f3n, encargada de las alianzas electorales rumbo a 2023 - Noticias Radio Reflejos\",\"isPartOf\":{\"@id\":\"https:\/\/www.noticiasradioreflejos.com.ar\/2021\/#website\"},\"primaryImageOfPage\":{\"@id\":\"https:\/\/www.noticiasradioreflejos.com.ar\/2021\/el-radicalismo-renueva-su-convencion-encargada-de-las-alianzas-electorales-rumbo-a-2023\/#primaryimage\"},\"image\":{\"@id\":\"https:\/\/www.noticiasradioreflejos.com.ar\/2021\/el-radicalismo-renueva-su-convencion-encargada-de-las-alianzas-electorales-rumbo-a-2023\/#primaryimage\"},\"thumbnailUrl\":\"https:\/\/www.telam.com.ar\/thumbs\/bluesteel\/advf\/imagenes\/2018\/03\/5ab26e691d24b_900.jpg\",\"datePublished\":\"2022-03-21T11:10:44+00:00\",\"author\":{\"@id\":\"https:\/\/www.noticiasradioreflejos.com.ar\/2021\/#\/schema\/person\/ad82545263dcc5ec0996818884fd5fb1\"},\"breadcrumb\":{\"@id\":\"https:\/\/www.noticiasradioreflejos.com.ar\/2021\/el-radicalismo-renueva-su-convencion-encargada-de-las-alianzas-electorales-rumbo-a-2023\/#breadcrumb\"},\"inLanguage\":\"es\",\"potentialAction\":[{\"@type\":\"ReadAction\",\"target\":[\"https:\/\/www.noticiasradioreflejos.com.ar\/2021\/el-radicalismo-renueva-su-convencion-encargada-de-las-alianzas-electorales-rumbo-a-2023\/\"]}]},{\"@type\":\"ImageObject\",\"inLanguage\":\"es\",\"@id\":\"https:\/\/www.noticiasradioreflejos.com.ar\/2021\/el-radicalismo-renueva-su-convencion-encargada-de-las-alianzas-electorales-rumbo-a-2023\/#primaryimage\",\"url\":\"https:\/\/www.telam.com.ar\/thumbs\/bluesteel\/advf\/imagenes\/2018\/03\/5ab26e691d24b_900.jpg\",\"contentUrl\":\"https:\/\/www.telam.com.ar\/thumbs\/bluesteel\/advf\/imagenes\/2018\/03\/5ab26e691d24b_900.jpg\"},{\"@type\":\"BreadcrumbList\",\"@id\":\"https:\/\/www.noticiasradioreflejos.com.ar\/2021\/el-radicalismo-renueva-su-convencion-encargada-de-las-alianzas-electorales-rumbo-a-2023\/#breadcrumb\",\"itemListElement\":[{\"@type\":\"ListItem\",\"position\":1,\"name\":\"Portada\",\"item\":\"https:\/\/www.noticiasradioreflejos.com.ar\/2021\/\"},{\"@type\":\"ListItem\",\"position\":2,\"name\":\"El radicalismo renueva su Convenci\u00f3n, encargada de las alianzas electorales rumbo a 2023\"}]},{\"@type\":\"WebSite\",\"@id\":\"https:\/\/www.noticiasradioreflejos.com.ar\/2021\/#website\",\"url\":\"https:\/\/www.noticiasradioreflejos.com.ar\/2021\/\",\"name\":\"Noticias Radio Reflejos\",\"description\":\"Las noticias de mi comarca\",\"potentialAction\":[{\"@type\":\"SearchAction\",\"target\":{\"@type\":\"EntryPoint\",\"urlTemplate\":\"https:\/\/www.noticiasradioreflejos.com.ar\/2021\/?s={search_term_string}\"},\"query-input\":{\"@type\":\"PropertyValueSpecification\",\"valueRequired\":true,\"valueName\":\"search_term_string\"}}],\"inLanguage\":\"es\"},{\"@type\":\"Person\",\"@id\":\"https:\/\/www.noticiasradioreflejos.com.ar\/2021\/#\/schema\/person\/ad82545263dcc5ec0996818884fd5fb1\",\"name\":\"Arnaldo Botto\",\"image\":{\"@type\":\"ImageObject\",\"inLanguage\":\"es\",\"@id\":\"https:\/\/www.noticiasradioreflejos.com.ar\/2021\/#\/schema\/person\/image\/\",\"url\":\"https:\/\/secure.gravatar.com\/avatar\/55cb5e37c1efa326397366e6974cb338056df65cb50e7d64d1cf314e87504837?s=96&d=mm&r=g\",\"contentUrl\":\"https:\/\/secure.gravatar.com\/avatar\/55cb5e37c1efa326397366e6974cb338056df65cb50e7d64d1cf314e87504837?s=96&d=mm&r=g\",\"caption\":\"Arnaldo Botto\"},\"url\":\"https:\/\/www.noticiasradioreflejos.com.ar\/2021\/author\/arnaldo\/\"}]}<\/script>\n<!-- \/ Yoast SEO plugin. -->","yoast_head_json":{"title":"El radicalismo renueva su Convenci\u00f3n, encargada de las alianzas electorales rumbo a 2023 - Noticias Radio Reflejos","robots":{"index":"index","follow":"follow","max-snippet":"max-snippet:-1","max-image-preview":"max-image-preview:large","max-video-preview":"max-video-preview:-1"},"canonical":"https:\/\/www.noticiasradioreflejos.com.ar\/2021\/el-radicalismo-renueva-su-convencion-encargada-de-las-alianzas-electorales-rumbo-a-2023\/","og_locale":"es_ES","og_type":"article","og_title":"El radicalismo renueva su Convenci\u00f3n, encargada de las alianzas electorales rumbo a 2023 - Noticias Radio Reflejos","og_description":"La elecci\u00f3n estar\u00e1 signada por las diferencias que se visibilizaron en la conformaci\u00f3n del Comit\u00e9 Nacional entre el sector del gobernador de Jujuy Gerardo Morales y la l\u00ednea del senador Mart\u00edn Lousteau.","og_url":"https:\/\/www.noticiasradioreflejos.com.ar\/2021\/el-radicalismo-renueva-su-convencion-encargada-de-las-alianzas-electorales-rumbo-a-2023\/","og_site_name":"Noticias Radio Reflejos","article_published_time":"2022-03-21T11:10:44+00:00","og_image":[{"url":"https:\/\/www.telam.com.ar\/thumbs\/bluesteel\/advf\/imagenes\/2018\/03\/5ab26e691d24b_900.jpg","type":"","width":"","height":""}],"author":"Arnaldo Botto","twitter_card":"summary_large_image","schema":{"@context":"https:\/\/schema.org","@graph":[{"@type":"WebPage","@id":"https:\/\/www.noticiasradioreflejos.com.ar\/2021\/el-radicalismo-renueva-su-convencion-encargada-de-las-alianzas-electorales-rumbo-a-2023\/","url":"https:\/\/www.noticiasradioreflejos.com.ar\/2021\/el-radicalismo-renueva-su-convencion-encargada-de-las-alianzas-electorales-rumbo-a-2023\/","name":"El radicalismo renueva su Convenci\u00f3n, encargada de las alianzas electorales rumbo a 2023 - Noticias Radio Reflejos","isPartOf":{"@id":"https:\/\/www.noticiasradioreflejos.com.ar\/2021\/#website"},"primaryImageOfPage":{"@id":"https:\/\/www.noticiasradioreflejos.com.ar\/2021\/el-radicalismo-renueva-su-convencion-encargada-de-las-alianzas-electorales-rumbo-a-2023\/#primaryimage"},"image":{"@id":"https:\/\/www.noticiasradioreflejos.com.ar\/2021\/el-radicalismo-renueva-su-convencion-encargada-de-las-alianzas-electorales-rumbo-a-2023\/#primaryimage"},"thumbnailUrl":"https:\/\/www.telam.com.ar\/thumbs\/bluesteel\/advf\/imagenes\/2018\/03\/5ab26e691d24b_900.jpg","datePublished":"2022-03-21T11:10:44+00:00","author":{"@id":"https:\/\/www.noticiasradioreflejos.com.ar\/2021\/#\/schema\/person\/ad82545263dcc5ec0996818884fd5fb1"},"breadcrumb":{"@id":"https:\/\/www.noticiasradioreflejos.com.ar\/2021\/el-radicalismo-renueva-su-convencion-encargada-de-las-alianzas-electorales-rumbo-a-2023\/#breadcrumb"},"inLanguage":"es","potentialAction":[{"@type":"ReadAction","target":["https:\/\/www.noticiasradioreflejos.com.ar\/2021\/el-radicalismo-renueva-su-convencion-encargada-de-las-alianzas-electorales-rumbo-a-2023\/"]}]},{"@type":"ImageObject","inLanguage":"es","@id":"https:\/\/www.noticiasradioreflejos.com.ar\/2021\/el-radicalismo-renueva-su-convencion-encargada-de-las-alianzas-electorales-rumbo-a-2023\/#primaryimage","url":"https:\/\/www.telam.com.ar\/thumbs\/bluesteel\/advf\/imagenes\/2018\/03\/5ab26e691d24b_900.jpg","contentUrl":"https:\/\/www.telam.com.ar\/thumbs\/bluesteel\/advf\/imagenes\/2018\/03\/5ab26e691d24b_900.jpg"},{"@type":"BreadcrumbList","@id":"https:\/\/www.noticiasradioreflejos.com.ar\/2021\/el-radicalismo-renueva-su-convencion-encargada-de-las-alianzas-electorales-rumbo-a-2023\/#breadcrumb","itemListElement":[{"@type":"ListItem","position":1,"name":"Portada","item":"https:\/\/www.noticiasradioreflejos.com.ar\/2021\/"},{"@type":"ListItem","position":2,"name":"El radicalismo renueva su Convenci\u00f3n, encargada de las alianzas electorales rumbo a 2023"}]},{"@type":"WebSite","@id":"https:\/\/www.noticiasradioreflejos.com.ar\/2021\/#website","url":"https:\/\/www.noticiasradioreflejos.com.ar\/2021\/","name":"Noticias Radio Reflejos","description":"Las noticias de mi comarca","potentialAction":[{"@type":"SearchAction","target":{"@type":"EntryPoint","urlTemplate":"https:\/\/www.noticiasradioreflejos.com.ar\/2021\/?s={search_term_string}"},"query-input":{"@type":"PropertyValueSpecification","valueRequired":true,"valueName":"search_term_string"}}],"inLanguage":"es"},{"@type":"Person","@id":"https:\/\/www.noticiasradioreflejos.com.ar\/2021\/#\/schema\/person\/ad82545263dcc5ec0996818884fd5fb1","name":"Arnaldo Botto","image":{"@type":"ImageObject","inLanguage":"es","@id":"https:\/\/www.noticiasradioreflejos.com.ar\/2021\/#\/schema\/person\/image\/","url":"https:\/\/secure.gravatar.com\/avatar\/55cb5e37c1efa326397366e6974cb338056df65cb50e7d64d1cf314e87504837?s=96&d=mm&r=g","contentUrl":"https:\/\/secure.gravatar.com\/avatar\/55cb5e37c1efa326397366e6974cb338056df65cb50e7d64d1cf314e87504837?s=96&d=mm&r=g","caption":"Arnaldo Botto"},"url":"https:\/\/www.noticiasradioreflejos.com.ar\/2021\/author\/arnaldo\/"}]}},"_links":{"self":[{"href":"https:\/\/www.noticiasradioreflejos.com.ar\/2021\/wp-json\/wp\/v2\/posts\/69469","targetHints":{"allow":["GET"]}}],"collection":[{"href":"https:\/\/www.noticiasradioreflejos.com.ar\/2021\/wp-json\/wp\/v2\/posts"}],"about":[{"href":"https:\/\/www.noticiasradioreflejos.com.ar\/2021\/wp-json\/wp\/v2\/types\/post"}],"author":[{"embeddable":true,"href":"https:\/\/www.noticiasradioreflejos.com.ar\/2021\/wp-json\/wp\/v2\/users\/3"}],"replies":[{"embeddable":true,"href":"https:\/\/www.noticiasradioreflejos.com.ar\/2021\/wp-json\/wp\/v2\/comments?post=69469"}],"version-history":[{"count":1,"href":"https:\/\/www.noticiasradioreflejos.com.ar\/2021\/wp-json\/wp\/v2\/posts\/69469\/revisions"}],"predecessor-version":[{"id":69471,"href":"https:\/\/www.noticiasradioreflejos.com.ar\/2021\/wp-json\/wp\/v2\/posts\/69469\/revisions\/69471"}],"wp:attachment":[{"href":"https:\/\/www.noticiasradioreflejos.com.ar\/2021\/wp-json\/wp\/v2\/media?parent=69469"}],"wp:term":[{"taxonomy":"category","embeddable":true,"href":"https:\/\/www.noticiasradioreflejos.com.ar\/2021\/wp-json\/wp\/v2\/categories?post=69469"},{"taxonomy":"post_tag","embeddable":true,"href":"https:\/\/www.noticiasradioreflejos.com.ar\/2021\/wp-json\/wp\/v2\/tags?post=69469"}],"curies":[{"name":"wp","href":"https:\/\/api.w.org\/{rel}","templated":true}]}}