{"id":69463,"date":"2022-03-21T11:06:01","date_gmt":"2022-03-21T11:06:01","guid":{"rendered":"http:\/\/www.noticiasradioreflejos.com.ar\/2021\/?p=69463"},"modified":"2022-03-21T11:06:01","modified_gmt":"2022-03-21T11:06:01","slug":"milei-dijo-que-ira-por-la-carrera-presidencial-y-critico-a-las-palomitas-tibias-de-jxc","status":"publish","type":"post","link":"https:\/\/www.noticiasradioreflejos.com.ar\/2021\/milei-dijo-que-ira-por-la-carrera-presidencial-y-critico-a-las-palomitas-tibias-de-jxc\/","title":{"rendered":"Milei dijo que ir\u00e1 \u00abpor la carrera presidencial\u00bb y critic\u00f3 a las \u00abpalomitas tibias de JxC\u00bb"},"content":{"rendered":"<p>\u00abYo estoy dispuesto a correr por la carrera presidencial y de hecho ya tengo armado el gabinete en las sombras. Por ahora tengo cuatro ministerios y los voy a seguir ampliando, definitivamente\u00bb, asegur\u00f3 el diputado en una entrevista televisiva.<br \/>\n<!--more--><\/p>\n<div class=\"wrapper-editable-content\">\n<div>\n<div class=\"container-md\">\n<div class=\"row\">\n<div class=\"col-md-12 speak\">\n<div class=\"paragraph\">\n<figure class=\"mb-3\"><img decoding=\"async\" src=\"https:\/\/www.telam.com.ar\/thumbs\/bluesteel\/advf\/imagenes\/2022\/03\/622a6d2a81efe_900.jpg\" alt=\"Foto Raul Ferrari\" width=\"100%\" height=\"100%\" \/><\/p>\n<div class=\"media-icons\"><\/div><figcaption>(Foto Raul Ferrari)<\/figcaption><\/figure>\n<p>El diputado nacional de La Libertad Avanza J<strong>avier Milei<\/strong>\u00a0afirm\u00f3 este domingo que est\u00e1 \u00ab<strong>dispuesto a correr por la carrera presidencial<\/strong>\u00bb y que tiene \u00abarmado el gabinete en las sombras\u00bb, y sostuvo que \u00abno puede tener nada con el ala de las &#8216;palomitas tibias&#8217; de Juntos por el Cambio\u00bb, en una entrevista brindada al canal Metro.<\/p>\n<p>Al ser consultado sobre una posible f\u00f3rmula con la titular del Pro y exministra de Seguridad,\u00a0<strong>Patricia Bullrich<\/strong>, respondi\u00f3 que no ser\u00eda \u00abdentro de Juntos por el Cambio\u00bb.<\/p>\n<p>\u00abYo no puedo tener nada con la Uni\u00f3n C\u00edvica Radical, es la Internacional Socialista. No puedo tener nada con la Coalici\u00f3n C\u00edvica, son m\u00e1s de izquierda que los radicales.\u00a0<strong>No puedo tener nada con el ala de las palomitas tibias de Juntos por el Cambio<\/strong>\u00ab, explic\u00f3 el referente del Partido Libertario.<\/p>\n<p>Al mismo tiempo, consider\u00f3 que tanto el jefe de Gobierno porte\u00f1o,\u00a0<strong>Horacio Rodr\u00edguez Larreta<\/strong>, como la exgobernadora bonaerense\u00a0<strong>Mar\u00eda Eugenia Vidal<\/strong>\u00a0\u00abson socialdem\u00f3cratas\u00bb y por ende \u00abm\u00e1s peligrosos que los otros\u00bb, en alusi\u00f3n al kirchnerismo, \u00abque por lo menos -dijo- son m\u00e1s sinceros\u00bb.<\/p>\n<p>Asimismo, exhort\u00f3 a quienes \u00abponen a la libertad en el centro de la escena\u00bb a asociarse entre s\u00ed y nombr\u00f3 al \u00abperonismo federal, el peronismo republicano, el menemismo\u00bb y a los llamados \u00abhalcones\u00bb -el ala dura derecha del macrismo- aunque volvi\u00f3 a enfatizar en que una posible alianza \u00abdepender\u00eda que esa parte\u00bb abandonara \u00abJuntos por el Cambio\u00bb.<\/p>\n<\/div>\n<\/div>\n<\/div>\n<\/div>\n<\/div>\n<\/div>\n","protected":false},"excerpt":{"rendered":"<p>\u00abYo estoy dispuesto a correr por la carrera presidencial y de hecho ya tengo armado el gabinete en las sombras. Por ahora tengo cuatro ministerios y los voy a seguir ampliando, definitivamente\u00bb, asegur\u00f3 el diputado en una entrevista televisiva.<\/p>\n","protected":false},"author":3,"featured_media":0,"comment_status":"closed","ping_status":"closed","sticky":false,"template":"","format":"standard","meta":{"footnotes":""},"categories":[24],"tags":[],"class_list":["post-69463","post","type-post","status-publish","format-standard","hentry","category-politica"],"yoast_head":"<!-- This site is optimized with the Yoast SEO plugin v25.9 - https:\/\/yoast.com\/wordpress\/plugins\/seo\/ -->\n<title>Milei dijo que ir\u00e1 &quot;por la carrera presidencial&quot; y critic\u00f3 a las &quot;palomitas tibias de JxC&quot; - Noticias Radio Reflejos<\/title>\n<meta name=\"robots\" content=\"index, follow, max-snippet:-1, max-image-preview:large, max-video-preview:-1\" \/>\n<link rel=\"canonical\" href=\"https:\/\/www.noticiasradioreflejos.com.ar\/2021\/milei-dijo-que-ira-por-la-carrera-presidencial-y-critico-a-las-palomitas-tibias-de-jxc\/\" \/>\n<meta property=\"og:locale\" content=\"es_ES\" \/>\n<meta property=\"og:type\" content=\"article\" \/>\n<meta property=\"og:title\" content=\"Milei dijo que ir\u00e1 &quot;por la carrera presidencial&quot; y critic\u00f3 a las &quot;palomitas tibias de JxC&quot; - Noticias Radio Reflejos\" \/>\n<meta property=\"og:description\" content=\"\u00abYo estoy dispuesto a correr por la carrera presidencial y de hecho ya tengo armado el gabinete en las sombras. Por ahora tengo cuatro ministerios y los voy a seguir ampliando, definitivamente\u00bb, asegur\u00f3 el diputado en una entrevista televisiva.\" \/>\n<meta property=\"og:url\" content=\"https:\/\/www.noticiasradioreflejos.com.ar\/2021\/milei-dijo-que-ira-por-la-carrera-presidencial-y-critico-a-las-palomitas-tibias-de-jxc\/\" \/>\n<meta property=\"og:site_name\" content=\"Noticias Radio Reflejos\" \/>\n<meta property=\"article:published_time\" content=\"2022-03-21T11:06:01+00:00\" \/>\n<meta property=\"og:image\" content=\"https:\/\/www.telam.com.ar\/thumbs\/bluesteel\/advf\/imagenes\/2022\/03\/622a6d2a81efe_900.jpg\" \/>\n<meta name=\"author\" content=\"Arnaldo Botto\" \/>\n<meta name=\"twitter:card\" content=\"summary_large_image\" \/>\n<script type=\"application\/ld+json\" class=\"yoast-schema-graph\">{\"@context\":\"https:\/\/schema.org\",\"@graph\":[{\"@type\":\"WebPage\",\"@id\":\"https:\/\/www.noticiasradioreflejos.com.ar\/2021\/milei-dijo-que-ira-por-la-carrera-presidencial-y-critico-a-las-palomitas-tibias-de-jxc\/\",\"url\":\"https:\/\/www.noticiasradioreflejos.com.ar\/2021\/milei-dijo-que-ira-por-la-carrera-presidencial-y-critico-a-las-palomitas-tibias-de-jxc\/\",\"name\":\"Milei dijo que ir\u00e1 \\\"por la carrera presidencial\\\" y critic\u00f3 a las \\\"palomitas tibias de JxC\\\" - Noticias Radio Reflejos\",\"isPartOf\":{\"@id\":\"https:\/\/www.noticiasradioreflejos.com.ar\/2021\/#website\"},\"primaryImageOfPage\":{\"@id\":\"https:\/\/www.noticiasradioreflejos.com.ar\/2021\/milei-dijo-que-ira-por-la-carrera-presidencial-y-critico-a-las-palomitas-tibias-de-jxc\/#primaryimage\"},\"image\":{\"@id\":\"https:\/\/www.noticiasradioreflejos.com.ar\/2021\/milei-dijo-que-ira-por-la-carrera-presidencial-y-critico-a-las-palomitas-tibias-de-jxc\/#primaryimage\"},\"thumbnailUrl\":\"https:\/\/www.telam.com.ar\/thumbs\/bluesteel\/advf\/imagenes\/2022\/03\/622a6d2a81efe_900.jpg\",\"datePublished\":\"2022-03-21T11:06:01+00:00\",\"author\":{\"@id\":\"https:\/\/www.noticiasradioreflejos.com.ar\/2021\/#\/schema\/person\/ad82545263dcc5ec0996818884fd5fb1\"},\"breadcrumb\":{\"@id\":\"https:\/\/www.noticiasradioreflejos.com.ar\/2021\/milei-dijo-que-ira-por-la-carrera-presidencial-y-critico-a-las-palomitas-tibias-de-jxc\/#breadcrumb\"},\"inLanguage\":\"es\",\"potentialAction\":[{\"@type\":\"ReadAction\",\"target\":[\"https:\/\/www.noticiasradioreflejos.com.ar\/2021\/milei-dijo-que-ira-por-la-carrera-presidencial-y-critico-a-las-palomitas-tibias-de-jxc\/\"]}]},{\"@type\":\"ImageObject\",\"inLanguage\":\"es\",\"@id\":\"https:\/\/www.noticiasradioreflejos.com.ar\/2021\/milei-dijo-que-ira-por-la-carrera-presidencial-y-critico-a-las-palomitas-tibias-de-jxc\/#primaryimage\",\"url\":\"https:\/\/www.telam.com.ar\/thumbs\/bluesteel\/advf\/imagenes\/2022\/03\/622a6d2a81efe_900.jpg\",\"contentUrl\":\"https:\/\/www.telam.com.ar\/thumbs\/bluesteel\/advf\/imagenes\/2022\/03\/622a6d2a81efe_900.jpg\"},{\"@type\":\"BreadcrumbList\",\"@id\":\"https:\/\/www.noticiasradioreflejos.com.ar\/2021\/milei-dijo-que-ira-por-la-carrera-presidencial-y-critico-a-las-palomitas-tibias-de-jxc\/#breadcrumb\",\"itemListElement\":[{\"@type\":\"ListItem\",\"position\":1,\"name\":\"Portada\",\"item\":\"https:\/\/www.noticiasradioreflejos.com.ar\/2021\/\"},{\"@type\":\"ListItem\",\"position\":2,\"name\":\"Milei dijo que ir\u00e1 \u00abpor la carrera presidencial\u00bb y critic\u00f3 a las \u00abpalomitas tibias de JxC\u00bb\"}]},{\"@type\":\"WebSite\",\"@id\":\"https:\/\/www.noticiasradioreflejos.com.ar\/2021\/#website\",\"url\":\"https:\/\/www.noticiasradioreflejos.com.ar\/2021\/\",\"name\":\"Noticias Radio Reflejos\",\"description\":\"Las noticias de mi comarca\",\"potentialAction\":[{\"@type\":\"SearchAction\",\"target\":{\"@type\":\"EntryPoint\",\"urlTemplate\":\"https:\/\/www.noticiasradioreflejos.com.ar\/2021\/?s={search_term_string}\"},\"query-input\":{\"@type\":\"PropertyValueSpecification\",\"valueRequired\":true,\"valueName\":\"search_term_string\"}}],\"inLanguage\":\"es\"},{\"@type\":\"Person\",\"@id\":\"https:\/\/www.noticiasradioreflejos.com.ar\/2021\/#\/schema\/person\/ad82545263dcc5ec0996818884fd5fb1\",\"name\":\"Arnaldo Botto\",\"image\":{\"@type\":\"ImageObject\",\"inLanguage\":\"es\",\"@id\":\"https:\/\/www.noticiasradioreflejos.com.ar\/2021\/#\/schema\/person\/image\/\",\"url\":\"https:\/\/secure.gravatar.com\/avatar\/55cb5e37c1efa326397366e6974cb338056df65cb50e7d64d1cf314e87504837?s=96&d=mm&r=g\",\"contentUrl\":\"https:\/\/secure.gravatar.com\/avatar\/55cb5e37c1efa326397366e6974cb338056df65cb50e7d64d1cf314e87504837?s=96&d=mm&r=g\",\"caption\":\"Arnaldo Botto\"},\"url\":\"https:\/\/www.noticiasradioreflejos.com.ar\/2021\/author\/arnaldo\/\"}]}<\/script>\n<!-- \/ Yoast SEO plugin. -->","yoast_head_json":{"title":"Milei dijo que ir\u00e1 \"por la carrera presidencial\" y critic\u00f3 a las \"palomitas tibias de JxC\" - Noticias Radio Reflejos","robots":{"index":"index","follow":"follow","max-snippet":"max-snippet:-1","max-image-preview":"max-image-preview:large","max-video-preview":"max-video-preview:-1"},"canonical":"https:\/\/www.noticiasradioreflejos.com.ar\/2021\/milei-dijo-que-ira-por-la-carrera-presidencial-y-critico-a-las-palomitas-tibias-de-jxc\/","og_locale":"es_ES","og_type":"article","og_title":"Milei dijo que ir\u00e1 \"por la carrera presidencial\" y critic\u00f3 a las \"palomitas tibias de JxC\" - Noticias Radio Reflejos","og_description":"\u00abYo estoy dispuesto a correr por la carrera presidencial y de hecho ya tengo armado el gabinete en las sombras. Por ahora tengo cuatro ministerios y los voy a seguir ampliando, definitivamente\u00bb, asegur\u00f3 el diputado en una entrevista televisiva.","og_url":"https:\/\/www.noticiasradioreflejos.com.ar\/2021\/milei-dijo-que-ira-por-la-carrera-presidencial-y-critico-a-las-palomitas-tibias-de-jxc\/","og_site_name":"Noticias Radio Reflejos","article_published_time":"2022-03-21T11:06:01+00:00","og_image":[{"url":"https:\/\/www.telam.com.ar\/thumbs\/bluesteel\/advf\/imagenes\/2022\/03\/622a6d2a81efe_900.jpg","type":"","width":"","height":""}],"author":"Arnaldo Botto","twitter_card":"summary_large_image","schema":{"@context":"https:\/\/schema.org","@graph":[{"@type":"WebPage","@id":"https:\/\/www.noticiasradioreflejos.com.ar\/2021\/milei-dijo-que-ira-por-la-carrera-presidencial-y-critico-a-las-palomitas-tibias-de-jxc\/","url":"https:\/\/www.noticiasradioreflejos.com.ar\/2021\/milei-dijo-que-ira-por-la-carrera-presidencial-y-critico-a-las-palomitas-tibias-de-jxc\/","name":"Milei dijo que ir\u00e1 \"por la carrera presidencial\" y critic\u00f3 a las \"palomitas tibias de JxC\" - Noticias Radio Reflejos","isPartOf":{"@id":"https:\/\/www.noticiasradioreflejos.com.ar\/2021\/#website"},"primaryImageOfPage":{"@id":"https:\/\/www.noticiasradioreflejos.com.ar\/2021\/milei-dijo-que-ira-por-la-carrera-presidencial-y-critico-a-las-palomitas-tibias-de-jxc\/#primaryimage"},"image":{"@id":"https:\/\/www.noticiasradioreflejos.com.ar\/2021\/milei-dijo-que-ira-por-la-carrera-presidencial-y-critico-a-las-palomitas-tibias-de-jxc\/#primaryimage"},"thumbnailUrl":"https:\/\/www.telam.com.ar\/thumbs\/bluesteel\/advf\/imagenes\/2022\/03\/622a6d2a81efe_900.jpg","datePublished":"2022-03-21T11:06:01+00:00","author":{"@id":"https:\/\/www.noticiasradioreflejos.com.ar\/2021\/#\/schema\/person\/ad82545263dcc5ec0996818884fd5fb1"},"breadcrumb":{"@id":"https:\/\/www.noticiasradioreflejos.com.ar\/2021\/milei-dijo-que-ira-por-la-carrera-presidencial-y-critico-a-las-palomitas-tibias-de-jxc\/#breadcrumb"},"inLanguage":"es","potentialAction":[{"@type":"ReadAction","target":["https:\/\/www.noticiasradioreflejos.com.ar\/2021\/milei-dijo-que-ira-por-la-carrera-presidencial-y-critico-a-las-palomitas-tibias-de-jxc\/"]}]},{"@type":"ImageObject","inLanguage":"es","@id":"https:\/\/www.noticiasradioreflejos.com.ar\/2021\/milei-dijo-que-ira-por-la-carrera-presidencial-y-critico-a-las-palomitas-tibias-de-jxc\/#primaryimage","url":"https:\/\/www.telam.com.ar\/thumbs\/bluesteel\/advf\/imagenes\/2022\/03\/622a6d2a81efe_900.jpg","contentUrl":"https:\/\/www.telam.com.ar\/thumbs\/bluesteel\/advf\/imagenes\/2022\/03\/622a6d2a81efe_900.jpg"},{"@type":"BreadcrumbList","@id":"https:\/\/www.noticiasradioreflejos.com.ar\/2021\/milei-dijo-que-ira-por-la-carrera-presidencial-y-critico-a-las-palomitas-tibias-de-jxc\/#breadcrumb","itemListElement":[{"@type":"ListItem","position":1,"name":"Portada","item":"https:\/\/www.noticiasradioreflejos.com.ar\/2021\/"},{"@type":"ListItem","position":2,"name":"Milei dijo que ir\u00e1 \u00abpor la carrera presidencial\u00bb y critic\u00f3 a las \u00abpalomitas tibias de JxC\u00bb"}]},{"@type":"WebSite","@id":"https:\/\/www.noticiasradioreflejos.com.ar\/2021\/#website","url":"https:\/\/www.noticiasradioreflejos.com.ar\/2021\/","name":"Noticias Radio Reflejos","description":"Las noticias de mi comarca","potentialAction":[{"@type":"SearchAction","target":{"@type":"EntryPoint","urlTemplate":"https:\/\/www.noticiasradioreflejos.com.ar\/2021\/?s={search_term_string}"},"query-input":{"@type":"PropertyValueSpecification","valueRequired":true,"valueName":"search_term_string"}}],"inLanguage":"es"},{"@type":"Person","@id":"https:\/\/www.noticiasradioreflejos.com.ar\/2021\/#\/schema\/person\/ad82545263dcc5ec0996818884fd5fb1","name":"Arnaldo Botto","image":{"@type":"ImageObject","inLanguage":"es","@id":"https:\/\/www.noticiasradioreflejos.com.ar\/2021\/#\/schema\/person\/image\/","url":"https:\/\/secure.gravatar.com\/avatar\/55cb5e37c1efa326397366e6974cb338056df65cb50e7d64d1cf314e87504837?s=96&d=mm&r=g","contentUrl":"https:\/\/secure.gravatar.com\/avatar\/55cb5e37c1efa326397366e6974cb338056df65cb50e7d64d1cf314e87504837?s=96&d=mm&r=g","caption":"Arnaldo Botto"},"url":"https:\/\/www.noticiasradioreflejos.com.ar\/2021\/author\/arnaldo\/"}]}},"_links":{"self":[{"href":"https:\/\/www.noticiasradioreflejos.com.ar\/2021\/wp-json\/wp\/v2\/posts\/69463","targetHints":{"allow":["GET"]}}],"collection":[{"href":"https:\/\/www.noticiasradioreflejos.com.ar\/2021\/wp-json\/wp\/v2\/posts"}],"about":[{"href":"https:\/\/www.noticiasradioreflejos.com.ar\/2021\/wp-json\/wp\/v2\/types\/post"}],"author":[{"embeddable":true,"href":"https:\/\/www.noticiasradioreflejos.com.ar\/2021\/wp-json\/wp\/v2\/users\/3"}],"replies":[{"embeddable":true,"href":"https:\/\/www.noticiasradioreflejos.com.ar\/2021\/wp-json\/wp\/v2\/comments?post=69463"}],"version-history":[{"count":1,"href":"https:\/\/www.noticiasradioreflejos.com.ar\/2021\/wp-json\/wp\/v2\/posts\/69463\/revisions"}],"predecessor-version":[{"id":69465,"href":"https:\/\/www.noticiasradioreflejos.com.ar\/2021\/wp-json\/wp\/v2\/posts\/69463\/revisions\/69465"}],"wp:attachment":[{"href":"https:\/\/www.noticiasradioreflejos.com.ar\/2021\/wp-json\/wp\/v2\/media?parent=69463"}],"wp:term":[{"taxonomy":"category","embeddable":true,"href":"https:\/\/www.noticiasradioreflejos.com.ar\/2021\/wp-json\/wp\/v2\/categories?post=69463"},{"taxonomy":"post_tag","embeddable":true,"href":"https:\/\/www.noticiasradioreflejos.com.ar\/2021\/wp-json\/wp\/v2\/tags?post=69463"}],"curies":[{"name":"wp","href":"https:\/\/api.w.org\/{rel}","templated":true}]}}