{"id":69457,"date":"2022-03-21T10:37:00","date_gmt":"2022-03-21T10:37:00","guid":{"rendered":"http:\/\/www.noticiasradioreflejos.com.ar\/2021\/?p=69457"},"modified":"2022-03-21T10:40:00","modified_gmt":"2022-03-21T10:40:00","slug":"el-intendente-bordoni-participo-de-los-festejos-por-los-25-anos-del-jirimm-na908","status":"publish","type":"post","link":"https:\/\/www.noticiasradioreflejos.com.ar\/2021\/el-intendente-bordoni-participo-de-los-festejos-por-los-25-anos-del-jirimm-na908\/","title":{"rendered":"El intendente Bordoni particip\u00f3 de los festejos por los 25 a\u00f1os del JIRIMM N\u00aa908"},"content":{"rendered":"<p>La comunidad educativa del Jard\u00edn de Paraje Sauce Chico, celebr\u00f3 el pasado viernes su 25 aniversario, con un acto que se desarroll\u00f3 en las instalaciones del establecimiento, con una gran cantidad de asistentes.<!--more--><\/p>\n<p><a title=\"25 aniv. J 908 (6)\" href=\"https:\/\/www.flickr.com\/photos\/182279889@N02\/51950848347\/in\/dateposted-public\/\" data-flickr-embed=\"true\"><img loading=\"lazy\" decoding=\"async\" class=\"aligncenter\" src=\"https:\/\/live.staticflickr.com\/65535\/51950848347_298aa77938_z.jpg\" alt=\"25 aniv. J 908 (6)\" width=\"640\" height=\"427\" \/><\/a><script async src=\"\/\/embedr.flickr.com\/assets\/client-code.js\" charset=\"utf-8\"><\/script><\/p>\n<p>La jornada cont\u00f3 con la presencia del intendente municipal Sergio Bordoni, que estuvo acompa\u00f1ado por el Secretario de Gobierno y Seguridad, Ezequiel Gabella, y la Delegada de Chasic\u00f3, Betiana Cardelli Dupuy.<\/p>\n<p>El jefe comunal, en su alocuci\u00f3n destac\u00f3 el compromiso de los docentes y directivos que han pasado a lo largo de los 25 a\u00f1os por la instituci\u00f3n, resaltando la vocaci\u00f3n de servicio y la responsabilidad de cada uno, ya que no es f\u00e1cil ser docente y mas aun en el \u00e1mbito rural.<\/p>\n<p><a title=\"25 aniv. J 908 (5)\" href=\"https:\/\/www.flickr.com\/photos\/182279889@N02\/51950848422\/in\/dateposted-public\/\" data-flickr-embed=\"true\"><img loading=\"lazy\" decoding=\"async\" class=\"aligncenter\" src=\"https:\/\/live.staticflickr.com\/65535\/51950848422_3667556116_z.jpg\" alt=\"25 aniv. J 908 (5)\" width=\"640\" height=\"427\" \/><\/a><script async src=\"\/\/embedr.flickr.com\/assets\/client-code.js\" charset=\"utf-8\"><\/script><\/p>\n<p>Luego de la parte protocolar y recreativa de los festejos por las bodas de plata del jard\u00edn, Bordoni junto a las autoridades educativas disfrutaron de un catering organizado por la cooperadora de la instituci\u00f3n.<\/p>\n<p>Estuvieron presentes: la Inspectora Jefe de Regi\u00f3n Educativa 23, Valeria Visotsky la Directora del establecimiento Patricia Birba, la Inspectora del Nivel Inicial, Mar\u00eda Rosa Gonz\u00e1lez; la Inspectora de Nivel Primario Carina Pereyra, el Presidente del Consejo Escolar, Gabriel Dorado y la Presidente del Honorable Concejo Deliberante, Sandra Kifer.<\/p>\n<p><a data-flickr-embed=\"true\" href=\"https:\/\/www.flickr.com\/photos\/182279889@N02\/51952139489\/in\/dateposted-public\/\" title=\"25 aniv. J 908 (3)\"><img loading=\"lazy\" decoding=\"async\" src=\"https:\/\/live.staticflickr.com\/65535\/51952139489_11497afb10_z.jpg\" width=\"640\" height=\"427\" alt=\"25 aniv. J 908 (3)\"><\/a><script async src=\"\/\/embedr.flickr.com\/assets\/client-code.js\" charset=\"utf-8\"><\/script><\/p>\n<p><a title=\"25 aniv. J 908 (1)\" href=\"https:\/\/www.flickr.com\/photos\/182279889@N02\/51951830146\/in\/dateposted-public\/\" data-flickr-embed=\"true\"><img loading=\"lazy\" decoding=\"async\" class=\"aligncenter\" src=\"https:\/\/live.staticflickr.com\/65535\/51951830146_1b590dba2e_z.jpg\" alt=\"25 aniv. J 908 (1)\" width=\"640\" height=\"427\" \/><\/a><script async src=\"\/\/embedr.flickr.com\/assets\/client-code.js\" charset=\"utf-8\"><\/script><\/p>\n","protected":false},"excerpt":{"rendered":"<p>La comunidad educativa del Jard\u00edn de Paraje Sauce Chico, celebr\u00f3 el pasado viernes su 25 aniversario, con un acto que se desarroll\u00f3 en las instalaciones del establecimiento, con una gran cantidad de asistentes.<\/p>\n","protected":false},"author":3,"featured_media":0,"comment_status":"closed","ping_status":"closed","sticky":false,"template":"","format":"standard","meta":{"footnotes":""},"categories":[34,28],"tags":[],"class_list":["post-69457","post","type-post","status-publish","format-standard","hentry","category-educacion","category-municipales"],"yoast_head":"<!-- This site is optimized with the Yoast SEO plugin v25.9 - https:\/\/yoast.com\/wordpress\/plugins\/seo\/ -->\n<title>El intendente Bordoni particip\u00f3 de los festejos por los 25 a\u00f1os del JIRIMM N\u00aa908 - Noticias Radio Reflejos<\/title>\n<meta name=\"robots\" content=\"index, follow, max-snippet:-1, max-image-preview:large, max-video-preview:-1\" \/>\n<link rel=\"canonical\" href=\"https:\/\/www.noticiasradioreflejos.com.ar\/2021\/el-intendente-bordoni-participo-de-los-festejos-por-los-25-anos-del-jirimm-na908\/\" \/>\n<meta property=\"og:locale\" content=\"es_ES\" \/>\n<meta property=\"og:type\" content=\"article\" \/>\n<meta property=\"og:title\" content=\"El intendente Bordoni particip\u00f3 de los festejos por los 25 a\u00f1os del JIRIMM N\u00aa908 - Noticias Radio Reflejos\" \/>\n<meta property=\"og:description\" content=\"La comunidad educativa del Jard\u00edn de Paraje Sauce Chico, celebr\u00f3 el pasado viernes su 25 aniversario, con un acto que se desarroll\u00f3 en las instalaciones del establecimiento, con una gran cantidad de asistentes.\" \/>\n<meta property=\"og:url\" content=\"https:\/\/www.noticiasradioreflejos.com.ar\/2021\/el-intendente-bordoni-participo-de-los-festejos-por-los-25-anos-del-jirimm-na908\/\" \/>\n<meta property=\"og:site_name\" content=\"Noticias Radio Reflejos\" \/>\n<meta property=\"article:published_time\" content=\"2022-03-21T10:37:00+00:00\" \/>\n<meta property=\"article:modified_time\" content=\"2022-03-21T10:40:00+00:00\" \/>\n<meta property=\"og:image\" content=\"https:\/\/live.staticflickr.com\/65535\/51950848347_298aa77938_z.jpg\" \/>\n<meta name=\"author\" content=\"Arnaldo Botto\" \/>\n<meta name=\"twitter:card\" content=\"summary_large_image\" \/>\n<script type=\"application\/ld+json\" class=\"yoast-schema-graph\">{\"@context\":\"https:\/\/schema.org\",\"@graph\":[{\"@type\":\"WebPage\",\"@id\":\"https:\/\/www.noticiasradioreflejos.com.ar\/2021\/el-intendente-bordoni-participo-de-los-festejos-por-los-25-anos-del-jirimm-na908\/\",\"url\":\"https:\/\/www.noticiasradioreflejos.com.ar\/2021\/el-intendente-bordoni-participo-de-los-festejos-por-los-25-anos-del-jirimm-na908\/\",\"name\":\"El intendente Bordoni particip\u00f3 de los festejos por los 25 a\u00f1os del JIRIMM N\u00aa908 - Noticias Radio Reflejos\",\"isPartOf\":{\"@id\":\"https:\/\/www.noticiasradioreflejos.com.ar\/2021\/#website\"},\"primaryImageOfPage\":{\"@id\":\"https:\/\/www.noticiasradioreflejos.com.ar\/2021\/el-intendente-bordoni-participo-de-los-festejos-por-los-25-anos-del-jirimm-na908\/#primaryimage\"},\"image\":{\"@id\":\"https:\/\/www.noticiasradioreflejos.com.ar\/2021\/el-intendente-bordoni-participo-de-los-festejos-por-los-25-anos-del-jirimm-na908\/#primaryimage\"},\"thumbnailUrl\":\"https:\/\/live.staticflickr.com\/65535\/51950848347_298aa77938_z.jpg\",\"datePublished\":\"2022-03-21T10:37:00+00:00\",\"dateModified\":\"2022-03-21T10:40:00+00:00\",\"author\":{\"@id\":\"https:\/\/www.noticiasradioreflejos.com.ar\/2021\/#\/schema\/person\/ad82545263dcc5ec0996818884fd5fb1\"},\"breadcrumb\":{\"@id\":\"https:\/\/www.noticiasradioreflejos.com.ar\/2021\/el-intendente-bordoni-participo-de-los-festejos-por-los-25-anos-del-jirimm-na908\/#breadcrumb\"},\"inLanguage\":\"es\",\"potentialAction\":[{\"@type\":\"ReadAction\",\"target\":[\"https:\/\/www.noticiasradioreflejos.com.ar\/2021\/el-intendente-bordoni-participo-de-los-festejos-por-los-25-anos-del-jirimm-na908\/\"]}]},{\"@type\":\"ImageObject\",\"inLanguage\":\"es\",\"@id\":\"https:\/\/www.noticiasradioreflejos.com.ar\/2021\/el-intendente-bordoni-participo-de-los-festejos-por-los-25-anos-del-jirimm-na908\/#primaryimage\",\"url\":\"https:\/\/live.staticflickr.com\/65535\/51950848347_298aa77938_z.jpg\",\"contentUrl\":\"https:\/\/live.staticflickr.com\/65535\/51950848347_298aa77938_z.jpg\"},{\"@type\":\"BreadcrumbList\",\"@id\":\"https:\/\/www.noticiasradioreflejos.com.ar\/2021\/el-intendente-bordoni-participo-de-los-festejos-por-los-25-anos-del-jirimm-na908\/#breadcrumb\",\"itemListElement\":[{\"@type\":\"ListItem\",\"position\":1,\"name\":\"Portada\",\"item\":\"https:\/\/www.noticiasradioreflejos.com.ar\/2021\/\"},{\"@type\":\"ListItem\",\"position\":2,\"name\":\"El intendente Bordoni particip\u00f3 de los festejos por los 25 a\u00f1os del JIRIMM N\u00aa908\"}]},{\"@type\":\"WebSite\",\"@id\":\"https:\/\/www.noticiasradioreflejos.com.ar\/2021\/#website\",\"url\":\"https:\/\/www.noticiasradioreflejos.com.ar\/2021\/\",\"name\":\"Noticias Radio Reflejos\",\"description\":\"Las noticias de mi comarca\",\"potentialAction\":[{\"@type\":\"SearchAction\",\"target\":{\"@type\":\"EntryPoint\",\"urlTemplate\":\"https:\/\/www.noticiasradioreflejos.com.ar\/2021\/?s={search_term_string}\"},\"query-input\":{\"@type\":\"PropertyValueSpecification\",\"valueRequired\":true,\"valueName\":\"search_term_string\"}}],\"inLanguage\":\"es\"},{\"@type\":\"Person\",\"@id\":\"https:\/\/www.noticiasradioreflejos.com.ar\/2021\/#\/schema\/person\/ad82545263dcc5ec0996818884fd5fb1\",\"name\":\"Arnaldo Botto\",\"image\":{\"@type\":\"ImageObject\",\"inLanguage\":\"es\",\"@id\":\"https:\/\/www.noticiasradioreflejos.com.ar\/2021\/#\/schema\/person\/image\/\",\"url\":\"https:\/\/secure.gravatar.com\/avatar\/55cb5e37c1efa326397366e6974cb338056df65cb50e7d64d1cf314e87504837?s=96&d=mm&r=g\",\"contentUrl\":\"https:\/\/secure.gravatar.com\/avatar\/55cb5e37c1efa326397366e6974cb338056df65cb50e7d64d1cf314e87504837?s=96&d=mm&r=g\",\"caption\":\"Arnaldo Botto\"},\"url\":\"https:\/\/www.noticiasradioreflejos.com.ar\/2021\/author\/arnaldo\/\"}]}<\/script>\n<!-- \/ Yoast SEO plugin. -->","yoast_head_json":{"title":"El intendente Bordoni particip\u00f3 de los festejos por los 25 a\u00f1os del JIRIMM N\u00aa908 - Noticias Radio Reflejos","robots":{"index":"index","follow":"follow","max-snippet":"max-snippet:-1","max-image-preview":"max-image-preview:large","max-video-preview":"max-video-preview:-1"},"canonical":"https:\/\/www.noticiasradioreflejos.com.ar\/2021\/el-intendente-bordoni-participo-de-los-festejos-por-los-25-anos-del-jirimm-na908\/","og_locale":"es_ES","og_type":"article","og_title":"El intendente Bordoni particip\u00f3 de los festejos por los 25 a\u00f1os del JIRIMM N\u00aa908 - Noticias Radio Reflejos","og_description":"La comunidad educativa del Jard\u00edn de Paraje Sauce Chico, celebr\u00f3 el pasado viernes su 25 aniversario, con un acto que se desarroll\u00f3 en las instalaciones del establecimiento, con una gran cantidad de asistentes.","og_url":"https:\/\/www.noticiasradioreflejos.com.ar\/2021\/el-intendente-bordoni-participo-de-los-festejos-por-los-25-anos-del-jirimm-na908\/","og_site_name":"Noticias Radio Reflejos","article_published_time":"2022-03-21T10:37:00+00:00","article_modified_time":"2022-03-21T10:40:00+00:00","og_image":[{"url":"https:\/\/live.staticflickr.com\/65535\/51950848347_298aa77938_z.jpg","type":"","width":"","height":""}],"author":"Arnaldo Botto","twitter_card":"summary_large_image","schema":{"@context":"https:\/\/schema.org","@graph":[{"@type":"WebPage","@id":"https:\/\/www.noticiasradioreflejos.com.ar\/2021\/el-intendente-bordoni-participo-de-los-festejos-por-los-25-anos-del-jirimm-na908\/","url":"https:\/\/www.noticiasradioreflejos.com.ar\/2021\/el-intendente-bordoni-participo-de-los-festejos-por-los-25-anos-del-jirimm-na908\/","name":"El intendente Bordoni particip\u00f3 de los festejos por los 25 a\u00f1os del JIRIMM N\u00aa908 - Noticias Radio Reflejos","isPartOf":{"@id":"https:\/\/www.noticiasradioreflejos.com.ar\/2021\/#website"},"primaryImageOfPage":{"@id":"https:\/\/www.noticiasradioreflejos.com.ar\/2021\/el-intendente-bordoni-participo-de-los-festejos-por-los-25-anos-del-jirimm-na908\/#primaryimage"},"image":{"@id":"https:\/\/www.noticiasradioreflejos.com.ar\/2021\/el-intendente-bordoni-participo-de-los-festejos-por-los-25-anos-del-jirimm-na908\/#primaryimage"},"thumbnailUrl":"https:\/\/live.staticflickr.com\/65535\/51950848347_298aa77938_z.jpg","datePublished":"2022-03-21T10:37:00+00:00","dateModified":"2022-03-21T10:40:00+00:00","author":{"@id":"https:\/\/www.noticiasradioreflejos.com.ar\/2021\/#\/schema\/person\/ad82545263dcc5ec0996818884fd5fb1"},"breadcrumb":{"@id":"https:\/\/www.noticiasradioreflejos.com.ar\/2021\/el-intendente-bordoni-participo-de-los-festejos-por-los-25-anos-del-jirimm-na908\/#breadcrumb"},"inLanguage":"es","potentialAction":[{"@type":"ReadAction","target":["https:\/\/www.noticiasradioreflejos.com.ar\/2021\/el-intendente-bordoni-participo-de-los-festejos-por-los-25-anos-del-jirimm-na908\/"]}]},{"@type":"ImageObject","inLanguage":"es","@id":"https:\/\/www.noticiasradioreflejos.com.ar\/2021\/el-intendente-bordoni-participo-de-los-festejos-por-los-25-anos-del-jirimm-na908\/#primaryimage","url":"https:\/\/live.staticflickr.com\/65535\/51950848347_298aa77938_z.jpg","contentUrl":"https:\/\/live.staticflickr.com\/65535\/51950848347_298aa77938_z.jpg"},{"@type":"BreadcrumbList","@id":"https:\/\/www.noticiasradioreflejos.com.ar\/2021\/el-intendente-bordoni-participo-de-los-festejos-por-los-25-anos-del-jirimm-na908\/#breadcrumb","itemListElement":[{"@type":"ListItem","position":1,"name":"Portada","item":"https:\/\/www.noticiasradioreflejos.com.ar\/2021\/"},{"@type":"ListItem","position":2,"name":"El intendente Bordoni particip\u00f3 de los festejos por los 25 a\u00f1os del JIRIMM N\u00aa908"}]},{"@type":"WebSite","@id":"https:\/\/www.noticiasradioreflejos.com.ar\/2021\/#website","url":"https:\/\/www.noticiasradioreflejos.com.ar\/2021\/","name":"Noticias Radio Reflejos","description":"Las noticias de mi comarca","potentialAction":[{"@type":"SearchAction","target":{"@type":"EntryPoint","urlTemplate":"https:\/\/www.noticiasradioreflejos.com.ar\/2021\/?s={search_term_string}"},"query-input":{"@type":"PropertyValueSpecification","valueRequired":true,"valueName":"search_term_string"}}],"inLanguage":"es"},{"@type":"Person","@id":"https:\/\/www.noticiasradioreflejos.com.ar\/2021\/#\/schema\/person\/ad82545263dcc5ec0996818884fd5fb1","name":"Arnaldo Botto","image":{"@type":"ImageObject","inLanguage":"es","@id":"https:\/\/www.noticiasradioreflejos.com.ar\/2021\/#\/schema\/person\/image\/","url":"https:\/\/secure.gravatar.com\/avatar\/55cb5e37c1efa326397366e6974cb338056df65cb50e7d64d1cf314e87504837?s=96&d=mm&r=g","contentUrl":"https:\/\/secure.gravatar.com\/avatar\/55cb5e37c1efa326397366e6974cb338056df65cb50e7d64d1cf314e87504837?s=96&d=mm&r=g","caption":"Arnaldo Botto"},"url":"https:\/\/www.noticiasradioreflejos.com.ar\/2021\/author\/arnaldo\/"}]}},"_links":{"self":[{"href":"https:\/\/www.noticiasradioreflejos.com.ar\/2021\/wp-json\/wp\/v2\/posts\/69457","targetHints":{"allow":["GET"]}}],"collection":[{"href":"https:\/\/www.noticiasradioreflejos.com.ar\/2021\/wp-json\/wp\/v2\/posts"}],"about":[{"href":"https:\/\/www.noticiasradioreflejos.com.ar\/2021\/wp-json\/wp\/v2\/types\/post"}],"author":[{"embeddable":true,"href":"https:\/\/www.noticiasradioreflejos.com.ar\/2021\/wp-json\/wp\/v2\/users\/3"}],"replies":[{"embeddable":true,"href":"https:\/\/www.noticiasradioreflejos.com.ar\/2021\/wp-json\/wp\/v2\/comments?post=69457"}],"version-history":[{"count":2,"href":"https:\/\/www.noticiasradioreflejos.com.ar\/2021\/wp-json\/wp\/v2\/posts\/69457\/revisions"}],"predecessor-version":[{"id":69460,"href":"https:\/\/www.noticiasradioreflejos.com.ar\/2021\/wp-json\/wp\/v2\/posts\/69457\/revisions\/69460"}],"wp:attachment":[{"href":"https:\/\/www.noticiasradioreflejos.com.ar\/2021\/wp-json\/wp\/v2\/media?parent=69457"}],"wp:term":[{"taxonomy":"category","embeddable":true,"href":"https:\/\/www.noticiasradioreflejos.com.ar\/2021\/wp-json\/wp\/v2\/categories?post=69457"},{"taxonomy":"post_tag","embeddable":true,"href":"https:\/\/www.noticiasradioreflejos.com.ar\/2021\/wp-json\/wp\/v2\/tags?post=69457"}],"curies":[{"name":"wp","href":"https:\/\/api.w.org\/{rel}","templated":true}]}}