{"id":69417,"date":"2022-03-18T10:28:39","date_gmt":"2022-03-18T10:28:39","guid":{"rendered":"http:\/\/www.noticiasradioreflejos.com.ar\/2021\/?p=69417"},"modified":"2022-03-18T10:28:39","modified_gmt":"2022-03-18T10:28:39","slug":"declararon-el-estado-de-emergencia-hidrica-en-el-sur-de-buenos-aires-neuquen-y-rio-negro","status":"publish","type":"post","link":"https:\/\/www.noticiasradioreflejos.com.ar\/2021\/declararon-el-estado-de-emergencia-hidrica-en-el-sur-de-buenos-aires-neuquen-y-rio-negro\/","title":{"rendered":"Declararon el estado de emergencia h\u00eddrica en el sur de Buenos Aires, Neuqu\u00e9n y R\u00edo Negro"},"content":{"rendered":"<p>Las cuencas de los r\u00edos Limay, Neuqu\u00e9n y Negro est\u00e1n afectadas por una bajante que afecta la disponibilidad de agua, con consecuencias directas en el medioambiente y posibles limitaciones a la generaci\u00f3n de energ\u00eda hidroel\u00e9ctrica.<!--more--><\/p>\n<div>\n<div class=\"wrapper-editable-content\">\n<div>\n<div class=\"container-md\">\n<div class=\"row\">\n<div class=\"col-md-12 speak\">\n<div class=\"paragraph\">\n<figure class=\"mb-3\"><img decoding=\"async\" src=\"https:\/\/www.telam.com.ar\/thumbs\/bluesteel\/advf\/imagenes\/2018\/11\/5bf4073842a9f_900.jpg\" alt=\"La emergencia afecta la cuenca de los ros Limay Neuqun y Negro\" width=\"100%\" height=\"100%\" \/><\/p>\n<div class=\"media-icons\"><\/div><figcaption>La emergencia afecta la cuenca de los r\u00edos Limay, Neuqu\u00e9n y Negro.<\/figcaption><\/figure>\n<p>La Autoridad Interjurisdiccional de las Cuencas de los r\u00edos Limay, Neuqu\u00e9n y Negro (AIC) declar\u00f3 el\u00a0<strong>estado de emergencia h\u00eddrica para a las provincias de Neuqu\u00e9n, R\u00edo Negro y sur de la Provincia de Buenos Aires<\/strong>.<\/p>\n<p>El organismo, en un comunicado, precis\u00f3 que \u00abpara el pr\u00f3ximo per\u00edodo hidrol\u00f3gico resulta prudente plantear la continuidad de la sequ\u00eda, tambi\u00e9n que en el caso del r\u00edo Neuqu\u00e9n, los afluentes naturales alcanzan m\u00ednimos hist\u00f3ricos\u00bb.<\/p>\n<p>\u00abLa bajante afectar\u00e1 la disponibilidad de agua, con consecuencias directas en el medioambiente, asociadas a las din\u00e1micas naturales propias de una sequ\u00eda. Se lo comunicamos a los organismos nacionales y provinciales correspondientes para trabajar en conjunto y mitigar, en la medida de lo posible, estos efectos adversos\u00bb, se\u00f1al\u00f3 el presidente del Comit\u00e9 Ejecutivo de la AIC, Javier Reyes.<\/p>\n<p>Indic\u00f3 que l<strong>a medida limitar\u00e1 la operaci\u00f3n de los embalses<\/strong>, con el objetivo de\u00a0<strong>garantizar la disponibilidad de agua en las zonas afectadas<\/strong>.<\/p>\n<figure class=\"mb-3\"><img decoding=\"async\" src=\"https:\/\/www.telam.com.ar\/thumbs\/bluesteel\/advf\/imagenes\/2017\/01\/588246cbc9026_900.jpg\" alt=\"El Ro Limay est afectado por la bajante\" width=\"100%\" height=\"100%\" \/><\/p>\n<div class=\"media-icons\"><\/div><figcaption>El R\u00edo Limay est\u00e1 afectado por la bajante<\/figcaption><\/figure>\n<p>La Cuenca de los r\u00edos Limay, Neuqu\u00e9n y Negro est\u00e1 situada en la parte norte de la regi\u00f3n Patag\u00f3nica, abarca una superficie de 140 mil kil\u00f3metros cuadrados y constituye el sistema hidrogr\u00e1fico m\u00e1s importante de todos los que se extienden \u00edntegramente en el territorio argentino.<\/p>\n<p>Adem\u00e1s, es la cuenca de mayor generaci\u00f3n de electricidad del pa\u00eds: El Choc\u00f3n sobre el Limay, el complejo Cerros Colorados en Neuqu\u00e9n, los compensadores de caudales Arroyito y El Cha\u00f1ar, Alicur\u00e1 y Piedra del \u00c1guila y la Central Hidroel\u00e9ctrica de Pichi Pic\u00fan Leuf\u00fa, hacen un total instalado del orden de los 4.200 MW, posibilitando una futura generaci\u00f3n de 33.000 GWh\/a\u00f1o.<\/p>\n<p>En 1985, mediante un acuerdo entre las provincias de R\u00edo Negro, Neuqu\u00e9n y Buenos Aires, se cre\u00f3 la Autoridad Interjurisdiccional de las Cuencas de los r\u00edos Limay, Neuqu\u00e9n y Negro (AIC), con sede en la localidad de Cipolletti, R\u00edo Negro.<\/p>\n<p>Dicho organismo tiene por objeto entender en todo lo relativo a la administraci\u00f3n, control, uso y preservaci\u00f3n de las cuencas de los r\u00edos Limay, Neuqu\u00e9n y su colector el r\u00edo Negro, que como curso al\u00f3ctono atraviesa latitudinalmente el territorio nacional.<\/p>\n<\/div>\n<\/div>\n<\/div>\n<\/div>\n<\/div>\n<\/div>\n<\/div>\n","protected":false},"excerpt":{"rendered":"<p>Las cuencas de los r\u00edos Limay, Neuqu\u00e9n y Negro est\u00e1n afectadas por una bajante que afecta la disponibilidad de agua, con consecuencias directas en el medioambiente y posibles limitaciones a la generaci\u00f3n de energ\u00eda hidroel\u00e9ctrica.<\/p>\n","protected":false},"author":3,"featured_media":0,"comment_status":"closed","ping_status":"closed","sticky":false,"template":"","format":"standard","meta":{"footnotes":""},"categories":[46,26],"tags":[],"class_list":["post-69417","post","type-post","status-publish","format-standard","hentry","category-ciencia-y-tecnologia","category-sociedad"],"yoast_head":"<!-- This site is optimized with the Yoast SEO plugin v25.9 - https:\/\/yoast.com\/wordpress\/plugins\/seo\/ -->\n<title>Declararon el estado de emergencia h\u00eddrica en el sur de Buenos Aires, Neuqu\u00e9n y R\u00edo Negro - Noticias Radio Reflejos<\/title>\n<meta name=\"robots\" content=\"index, follow, max-snippet:-1, max-image-preview:large, max-video-preview:-1\" \/>\n<link rel=\"canonical\" href=\"https:\/\/www.noticiasradioreflejos.com.ar\/2021\/declararon-el-estado-de-emergencia-hidrica-en-el-sur-de-buenos-aires-neuquen-y-rio-negro\/\" \/>\n<meta property=\"og:locale\" content=\"es_ES\" \/>\n<meta property=\"og:type\" content=\"article\" \/>\n<meta property=\"og:title\" content=\"Declararon el estado de emergencia h\u00eddrica en el sur de Buenos Aires, Neuqu\u00e9n y R\u00edo Negro - Noticias Radio Reflejos\" \/>\n<meta property=\"og:description\" content=\"Las cuencas de los r\u00edos Limay, Neuqu\u00e9n y Negro est\u00e1n afectadas por una bajante que afecta la disponibilidad de agua, con consecuencias directas en el medioambiente y posibles limitaciones a la generaci\u00f3n de energ\u00eda hidroel\u00e9ctrica.\" \/>\n<meta property=\"og:url\" content=\"https:\/\/www.noticiasradioreflejos.com.ar\/2021\/declararon-el-estado-de-emergencia-hidrica-en-el-sur-de-buenos-aires-neuquen-y-rio-negro\/\" \/>\n<meta property=\"og:site_name\" content=\"Noticias Radio Reflejos\" \/>\n<meta property=\"article:published_time\" content=\"2022-03-18T10:28:39+00:00\" \/>\n<meta property=\"og:image\" content=\"https:\/\/www.telam.com.ar\/thumbs\/bluesteel\/advf\/imagenes\/2018\/11\/5bf4073842a9f_900.jpg\" \/>\n<meta name=\"author\" content=\"Arnaldo Botto\" \/>\n<meta name=\"twitter:card\" content=\"summary_large_image\" \/>\n<script type=\"application\/ld+json\" class=\"yoast-schema-graph\">{\"@context\":\"https:\/\/schema.org\",\"@graph\":[{\"@type\":\"WebPage\",\"@id\":\"https:\/\/www.noticiasradioreflejos.com.ar\/2021\/declararon-el-estado-de-emergencia-hidrica-en-el-sur-de-buenos-aires-neuquen-y-rio-negro\/\",\"url\":\"https:\/\/www.noticiasradioreflejos.com.ar\/2021\/declararon-el-estado-de-emergencia-hidrica-en-el-sur-de-buenos-aires-neuquen-y-rio-negro\/\",\"name\":\"Declararon el estado de emergencia h\u00eddrica en el sur de Buenos Aires, Neuqu\u00e9n y R\u00edo Negro - Noticias Radio Reflejos\",\"isPartOf\":{\"@id\":\"https:\/\/www.noticiasradioreflejos.com.ar\/2021\/#website\"},\"primaryImageOfPage\":{\"@id\":\"https:\/\/www.noticiasradioreflejos.com.ar\/2021\/declararon-el-estado-de-emergencia-hidrica-en-el-sur-de-buenos-aires-neuquen-y-rio-negro\/#primaryimage\"},\"image\":{\"@id\":\"https:\/\/www.noticiasradioreflejos.com.ar\/2021\/declararon-el-estado-de-emergencia-hidrica-en-el-sur-de-buenos-aires-neuquen-y-rio-negro\/#primaryimage\"},\"thumbnailUrl\":\"https:\/\/www.telam.com.ar\/thumbs\/bluesteel\/advf\/imagenes\/2018\/11\/5bf4073842a9f_900.jpg\",\"datePublished\":\"2022-03-18T10:28:39+00:00\",\"author\":{\"@id\":\"https:\/\/www.noticiasradioreflejos.com.ar\/2021\/#\/schema\/person\/ad82545263dcc5ec0996818884fd5fb1\"},\"breadcrumb\":{\"@id\":\"https:\/\/www.noticiasradioreflejos.com.ar\/2021\/declararon-el-estado-de-emergencia-hidrica-en-el-sur-de-buenos-aires-neuquen-y-rio-negro\/#breadcrumb\"},\"inLanguage\":\"es\",\"potentialAction\":[{\"@type\":\"ReadAction\",\"target\":[\"https:\/\/www.noticiasradioreflejos.com.ar\/2021\/declararon-el-estado-de-emergencia-hidrica-en-el-sur-de-buenos-aires-neuquen-y-rio-negro\/\"]}]},{\"@type\":\"ImageObject\",\"inLanguage\":\"es\",\"@id\":\"https:\/\/www.noticiasradioreflejos.com.ar\/2021\/declararon-el-estado-de-emergencia-hidrica-en-el-sur-de-buenos-aires-neuquen-y-rio-negro\/#primaryimage\",\"url\":\"https:\/\/www.telam.com.ar\/thumbs\/bluesteel\/advf\/imagenes\/2018\/11\/5bf4073842a9f_900.jpg\",\"contentUrl\":\"https:\/\/www.telam.com.ar\/thumbs\/bluesteel\/advf\/imagenes\/2018\/11\/5bf4073842a9f_900.jpg\"},{\"@type\":\"BreadcrumbList\",\"@id\":\"https:\/\/www.noticiasradioreflejos.com.ar\/2021\/declararon-el-estado-de-emergencia-hidrica-en-el-sur-de-buenos-aires-neuquen-y-rio-negro\/#breadcrumb\",\"itemListElement\":[{\"@type\":\"ListItem\",\"position\":1,\"name\":\"Portada\",\"item\":\"https:\/\/www.noticiasradioreflejos.com.ar\/2021\/\"},{\"@type\":\"ListItem\",\"position\":2,\"name\":\"Declararon el estado de emergencia h\u00eddrica en el sur de Buenos Aires, Neuqu\u00e9n y R\u00edo Negro\"}]},{\"@type\":\"WebSite\",\"@id\":\"https:\/\/www.noticiasradioreflejos.com.ar\/2021\/#website\",\"url\":\"https:\/\/www.noticiasradioreflejos.com.ar\/2021\/\",\"name\":\"Noticias Radio Reflejos\",\"description\":\"Las noticias de mi comarca\",\"potentialAction\":[{\"@type\":\"SearchAction\",\"target\":{\"@type\":\"EntryPoint\",\"urlTemplate\":\"https:\/\/www.noticiasradioreflejos.com.ar\/2021\/?s={search_term_string}\"},\"query-input\":{\"@type\":\"PropertyValueSpecification\",\"valueRequired\":true,\"valueName\":\"search_term_string\"}}],\"inLanguage\":\"es\"},{\"@type\":\"Person\",\"@id\":\"https:\/\/www.noticiasradioreflejos.com.ar\/2021\/#\/schema\/person\/ad82545263dcc5ec0996818884fd5fb1\",\"name\":\"Arnaldo Botto\",\"image\":{\"@type\":\"ImageObject\",\"inLanguage\":\"es\",\"@id\":\"https:\/\/www.noticiasradioreflejos.com.ar\/2021\/#\/schema\/person\/image\/\",\"url\":\"https:\/\/secure.gravatar.com\/avatar\/55cb5e37c1efa326397366e6974cb338056df65cb50e7d64d1cf314e87504837?s=96&d=mm&r=g\",\"contentUrl\":\"https:\/\/secure.gravatar.com\/avatar\/55cb5e37c1efa326397366e6974cb338056df65cb50e7d64d1cf314e87504837?s=96&d=mm&r=g\",\"caption\":\"Arnaldo Botto\"},\"url\":\"https:\/\/www.noticiasradioreflejos.com.ar\/2021\/author\/arnaldo\/\"}]}<\/script>\n<!-- \/ Yoast SEO plugin. -->","yoast_head_json":{"title":"Declararon el estado de emergencia h\u00eddrica en el sur de Buenos Aires, Neuqu\u00e9n y R\u00edo Negro - Noticias Radio Reflejos","robots":{"index":"index","follow":"follow","max-snippet":"max-snippet:-1","max-image-preview":"max-image-preview:large","max-video-preview":"max-video-preview:-1"},"canonical":"https:\/\/www.noticiasradioreflejos.com.ar\/2021\/declararon-el-estado-de-emergencia-hidrica-en-el-sur-de-buenos-aires-neuquen-y-rio-negro\/","og_locale":"es_ES","og_type":"article","og_title":"Declararon el estado de emergencia h\u00eddrica en el sur de Buenos Aires, Neuqu\u00e9n y R\u00edo Negro - Noticias Radio Reflejos","og_description":"Las cuencas de los r\u00edos Limay, Neuqu\u00e9n y Negro est\u00e1n afectadas por una bajante que afecta la disponibilidad de agua, con consecuencias directas en el medioambiente y posibles limitaciones a la generaci\u00f3n de energ\u00eda hidroel\u00e9ctrica.","og_url":"https:\/\/www.noticiasradioreflejos.com.ar\/2021\/declararon-el-estado-de-emergencia-hidrica-en-el-sur-de-buenos-aires-neuquen-y-rio-negro\/","og_site_name":"Noticias Radio Reflejos","article_published_time":"2022-03-18T10:28:39+00:00","og_image":[{"url":"https:\/\/www.telam.com.ar\/thumbs\/bluesteel\/advf\/imagenes\/2018\/11\/5bf4073842a9f_900.jpg","type":"","width":"","height":""}],"author":"Arnaldo Botto","twitter_card":"summary_large_image","schema":{"@context":"https:\/\/schema.org","@graph":[{"@type":"WebPage","@id":"https:\/\/www.noticiasradioreflejos.com.ar\/2021\/declararon-el-estado-de-emergencia-hidrica-en-el-sur-de-buenos-aires-neuquen-y-rio-negro\/","url":"https:\/\/www.noticiasradioreflejos.com.ar\/2021\/declararon-el-estado-de-emergencia-hidrica-en-el-sur-de-buenos-aires-neuquen-y-rio-negro\/","name":"Declararon el estado de emergencia h\u00eddrica en el sur de Buenos Aires, Neuqu\u00e9n y R\u00edo Negro - Noticias Radio Reflejos","isPartOf":{"@id":"https:\/\/www.noticiasradioreflejos.com.ar\/2021\/#website"},"primaryImageOfPage":{"@id":"https:\/\/www.noticiasradioreflejos.com.ar\/2021\/declararon-el-estado-de-emergencia-hidrica-en-el-sur-de-buenos-aires-neuquen-y-rio-negro\/#primaryimage"},"image":{"@id":"https:\/\/www.noticiasradioreflejos.com.ar\/2021\/declararon-el-estado-de-emergencia-hidrica-en-el-sur-de-buenos-aires-neuquen-y-rio-negro\/#primaryimage"},"thumbnailUrl":"https:\/\/www.telam.com.ar\/thumbs\/bluesteel\/advf\/imagenes\/2018\/11\/5bf4073842a9f_900.jpg","datePublished":"2022-03-18T10:28:39+00:00","author":{"@id":"https:\/\/www.noticiasradioreflejos.com.ar\/2021\/#\/schema\/person\/ad82545263dcc5ec0996818884fd5fb1"},"breadcrumb":{"@id":"https:\/\/www.noticiasradioreflejos.com.ar\/2021\/declararon-el-estado-de-emergencia-hidrica-en-el-sur-de-buenos-aires-neuquen-y-rio-negro\/#breadcrumb"},"inLanguage":"es","potentialAction":[{"@type":"ReadAction","target":["https:\/\/www.noticiasradioreflejos.com.ar\/2021\/declararon-el-estado-de-emergencia-hidrica-en-el-sur-de-buenos-aires-neuquen-y-rio-negro\/"]}]},{"@type":"ImageObject","inLanguage":"es","@id":"https:\/\/www.noticiasradioreflejos.com.ar\/2021\/declararon-el-estado-de-emergencia-hidrica-en-el-sur-de-buenos-aires-neuquen-y-rio-negro\/#primaryimage","url":"https:\/\/www.telam.com.ar\/thumbs\/bluesteel\/advf\/imagenes\/2018\/11\/5bf4073842a9f_900.jpg","contentUrl":"https:\/\/www.telam.com.ar\/thumbs\/bluesteel\/advf\/imagenes\/2018\/11\/5bf4073842a9f_900.jpg"},{"@type":"BreadcrumbList","@id":"https:\/\/www.noticiasradioreflejos.com.ar\/2021\/declararon-el-estado-de-emergencia-hidrica-en-el-sur-de-buenos-aires-neuquen-y-rio-negro\/#breadcrumb","itemListElement":[{"@type":"ListItem","position":1,"name":"Portada","item":"https:\/\/www.noticiasradioreflejos.com.ar\/2021\/"},{"@type":"ListItem","position":2,"name":"Declararon el estado de emergencia h\u00eddrica en el sur de Buenos Aires, Neuqu\u00e9n y R\u00edo Negro"}]},{"@type":"WebSite","@id":"https:\/\/www.noticiasradioreflejos.com.ar\/2021\/#website","url":"https:\/\/www.noticiasradioreflejos.com.ar\/2021\/","name":"Noticias Radio Reflejos","description":"Las noticias de mi comarca","potentialAction":[{"@type":"SearchAction","target":{"@type":"EntryPoint","urlTemplate":"https:\/\/www.noticiasradioreflejos.com.ar\/2021\/?s={search_term_string}"},"query-input":{"@type":"PropertyValueSpecification","valueRequired":true,"valueName":"search_term_string"}}],"inLanguage":"es"},{"@type":"Person","@id":"https:\/\/www.noticiasradioreflejos.com.ar\/2021\/#\/schema\/person\/ad82545263dcc5ec0996818884fd5fb1","name":"Arnaldo Botto","image":{"@type":"ImageObject","inLanguage":"es","@id":"https:\/\/www.noticiasradioreflejos.com.ar\/2021\/#\/schema\/person\/image\/","url":"https:\/\/secure.gravatar.com\/avatar\/55cb5e37c1efa326397366e6974cb338056df65cb50e7d64d1cf314e87504837?s=96&d=mm&r=g","contentUrl":"https:\/\/secure.gravatar.com\/avatar\/55cb5e37c1efa326397366e6974cb338056df65cb50e7d64d1cf314e87504837?s=96&d=mm&r=g","caption":"Arnaldo Botto"},"url":"https:\/\/www.noticiasradioreflejos.com.ar\/2021\/author\/arnaldo\/"}]}},"_links":{"self":[{"href":"https:\/\/www.noticiasradioreflejos.com.ar\/2021\/wp-json\/wp\/v2\/posts\/69417","targetHints":{"allow":["GET"]}}],"collection":[{"href":"https:\/\/www.noticiasradioreflejos.com.ar\/2021\/wp-json\/wp\/v2\/posts"}],"about":[{"href":"https:\/\/www.noticiasradioreflejos.com.ar\/2021\/wp-json\/wp\/v2\/types\/post"}],"author":[{"embeddable":true,"href":"https:\/\/www.noticiasradioreflejos.com.ar\/2021\/wp-json\/wp\/v2\/users\/3"}],"replies":[{"embeddable":true,"href":"https:\/\/www.noticiasradioreflejos.com.ar\/2021\/wp-json\/wp\/v2\/comments?post=69417"}],"version-history":[{"count":1,"href":"https:\/\/www.noticiasradioreflejos.com.ar\/2021\/wp-json\/wp\/v2\/posts\/69417\/revisions"}],"predecessor-version":[{"id":69419,"href":"https:\/\/www.noticiasradioreflejos.com.ar\/2021\/wp-json\/wp\/v2\/posts\/69417\/revisions\/69419"}],"wp:attachment":[{"href":"https:\/\/www.noticiasradioreflejos.com.ar\/2021\/wp-json\/wp\/v2\/media?parent=69417"}],"wp:term":[{"taxonomy":"category","embeddable":true,"href":"https:\/\/www.noticiasradioreflejos.com.ar\/2021\/wp-json\/wp\/v2\/categories?post=69417"},{"taxonomy":"post_tag","embeddable":true,"href":"https:\/\/www.noticiasradioreflejos.com.ar\/2021\/wp-json\/wp\/v2\/tags?post=69417"}],"curies":[{"name":"wp","href":"https:\/\/api.w.org\/{rel}","templated":true}]}}