{"id":69414,"date":"2022-03-18T10:23:16","date_gmt":"2022-03-18T10:23:16","guid":{"rendered":"http:\/\/www.noticiasradioreflejos.com.ar\/2021\/?p=69414"},"modified":"2022-03-18T10:23:16","modified_gmt":"2022-03-18T10:23:16","slug":"el-acuerdo-con-el-fmi-es-ley","status":"publish","type":"post","link":"https:\/\/www.noticiasradioreflejos.com.ar\/2021\/el-acuerdo-con-el-fmi-es-ley\/","title":{"rendered":"El acuerdo con el FMI es ley"},"content":{"rendered":"<p>Con 56 votos a favor, 13 en contra y 3 abstenciones, el Senado de la Naci\u00f3n convirti\u00f3 en ley el acuerdo entre la Argentina y el Fondo Monetario Internacional, para refinanciar la deuda externa contra\u00edda durante el gobierno del expresidente Mauricio Macri.<!--more--><\/p>\n<p>El proyecto que autoriza al Ejecutivo nacional a firmar\u00a0<strong>el acuerdo con el Fondo Monetario Internacional (FMI) para la refinanciaci\u00f3n de la deuda contra\u00edda en 2018 por el gobierno macrista fue convertido en ley este jueves con el voto positivo de la mayor parte del oficialismo y de la bancada opositora<\/strong>.<\/p>\n<p><strong>Tras casi diez horas de sesi\u00f3n, la C\u00e1mara alta aval\u00f3 el entendimiento con el FMI para el refinanciamiento de la deuda de m\u00e1s de 44 mil millones de d\u00f3lares, por 56 votos contra 13 y tres abstenciones<\/strong>.<\/p>\n<p>En la mayor\u00eda de los 40 discursos escuchados durante la sesi\u00f3n especial, desde los dos principales espacios pol\u00edticos, el Frente de Todos (FdT) y Juntos por el Cambio (JxC) coincidieron en la necesidad de priorizar el hecho de que Argentina firme el acuerdo con el FMI para no caer en default.<\/p>\n<figure class=\"mb-3\"><img decoding=\"async\" src=\"https:\/\/www.telam.com.ar\/thumbs\/bluesteel\/advf\/imagenes\/2022\/03\/623372d3d6947_900.jpg\" alt=\"Foto Florencia Downes\" width=\"100%\" height=\"100%\" \/><\/p>\n<div class=\"media-icons\"><\/div><figcaption>Foto: Florencia Downes<\/figcaption><\/figure>\n<p><strong>Entre los votos positivos, 20 fueron del oficialismo y 36 de la oposici\u00f3n<\/strong>, mientras que de los 13 negativos todos fueron del FdT.<\/p>\n<p>Tres senadoras, las neuquinas Lucila Crexell (JxC) y Silvia Sapag (FdT) y la rionegrina Silvia Garc\u00eda Larraburu (FdT) optaron por la abstenci\u00f3n.<\/p>\n<p>La sesi\u00f3n fue abierta por la vicepresidenta Cristina Fern\u00e1ndez de Kirchner, quien se retir\u00f3 luego para mantener reuniones en su despacho, reapareci\u00f3 en mitad de la tarde y luego volvi\u00f3 a retirarse y dej\u00f3 en manos de la presidenta provisional del Senado, Claudia Ledesma, la conducci\u00f3n de la votaci\u00f3n final.<\/p>\n<p>En los discursos del FdT prevalecieron las cr\u00edticas al origen de la deuda contra\u00edda con el organismo internacional por el gobierno de Mauricio Macri y\u00a0<strong>se repitieron las voces que definieron al pr\u00e9stamo adquirido con el organismo como \u00abuna de las mayores estafas\u00bb al pueblo argentino<\/strong>.<\/p>\n<blockquote class=\"twitter-tweet\" data-width=\"500\" data-dnt=\"true\">\n<p lang=\"es\" dir=\"ltr\">LO QUE ENFRENTAMOS. Duela lo que duela, la realidad es que el FMI est\u00e1 en Argentina desde 2018 por decisi\u00f3n del gobierno anterior, y en algo m\u00e1s de un a\u00f1o sum\u00f3 una deuda de USD44.500 M en las espaldas del pueblo. Pesa y mucho. Nuestra responsabilidad era construir una soluci\u00f3n.<\/p>\n<p>&mdash; Mart\u00edn Guzm\u00e1n (@Martin_M_Guzman) <a href=\"https:\/\/twitter.com\/Martin_M_Guzman\/status\/1504644740305891349?ref_src=twsrc%5Etfw\">March 18, 2022<\/a><\/p><\/blockquote>\n<p><script async src=\"https:\/\/platform.twitter.com\/widgets.js\" charset=\"utf-8\"><\/script><\/p>\n<div class=\"twitter-tweet twitter-tweet-rendered\"><\/div>\n<blockquote class=\"twitter-tweet\" data-width=\"500\" data-dnt=\"true\">\n<p lang=\"es\" dir=\"ltr\">Sin un acuerdo era imposible pagar. Y no pagar implicaba que no hubiese financiamiento en Argentina. Implicaba ca\u00edda de la producci\u00f3n, el empleo y efectos desestabilizantes sobre el tipo de cambio. Implicaba ajuste. Nuestra responsabilidad era dar tranquilidad y certeza de rumbo.<\/p>\n<p>&mdash; Mart\u00edn Guzm\u00e1n (@Martin_M_Guzman) <a href=\"https:\/\/twitter.com\/Martin_M_Guzman\/status\/1504644741845200900?ref_src=twsrc%5Etfw\">March 18, 2022<\/a><\/p><\/blockquote>\n<p><script async src=\"https:\/\/platform.twitter.com\/widgets.js\" charset=\"utf-8\"><\/script><\/p>\n<div class=\"twitter-tweet twitter-tweet-rendered\"><\/div>\n<blockquote class=\"twitter-tweet\" data-width=\"500\" data-dnt=\"true\">\n<p lang=\"es\" dir=\"ltr\">En este contexto de conflictos geopol\u00edticos que elevan la inflaci\u00f3n internacional en alimentos y energ\u00eda, es de singular importancia dar certezas en lugar de aumentar incertidumbres. <\/p>\n<p>Con la conducci\u00f3n del Presidente <a href=\"https:\/\/twitter.com\/alferdez?ref_src=twsrc%5Etfw\">@alferdez<\/a> trabajamos para ello y se obtuvo un masivo respaldo.<\/p>\n<p>&mdash; Mart\u00edn Guzm\u00e1n (@Martin_M_Guzman) <a href=\"https:\/\/twitter.com\/Martin_M_Guzman\/status\/1504644744898564099?ref_src=twsrc%5Etfw\">March 18, 2022<\/a><\/p><\/blockquote>\n<p><script async src=\"https:\/\/platform.twitter.com\/widgets.js\" charset=\"utf-8\"><\/script><\/p>\n<div class=\"twitter-tweet twitter-tweet-rendered\"><\/div>\n<blockquote class=\"twitter-tweet\" data-width=\"500\" data-dnt=\"true\">\n<p lang=\"es\" dir=\"ltr\">Nunca un acuerdo con el FMI tuvo apoyo social y pol\u00edtico federal de tal magnitud. Por primera vez en la historia pas\u00f3 por el Congreso y logr\u00f3 un nivel de adhesi\u00f3n del 80%. Tambi\u00e9n acompa\u00f1aron sindicatos, el sector privado, universidades, movimientos sociales y la sociedad civil.<\/p>\n<p>&mdash; Mart\u00edn Guzm\u00e1n (@Martin_M_Guzman) <a href=\"https:\/\/twitter.com\/Martin_M_Guzman\/status\/1504644746509262848?ref_src=twsrc%5Etfw\">March 18, 2022<\/a><\/p><\/blockquote>\n<p><script async src=\"https:\/\/platform.twitter.com\/widgets.js\" charset=\"utf-8\"><\/script><\/p>\n<div class=\"twitter-tweet twitter-tweet-rendered\">Tambi\u00e9n hubo pedidos a la Justicia para que se aceleraran las causas contra funcionarios de la gesti\u00f3n de Mauricio Macri acusados de fuga de divisas.<\/div>\n<p>Desde la oposici\u00f3n, los senadores Mart\u00edn Lousteau, Alfredo Cornejo y Luis Naidenoff rechazaron las acusaciones, trasladaron la responsabilidad del origen de la deuda a la crisis que dijeron haber encontrado cuando asumi\u00f3 Cambiemos y justificaron el apoyo en\u00a0<strong>la necesidad de evitar \u00abmayor sufrimiento al pueblo<\/strong>\u00ab.<\/p>\n<p><iframe loading=\"lazy\" title=\"YouTube video player\" src=\"https:\/\/www.youtube.com\/embed\/3Bt0ABtovDI\" width=\"843\" height=\"474\" frameborder=\"0\" allowfullscreen=\"allowfullscreen\"><\/iframe><\/p>\n<p>En la apertura, el miembro informante del FdT, el titular de la Comisi\u00f3n de Presupuesto, Ricardo Guerra, acus\u00f3 a la gesti\u00f3n de Macri de \u00abespecular pol\u00edticamente\u00bb en su v\u00ednculo con el FMI y declar\u00f3 que \u00abel pr\u00e9stamo fue alejado de lo estatutario y de lo legalmente permitido\u00bb.<\/p>\n<div class=\"video_repositive\">\n<div id=\"3Bt0ABtovDI\" class=\"video_telam\">\n<div class=\"feature_article_inner\">\n<div class=\"feature_article_title\">\n<h2 class=\"text-center\">El Senado sesiona para convertir en ley el acuerdo con el FMI<\/h2>\n<\/div>\n<\/div>\n<div class=\"definition\">VER VIDEO\u00a0<i class=\"fas fa-play\"><\/i><\/div>\n<\/div>\n<\/div>\n<p>En el cierre, el jefe del bloque, Jos\u00e9 Mayans, reconoci\u00f3 que\u00a0\u00abnosotros dijimos que \u00edbamos a volver para ser mejores, hasta ahora no lo logramos, pero ustedes dicen que lo van a hacer todo igual pero m\u00e1s r\u00e1pido\u00bb, advirti\u00f3 Mayans en referencia a una frase que Macri pronunci\u00f3 como autocr\u00edtica durante un di\u00e1logo con el escritor peruano Mario Vargas Llosa, y asegurando que desde el propio frente\u00a0<strong>todav\u00eda \u00abqueda un largo camino\u00bb para lograr las metas trazadas en 2019.<\/strong><\/p>\n<p>Entre las senadoras oficialistas que no acompa\u00f1aron el proyecto del Gobierno, Silvia Sapag (FdT-Neuqu\u00e9n), argument\u00f3 su abstenci\u00f3n al sostener que apoya al Gobierno pero que por razones familiares \u00abmuy personales\u00bb no puede avalar el entendimiento.<\/p>\n<figure class=\"mb-3\"><img decoding=\"async\" src=\"https:\/\/www.telam.com.ar\/thumbs\/bluesteel\/advf\/imagenes\/2022\/03\/62337f3593d39_900.jpg\" alt=\"Foto Prensa Senado\" width=\"100%\" height=\"100%\" \/><\/p>\n<div class=\"media-icons\"><\/div><figcaption>Foto: Prensa Senado<\/figcaption><\/figure>\n<p>Mar\u00eda Pilatti, una de las legisladoras m\u00e1s ligadas a la Vicepresidenta, que vot\u00f3 en contra, aclar\u00f3 que<strong>\u00a0\u00abtener diferencias no significa rupturas\u00bb p<\/strong>ara ahuyentar rumores sobre una fractura del bloque del oficialismo.<\/p>\n<p>Al promediar la tarde, cuando Fern\u00e1ndez de Kirchner estaba a\u00fan en el estrado, la salte\u00f1a Nora Gim\u00e9nez aclar\u00f3 dirigi\u00e9ndose a la funcionaria:<strong>\u00a0\u00abNo voto en contra de su gobierno ni voto en contra de usted como mi Vicepresidenta, voto en contra de la deuda ilegitima que dej\u00f3 Macri y del Fondo que vuelve a imponer sus pol\u00edticas para repetir los ciclos de endeudamiento\u00bb.<\/strong><\/p>\n<p>Mar\u00eda Eugenia Catalfamo (San Luis) justific\u00f3 su voto en contra al se\u00f1alar que \u00ab<strong>no es en contra de nuestro gobierno\u00bb<\/strong>\u00a0y calific\u00f3 a la toma del pr\u00e9stamo por parte del Gobierno de Cambiemos como \u00abla mayor estafa que sufri\u00f3\u00bb la Argentina.<\/p>\n<p>Entre los discursos m\u00e1s duros desde la oposici\u00f3n, el del senador radical Mart\u00edn Lousteau despert\u00f3 cr\u00edticas del oficialismo despu\u00e9s de que se refiri\u00f3 a la fuga de capital de la que acusan al gobierno macrista y mencion\u00f3 causas judiciales que vincul\u00f3 con la Vicepresidenta. Tambi\u00e9n dijo que hab\u00eda que apoyar el acuerdo porque no hacerlo ser\u00eda \u00abcatastr\u00f3fico\u00bb.<\/p>\n<figure class=\"mb-3\"><img decoding=\"async\" src=\"https:\/\/www.telam.com.ar\/thumbs\/bluesteel\/advf\/imagenes\/2022\/03\/6233972a3bf01_900.jpg\" alt=\"Foto Florencia Downes\" width=\"100%\" height=\"100%\" \/><\/p>\n<div class=\"media-icons\"><\/div><figcaption>Foto: Florencia Downes<\/figcaption><\/figure>\n<p>El radical cordob\u00e9s Luis Juez dijo en su exposici\u00f3n que<strong>\u00a0\u00abnunca\u00bb pens\u00f3 en que su primera votaci\u00f3n en el Senado iba a ser \u00abpara acompa\u00f1ar a este Gobierno\u00bb<\/strong>, celebr\u00f3 que un acuerdo con el FMI haya sido puesto a consideraci\u00f3n del Congreso \u00abpor primera vez\u00bb y afirm\u00f3 que la dirigencia pol\u00edtica \u00abfracas\u00f3\u00bb en el pa\u00eds por discutir \u00abrecurrentemente\u00bb el mismo tema.<\/p>\n<p>La habilitaci\u00f3n de la sesi\u00f3n sobre tablas, que requer\u00eda de los votos positivos de los dos tercios de los presentes, fue facilitada por la oposici\u00f3n, ya que el dictamen obtenido el martes en la comisi\u00f3n de Presupuesto y Hacienda no obtuvo los siete d\u00edas desde su publicaci\u00f3n, tal como establece el reglamento.<\/p>\n<p>El proyecto hab\u00eda recibido media sanci\u00f3n la semana pasada en la C\u00e1mara de Diputados y ahora deber\u00e1 ser tratado por el directorio del FMI para recibir la luz verde definitiva para el acuerdo.<\/p>\n<figure class=\"mb-3\"><img decoding=\"async\" src=\"https:\/\/www.telam.com.ar\/thumbs\/bluesteel\/advf\/imagenes\/2022\/03\/6233bb0740786_900.jpg\" alt=\"Foto Florencia Downes\" width=\"100%\" height=\"100%\" \/><\/p>\n<div class=\"media-icons\"><\/div><figcaption>Foto: Florencia Downes<\/figcaption><\/figure>\n<p>A continuaci\u00f3n, la lista con el voto de cada uno de los senadores:<\/p>\n<h2 class=\"\">A favor<\/h2>\n<p><strong>Frente de Todos (20)<\/strong><\/p>\n<p>Guillermo Andrada<\/p>\n<p>Luc\u00eda Corpacci<\/p>\n<p>Antonio Rodas<\/p>\n<p>Carlos Linares<\/p>\n<p>Carlos Esp\u00ednola<\/p>\n<p>Edgardo Kueider<\/p>\n<p>Mar\u00eda Teresa Gonz\u00e1lez<\/p>\n<p>Jos\u00e9 Luis Mayans<\/p>\n<p>Daniel Bensus\u00e1n<\/p>\n<p>Ricardo Guerra<\/p>\n<p>Maurice Closs<\/p>\n<p>Sergio Leavy<\/p>\n<p>Cristina L\u00f3pez Valverde<\/p>\n<p>Jos\u00e9 U\u00f1ac<\/p>\n<p>Marcelo Lewandowski<\/p>\n<p>Claudia Ledesma<\/p>\n<p>Gerardo Montenegro<\/p>\n<p>Jos\u00e9 Neder<\/p>\n<p>Sandra Mendoza<\/p>\n<p>Pablo Yedlin<\/p>\n<p><strong>Juntos por el Cambio (32)<\/strong><\/p>\n<p>Gladys Gonz\u00e1lez<\/p>\n<p>Jos\u00e9 Mar\u00eda Torello<\/p>\n<p>Flavio Fama<\/p>\n<p>V\u00edctor Zimmermann<\/p>\n<p>Ignacio Torres<\/p>\n<p>Edith Terenzi<\/p>\n<p>Mart\u00edn Lousteau<\/p>\n<p>Guadalupe Tagliaferri<\/p>\n<p>Carmen \u00c1lvarez Rivero<\/p>\n<p>Luis Juez<\/p>\n<p>Mercedes Valenzuela<\/p>\n<p>Eduardo Vischi<\/p>\n<p>Alfredo De Angeli<\/p>\n<p>Stella Maris Olalla<\/p>\n<p>Luis Naidenoff<\/p>\n<p>Mario Fiad<\/p>\n<p>Silvia Giacoppo<\/p>\n<p>Mar\u00eda Victoria Huala<\/p>\n<p>Daniel Kroneberger<\/p>\n<p>Julio Mart\u00ednez<\/p>\n<p>Alfredo Cornejo<\/p>\n<p>Mariana Juri<\/p>\n<p>Humberto Schiavoni<\/p>\n<p>Juan Carlos Romero<\/p>\n<p>Roberto Basualdo<\/p>\n<p>Gabriela Gonz\u00e1lez Riollo<\/p>\n<p>Eduardo Costa<\/p>\n<p>Mar\u00eda Bel\u00e9n Tapia<\/p>\n<p>Carolina Losada<\/p>\n<p>Dionisio Scarpin<\/p>\n<p>Pablo Blanco<\/p>\n<p>Beatriz \u00c1vila<\/p>\n<p><strong>Frente Renovador de la Concordia (1):<\/strong><\/p>\n<p>Magdalena Solari Quintana<\/p>\n<p><strong>Hay Futuro Argentina (1):<\/strong><\/p>\n<p>Mar\u00eda Clara del Valle Vega.<\/p>\n<p><strong>Juntos Somos R\u00edo Negro (1):<\/strong><\/p>\n<p>Alberto Weretilneck<\/p>\n<p><strong>C\u00f3rdoba Federal (1):<\/strong><\/p>\n<p>Alejandra Vigo<\/p>\n<h2 class=\"\">En contra<\/h2>\n<p><strong>Frente de Todos (13)<\/strong><\/p>\n<p>Guillermo Snopek<\/p>\n<p>Nora del Valle Gim\u00e9nez<\/p>\n<p>Mar\u00eda Eugenia Catalfamo<\/p>\n<p>Ana Ianni<\/p>\n<p>Mar\u00eda Eugenia Dur\u00e9<\/p>\n<p>Mat\u00edas Rodr\u00edguez<\/p>\n<p>Anabel Fern\u00e1ndez Sagasti<\/p>\n<p>Oscar Parrilli<\/p>\n<p>Juliana Di Tullio<\/p>\n<p>Mar\u00eda Pilatti Vergara<\/p>\n<p>Mariano Recalde<\/p>\n<p>Adolfo Rodr\u00edguez Sa\u00e1<\/p>\n<p>Mart\u00edn Do\u00f1ate<\/p>\n<h2 class=\"\">Abstenci\u00f3n<\/h2>\n<p>Fueron 3<br \/>\nSilvia Sapag<\/p>\n<p>Lucila Crexell<\/p>\n<p>Silvina Garc\u00eda Larraburu<\/p>\n","protected":false},"excerpt":{"rendered":"<p>Con 56 votos a favor, 13 en contra y 3 abstenciones, el Senado de la Naci\u00f3n convirti\u00f3 en ley el acuerdo entre la Argentina y el Fondo Monetario Internacional, para refinanciar la deuda externa contra\u00edda durante el gobierno del expresidente Mauricio Macri.<\/p>\n","protected":false},"author":3,"featured_media":0,"comment_status":"closed","ping_status":"closed","sticky":false,"template":"","format":"standard","meta":{"footnotes":""},"categories":[24],"tags":[],"class_list":["post-69414","post","type-post","status-publish","format-standard","hentry","category-politica"],"yoast_head":"<!-- This site is optimized with the Yoast SEO plugin v25.9 - https:\/\/yoast.com\/wordpress\/plugins\/seo\/ -->\n<title>El acuerdo con el FMI es ley - Noticias Radio Reflejos<\/title>\n<meta name=\"robots\" content=\"index, follow, max-snippet:-1, max-image-preview:large, max-video-preview:-1\" \/>\n<link rel=\"canonical\" href=\"https:\/\/www.noticiasradioreflejos.com.ar\/2021\/el-acuerdo-con-el-fmi-es-ley\/\" \/>\n<meta property=\"og:locale\" content=\"es_ES\" \/>\n<meta property=\"og:type\" content=\"article\" \/>\n<meta property=\"og:title\" content=\"El acuerdo con el FMI es ley - Noticias Radio Reflejos\" \/>\n<meta property=\"og:description\" content=\"Con 56 votos a favor, 13 en contra y 3 abstenciones, el Senado de la Naci\u00f3n convirti\u00f3 en ley el acuerdo entre la Argentina y el Fondo Monetario Internacional, para refinanciar la deuda externa contra\u00edda durante el gobierno del expresidente Mauricio Macri.\" \/>\n<meta property=\"og:url\" content=\"https:\/\/www.noticiasradioreflejos.com.ar\/2021\/el-acuerdo-con-el-fmi-es-ley\/\" \/>\n<meta property=\"og:site_name\" content=\"Noticias Radio Reflejos\" \/>\n<meta property=\"article:published_time\" content=\"2022-03-18T10:23:16+00:00\" \/>\n<meta property=\"og:image\" content=\"https:\/\/www.telam.com.ar\/thumbs\/bluesteel\/advf\/imagenes\/2022\/03\/623372d3d6947_900.jpg\" \/>\n<meta name=\"author\" content=\"Arnaldo Botto\" \/>\n<meta name=\"twitter:card\" content=\"summary_large_image\" \/>\n<script type=\"application\/ld+json\" class=\"yoast-schema-graph\">{\"@context\":\"https:\/\/schema.org\",\"@graph\":[{\"@type\":\"WebPage\",\"@id\":\"https:\/\/www.noticiasradioreflejos.com.ar\/2021\/el-acuerdo-con-el-fmi-es-ley\/\",\"url\":\"https:\/\/www.noticiasradioreflejos.com.ar\/2021\/el-acuerdo-con-el-fmi-es-ley\/\",\"name\":\"El acuerdo con el FMI es ley - Noticias Radio Reflejos\",\"isPartOf\":{\"@id\":\"https:\/\/www.noticiasradioreflejos.com.ar\/2021\/#website\"},\"primaryImageOfPage\":{\"@id\":\"https:\/\/www.noticiasradioreflejos.com.ar\/2021\/el-acuerdo-con-el-fmi-es-ley\/#primaryimage\"},\"image\":{\"@id\":\"https:\/\/www.noticiasradioreflejos.com.ar\/2021\/el-acuerdo-con-el-fmi-es-ley\/#primaryimage\"},\"thumbnailUrl\":\"https:\/\/www.telam.com.ar\/thumbs\/bluesteel\/advf\/imagenes\/2022\/03\/623372d3d6947_900.jpg\",\"datePublished\":\"2022-03-18T10:23:16+00:00\",\"author\":{\"@id\":\"https:\/\/www.noticiasradioreflejos.com.ar\/2021\/#\/schema\/person\/ad82545263dcc5ec0996818884fd5fb1\"},\"breadcrumb\":{\"@id\":\"https:\/\/www.noticiasradioreflejos.com.ar\/2021\/el-acuerdo-con-el-fmi-es-ley\/#breadcrumb\"},\"inLanguage\":\"es\",\"potentialAction\":[{\"@type\":\"ReadAction\",\"target\":[\"https:\/\/www.noticiasradioreflejos.com.ar\/2021\/el-acuerdo-con-el-fmi-es-ley\/\"]}]},{\"@type\":\"ImageObject\",\"inLanguage\":\"es\",\"@id\":\"https:\/\/www.noticiasradioreflejos.com.ar\/2021\/el-acuerdo-con-el-fmi-es-ley\/#primaryimage\",\"url\":\"https:\/\/www.telam.com.ar\/thumbs\/bluesteel\/advf\/imagenes\/2022\/03\/623372d3d6947_900.jpg\",\"contentUrl\":\"https:\/\/www.telam.com.ar\/thumbs\/bluesteel\/advf\/imagenes\/2022\/03\/623372d3d6947_900.jpg\"},{\"@type\":\"BreadcrumbList\",\"@id\":\"https:\/\/www.noticiasradioreflejos.com.ar\/2021\/el-acuerdo-con-el-fmi-es-ley\/#breadcrumb\",\"itemListElement\":[{\"@type\":\"ListItem\",\"position\":1,\"name\":\"Portada\",\"item\":\"https:\/\/www.noticiasradioreflejos.com.ar\/2021\/\"},{\"@type\":\"ListItem\",\"position\":2,\"name\":\"El acuerdo con el FMI es ley\"}]},{\"@type\":\"WebSite\",\"@id\":\"https:\/\/www.noticiasradioreflejos.com.ar\/2021\/#website\",\"url\":\"https:\/\/www.noticiasradioreflejos.com.ar\/2021\/\",\"name\":\"Noticias Radio Reflejos\",\"description\":\"Las noticias de mi comarca\",\"potentialAction\":[{\"@type\":\"SearchAction\",\"target\":{\"@type\":\"EntryPoint\",\"urlTemplate\":\"https:\/\/www.noticiasradioreflejos.com.ar\/2021\/?s={search_term_string}\"},\"query-input\":{\"@type\":\"PropertyValueSpecification\",\"valueRequired\":true,\"valueName\":\"search_term_string\"}}],\"inLanguage\":\"es\"},{\"@type\":\"Person\",\"@id\":\"https:\/\/www.noticiasradioreflejos.com.ar\/2021\/#\/schema\/person\/ad82545263dcc5ec0996818884fd5fb1\",\"name\":\"Arnaldo Botto\",\"image\":{\"@type\":\"ImageObject\",\"inLanguage\":\"es\",\"@id\":\"https:\/\/www.noticiasradioreflejos.com.ar\/2021\/#\/schema\/person\/image\/\",\"url\":\"https:\/\/secure.gravatar.com\/avatar\/55cb5e37c1efa326397366e6974cb338056df65cb50e7d64d1cf314e87504837?s=96&d=mm&r=g\",\"contentUrl\":\"https:\/\/secure.gravatar.com\/avatar\/55cb5e37c1efa326397366e6974cb338056df65cb50e7d64d1cf314e87504837?s=96&d=mm&r=g\",\"caption\":\"Arnaldo Botto\"},\"url\":\"https:\/\/www.noticiasradioreflejos.com.ar\/2021\/author\/arnaldo\/\"}]}<\/script>\n<!-- \/ Yoast SEO plugin. -->","yoast_head_json":{"title":"El acuerdo con el FMI es ley - Noticias Radio Reflejos","robots":{"index":"index","follow":"follow","max-snippet":"max-snippet:-1","max-image-preview":"max-image-preview:large","max-video-preview":"max-video-preview:-1"},"canonical":"https:\/\/www.noticiasradioreflejos.com.ar\/2021\/el-acuerdo-con-el-fmi-es-ley\/","og_locale":"es_ES","og_type":"article","og_title":"El acuerdo con el FMI es ley - Noticias Radio Reflejos","og_description":"Con 56 votos a favor, 13 en contra y 3 abstenciones, el Senado de la Naci\u00f3n convirti\u00f3 en ley el acuerdo entre la Argentina y el Fondo Monetario Internacional, para refinanciar la deuda externa contra\u00edda durante el gobierno del expresidente Mauricio Macri.","og_url":"https:\/\/www.noticiasradioreflejos.com.ar\/2021\/el-acuerdo-con-el-fmi-es-ley\/","og_site_name":"Noticias Radio Reflejos","article_published_time":"2022-03-18T10:23:16+00:00","og_image":[{"url":"https:\/\/www.telam.com.ar\/thumbs\/bluesteel\/advf\/imagenes\/2022\/03\/623372d3d6947_900.jpg","type":"","width":"","height":""}],"author":"Arnaldo Botto","twitter_card":"summary_large_image","schema":{"@context":"https:\/\/schema.org","@graph":[{"@type":"WebPage","@id":"https:\/\/www.noticiasradioreflejos.com.ar\/2021\/el-acuerdo-con-el-fmi-es-ley\/","url":"https:\/\/www.noticiasradioreflejos.com.ar\/2021\/el-acuerdo-con-el-fmi-es-ley\/","name":"El acuerdo con el FMI es ley - Noticias Radio Reflejos","isPartOf":{"@id":"https:\/\/www.noticiasradioreflejos.com.ar\/2021\/#website"},"primaryImageOfPage":{"@id":"https:\/\/www.noticiasradioreflejos.com.ar\/2021\/el-acuerdo-con-el-fmi-es-ley\/#primaryimage"},"image":{"@id":"https:\/\/www.noticiasradioreflejos.com.ar\/2021\/el-acuerdo-con-el-fmi-es-ley\/#primaryimage"},"thumbnailUrl":"https:\/\/www.telam.com.ar\/thumbs\/bluesteel\/advf\/imagenes\/2022\/03\/623372d3d6947_900.jpg","datePublished":"2022-03-18T10:23:16+00:00","author":{"@id":"https:\/\/www.noticiasradioreflejos.com.ar\/2021\/#\/schema\/person\/ad82545263dcc5ec0996818884fd5fb1"},"breadcrumb":{"@id":"https:\/\/www.noticiasradioreflejos.com.ar\/2021\/el-acuerdo-con-el-fmi-es-ley\/#breadcrumb"},"inLanguage":"es","potentialAction":[{"@type":"ReadAction","target":["https:\/\/www.noticiasradioreflejos.com.ar\/2021\/el-acuerdo-con-el-fmi-es-ley\/"]}]},{"@type":"ImageObject","inLanguage":"es","@id":"https:\/\/www.noticiasradioreflejos.com.ar\/2021\/el-acuerdo-con-el-fmi-es-ley\/#primaryimage","url":"https:\/\/www.telam.com.ar\/thumbs\/bluesteel\/advf\/imagenes\/2022\/03\/623372d3d6947_900.jpg","contentUrl":"https:\/\/www.telam.com.ar\/thumbs\/bluesteel\/advf\/imagenes\/2022\/03\/623372d3d6947_900.jpg"},{"@type":"BreadcrumbList","@id":"https:\/\/www.noticiasradioreflejos.com.ar\/2021\/el-acuerdo-con-el-fmi-es-ley\/#breadcrumb","itemListElement":[{"@type":"ListItem","position":1,"name":"Portada","item":"https:\/\/www.noticiasradioreflejos.com.ar\/2021\/"},{"@type":"ListItem","position":2,"name":"El acuerdo con el FMI es ley"}]},{"@type":"WebSite","@id":"https:\/\/www.noticiasradioreflejos.com.ar\/2021\/#website","url":"https:\/\/www.noticiasradioreflejos.com.ar\/2021\/","name":"Noticias Radio Reflejos","description":"Las noticias de mi comarca","potentialAction":[{"@type":"SearchAction","target":{"@type":"EntryPoint","urlTemplate":"https:\/\/www.noticiasradioreflejos.com.ar\/2021\/?s={search_term_string}"},"query-input":{"@type":"PropertyValueSpecification","valueRequired":true,"valueName":"search_term_string"}}],"inLanguage":"es"},{"@type":"Person","@id":"https:\/\/www.noticiasradioreflejos.com.ar\/2021\/#\/schema\/person\/ad82545263dcc5ec0996818884fd5fb1","name":"Arnaldo Botto","image":{"@type":"ImageObject","inLanguage":"es","@id":"https:\/\/www.noticiasradioreflejos.com.ar\/2021\/#\/schema\/person\/image\/","url":"https:\/\/secure.gravatar.com\/avatar\/55cb5e37c1efa326397366e6974cb338056df65cb50e7d64d1cf314e87504837?s=96&d=mm&r=g","contentUrl":"https:\/\/secure.gravatar.com\/avatar\/55cb5e37c1efa326397366e6974cb338056df65cb50e7d64d1cf314e87504837?s=96&d=mm&r=g","caption":"Arnaldo Botto"},"url":"https:\/\/www.noticiasradioreflejos.com.ar\/2021\/author\/arnaldo\/"}]}},"_links":{"self":[{"href":"https:\/\/www.noticiasradioreflejos.com.ar\/2021\/wp-json\/wp\/v2\/posts\/69414","targetHints":{"allow":["GET"]}}],"collection":[{"href":"https:\/\/www.noticiasradioreflejos.com.ar\/2021\/wp-json\/wp\/v2\/posts"}],"about":[{"href":"https:\/\/www.noticiasradioreflejos.com.ar\/2021\/wp-json\/wp\/v2\/types\/post"}],"author":[{"embeddable":true,"href":"https:\/\/www.noticiasradioreflejos.com.ar\/2021\/wp-json\/wp\/v2\/users\/3"}],"replies":[{"embeddable":true,"href":"https:\/\/www.noticiasradioreflejos.com.ar\/2021\/wp-json\/wp\/v2\/comments?post=69414"}],"version-history":[{"count":1,"href":"https:\/\/www.noticiasradioreflejos.com.ar\/2021\/wp-json\/wp\/v2\/posts\/69414\/revisions"}],"predecessor-version":[{"id":69416,"href":"https:\/\/www.noticiasradioreflejos.com.ar\/2021\/wp-json\/wp\/v2\/posts\/69414\/revisions\/69416"}],"wp:attachment":[{"href":"https:\/\/www.noticiasradioreflejos.com.ar\/2021\/wp-json\/wp\/v2\/media?parent=69414"}],"wp:term":[{"taxonomy":"category","embeddable":true,"href":"https:\/\/www.noticiasradioreflejos.com.ar\/2021\/wp-json\/wp\/v2\/categories?post=69414"},{"taxonomy":"post_tag","embeddable":true,"href":"https:\/\/www.noticiasradioreflejos.com.ar\/2021\/wp-json\/wp\/v2\/tags?post=69414"}],"curies":[{"name":"wp","href":"https:\/\/api.w.org\/{rel}","templated":true}]}}