{"id":69409,"date":"2022-03-17T19:41:47","date_gmt":"2022-03-17T19:41:47","guid":{"rendered":"http:\/\/www.noticiasradioreflejos.com.ar\/2021\/?p=69409"},"modified":"2022-03-17T19:41:47","modified_gmt":"2022-03-17T19:41:47","slug":"se-incendio-un-camion-sobre-la-ruta-3","status":"publish","type":"post","link":"https:\/\/www.noticiasradioreflejos.com.ar\/2021\/se-incendio-un-camion-sobre-la-ruta-3\/","title":{"rendered":"Se incendi\u00f3 un cami\u00f3n sobre la ruta 3"},"content":{"rendered":"<p style=\"font-weight: 400;\">El siniestro provoc\u00f3 una densa cortina de humo y se extendi\u00f3 desde el rodado hacia un campo. El tr\u00e1nsito debi\u00f3 ser interrumpido.<!--more--><\/p>\n<p><a title=\"se incendi\u00f3 un camion en la ruta 3 (1)\" href=\"https:\/\/www.flickr.com\/photos\/182279889@N02\/51944615359\/in\/dateposted-public\/\" data-flickr-embed=\"true\"><img loading=\"lazy\" decoding=\"async\" src=\"https:\/\/live.staticflickr.com\/65535\/51944615359_97df0f7c49_c.jpg\" alt=\"se incendi\u00f3 un camion en la ruta 3 (1)\" width=\"800\" height=\"534\" \/><\/a><script async src=\"\/\/embedr.flickr.com\/assets\/client-code.js\" charset=\"utf-8\"><\/script><\/p>\n<p>Un cami\u00f3n que circulaba sobre el kil\u00f3metro 733 de la ruta nacional 3, fue completamente destruido por el fuego, luego que las llamas tomaran al veh\u00edculo, por motivos que no han logrado ser establecidos.<\/p>\n<p><a title=\"se incendi\u00f3 un camion en la ruta 3 (1)\" href=\"https:\/\/www.flickr.com\/photos\/182279889@N02\/51944906390\/in\/dateposted-public\/\" data-flickr-embed=\"true\"><img loading=\"lazy\" decoding=\"async\" class=\"aligncenter\" src=\"https:\/\/live.staticflickr.com\/65535\/51944906390_3acfcbdd9a_z.jpg\" alt=\"se incendi\u00f3 un camion en la ruta 3 (1)\" width=\"640\" height=\"412\" \/><\/a><script async src=\"\/\/embedr.flickr.com\/assets\/client-code.js\" charset=\"utf-8\"><\/script><\/p>\n<p>Afortunadamente, el chofer del veh\u00edculo no sufri\u00f3 heridas de ning\u00fan tipo. Las llamas emanadas del rodado provocaron, adem\u00e1s, que un campo lindero comenzara a incendiarse tambi\u00e9n. Por ello debieron intervenir tres<\/p>\n<p><a title=\"se incendi\u00f3 un camion en la ruta 3 (3)\" href=\"https:\/\/www.flickr.com\/photos\/182279889@N02\/51944378773\/in\/dateposted-public\/\" data-flickr-embed=\"true\"><img loading=\"lazy\" decoding=\"async\" src=\"https:\/\/live.staticflickr.com\/65535\/51944378773_1f1de00ebd_o.jpg\" alt=\"se incendi\u00f3 un camion en la ruta 3 (3)\" width=\"706\" height=\"379\" \/><\/a><script async src=\"\/\/embedr.flickr.com\/assets\/client-code.js\" charset=\"utf-8\"><\/script><\/p>\n<p>El fuego hab\u00eda provocado una densa nube de humo que atravesaba la calzada, por lo que el tr\u00e1nsito debi\u00f3 ser interrumpido moment\u00e1neamente. Intervino tambi\u00e9n Polic\u00eda de M\u00e9danos y personal de Tr\u00e1nsito municipal.<\/p>\n<p>&nbsp;<\/p>\n<p style=\"font-weight: 400;\">Fuente: Infovillarino<\/p>\n","protected":false},"excerpt":{"rendered":"<p>El siniestro provoc\u00f3 una densa cortina de humo y se extendi\u00f3 desde el rodado hacia un campo. El tr\u00e1nsito debi\u00f3 ser interrumpido.<\/p>\n","protected":false},"author":3,"featured_media":0,"comment_status":"closed","ping_status":"closed","sticky":false,"template":"","format":"standard","meta":{"footnotes":""},"categories":[29],"tags":[],"class_list":["post-69409","post","type-post","status-publish","format-standard","hentry","category-policiales"],"yoast_head":"<!-- This site is optimized with the Yoast SEO plugin v25.9 - https:\/\/yoast.com\/wordpress\/plugins\/seo\/ -->\n<title>Se incendi\u00f3 un cami\u00f3n sobre la ruta 3 - Noticias Radio Reflejos<\/title>\n<meta name=\"robots\" content=\"index, follow, max-snippet:-1, max-image-preview:large, max-video-preview:-1\" \/>\n<link rel=\"canonical\" href=\"https:\/\/www.noticiasradioreflejos.com.ar\/2021\/se-incendio-un-camion-sobre-la-ruta-3\/\" \/>\n<meta property=\"og:locale\" content=\"es_ES\" \/>\n<meta property=\"og:type\" content=\"article\" \/>\n<meta property=\"og:title\" content=\"Se incendi\u00f3 un cami\u00f3n sobre la ruta 3 - Noticias Radio Reflejos\" \/>\n<meta property=\"og:description\" content=\"El siniestro provoc\u00f3 una densa cortina de humo y se extendi\u00f3 desde el rodado hacia un campo. El tr\u00e1nsito debi\u00f3 ser interrumpido.\" \/>\n<meta property=\"og:url\" content=\"https:\/\/www.noticiasradioreflejos.com.ar\/2021\/se-incendio-un-camion-sobre-la-ruta-3\/\" \/>\n<meta property=\"og:site_name\" content=\"Noticias Radio Reflejos\" \/>\n<meta property=\"article:published_time\" content=\"2022-03-17T19:41:47+00:00\" \/>\n<meta property=\"og:image\" content=\"https:\/\/live.staticflickr.com\/65535\/51944615359_97df0f7c49_c.jpg\" \/>\n<meta name=\"author\" content=\"Arnaldo Botto\" \/>\n<meta name=\"twitter:card\" content=\"summary_large_image\" \/>\n<script type=\"application\/ld+json\" class=\"yoast-schema-graph\">{\"@context\":\"https:\/\/schema.org\",\"@graph\":[{\"@type\":\"WebPage\",\"@id\":\"https:\/\/www.noticiasradioreflejos.com.ar\/2021\/se-incendio-un-camion-sobre-la-ruta-3\/\",\"url\":\"https:\/\/www.noticiasradioreflejos.com.ar\/2021\/se-incendio-un-camion-sobre-la-ruta-3\/\",\"name\":\"Se incendi\u00f3 un cami\u00f3n sobre la ruta 3 - Noticias Radio Reflejos\",\"isPartOf\":{\"@id\":\"https:\/\/www.noticiasradioreflejos.com.ar\/2021\/#website\"},\"primaryImageOfPage\":{\"@id\":\"https:\/\/www.noticiasradioreflejos.com.ar\/2021\/se-incendio-un-camion-sobre-la-ruta-3\/#primaryimage\"},\"image\":{\"@id\":\"https:\/\/www.noticiasradioreflejos.com.ar\/2021\/se-incendio-un-camion-sobre-la-ruta-3\/#primaryimage\"},\"thumbnailUrl\":\"https:\/\/live.staticflickr.com\/65535\/51944615359_97df0f7c49_c.jpg\",\"datePublished\":\"2022-03-17T19:41:47+00:00\",\"author\":{\"@id\":\"https:\/\/www.noticiasradioreflejos.com.ar\/2021\/#\/schema\/person\/ad82545263dcc5ec0996818884fd5fb1\"},\"breadcrumb\":{\"@id\":\"https:\/\/www.noticiasradioreflejos.com.ar\/2021\/se-incendio-un-camion-sobre-la-ruta-3\/#breadcrumb\"},\"inLanguage\":\"es\",\"potentialAction\":[{\"@type\":\"ReadAction\",\"target\":[\"https:\/\/www.noticiasradioreflejos.com.ar\/2021\/se-incendio-un-camion-sobre-la-ruta-3\/\"]}]},{\"@type\":\"ImageObject\",\"inLanguage\":\"es\",\"@id\":\"https:\/\/www.noticiasradioreflejos.com.ar\/2021\/se-incendio-un-camion-sobre-la-ruta-3\/#primaryimage\",\"url\":\"https:\/\/live.staticflickr.com\/65535\/51944615359_97df0f7c49_c.jpg\",\"contentUrl\":\"https:\/\/live.staticflickr.com\/65535\/51944615359_97df0f7c49_c.jpg\"},{\"@type\":\"BreadcrumbList\",\"@id\":\"https:\/\/www.noticiasradioreflejos.com.ar\/2021\/se-incendio-un-camion-sobre-la-ruta-3\/#breadcrumb\",\"itemListElement\":[{\"@type\":\"ListItem\",\"position\":1,\"name\":\"Portada\",\"item\":\"https:\/\/www.noticiasradioreflejos.com.ar\/2021\/\"},{\"@type\":\"ListItem\",\"position\":2,\"name\":\"Se incendi\u00f3 un cami\u00f3n sobre la ruta 3\"}]},{\"@type\":\"WebSite\",\"@id\":\"https:\/\/www.noticiasradioreflejos.com.ar\/2021\/#website\",\"url\":\"https:\/\/www.noticiasradioreflejos.com.ar\/2021\/\",\"name\":\"Noticias Radio Reflejos\",\"description\":\"Las noticias de mi comarca\",\"potentialAction\":[{\"@type\":\"SearchAction\",\"target\":{\"@type\":\"EntryPoint\",\"urlTemplate\":\"https:\/\/www.noticiasradioreflejos.com.ar\/2021\/?s={search_term_string}\"},\"query-input\":{\"@type\":\"PropertyValueSpecification\",\"valueRequired\":true,\"valueName\":\"search_term_string\"}}],\"inLanguage\":\"es\"},{\"@type\":\"Person\",\"@id\":\"https:\/\/www.noticiasradioreflejos.com.ar\/2021\/#\/schema\/person\/ad82545263dcc5ec0996818884fd5fb1\",\"name\":\"Arnaldo Botto\",\"image\":{\"@type\":\"ImageObject\",\"inLanguage\":\"es\",\"@id\":\"https:\/\/www.noticiasradioreflejos.com.ar\/2021\/#\/schema\/person\/image\/\",\"url\":\"https:\/\/secure.gravatar.com\/avatar\/55cb5e37c1efa326397366e6974cb338056df65cb50e7d64d1cf314e87504837?s=96&d=mm&r=g\",\"contentUrl\":\"https:\/\/secure.gravatar.com\/avatar\/55cb5e37c1efa326397366e6974cb338056df65cb50e7d64d1cf314e87504837?s=96&d=mm&r=g\",\"caption\":\"Arnaldo Botto\"},\"url\":\"https:\/\/www.noticiasradioreflejos.com.ar\/2021\/author\/arnaldo\/\"}]}<\/script>\n<!-- \/ Yoast SEO plugin. -->","yoast_head_json":{"title":"Se incendi\u00f3 un cami\u00f3n sobre la ruta 3 - Noticias Radio Reflejos","robots":{"index":"index","follow":"follow","max-snippet":"max-snippet:-1","max-image-preview":"max-image-preview:large","max-video-preview":"max-video-preview:-1"},"canonical":"https:\/\/www.noticiasradioreflejos.com.ar\/2021\/se-incendio-un-camion-sobre-la-ruta-3\/","og_locale":"es_ES","og_type":"article","og_title":"Se incendi\u00f3 un cami\u00f3n sobre la ruta 3 - Noticias Radio Reflejos","og_description":"El siniestro provoc\u00f3 una densa cortina de humo y se extendi\u00f3 desde el rodado hacia un campo. El tr\u00e1nsito debi\u00f3 ser interrumpido.","og_url":"https:\/\/www.noticiasradioreflejos.com.ar\/2021\/se-incendio-un-camion-sobre-la-ruta-3\/","og_site_name":"Noticias Radio Reflejos","article_published_time":"2022-03-17T19:41:47+00:00","og_image":[{"url":"https:\/\/live.staticflickr.com\/65535\/51944615359_97df0f7c49_c.jpg","type":"","width":"","height":""}],"author":"Arnaldo Botto","twitter_card":"summary_large_image","schema":{"@context":"https:\/\/schema.org","@graph":[{"@type":"WebPage","@id":"https:\/\/www.noticiasradioreflejos.com.ar\/2021\/se-incendio-un-camion-sobre-la-ruta-3\/","url":"https:\/\/www.noticiasradioreflejos.com.ar\/2021\/se-incendio-un-camion-sobre-la-ruta-3\/","name":"Se incendi\u00f3 un cami\u00f3n sobre la ruta 3 - Noticias Radio Reflejos","isPartOf":{"@id":"https:\/\/www.noticiasradioreflejos.com.ar\/2021\/#website"},"primaryImageOfPage":{"@id":"https:\/\/www.noticiasradioreflejos.com.ar\/2021\/se-incendio-un-camion-sobre-la-ruta-3\/#primaryimage"},"image":{"@id":"https:\/\/www.noticiasradioreflejos.com.ar\/2021\/se-incendio-un-camion-sobre-la-ruta-3\/#primaryimage"},"thumbnailUrl":"https:\/\/live.staticflickr.com\/65535\/51944615359_97df0f7c49_c.jpg","datePublished":"2022-03-17T19:41:47+00:00","author":{"@id":"https:\/\/www.noticiasradioreflejos.com.ar\/2021\/#\/schema\/person\/ad82545263dcc5ec0996818884fd5fb1"},"breadcrumb":{"@id":"https:\/\/www.noticiasradioreflejos.com.ar\/2021\/se-incendio-un-camion-sobre-la-ruta-3\/#breadcrumb"},"inLanguage":"es","potentialAction":[{"@type":"ReadAction","target":["https:\/\/www.noticiasradioreflejos.com.ar\/2021\/se-incendio-un-camion-sobre-la-ruta-3\/"]}]},{"@type":"ImageObject","inLanguage":"es","@id":"https:\/\/www.noticiasradioreflejos.com.ar\/2021\/se-incendio-un-camion-sobre-la-ruta-3\/#primaryimage","url":"https:\/\/live.staticflickr.com\/65535\/51944615359_97df0f7c49_c.jpg","contentUrl":"https:\/\/live.staticflickr.com\/65535\/51944615359_97df0f7c49_c.jpg"},{"@type":"BreadcrumbList","@id":"https:\/\/www.noticiasradioreflejos.com.ar\/2021\/se-incendio-un-camion-sobre-la-ruta-3\/#breadcrumb","itemListElement":[{"@type":"ListItem","position":1,"name":"Portada","item":"https:\/\/www.noticiasradioreflejos.com.ar\/2021\/"},{"@type":"ListItem","position":2,"name":"Se incendi\u00f3 un cami\u00f3n sobre la ruta 3"}]},{"@type":"WebSite","@id":"https:\/\/www.noticiasradioreflejos.com.ar\/2021\/#website","url":"https:\/\/www.noticiasradioreflejos.com.ar\/2021\/","name":"Noticias Radio Reflejos","description":"Las noticias de mi comarca","potentialAction":[{"@type":"SearchAction","target":{"@type":"EntryPoint","urlTemplate":"https:\/\/www.noticiasradioreflejos.com.ar\/2021\/?s={search_term_string}"},"query-input":{"@type":"PropertyValueSpecification","valueRequired":true,"valueName":"search_term_string"}}],"inLanguage":"es"},{"@type":"Person","@id":"https:\/\/www.noticiasradioreflejos.com.ar\/2021\/#\/schema\/person\/ad82545263dcc5ec0996818884fd5fb1","name":"Arnaldo Botto","image":{"@type":"ImageObject","inLanguage":"es","@id":"https:\/\/www.noticiasradioreflejos.com.ar\/2021\/#\/schema\/person\/image\/","url":"https:\/\/secure.gravatar.com\/avatar\/55cb5e37c1efa326397366e6974cb338056df65cb50e7d64d1cf314e87504837?s=96&d=mm&r=g","contentUrl":"https:\/\/secure.gravatar.com\/avatar\/55cb5e37c1efa326397366e6974cb338056df65cb50e7d64d1cf314e87504837?s=96&d=mm&r=g","caption":"Arnaldo Botto"},"url":"https:\/\/www.noticiasradioreflejos.com.ar\/2021\/author\/arnaldo\/"}]}},"_links":{"self":[{"href":"https:\/\/www.noticiasradioreflejos.com.ar\/2021\/wp-json\/wp\/v2\/posts\/69409","targetHints":{"allow":["GET"]}}],"collection":[{"href":"https:\/\/www.noticiasradioreflejos.com.ar\/2021\/wp-json\/wp\/v2\/posts"}],"about":[{"href":"https:\/\/www.noticiasradioreflejos.com.ar\/2021\/wp-json\/wp\/v2\/types\/post"}],"author":[{"embeddable":true,"href":"https:\/\/www.noticiasradioreflejos.com.ar\/2021\/wp-json\/wp\/v2\/users\/3"}],"replies":[{"embeddable":true,"href":"https:\/\/www.noticiasradioreflejos.com.ar\/2021\/wp-json\/wp\/v2\/comments?post=69409"}],"version-history":[{"count":1,"href":"https:\/\/www.noticiasradioreflejos.com.ar\/2021\/wp-json\/wp\/v2\/posts\/69409\/revisions"}],"predecessor-version":[{"id":69411,"href":"https:\/\/www.noticiasradioreflejos.com.ar\/2021\/wp-json\/wp\/v2\/posts\/69409\/revisions\/69411"}],"wp:attachment":[{"href":"https:\/\/www.noticiasradioreflejos.com.ar\/2021\/wp-json\/wp\/v2\/media?parent=69409"}],"wp:term":[{"taxonomy":"category","embeddable":true,"href":"https:\/\/www.noticiasradioreflejos.com.ar\/2021\/wp-json\/wp\/v2\/categories?post=69409"},{"taxonomy":"post_tag","embeddable":true,"href":"https:\/\/www.noticiasradioreflejos.com.ar\/2021\/wp-json\/wp\/v2\/tags?post=69409"}],"curies":[{"name":"wp","href":"https:\/\/api.w.org\/{rel}","templated":true}]}}