{"id":69404,"date":"2022-03-17T19:30:44","date_gmt":"2022-03-17T19:30:44","guid":{"rendered":"http:\/\/www.noticiasradioreflejos.com.ar\/2021\/?p=69404"},"modified":"2022-03-17T19:52:24","modified_gmt":"2022-03-17T19:52:24","slug":"video-y-cancion-para-la-iguana-de-cobre-monumento-natural-de-la-provincia-de-buenos-aires","status":"publish","type":"post","link":"https:\/\/www.noticiasradioreflejos.com.ar\/2021\/video-y-cancion-para-la-iguana-de-cobre-monumento-natural-de-la-provincia-de-buenos-aires\/","title":{"rendered":"Video y canci\u00f3n para \u00abLa Iguana de Cobre\u00bb, monumento natural de la provincia de Buenos Aires"},"content":{"rendered":"<p>Guardaparque encargado, custodio e investigador de uno de los monumentos naturales de la Provincia de Buenos Aires, la iguana de cobre, convers\u00f3 con nosotros en la radio para presentarnos la canci\u00f3n de la Iguana de Cobre. La misma surgi\u00f3 a partir de un proyecto elaborado en conjunto con alumnos de la primaria N\u00b0 1 de Tornquist en el marco del Programa de Educaci\u00f3n Ambiental.<!--more--><\/p>\n<p><iframe loading=\"lazy\" title=\"YouTube video player\" src=\"https:\/\/www.youtube.com\/embed\/erd0DgSo_WI\" width=\"853\" height=\"480\" frameborder=\"0\" allowfullscreen=\"allowfullscreen\"><\/iframe><\/p>\n<p>\u00abEste proyecto surge del inter\u00e9s de<strong> Leticia Nicoli<\/strong>, se\u00f1o de la Escuela N\u00b0 1 \u00ab<strong>Domingo Faustino Sarmiento \u00ab<\/strong> de Tornquist\u00bb mencion\u00f3 An\u00edbal el origen de esta canci\u00f3n que realizaron los alumnos con colaboraci\u00f3n de muchas personas.<\/p>\n<p>\u00abLos chicos muy comprometidos y con muchas ganas de aprender\u00bb defini\u00f3 An\u00edbal a los alumnos de la primaria n\u00famero 1 de Tornquist, quienes impulsaron el proyecto.<\/p>\n<p>&nbsp;<\/p>\n<p><a title=\"Alumnos esc N\u00b01 Iguana de cobre\" href=\"https:\/\/www.flickr.com\/photos\/182279889@N02\/51944271411\/in\/dateposted-public\/\" data-flickr-embed=\"true\"><img loading=\"lazy\" decoding=\"async\" src=\"https:\/\/live.staticflickr.com\/65535\/51944271411_8bbd7bcdbb_c.jpg\" alt=\"Alumnos esc N\u00b01 Iguana de cobre\" width=\"800\" height=\"390\" \/><\/a><script async src=\"\/\/embedr.flickr.com\/assets\/client-code.js\" charset=\"utf-8\"><\/script><\/p>\n<p><strong>Intervinieron en el video;<\/strong><\/p>\n<p><a title=\"Agradecimientos iguan\" href=\"https:\/\/www.flickr.com\/photos\/182279889@N02\/51944302036\/in\/dateposted-public\/\" data-flickr-embed=\"true\"><img loading=\"lazy\" decoding=\"async\" src=\"https:\/\/live.staticflickr.com\/65535\/51944302036_4d4cf5837f_w.jpg\" alt=\"Agradecimientos iguan\" width=\"400\" height=\"225\" \/><\/a><script async src=\"\/\/embedr.flickr.com\/assets\/client-code.js\" charset=\"utf-8\"><\/script><\/p>\n<p>An\u00edbal informa que las nuevas noticias en relaci\u00f3n a esta especie es que se han avistado muchos individuos juveniles, lo que indica que la iguana de cobre se estar\u00eda reproduciendo. \u00abTenemos 70 y pico individuos, tampoco son muchos\u00bb hizo hincapi\u00e9 en que sigue siendo una especie en peligro de extinci\u00f3n.<\/p>\n<p>El guardaparques mencion\u00f3 que estaba la idea de llevar a una contingencia de chicos para que puedan avistarlas con sus propios ojos, pero An\u00edbal aclara que la iguana de cobre vive en lugares de compleja accesibilidad, por lo que se necesita una m\u00ednima experiencia en escalaci\u00f3n y un buen estado f\u00edsico para llevar un alto ritmo de caminata. Adem\u00e1s, agreg\u00f3 que hay que tener en cuenta muchos factores para poder ir a verlas, como por ejemplo, la \u00e9poca del a\u00f1o, c\u00f3mo estar\u00e1 el tiempo ese d\u00eda, la hora del d\u00eda y dem\u00e1s.<\/p>\n<p><a title=\"Anibal Areco\" href=\"https:\/\/www.flickr.com\/photos\/182279889@N02\/51944923855\/in\/dateposted-public\/\" data-flickr-embed=\"true\"><img loading=\"lazy\" decoding=\"async\" src=\"https:\/\/live.staticflickr.com\/65535\/51944923855_7100a58bc5_c.jpg\" alt=\"Anibal Areco\" width=\"800\" height=\"600\" \/><\/a><script async src=\"\/\/embedr.flickr.com\/assets\/client-code.js\" charset=\"utf-8\"><\/script><\/p>\n<p>An\u00edbal forma parte del Programa de Educaci\u00f3n Ambiental, de donde sale este proyecto de la canci\u00f3n de la Iguana de Cobre. El guardaparques comenta que lo est\u00e1n llamando desde las escuelas para poder trabajar en conjunto para realizar proyectos en conjunto relacionados a la educaci\u00f3n ambiental.<\/p>\n<p>Las redes para contactarlo son:<br \/>\n<strong>Instagram<\/strong>: <a href=\"http:\/\/@iguana_de_cobre\">@iguana_de_cobre<\/a><br \/>\n<strong>E-mail:<\/strong> <a href=\"mailto:iguanadecobre@gmail.com\">iguanadecobre@gmail.com<\/a><br \/>\n<strong>Facebook:<\/strong> <a href=\"http:\/\/Monumento Natural Iguana de Cobre\">Monumento Natural Iguana de Cobre<\/a><\/p>\n<p>Nota completa a continuaci\u00f3n:<br \/>\n<iframe loading=\"lazy\" src=\"https:\/\/w.soundcloud.com\/player\/?url=https%3A\/\/api.soundcloud.com\/tracks\/1233961414&amp;color=%23ff5500&amp;auto_play=false&amp;hide_related=false&amp;show_comments=true&amp;show_user=true&amp;show_reposts=false&amp;show_teaser=true&amp;visual=true\" width=\"100%\" height=\"300\" frameborder=\"no\" scrolling=\"no\"><\/iframe><\/p>\n<div style=\"font-size: 10px; color: #cccccc; line-break: anywhere; word-break: normal; overflow: hidden; white-space: nowrap; text-overflow: ellipsis; font-family: Interstate,Lucida Grande,Lucida Sans Unicode,Lucida Sans,Garuda,Verdana,Tahoma,sans-serif; font-weight: 100;\"><a style=\"color: #cccccc; text-decoration: none;\" title=\"fmreflejos 103.7\" href=\"https:\/\/soundcloud.com\/fmreflejos-103-7\" target=\"_blank\" rel=\"noopener\">fmreflejos 103.7<\/a> \u00b7 <a style=\"color: #cccccc; text-decoration: none;\" title=\"Anibal Areco\" href=\"https:\/\/soundcloud.com\/fmreflejos-103-7\/anibal-areco-1\" target=\"_blank\" rel=\"noopener\">Anibal Areco<\/a><\/div>\n<p><a title=\"Anibal y LA Iguana\" href=\"https:\/\/www.flickr.com\/photos\/182279889@N02\/51944353403\/in\/dateposted-public\/\" data-flickr-embed=\"true\"><img loading=\"lazy\" decoding=\"async\" class=\"aligncenter\" src=\"https:\/\/live.staticflickr.com\/65535\/51944353403_0a87fa3bbd_c.jpg\" alt=\"Anibal y LA Iguana\" width=\"577\" height=\"800\" \/><\/a><script async src=\"\/\/embedr.flickr.com\/assets\/client-code.js\" charset=\"utf-8\"><\/script><\/p>\n","protected":false},"excerpt":{"rendered":"<p>Guardaparque encargado, custodio e investigador de uno de los monumentos naturales de la Provincia de Buenos Aires, la iguana de cobre, convers\u00f3 con nosotros en la radio para presentarnos la canci\u00f3n de la Iguana de Cobre. La misma surgi\u00f3 a partir de un proyecto elaborado en conjunto con alumnos de la primaria N\u00b0 1 de [&hellip;]<\/p>\n","protected":false},"author":3,"featured_media":66414,"comment_status":"closed","ping_status":"closed","sticky":false,"template":"","format":"standard","meta":{"footnotes":""},"categories":[34,26],"tags":[48],"class_list":["post-69404","post","type-post","status-publish","format-standard","has-post-thumbnail","hentry","category-educacion","category-sociedad","tag-destacada"],"yoast_head":"<!-- This site is optimized with the Yoast SEO plugin v25.9 - https:\/\/yoast.com\/wordpress\/plugins\/seo\/ -->\n<title>Video y canci\u00f3n para &quot;La Iguana de Cobre&quot;, monumento natural de la provincia de Buenos Aires - Noticias Radio Reflejos<\/title>\n<meta name=\"robots\" content=\"index, follow, max-snippet:-1, max-image-preview:large, max-video-preview:-1\" \/>\n<link rel=\"canonical\" href=\"https:\/\/www.noticiasradioreflejos.com.ar\/2021\/video-y-cancion-para-la-iguana-de-cobre-monumento-natural-de-la-provincia-de-buenos-aires\/\" \/>\n<meta property=\"og:locale\" content=\"es_ES\" \/>\n<meta property=\"og:type\" content=\"article\" \/>\n<meta property=\"og:title\" content=\"Video y canci\u00f3n para &quot;La Iguana de Cobre&quot;, monumento natural de la provincia de Buenos Aires - Noticias Radio Reflejos\" \/>\n<meta property=\"og:description\" content=\"Guardaparque encargado, custodio e investigador de uno de los monumentos naturales de la Provincia de Buenos Aires, la iguana de cobre, convers\u00f3 con nosotros en la radio para presentarnos la canci\u00f3n de la Iguana de Cobre. La misma surgi\u00f3 a partir de un proyecto elaborado en conjunto con alumnos de la primaria N\u00b0 1 de [&hellip;]\" \/>\n<meta property=\"og:url\" content=\"https:\/\/www.noticiasradioreflejos.com.ar\/2021\/video-y-cancion-para-la-iguana-de-cobre-monumento-natural-de-la-provincia-de-buenos-aires\/\" \/>\n<meta property=\"og:site_name\" content=\"Noticias Radio Reflejos\" \/>\n<meta property=\"article:published_time\" content=\"2022-03-17T19:30:44+00:00\" \/>\n<meta property=\"article:modified_time\" content=\"2022-03-17T19:52:24+00:00\" \/>\n<meta property=\"og:image\" content=\"https:\/\/www.noticiasradioreflejos.com.ar\/2021\/wp-content\/uploads\/2021\/12\/Iguana-de-Cobre-Ventania-4.jpeg\" \/>\n\t<meta property=\"og:image:width\" content=\"1280\" \/>\n\t<meta property=\"og:image:height\" content=\"960\" \/>\n\t<meta property=\"og:image:type\" content=\"image\/jpeg\" \/>\n<meta name=\"author\" content=\"Arnaldo Botto\" \/>\n<meta name=\"twitter:card\" content=\"summary_large_image\" \/>\n<script type=\"application\/ld+json\" class=\"yoast-schema-graph\">{\"@context\":\"https:\/\/schema.org\",\"@graph\":[{\"@type\":\"WebPage\",\"@id\":\"https:\/\/www.noticiasradioreflejos.com.ar\/2021\/video-y-cancion-para-la-iguana-de-cobre-monumento-natural-de-la-provincia-de-buenos-aires\/\",\"url\":\"https:\/\/www.noticiasradioreflejos.com.ar\/2021\/video-y-cancion-para-la-iguana-de-cobre-monumento-natural-de-la-provincia-de-buenos-aires\/\",\"name\":\"Video y canci\u00f3n para \\\"La Iguana de Cobre\\\", monumento natural de la provincia de Buenos Aires - Noticias Radio Reflejos\",\"isPartOf\":{\"@id\":\"https:\/\/www.noticiasradioreflejos.com.ar\/2021\/#website\"},\"primaryImageOfPage\":{\"@id\":\"https:\/\/www.noticiasradioreflejos.com.ar\/2021\/video-y-cancion-para-la-iguana-de-cobre-monumento-natural-de-la-provincia-de-buenos-aires\/#primaryimage\"},\"image\":{\"@id\":\"https:\/\/www.noticiasradioreflejos.com.ar\/2021\/video-y-cancion-para-la-iguana-de-cobre-monumento-natural-de-la-provincia-de-buenos-aires\/#primaryimage\"},\"thumbnailUrl\":\"https:\/\/www.noticiasradioreflejos.com.ar\/2021\/wp-content\/uploads\/2021\/12\/Iguana-de-Cobre-Ventania-4.jpeg\",\"datePublished\":\"2022-03-17T19:30:44+00:00\",\"dateModified\":\"2022-03-17T19:52:24+00:00\",\"author\":{\"@id\":\"https:\/\/www.noticiasradioreflejos.com.ar\/2021\/#\/schema\/person\/ad82545263dcc5ec0996818884fd5fb1\"},\"breadcrumb\":{\"@id\":\"https:\/\/www.noticiasradioreflejos.com.ar\/2021\/video-y-cancion-para-la-iguana-de-cobre-monumento-natural-de-la-provincia-de-buenos-aires\/#breadcrumb\"},\"inLanguage\":\"es\",\"potentialAction\":[{\"@type\":\"ReadAction\",\"target\":[\"https:\/\/www.noticiasradioreflejos.com.ar\/2021\/video-y-cancion-para-la-iguana-de-cobre-monumento-natural-de-la-provincia-de-buenos-aires\/\"]}]},{\"@type\":\"ImageObject\",\"inLanguage\":\"es\",\"@id\":\"https:\/\/www.noticiasradioreflejos.com.ar\/2021\/video-y-cancion-para-la-iguana-de-cobre-monumento-natural-de-la-provincia-de-buenos-aires\/#primaryimage\",\"url\":\"https:\/\/www.noticiasradioreflejos.com.ar\/2021\/wp-content\/uploads\/2021\/12\/Iguana-de-Cobre-Ventania-4.jpeg\",\"contentUrl\":\"https:\/\/www.noticiasradioreflejos.com.ar\/2021\/wp-content\/uploads\/2021\/12\/Iguana-de-Cobre-Ventania-4.jpeg\",\"width\":1280,\"height\":960},{\"@type\":\"BreadcrumbList\",\"@id\":\"https:\/\/www.noticiasradioreflejos.com.ar\/2021\/video-y-cancion-para-la-iguana-de-cobre-monumento-natural-de-la-provincia-de-buenos-aires\/#breadcrumb\",\"itemListElement\":[{\"@type\":\"ListItem\",\"position\":1,\"name\":\"Portada\",\"item\":\"https:\/\/www.noticiasradioreflejos.com.ar\/2021\/\"},{\"@type\":\"ListItem\",\"position\":2,\"name\":\"Video y canci\u00f3n para \u00abLa Iguana de Cobre\u00bb, monumento natural de la provincia de Buenos Aires\"}]},{\"@type\":\"WebSite\",\"@id\":\"https:\/\/www.noticiasradioreflejos.com.ar\/2021\/#website\",\"url\":\"https:\/\/www.noticiasradioreflejos.com.ar\/2021\/\",\"name\":\"Noticias Radio Reflejos\",\"description\":\"Las noticias de mi comarca\",\"potentialAction\":[{\"@type\":\"SearchAction\",\"target\":{\"@type\":\"EntryPoint\",\"urlTemplate\":\"https:\/\/www.noticiasradioreflejos.com.ar\/2021\/?s={search_term_string}\"},\"query-input\":{\"@type\":\"PropertyValueSpecification\",\"valueRequired\":true,\"valueName\":\"search_term_string\"}}],\"inLanguage\":\"es\"},{\"@type\":\"Person\",\"@id\":\"https:\/\/www.noticiasradioreflejos.com.ar\/2021\/#\/schema\/person\/ad82545263dcc5ec0996818884fd5fb1\",\"name\":\"Arnaldo Botto\",\"image\":{\"@type\":\"ImageObject\",\"inLanguage\":\"es\",\"@id\":\"https:\/\/www.noticiasradioreflejos.com.ar\/2021\/#\/schema\/person\/image\/\",\"url\":\"https:\/\/secure.gravatar.com\/avatar\/55cb5e37c1efa326397366e6974cb338056df65cb50e7d64d1cf314e87504837?s=96&d=mm&r=g\",\"contentUrl\":\"https:\/\/secure.gravatar.com\/avatar\/55cb5e37c1efa326397366e6974cb338056df65cb50e7d64d1cf314e87504837?s=96&d=mm&r=g\",\"caption\":\"Arnaldo Botto\"},\"url\":\"https:\/\/www.noticiasradioreflejos.com.ar\/2021\/author\/arnaldo\/\"}]}<\/script>\n<!-- \/ Yoast SEO plugin. -->","yoast_head_json":{"title":"Video y canci\u00f3n para \"La Iguana de Cobre\", monumento natural de la provincia de Buenos Aires - Noticias Radio Reflejos","robots":{"index":"index","follow":"follow","max-snippet":"max-snippet:-1","max-image-preview":"max-image-preview:large","max-video-preview":"max-video-preview:-1"},"canonical":"https:\/\/www.noticiasradioreflejos.com.ar\/2021\/video-y-cancion-para-la-iguana-de-cobre-monumento-natural-de-la-provincia-de-buenos-aires\/","og_locale":"es_ES","og_type":"article","og_title":"Video y canci\u00f3n para \"La Iguana de Cobre\", monumento natural de la provincia de Buenos Aires - Noticias Radio Reflejos","og_description":"Guardaparque encargado, custodio e investigador de uno de los monumentos naturales de la Provincia de Buenos Aires, la iguana de cobre, convers\u00f3 con nosotros en la radio para presentarnos la canci\u00f3n de la Iguana de Cobre. La misma surgi\u00f3 a partir de un proyecto elaborado en conjunto con alumnos de la primaria N\u00b0 1 de [&hellip;]","og_url":"https:\/\/www.noticiasradioreflejos.com.ar\/2021\/video-y-cancion-para-la-iguana-de-cobre-monumento-natural-de-la-provincia-de-buenos-aires\/","og_site_name":"Noticias Radio Reflejos","article_published_time":"2022-03-17T19:30:44+00:00","article_modified_time":"2022-03-17T19:52:24+00:00","og_image":[{"width":1280,"height":960,"url":"https:\/\/www.noticiasradioreflejos.com.ar\/2021\/wp-content\/uploads\/2021\/12\/Iguana-de-Cobre-Ventania-4.jpeg","type":"image\/jpeg"}],"author":"Arnaldo Botto","twitter_card":"summary_large_image","schema":{"@context":"https:\/\/schema.org","@graph":[{"@type":"WebPage","@id":"https:\/\/www.noticiasradioreflejos.com.ar\/2021\/video-y-cancion-para-la-iguana-de-cobre-monumento-natural-de-la-provincia-de-buenos-aires\/","url":"https:\/\/www.noticiasradioreflejos.com.ar\/2021\/video-y-cancion-para-la-iguana-de-cobre-monumento-natural-de-la-provincia-de-buenos-aires\/","name":"Video y canci\u00f3n para \"La Iguana de Cobre\", monumento natural de la provincia de Buenos Aires - Noticias Radio Reflejos","isPartOf":{"@id":"https:\/\/www.noticiasradioreflejos.com.ar\/2021\/#website"},"primaryImageOfPage":{"@id":"https:\/\/www.noticiasradioreflejos.com.ar\/2021\/video-y-cancion-para-la-iguana-de-cobre-monumento-natural-de-la-provincia-de-buenos-aires\/#primaryimage"},"image":{"@id":"https:\/\/www.noticiasradioreflejos.com.ar\/2021\/video-y-cancion-para-la-iguana-de-cobre-monumento-natural-de-la-provincia-de-buenos-aires\/#primaryimage"},"thumbnailUrl":"https:\/\/www.noticiasradioreflejos.com.ar\/2021\/wp-content\/uploads\/2021\/12\/Iguana-de-Cobre-Ventania-4.jpeg","datePublished":"2022-03-17T19:30:44+00:00","dateModified":"2022-03-17T19:52:24+00:00","author":{"@id":"https:\/\/www.noticiasradioreflejos.com.ar\/2021\/#\/schema\/person\/ad82545263dcc5ec0996818884fd5fb1"},"breadcrumb":{"@id":"https:\/\/www.noticiasradioreflejos.com.ar\/2021\/video-y-cancion-para-la-iguana-de-cobre-monumento-natural-de-la-provincia-de-buenos-aires\/#breadcrumb"},"inLanguage":"es","potentialAction":[{"@type":"ReadAction","target":["https:\/\/www.noticiasradioreflejos.com.ar\/2021\/video-y-cancion-para-la-iguana-de-cobre-monumento-natural-de-la-provincia-de-buenos-aires\/"]}]},{"@type":"ImageObject","inLanguage":"es","@id":"https:\/\/www.noticiasradioreflejos.com.ar\/2021\/video-y-cancion-para-la-iguana-de-cobre-monumento-natural-de-la-provincia-de-buenos-aires\/#primaryimage","url":"https:\/\/www.noticiasradioreflejos.com.ar\/2021\/wp-content\/uploads\/2021\/12\/Iguana-de-Cobre-Ventania-4.jpeg","contentUrl":"https:\/\/www.noticiasradioreflejos.com.ar\/2021\/wp-content\/uploads\/2021\/12\/Iguana-de-Cobre-Ventania-4.jpeg","width":1280,"height":960},{"@type":"BreadcrumbList","@id":"https:\/\/www.noticiasradioreflejos.com.ar\/2021\/video-y-cancion-para-la-iguana-de-cobre-monumento-natural-de-la-provincia-de-buenos-aires\/#breadcrumb","itemListElement":[{"@type":"ListItem","position":1,"name":"Portada","item":"https:\/\/www.noticiasradioreflejos.com.ar\/2021\/"},{"@type":"ListItem","position":2,"name":"Video y canci\u00f3n para \u00abLa Iguana de Cobre\u00bb, monumento natural de la provincia de Buenos Aires"}]},{"@type":"WebSite","@id":"https:\/\/www.noticiasradioreflejos.com.ar\/2021\/#website","url":"https:\/\/www.noticiasradioreflejos.com.ar\/2021\/","name":"Noticias Radio Reflejos","description":"Las noticias de mi comarca","potentialAction":[{"@type":"SearchAction","target":{"@type":"EntryPoint","urlTemplate":"https:\/\/www.noticiasradioreflejos.com.ar\/2021\/?s={search_term_string}"},"query-input":{"@type":"PropertyValueSpecification","valueRequired":true,"valueName":"search_term_string"}}],"inLanguage":"es"},{"@type":"Person","@id":"https:\/\/www.noticiasradioreflejos.com.ar\/2021\/#\/schema\/person\/ad82545263dcc5ec0996818884fd5fb1","name":"Arnaldo Botto","image":{"@type":"ImageObject","inLanguage":"es","@id":"https:\/\/www.noticiasradioreflejos.com.ar\/2021\/#\/schema\/person\/image\/","url":"https:\/\/secure.gravatar.com\/avatar\/55cb5e37c1efa326397366e6974cb338056df65cb50e7d64d1cf314e87504837?s=96&d=mm&r=g","contentUrl":"https:\/\/secure.gravatar.com\/avatar\/55cb5e37c1efa326397366e6974cb338056df65cb50e7d64d1cf314e87504837?s=96&d=mm&r=g","caption":"Arnaldo Botto"},"url":"https:\/\/www.noticiasradioreflejos.com.ar\/2021\/author\/arnaldo\/"}]}},"_links":{"self":[{"href":"https:\/\/www.noticiasradioreflejos.com.ar\/2021\/wp-json\/wp\/v2\/posts\/69404","targetHints":{"allow":["GET"]}}],"collection":[{"href":"https:\/\/www.noticiasradioreflejos.com.ar\/2021\/wp-json\/wp\/v2\/posts"}],"about":[{"href":"https:\/\/www.noticiasradioreflejos.com.ar\/2021\/wp-json\/wp\/v2\/types\/post"}],"author":[{"embeddable":true,"href":"https:\/\/www.noticiasradioreflejos.com.ar\/2021\/wp-json\/wp\/v2\/users\/3"}],"replies":[{"embeddable":true,"href":"https:\/\/www.noticiasradioreflejos.com.ar\/2021\/wp-json\/wp\/v2\/comments?post=69404"}],"version-history":[{"count":4,"href":"https:\/\/www.noticiasradioreflejos.com.ar\/2021\/wp-json\/wp\/v2\/posts\/69404\/revisions"}],"predecessor-version":[{"id":69413,"href":"https:\/\/www.noticiasradioreflejos.com.ar\/2021\/wp-json\/wp\/v2\/posts\/69404\/revisions\/69413"}],"wp:featuredmedia":[{"embeddable":true,"href":"https:\/\/www.noticiasradioreflejos.com.ar\/2021\/wp-json\/wp\/v2\/media\/66414"}],"wp:attachment":[{"href":"https:\/\/www.noticiasradioreflejos.com.ar\/2021\/wp-json\/wp\/v2\/media?parent=69404"}],"wp:term":[{"taxonomy":"category","embeddable":true,"href":"https:\/\/www.noticiasradioreflejos.com.ar\/2021\/wp-json\/wp\/v2\/categories?post=69404"},{"taxonomy":"post_tag","embeddable":true,"href":"https:\/\/www.noticiasradioreflejos.com.ar\/2021\/wp-json\/wp\/v2\/tags?post=69404"}],"curies":[{"name":"wp","href":"https:\/\/api.w.org\/{rel}","templated":true}]}}