{"id":69386,"date":"2022-03-17T10:50:42","date_gmt":"2022-03-17T10:50:42","guid":{"rendered":"http:\/\/www.noticiasradioreflejos.com.ar\/2021\/?p=69386"},"modified":"2022-03-17T10:50:42","modified_gmt":"2022-03-17T10:50:42","slug":"la-embajada-de-israel-conmemorara-los-30-anos-del-ataque-a-su-sede-en-buenos-aires","status":"publish","type":"post","link":"https:\/\/www.noticiasradioreflejos.com.ar\/2021\/la-embajada-de-israel-conmemorara-los-30-anos-del-ataque-a-su-sede-en-buenos-aires\/","title":{"rendered":"La Embajada de Israel conmemorar\u00e1 los 30 a\u00f1os del ataque a su sede en Buenos Aires"},"content":{"rendered":"<p>El acto central ser\u00e1 organizado por la Embajada de Israel en Buenos Aires y se desarrollar\u00e1 a partir de las 14.50 en la plaza seca de la calle Arroyo al 900, donde hace tres d\u00e9cadas se ubicaba la delegaci\u00f3n diplom\u00e1tica, seg\u00fan informaron fuentes de la representaci\u00f3n.<!--more--><img decoding=\"async\" src=\"https:\/\/www.telam.com.ar\/thumbs\/bluesteel\/advf\/imagenes\/2022\/03\/6230e24a7bb4c_900.jpg\" alt=\"La delegacin israel con referentes nacionales ser recibida este viernes por el presidente Alberto Fernndez Foto Carlos Luna\" \/><\/p>\n<p>\u00abLa delegaci\u00f3n israel\u00ed, con referentes nacionales, ser\u00e1 recibida este viernes por el presidente Alberto Fern\u00e1ndez\u00bb. Foto: Carlos Luna<\/p>\n<p>El ministro de Justicia y Derechos Humanos, Mart\u00edn Soria, y el viceprimer ministro de Israel, Gideon Sa&#8217;ar, encabezar\u00e1n este jueves como principales oradores el acto por el 30\u00b0 aniversario del atentado a la sede diplom\u00e1tica de ese pa\u00eds en Buenos Aires, un ataque terrorista que el 17 de marzo de 1992 dej\u00f3 22 muertos y 242 heridos.<\/p>\n<p>El acto central ser\u00e1 organizado por la Embajada de Israel en Buenos Aires y se desarrollar\u00e1 a partir de las 14.50 en la plaza seca de la calle Arroyo al 900, donde hace tres d\u00e9cadas se ubicaba la delegaci\u00f3n diplom\u00e1tica, seg\u00fan informaron fuentes de la representaci\u00f3n.<\/p>\n<p>Sa\u00b4ar llegar\u00e1 al pa\u00eds este mi\u00e9rcoles junto a una comitiva que tambi\u00e9n integrar\u00e1 el director adjunto de la Canciller\u00eda israel\u00ed para Am\u00e9rica Latina y el Caribe, Jonathan Peled, y un grupo de sobrevivientes y familiares de v\u00edctimas que murieron en el atentado.<\/p>\n<figure class=\"mb-3\"><img decoding=\"async\" src=\"https:\/\/www.telam.com.ar\/thumbs\/bluesteel\/advf\/imagenes\/2022\/03\/6230e24a5f798_900.jpg\" alt=\"Este ao la sede diplomtica desarrollar la campaa El terrorismo deja huellas Foto Eduardo Navone\" width=\"100%\" height=\"100%\" \/><\/p>\n<div class=\"media-icons\"><\/div><figcaption>Este a\u00f1o, la sede diplom\u00e1tica desarrollar\u00e1 la campa\u00f1a \u00abEl terrorismo deja huellas\u00bb. Foto: Eduardo Navone<\/figcaption><\/figure>\n<p>Voceros de la Embajada de Israel en Buenos Aires a\u00f1adieron que \u00abla delegaci\u00f3n israel\u00ed, con referentes nacionales, ser\u00e1 recibida este viernes por el presidente Alberto Fern\u00e1ndez\u00bb, mientras que \u00abma\u00f1ana tendr\u00e1n un encuentro tambi\u00e9n con el titular de la C\u00e1mara de Diputados, Sergio Massa, en el Congreso de la Naci\u00f3n\u00bb.<\/p>\n<p>\u00abDe esta reuni\u00f3n tambi\u00e9n participar\u00e1n los presidentes de los bloques que componen la C\u00e1mara Baja\u00bb, precisaron a T\u00e9lam las fuentes, que aseguraron adem\u00e1s que \u00abcomo parte de su agenda, los representantes del Gobierno israel\u00ed mantendr\u00e1n tambi\u00e9n conversaciones con representantes de la oposici\u00f3n\u00bb.<\/p>\n<p>Este a\u00f1o, la sede diplom\u00e1tica desarrollar\u00e1 la campa\u00f1a \u00abEl terrorismo deja huellas\u00bb con el fin de recordar el ataque en todo el pa\u00eds.<br \/>\nConstar\u00e1 de un spot audiovisual, piezas gr\u00e1ficas y un filtro de la red social Instagram, que podr\u00e1 utilizar todo aquel que desee reflejar en las plataforma online la importancia de conmemorar este ataque.<\/p>\n<p>\u00abSe busca as\u00ed reflexionar acerca de la marca que dej\u00f3 este ataque en toda la comunidad, fortaleciendo los conceptos de memoria y de condena al terrorismo\u00bb, indicaron.<\/p>\n<figure class=\"mb-3\"><img decoding=\"async\" src=\"https:\/\/www.telam.com.ar\/thumbs\/bluesteel\/advf\/imagenes\/2022\/03\/6230e24a4941d_900.jpg\" alt=\"Se presentarn los avances existentes en la conformacin de la comitiva de gobernadores argentinos que emprendern una misin a Israel en las prximas semanas Foto Archivo Tlam\" width=\"100%\" height=\"100%\" \/><\/p>\n<div class=\"media-icons\"><\/div><figcaption>Se presentar\u00e1n los avances existentes en la conformaci\u00f3n de la comitiva de gobernadores argentinos que emprender\u00e1n una misi\u00f3n a Israel en las pr\u00f3ximas semanas. Foto: Archivo T\u00e9lam<\/figcaption><\/figure>\n<p>Las piezas audiovisuales podr\u00e1n ser vistas en las pantallas de la v\u00eda p\u00fablica y las l\u00edneas de subte de la Ciudad de Buenos Aires.<\/p>\n<p>Por otra parte, la Embajada de Israel, junto a la C\u00e1mara de Comercio Argentino Israel\u00ed, realizar\u00e1 este jueves una recepci\u00f3n en honor a la llegada de la comitiva oficial de ese pa\u00eds, donde estar\u00e1n presentes funcionarios nacionales y provinciales, empresarios y diplom\u00e1ticos.<\/p>\n<p>Se abordar\u00e1n tem\u00e1ticas relacionadas a la relaci\u00f3n bilateral y se realizar\u00e1 el anuncio del lanzamiento de una nueva edici\u00f3n del Israel Innovation Award, iniciativa a trav\u00e9s de la cual se vinculan proyectos argentinos innovadores con el ecosistema emprendedor del pa\u00eds de Medio Oriente.<\/p>\n<p>Tambi\u00e9n se presentar\u00e1n los avances existentes en la conformaci\u00f3n de la comitiva de gobernadores argentinos que emprender\u00e1n una misi\u00f3n a Israel durante las pr\u00f3ximas semanas.<\/p>\n<blockquote class=\"\"><p>Este mi\u00e9rcoles, el embajador argentino en Israel, Sergio Urribarri, particip\u00f3 de la conmemoraci\u00f3n por los 30 a\u00f1os del atentado a la Embajada israel\u00ed en Buenos Aires que se realiz\u00f3 en el bosque Ben Shemen, a 25 kil\u00f3metros de Tel Aviv<\/p><\/blockquote>\n<p>La comitiva israel\u00ed tendr\u00e1 un encuentro con los representantes de las principales organizaciones de la comunidad jud\u00eda argentina, en la sede de la AMIA, donde Sa\u00b4ar rendir\u00e1 homenaje a las v\u00edctimas del atentado ocurrido el 18 de julio de 1994 en la mutual jud\u00eda y que dej\u00f3 85 muertos.<\/p>\n<p>Por otra parte, el mundo del f\u00fatbol tambi\u00e9n ser\u00e1 parte del recuerdo de este importante aniversario, ya que en la previa de los 14 partidos correspondientes a la 6\u00ba fecha de la Copa de la Liga Profesional de F\u00fatbol, los jugadores de los 28 equipos exhibir\u00e1n un banner conmemorativo y se realizar\u00e1 un minuto de silencio en homenaje a las v\u00edctimas y sobrevivientes del atentado.<\/p>\n<p>La Embajada realizar\u00e1 tambi\u00e9n una obra titulada \u00abTestigos de la memoria, 30 a\u00f1os\u00bb, en un teatro de la Ciudad de Buenos Aires donde se llevar\u00e1n a cabo expresiones musicales, con la participaci\u00f3n de una orquesta sinf\u00f3nica y la presentaci\u00f3n de una obra compuesta por el artista Alejandro Lerner.<\/p>\n<blockquote class=\"\"><p>La Embajada de Israel elabor\u00f3 una pieza audiovisual pensada especialmente para ser utilizada como material pedag\u00f3gico en las escuelas secundarias de la Argentina<\/p><\/blockquote>\n<p>Tambi\u00e9n se ejecutar\u00e1 un flashmob, que posteriormente ser\u00e1 publicado en las redes de la Embajada con la canci\u00f3n \u00abUn d\u00eda como cualquier d\u00eda\u00bb, canci\u00f3n compuesta por Lerner con la participaci\u00f3n de Idan Raichel y Pablo Rosenberg.<\/p>\n<p>El tema musical es un homenaje compuesto especialmente con motivo del 30\u00b0 aniversario del atentado.<\/p>\n<p>Adem\u00e1s, la Embajada de Israel elabor\u00f3 una pieza audiovisual pensada especialmente para ser utilizada como material pedag\u00f3gico en las escuelas secundarias de la Argentina, en consonancia con lo que expresa la ley 27.417, que establece la incorporaci\u00f3n de este atentado a los contenidos curriculares de todas las instituciones educativas del pa\u00eds.<\/p>\n<blockquote class=\"\"><p>\u00abEl terrorismo merece nuestra condena sin condicionamientos y sin atenuantes, act\u00fae donde act\u00fae, y cualquiera sea la bandera que alegue para su obra de destrucci\u00f3n\u00bb<cite class=\"author\">Sergio Urribarri<\/cite><\/p><\/blockquote>\n<p>El objetivo del video es concientizar a las y los adolescentes acerca de lo sucedido aquel 17 de marzo de 1992, generando un mensaje que los interpele como ciudadanos y los involucre a partir de la posibilidad de verse representados.<\/p>\n<p>Este mi\u00e9rcoles el embajador argentino en Israel, Sergio Urribarri, particip\u00f3 de la conmemoraci\u00f3n por los 30 a\u00f1os del atentado a la Embajada israel\u00ed en Buenos Aires que se realiz\u00f3 en el parque de la amistad Argentina-Israel ubicado en el bosque Ben Shemen, a 25 kil\u00f3metros de Tel Aviv.<\/p>\n<p>Esa conmemoraci\u00f3n se llev\u00f3 a cabo a trav\u00e9s de una ceremonia organizada por el Keren Kayemet Lelsrael (KKL) y a la que asistieron sobrevivientes y familiares de las v\u00edctimas.<\/p>\n<p>Urribarri transmiti\u00f3 el saludo del presidente Alberto Fern\u00e1ndez y el canciller Santiago Cafiero, y al referirse al aniversario del ataque contra la representaci\u00f3n diplom\u00e1tica de Israel en Buenos Aires, remarc\u00f3 que \u00abel terrorismo merece nuestra condena sin condicionamientos y sin atenuantes, act\u00fae donde act\u00fae, y cualquiera sea la bandera que alegue para su obra de destrucci\u00f3n\u00bb.<\/p>\n","protected":false},"excerpt":{"rendered":"<p>El acto central ser\u00e1 organizado por la Embajada de Israel en Buenos Aires y se desarrollar\u00e1 a partir de las 14.50 en la plaza seca de la calle Arroyo al 900, donde hace tres d\u00e9cadas se ubicaba la delegaci\u00f3n diplom\u00e1tica, seg\u00fan informaron fuentes de la representaci\u00f3n.<\/p>\n","protected":false},"author":3,"featured_media":0,"comment_status":"closed","ping_status":"closed","sticky":false,"template":"","format":"standard","meta":{"footnotes":""},"categories":[24,26],"tags":[],"class_list":["post-69386","post","type-post","status-publish","format-standard","hentry","category-politica","category-sociedad"],"yoast_head":"<!-- This site is optimized with the Yoast SEO plugin v25.9 - https:\/\/yoast.com\/wordpress\/plugins\/seo\/ -->\n<title>La Embajada de Israel conmemorar\u00e1 los 30 a\u00f1os del ataque a su sede en Buenos Aires - Noticias Radio Reflejos<\/title>\n<meta name=\"robots\" content=\"index, follow, max-snippet:-1, max-image-preview:large, max-video-preview:-1\" \/>\n<link rel=\"canonical\" href=\"https:\/\/www.noticiasradioreflejos.com.ar\/2021\/la-embajada-de-israel-conmemorara-los-30-anos-del-ataque-a-su-sede-en-buenos-aires\/\" \/>\n<meta property=\"og:locale\" content=\"es_ES\" \/>\n<meta property=\"og:type\" content=\"article\" \/>\n<meta property=\"og:title\" content=\"La Embajada de Israel conmemorar\u00e1 los 30 a\u00f1os del ataque a su sede en Buenos Aires - Noticias Radio Reflejos\" \/>\n<meta property=\"og:description\" content=\"El acto central ser\u00e1 organizado por la Embajada de Israel en Buenos Aires y se desarrollar\u00e1 a partir de las 14.50 en la plaza seca de la calle Arroyo al 900, donde hace tres d\u00e9cadas se ubicaba la delegaci\u00f3n diplom\u00e1tica, seg\u00fan informaron fuentes de la representaci\u00f3n.\" \/>\n<meta property=\"og:url\" content=\"https:\/\/www.noticiasradioreflejos.com.ar\/2021\/la-embajada-de-israel-conmemorara-los-30-anos-del-ataque-a-su-sede-en-buenos-aires\/\" \/>\n<meta property=\"og:site_name\" content=\"Noticias Radio Reflejos\" \/>\n<meta property=\"article:published_time\" content=\"2022-03-17T10:50:42+00:00\" \/>\n<meta property=\"og:image\" content=\"https:\/\/www.telam.com.ar\/thumbs\/bluesteel\/advf\/imagenes\/2022\/03\/6230e24a7bb4c_900.jpg\" \/>\n<meta name=\"author\" content=\"Arnaldo Botto\" \/>\n<meta name=\"twitter:card\" content=\"summary_large_image\" \/>\n<script type=\"application\/ld+json\" class=\"yoast-schema-graph\">{\"@context\":\"https:\/\/schema.org\",\"@graph\":[{\"@type\":\"WebPage\",\"@id\":\"https:\/\/www.noticiasradioreflejos.com.ar\/2021\/la-embajada-de-israel-conmemorara-los-30-anos-del-ataque-a-su-sede-en-buenos-aires\/\",\"url\":\"https:\/\/www.noticiasradioreflejos.com.ar\/2021\/la-embajada-de-israel-conmemorara-los-30-anos-del-ataque-a-su-sede-en-buenos-aires\/\",\"name\":\"La Embajada de Israel conmemorar\u00e1 los 30 a\u00f1os del ataque a su sede en Buenos Aires - Noticias Radio Reflejos\",\"isPartOf\":{\"@id\":\"https:\/\/www.noticiasradioreflejos.com.ar\/2021\/#website\"},\"primaryImageOfPage\":{\"@id\":\"https:\/\/www.noticiasradioreflejos.com.ar\/2021\/la-embajada-de-israel-conmemorara-los-30-anos-del-ataque-a-su-sede-en-buenos-aires\/#primaryimage\"},\"image\":{\"@id\":\"https:\/\/www.noticiasradioreflejos.com.ar\/2021\/la-embajada-de-israel-conmemorara-los-30-anos-del-ataque-a-su-sede-en-buenos-aires\/#primaryimage\"},\"thumbnailUrl\":\"https:\/\/www.telam.com.ar\/thumbs\/bluesteel\/advf\/imagenes\/2022\/03\/6230e24a7bb4c_900.jpg\",\"datePublished\":\"2022-03-17T10:50:42+00:00\",\"author\":{\"@id\":\"https:\/\/www.noticiasradioreflejos.com.ar\/2021\/#\/schema\/person\/ad82545263dcc5ec0996818884fd5fb1\"},\"breadcrumb\":{\"@id\":\"https:\/\/www.noticiasradioreflejos.com.ar\/2021\/la-embajada-de-israel-conmemorara-los-30-anos-del-ataque-a-su-sede-en-buenos-aires\/#breadcrumb\"},\"inLanguage\":\"es\",\"potentialAction\":[{\"@type\":\"ReadAction\",\"target\":[\"https:\/\/www.noticiasradioreflejos.com.ar\/2021\/la-embajada-de-israel-conmemorara-los-30-anos-del-ataque-a-su-sede-en-buenos-aires\/\"]}]},{\"@type\":\"ImageObject\",\"inLanguage\":\"es\",\"@id\":\"https:\/\/www.noticiasradioreflejos.com.ar\/2021\/la-embajada-de-israel-conmemorara-los-30-anos-del-ataque-a-su-sede-en-buenos-aires\/#primaryimage\",\"url\":\"https:\/\/www.telam.com.ar\/thumbs\/bluesteel\/advf\/imagenes\/2022\/03\/6230e24a7bb4c_900.jpg\",\"contentUrl\":\"https:\/\/www.telam.com.ar\/thumbs\/bluesteel\/advf\/imagenes\/2022\/03\/6230e24a7bb4c_900.jpg\"},{\"@type\":\"BreadcrumbList\",\"@id\":\"https:\/\/www.noticiasradioreflejos.com.ar\/2021\/la-embajada-de-israel-conmemorara-los-30-anos-del-ataque-a-su-sede-en-buenos-aires\/#breadcrumb\",\"itemListElement\":[{\"@type\":\"ListItem\",\"position\":1,\"name\":\"Portada\",\"item\":\"https:\/\/www.noticiasradioreflejos.com.ar\/2021\/\"},{\"@type\":\"ListItem\",\"position\":2,\"name\":\"La Embajada de Israel conmemorar\u00e1 los 30 a\u00f1os del ataque a su sede en Buenos Aires\"}]},{\"@type\":\"WebSite\",\"@id\":\"https:\/\/www.noticiasradioreflejos.com.ar\/2021\/#website\",\"url\":\"https:\/\/www.noticiasradioreflejos.com.ar\/2021\/\",\"name\":\"Noticias Radio Reflejos\",\"description\":\"Las noticias de mi comarca\",\"potentialAction\":[{\"@type\":\"SearchAction\",\"target\":{\"@type\":\"EntryPoint\",\"urlTemplate\":\"https:\/\/www.noticiasradioreflejos.com.ar\/2021\/?s={search_term_string}\"},\"query-input\":{\"@type\":\"PropertyValueSpecification\",\"valueRequired\":true,\"valueName\":\"search_term_string\"}}],\"inLanguage\":\"es\"},{\"@type\":\"Person\",\"@id\":\"https:\/\/www.noticiasradioreflejos.com.ar\/2021\/#\/schema\/person\/ad82545263dcc5ec0996818884fd5fb1\",\"name\":\"Arnaldo Botto\",\"image\":{\"@type\":\"ImageObject\",\"inLanguage\":\"es\",\"@id\":\"https:\/\/www.noticiasradioreflejos.com.ar\/2021\/#\/schema\/person\/image\/\",\"url\":\"https:\/\/secure.gravatar.com\/avatar\/55cb5e37c1efa326397366e6974cb338056df65cb50e7d64d1cf314e87504837?s=96&d=mm&r=g\",\"contentUrl\":\"https:\/\/secure.gravatar.com\/avatar\/55cb5e37c1efa326397366e6974cb338056df65cb50e7d64d1cf314e87504837?s=96&d=mm&r=g\",\"caption\":\"Arnaldo Botto\"},\"url\":\"https:\/\/www.noticiasradioreflejos.com.ar\/2021\/author\/arnaldo\/\"}]}<\/script>\n<!-- \/ Yoast SEO plugin. -->","yoast_head_json":{"title":"La Embajada de Israel conmemorar\u00e1 los 30 a\u00f1os del ataque a su sede en Buenos Aires - Noticias Radio Reflejos","robots":{"index":"index","follow":"follow","max-snippet":"max-snippet:-1","max-image-preview":"max-image-preview:large","max-video-preview":"max-video-preview:-1"},"canonical":"https:\/\/www.noticiasradioreflejos.com.ar\/2021\/la-embajada-de-israel-conmemorara-los-30-anos-del-ataque-a-su-sede-en-buenos-aires\/","og_locale":"es_ES","og_type":"article","og_title":"La Embajada de Israel conmemorar\u00e1 los 30 a\u00f1os del ataque a su sede en Buenos Aires - Noticias Radio Reflejos","og_description":"El acto central ser\u00e1 organizado por la Embajada de Israel en Buenos Aires y se desarrollar\u00e1 a partir de las 14.50 en la plaza seca de la calle Arroyo al 900, donde hace tres d\u00e9cadas se ubicaba la delegaci\u00f3n diplom\u00e1tica, seg\u00fan informaron fuentes de la representaci\u00f3n.","og_url":"https:\/\/www.noticiasradioreflejos.com.ar\/2021\/la-embajada-de-israel-conmemorara-los-30-anos-del-ataque-a-su-sede-en-buenos-aires\/","og_site_name":"Noticias Radio Reflejos","article_published_time":"2022-03-17T10:50:42+00:00","og_image":[{"url":"https:\/\/www.telam.com.ar\/thumbs\/bluesteel\/advf\/imagenes\/2022\/03\/6230e24a7bb4c_900.jpg","type":"","width":"","height":""}],"author":"Arnaldo Botto","twitter_card":"summary_large_image","schema":{"@context":"https:\/\/schema.org","@graph":[{"@type":"WebPage","@id":"https:\/\/www.noticiasradioreflejos.com.ar\/2021\/la-embajada-de-israel-conmemorara-los-30-anos-del-ataque-a-su-sede-en-buenos-aires\/","url":"https:\/\/www.noticiasradioreflejos.com.ar\/2021\/la-embajada-de-israel-conmemorara-los-30-anos-del-ataque-a-su-sede-en-buenos-aires\/","name":"La Embajada de Israel conmemorar\u00e1 los 30 a\u00f1os del ataque a su sede en Buenos Aires - Noticias Radio Reflejos","isPartOf":{"@id":"https:\/\/www.noticiasradioreflejos.com.ar\/2021\/#website"},"primaryImageOfPage":{"@id":"https:\/\/www.noticiasradioreflejos.com.ar\/2021\/la-embajada-de-israel-conmemorara-los-30-anos-del-ataque-a-su-sede-en-buenos-aires\/#primaryimage"},"image":{"@id":"https:\/\/www.noticiasradioreflejos.com.ar\/2021\/la-embajada-de-israel-conmemorara-los-30-anos-del-ataque-a-su-sede-en-buenos-aires\/#primaryimage"},"thumbnailUrl":"https:\/\/www.telam.com.ar\/thumbs\/bluesteel\/advf\/imagenes\/2022\/03\/6230e24a7bb4c_900.jpg","datePublished":"2022-03-17T10:50:42+00:00","author":{"@id":"https:\/\/www.noticiasradioreflejos.com.ar\/2021\/#\/schema\/person\/ad82545263dcc5ec0996818884fd5fb1"},"breadcrumb":{"@id":"https:\/\/www.noticiasradioreflejos.com.ar\/2021\/la-embajada-de-israel-conmemorara-los-30-anos-del-ataque-a-su-sede-en-buenos-aires\/#breadcrumb"},"inLanguage":"es","potentialAction":[{"@type":"ReadAction","target":["https:\/\/www.noticiasradioreflejos.com.ar\/2021\/la-embajada-de-israel-conmemorara-los-30-anos-del-ataque-a-su-sede-en-buenos-aires\/"]}]},{"@type":"ImageObject","inLanguage":"es","@id":"https:\/\/www.noticiasradioreflejos.com.ar\/2021\/la-embajada-de-israel-conmemorara-los-30-anos-del-ataque-a-su-sede-en-buenos-aires\/#primaryimage","url":"https:\/\/www.telam.com.ar\/thumbs\/bluesteel\/advf\/imagenes\/2022\/03\/6230e24a7bb4c_900.jpg","contentUrl":"https:\/\/www.telam.com.ar\/thumbs\/bluesteel\/advf\/imagenes\/2022\/03\/6230e24a7bb4c_900.jpg"},{"@type":"BreadcrumbList","@id":"https:\/\/www.noticiasradioreflejos.com.ar\/2021\/la-embajada-de-israel-conmemorara-los-30-anos-del-ataque-a-su-sede-en-buenos-aires\/#breadcrumb","itemListElement":[{"@type":"ListItem","position":1,"name":"Portada","item":"https:\/\/www.noticiasradioreflejos.com.ar\/2021\/"},{"@type":"ListItem","position":2,"name":"La Embajada de Israel conmemorar\u00e1 los 30 a\u00f1os del ataque a su sede en Buenos Aires"}]},{"@type":"WebSite","@id":"https:\/\/www.noticiasradioreflejos.com.ar\/2021\/#website","url":"https:\/\/www.noticiasradioreflejos.com.ar\/2021\/","name":"Noticias Radio Reflejos","description":"Las noticias de mi comarca","potentialAction":[{"@type":"SearchAction","target":{"@type":"EntryPoint","urlTemplate":"https:\/\/www.noticiasradioreflejos.com.ar\/2021\/?s={search_term_string}"},"query-input":{"@type":"PropertyValueSpecification","valueRequired":true,"valueName":"search_term_string"}}],"inLanguage":"es"},{"@type":"Person","@id":"https:\/\/www.noticiasradioreflejos.com.ar\/2021\/#\/schema\/person\/ad82545263dcc5ec0996818884fd5fb1","name":"Arnaldo Botto","image":{"@type":"ImageObject","inLanguage":"es","@id":"https:\/\/www.noticiasradioreflejos.com.ar\/2021\/#\/schema\/person\/image\/","url":"https:\/\/secure.gravatar.com\/avatar\/55cb5e37c1efa326397366e6974cb338056df65cb50e7d64d1cf314e87504837?s=96&d=mm&r=g","contentUrl":"https:\/\/secure.gravatar.com\/avatar\/55cb5e37c1efa326397366e6974cb338056df65cb50e7d64d1cf314e87504837?s=96&d=mm&r=g","caption":"Arnaldo Botto"},"url":"https:\/\/www.noticiasradioreflejos.com.ar\/2021\/author\/arnaldo\/"}]}},"_links":{"self":[{"href":"https:\/\/www.noticiasradioreflejos.com.ar\/2021\/wp-json\/wp\/v2\/posts\/69386","targetHints":{"allow":["GET"]}}],"collection":[{"href":"https:\/\/www.noticiasradioreflejos.com.ar\/2021\/wp-json\/wp\/v2\/posts"}],"about":[{"href":"https:\/\/www.noticiasradioreflejos.com.ar\/2021\/wp-json\/wp\/v2\/types\/post"}],"author":[{"embeddable":true,"href":"https:\/\/www.noticiasradioreflejos.com.ar\/2021\/wp-json\/wp\/v2\/users\/3"}],"replies":[{"embeddable":true,"href":"https:\/\/www.noticiasradioreflejos.com.ar\/2021\/wp-json\/wp\/v2\/comments?post=69386"}],"version-history":[{"count":1,"href":"https:\/\/www.noticiasradioreflejos.com.ar\/2021\/wp-json\/wp\/v2\/posts\/69386\/revisions"}],"predecessor-version":[{"id":69388,"href":"https:\/\/www.noticiasradioreflejos.com.ar\/2021\/wp-json\/wp\/v2\/posts\/69386\/revisions\/69388"}],"wp:attachment":[{"href":"https:\/\/www.noticiasradioreflejos.com.ar\/2021\/wp-json\/wp\/v2\/media?parent=69386"}],"wp:term":[{"taxonomy":"category","embeddable":true,"href":"https:\/\/www.noticiasradioreflejos.com.ar\/2021\/wp-json\/wp\/v2\/categories?post=69386"},{"taxonomy":"post_tag","embeddable":true,"href":"https:\/\/www.noticiasradioreflejos.com.ar\/2021\/wp-json\/wp\/v2\/tags?post=69386"}],"curies":[{"name":"wp","href":"https:\/\/api.w.org\/{rel}","templated":true}]}}