{"id":69382,"date":"2022-03-17T10:47:50","date_gmt":"2022-03-17T10:47:50","guid":{"rendered":"http:\/\/www.noticiasradioreflejos.com.ar\/2021\/?p=69382"},"modified":"2022-03-17T10:47:50","modified_gmt":"2022-03-17T10:47:50","slug":"el-astillero-rio-santiago-boto-la-segunda-embarcacion-producida-en-los-ultimos-seis-meses","status":"publish","type":"post","link":"https:\/\/www.noticiasradioreflejos.com.ar\/2021\/el-astillero-rio-santiago-boto-la-segunda-embarcacion-producida-en-los-ultimos-seis-meses\/","title":{"rendered":"El Astillero R\u00edo Santiago bot\u00f3 la segunda embarcaci\u00f3n producida en los \u00faltimos seis meses"},"content":{"rendered":"<p>\u00abVenimos de una \u00e9poca donde el programa econ\u00f3mico y la decisi\u00f3n pol\u00edtica era dejarnos sin Astillero, sin industria, ni soberan\u00eda. No pudieron cerrar esta empresa, ni desactivar la industria naval, ni romper un proyecto de pa\u00eds\u00bb, destac\u00f3 Kicillof en en la planta naval.<!--more--><\/p>\n<p><iframe loading=\"lazy\" title=\"YouTube video player\" src=\"https:\/\/www.youtube.com\/embed\/3faDjOskWW4\" width=\"843\" height=\"474\" frameborder=\"0\" allowfullscreen=\"allowfullscreen\"><\/iframe><\/p>\n<p>El gobernador de la provincia de Buenos Aires, Axel Kicillof, y el ministro de Defensa, Jorge Taiana, encabezaron este mi\u00e9rcoles en el Astillero R\u00edo Santiago (ARS) la botadura de la Lancha de Instrucci\u00f3n de Cadetes de la Armada (LICA) \u00abCiudad de Berisso\u00bb, la segunda de este tipo que se pone en funcionamiento en los \u00faltimos seis meses, durante una ceremonia que se llev\u00f3 a cabo en la planta naval ubicada en Ensenada.<\/p>\n<p>\u00abVenimos de una \u00e9poca donde el programa econ\u00f3mico y la decisi\u00f3n pol\u00edtica era dejarnos sin Astillero, sin industria, ni soberan\u00eda. Hoy estamos botando un barco para la Armada. No pudieron cerrar esta empresa, ni desactivar la industria naval, ni romper un proyecto de pa\u00eds\u00bb, destac\u00f3 Kicillof ante la presencia de autoridades pol\u00edticas y cientos de trabajadores.<\/p>\n<p>El mandatario estuvo acompa\u00f1ado por los ministros de Producci\u00f3n, Augusto Costa, y de Trabajo, Mara Ruiz Malec; el Jefe del Estado Mayor de la Armada, Julio Horacio Guardia; el presidente del ARS, Pedro Wasiejko; el jefe de Asesores, Carlos Bianco; el secretario general de ATE, Hugo \u00abCachorro\u00bb Godoy; y los intendentes de Berisso y Ensenada, Fabi\u00e1n Cagliardi y Mario Secco.<\/p>\n<blockquote class=\"twitter-tweet\" data-width=\"500\" data-dnt=\"true\">\n<p lang=\"es\" dir=\"ltr\">El Astillero R\u00edo Santiago realiz\u00f3 la botadura de la Lancha de Instrucci\u00f3n de Cadetes de la Armada (LICA) \u201cCiudad de Berisso\u201d, durante una ceremonia que se llev\u00f3 a cabo en la planta naval ubicada en Ensenada<\/p>\n<p>\ud83d\udcf9 <a href=\"https:\/\/twitter.com\/astilleroARS?ref_src=twsrc%5Etfw\">@astilleroARS<\/a> <a href=\"https:\/\/t.co\/3861XjnThI\">pic.twitter.com\/3861XjnThI<\/a><\/p>\n<p>&mdash; Agencia T\u00e9lam (@AgenciaTelam) <a href=\"https:\/\/twitter.com\/AgenciaTelam\/status\/1504117272054542339?ref_src=twsrc%5Etfw\">March 16, 2022<\/a><\/p><\/blockquote>\n<p><script async src=\"https:\/\/platform.twitter.com\/widgets.js\" charset=\"utf-8\"><\/script><\/p>\n<div><\/div>\n<p>\u00abEsto es posible gracias a la resistencia de los trabajadores y del pueblo de Berisso, La Plata y Ensenada para evitar que en el Gobierno anterior se cerrara el Astillero. Act\u00faan as\u00ed, cortan contratos y despu\u00e9s hablan de d\u00e9ficit; generan problemas que luego pretender solucionar con recorte y ajuste\u00bb, apunto Kicillof en referencia al Gobierno de Cambiemos.<\/p>\n<p>El gobernador rememor\u00f3 que cuando en octubre pasado se bot\u00f3 la lancha Ciudad Ensenada, \u00abhac\u00eda nueve a\u00f1os\u00bb que no se pon\u00eda en funcionamiento una embarcaci\u00f3n en el Astillero \u00aby 35 que no se produc\u00eda desde este lugar algo para la Armada\u00bb.<\/p>\n<p>\u00abDejemos en claro algo. Vinimos a recuperar el Astillero R\u00edo Santiago y lo estamos logrando, porque es un emblema de la industria y la soberan\u00eda nacional\u00bb, subray\u00f3.<\/p>\n<div id=\"note_carousel\" class=\"carousel slide\" data-ride=\"carousel\">\n<div class=\"carousel-inner\">\n<div class=\"carousel-item active\"><img decoding=\"async\" class=\"d-block w-100\" src=\"https:\/\/www.telam.com.ar\/thumbs\/bluesteel\/advf\/imagenes\/2022\/03\/62322e902f4e8_655.jpg\" alt=\"Telam SE\" width=\"100%\" height=\"100%\" \/><\/div>\n<\/div>\n<p><a class=\"carousel-control-prev\" role=\"button\" href=\"https:\/\/www.telam.com.ar\/notas\/202203\/586515-astillero-rio-santiago-botadura-embarcacion.html#note_carousel\" data-slide=\"prev\"><span class=\"sr-only\">Previous<\/span><\/a><a class=\"carousel-control-next\" role=\"button\" href=\"https:\/\/www.telam.com.ar\/notas\/202203\/586515-astillero-rio-santiago-botadura-embarcacion.html#note_carousel\" data-slide=\"next\"><span class=\"sr-only\">Next<\/span><\/a><\/p>\n<\/div>\n<p>Los trabajos de construcci\u00f3n de esta embarcaci\u00f3n y la LICA \u201cCiudad de Ensenada\u201d que se envi\u00f3 al agua en octubre pasado, fueron paralizados durante los Gobiernos de Mauricio Macri (en Naci\u00f3n) y Mar\u00eda Eugenia Vidal (en provincia de Buenos Aires), y reactivados a partir de diciembre de 2019.<\/p>\n<p>A su turno, desde la D\u00e1rsena 4, donde se desarroll\u00f3 el acto, Taiana expres\u00f3 que \u00abBerisso y Ensenada son sin\u00f3nimo de trabajadores y del esfuerzo de construir riqueza en un pa\u00eds que aspira a la industrializaci\u00f3n y el desarrollo. Son ciudades emblemas de f\u00e1bricas, de esfuerzo, de igualdad y de b\u00fasqueda de derechos. Y por eso las dos \u00faltimas Licas que se botaron ac\u00e1 llevan sus nombres\u00bb.<\/p>\n<p>\u00abEse esfuerzo que se realiza ac\u00e1 es un ejemplo de la voluntad de reconstruir una industria nacional que impulse el desarrollo de la Argentina\u00bb, continu\u00f3 y evalu\u00f3 que ello permite al Estado \u00abno depender de los flujos y mareas del mercado mundial porque no queremos ser rehenes del mundo financiero\u00bb.<\/p>\n<p>Posteriormente, expuso que el Astillero \u00abes ejemplo de lucha\u00bb y grafic\u00f3: \u00abQuisieron destruir la industria argentina, pero no lo han conseguido; hoy tenemos un elemento de la reconstrucci\u00f3n de la industria\u00bb.<\/p>\n<figure class=\"mb-3\"><img decoding=\"async\" src=\"https:\/\/www.telam.com.ar\/thumbs\/bluesteel\/advf\/imagenes\/2022\/03\/62322e7e4cd24_900.jpg\" alt=\"Foto Eva Cabrera\" width=\"100%\" height=\"100%\" \/><\/figure>\n<div class=\"media-icons\"><\/div>\n<p>Foto: Eva Cabrera<\/p>\n<p>\u00abSeguimos comprometidos con el desarrollo industrial aut\u00f3nomo argentino desde la producci\u00f3n para la defensa. Unimos el esfuerzo de garantizar un control y defensa de nuestra soberan\u00eda que impida intento de avasallarnos en este siglo XXI da\u00f1ado por guerras en diversos continentes\u00bb, cerr\u00f3.<\/p>\n<p>A partir de una iniciativa de la Armada Argentina, ingenieros del ARS dise\u00f1aron \u00edntegramente esta embarcaci\u00f3n para responder a las necesidades de esta fuerza.<\/p>\n<p>\u00abLa LICA botada hoy tiene 34 metros de eslora, ocho metros de manga, una potencia instalada de dos motores de 550 hp. La unidad permitir\u00e1 a los cadetes y cadetas adquirir conocimientos en navegaci\u00f3n, control de aver\u00edas y reaprovisionamiento en el mar en una plataforma segura y robusta\u00bb, indicaron fuentes del ARS.<\/p>\n<blockquote class=\"\"><p>\u00abEse esfuerzo que se realiza ac\u00e1 es un ejemplo de la voluntad de reconstruir una industria nacional que impulse el desarrollo de la Argentina\u00bb<cite class=\"author\">Jorge Taiana<\/cite><\/p><\/blockquote>\n<p>Construida en acero naval, los trabajos se llevaron adelante bajo la supervisio\u0301n de la sociedad de clasificacio\u0301n japonesa NK \u201ccon el fin de obtener los ma\u0301ximos esta\u0301ndares de calidad mundial para este tipo de buques\u201d.<\/p>\n<p>Trabajaron en su dise\u00f1o y construcci\u00f3n ingenieros, t\u00e9cnicos y operarios de distintas \u00e1reas: Gerencia T\u00e9cnica, Taller de Estructuras, Prefabricado, Montaje, Soldadura, Alistamiento (tanto de buques mercantes como de buques militares), Mec\u00e1nica, y Control de Calidad.<\/p>\n<p>A su turno, el jefe del Estado Mayor de la Armada, el almirante Julio Guardia, explic\u00f3 que la LICA se utilizar\u00e1 para la formaci\u00f3n de los cadetes y se mostr\u00f3 esperanzado con que haya \u00abnuevos proyectos en el Astillero\u00bb.<\/p>\n<p>Por su parte, el ministro Costa recal\u00f3 que la de este mi\u00e9rcoles fue \u00abla segunda botadura en cinco meses\u00bb y a\u00f1adi\u00f3 que ello refleja \u00abel trabajo que hacen desde el Astillero sus trabajadores y autoridades\u00bb.<\/p>\n<blockquote class=\"\"><p>\u00abQuisieron destruir la industria argentina, pero no lo han conseguido; hoy tenemos un elemento de la reconstrucci\u00f3n de la industria\u00bb<cite class=\"author\">Jorge Taiana<\/cite><\/p><\/blockquote>\n<p>\u00abEl ARS est\u00e1 trayendo una respuesta a necesidades de las Fuerzas Armadas, aportando a la recuperaci\u00f3n de la industria naval que la pas\u00f3 mal y ahora crece. La provincia tiene el 80% de la industria naval argentina. El compromiso es seguir apostando por el trabajo y la producci\u00f3n\u00bb.<\/p>\n<p>A la vez, Wasiejko, como presidente de ARS, se mostr\u00f3 \u00aborgulloso por esta obra, una embarcaci\u00f3n para entrenamiento de cadetes de la escuela naval\u00bb y subray\u00f3 que \u00abel Astillero se est\u00e1 poniendo en marcha con el apoyo claro del gobernador Kicillof\u00bb.<\/p>\n<p>El Secretario General ATE Ensenada, Francisco Banegas, puso de relieve la \u00abfiesta de nuestro Astillero, a pesar de los enemigos que en 2018 quisieron cerrarlo\u00bb y manifest\u00f3 que \u00abac\u00e1 estamos presentes porque pusimos el pecho, porque recuperamos los derechos que nos hab\u00edan sacado y continuamos las obras que par\u00f3 el neoliberalismo\u00bb.<\/p>\n","protected":false},"excerpt":{"rendered":"<p>\u00abVenimos de una \u00e9poca donde el programa econ\u00f3mico y la decisi\u00f3n pol\u00edtica era dejarnos sin Astillero, sin industria, ni soberan\u00eda. No pudieron cerrar esta empresa, ni desactivar la industria naval, ni romper un proyecto de pa\u00eds\u00bb, destac\u00f3 Kicillof en en la planta naval.<\/p>\n","protected":false},"author":3,"featured_media":0,"comment_status":"closed","ping_status":"closed","sticky":false,"template":"","format":"standard","meta":{"footnotes":""},"categories":[24,26],"tags":[],"class_list":["post-69382","post","type-post","status-publish","format-standard","hentry","category-politica","category-sociedad"],"yoast_head":"<!-- This site is optimized with the Yoast SEO plugin v25.9 - https:\/\/yoast.com\/wordpress\/plugins\/seo\/ -->\n<title>El Astillero R\u00edo Santiago bot\u00f3 la segunda embarcaci\u00f3n producida en los \u00faltimos seis meses - Noticias Radio Reflejos<\/title>\n<meta name=\"robots\" content=\"index, follow, max-snippet:-1, max-image-preview:large, max-video-preview:-1\" \/>\n<link rel=\"canonical\" href=\"https:\/\/www.noticiasradioreflejos.com.ar\/2021\/el-astillero-rio-santiago-boto-la-segunda-embarcacion-producida-en-los-ultimos-seis-meses\/\" \/>\n<meta property=\"og:locale\" content=\"es_ES\" \/>\n<meta property=\"og:type\" content=\"article\" \/>\n<meta property=\"og:title\" content=\"El Astillero R\u00edo Santiago bot\u00f3 la segunda embarcaci\u00f3n producida en los \u00faltimos seis meses - Noticias Radio Reflejos\" \/>\n<meta property=\"og:description\" content=\"\u00abVenimos de una \u00e9poca donde el programa econ\u00f3mico y la decisi\u00f3n pol\u00edtica era dejarnos sin Astillero, sin industria, ni soberan\u00eda. No pudieron cerrar esta empresa, ni desactivar la industria naval, ni romper un proyecto de pa\u00eds\u00bb, destac\u00f3 Kicillof en en la planta naval.\" \/>\n<meta property=\"og:url\" content=\"https:\/\/www.noticiasradioreflejos.com.ar\/2021\/el-astillero-rio-santiago-boto-la-segunda-embarcacion-producida-en-los-ultimos-seis-meses\/\" \/>\n<meta property=\"og:site_name\" content=\"Noticias Radio Reflejos\" \/>\n<meta property=\"article:published_time\" content=\"2022-03-17T10:47:50+00:00\" \/>\n<meta property=\"og:image\" content=\"https:\/\/www.telam.com.ar\/thumbs\/bluesteel\/advf\/imagenes\/2022\/03\/62322e902f4e8_655.jpg\" \/>\n<meta name=\"author\" content=\"Arnaldo Botto\" \/>\n<meta name=\"twitter:card\" content=\"summary_large_image\" \/>\n<script type=\"application\/ld+json\" class=\"yoast-schema-graph\">{\"@context\":\"https:\/\/schema.org\",\"@graph\":[{\"@type\":\"WebPage\",\"@id\":\"https:\/\/www.noticiasradioreflejos.com.ar\/2021\/el-astillero-rio-santiago-boto-la-segunda-embarcacion-producida-en-los-ultimos-seis-meses\/\",\"url\":\"https:\/\/www.noticiasradioreflejos.com.ar\/2021\/el-astillero-rio-santiago-boto-la-segunda-embarcacion-producida-en-los-ultimos-seis-meses\/\",\"name\":\"El Astillero R\u00edo Santiago bot\u00f3 la segunda embarcaci\u00f3n producida en los \u00faltimos seis meses - Noticias Radio Reflejos\",\"isPartOf\":{\"@id\":\"https:\/\/www.noticiasradioreflejos.com.ar\/2021\/#website\"},\"primaryImageOfPage\":{\"@id\":\"https:\/\/www.noticiasradioreflejos.com.ar\/2021\/el-astillero-rio-santiago-boto-la-segunda-embarcacion-producida-en-los-ultimos-seis-meses\/#primaryimage\"},\"image\":{\"@id\":\"https:\/\/www.noticiasradioreflejos.com.ar\/2021\/el-astillero-rio-santiago-boto-la-segunda-embarcacion-producida-en-los-ultimos-seis-meses\/#primaryimage\"},\"thumbnailUrl\":\"https:\/\/www.telam.com.ar\/thumbs\/bluesteel\/advf\/imagenes\/2022\/03\/62322e902f4e8_655.jpg\",\"datePublished\":\"2022-03-17T10:47:50+00:00\",\"author\":{\"@id\":\"https:\/\/www.noticiasradioreflejos.com.ar\/2021\/#\/schema\/person\/ad82545263dcc5ec0996818884fd5fb1\"},\"breadcrumb\":{\"@id\":\"https:\/\/www.noticiasradioreflejos.com.ar\/2021\/el-astillero-rio-santiago-boto-la-segunda-embarcacion-producida-en-los-ultimos-seis-meses\/#breadcrumb\"},\"inLanguage\":\"es\",\"potentialAction\":[{\"@type\":\"ReadAction\",\"target\":[\"https:\/\/www.noticiasradioreflejos.com.ar\/2021\/el-astillero-rio-santiago-boto-la-segunda-embarcacion-producida-en-los-ultimos-seis-meses\/\"]}]},{\"@type\":\"ImageObject\",\"inLanguage\":\"es\",\"@id\":\"https:\/\/www.noticiasradioreflejos.com.ar\/2021\/el-astillero-rio-santiago-boto-la-segunda-embarcacion-producida-en-los-ultimos-seis-meses\/#primaryimage\",\"url\":\"https:\/\/www.telam.com.ar\/thumbs\/bluesteel\/advf\/imagenes\/2022\/03\/62322e902f4e8_655.jpg\",\"contentUrl\":\"https:\/\/www.telam.com.ar\/thumbs\/bluesteel\/advf\/imagenes\/2022\/03\/62322e902f4e8_655.jpg\"},{\"@type\":\"BreadcrumbList\",\"@id\":\"https:\/\/www.noticiasradioreflejos.com.ar\/2021\/el-astillero-rio-santiago-boto-la-segunda-embarcacion-producida-en-los-ultimos-seis-meses\/#breadcrumb\",\"itemListElement\":[{\"@type\":\"ListItem\",\"position\":1,\"name\":\"Portada\",\"item\":\"https:\/\/www.noticiasradioreflejos.com.ar\/2021\/\"},{\"@type\":\"ListItem\",\"position\":2,\"name\":\"El Astillero R\u00edo Santiago bot\u00f3 la segunda embarcaci\u00f3n producida en los \u00faltimos seis meses\"}]},{\"@type\":\"WebSite\",\"@id\":\"https:\/\/www.noticiasradioreflejos.com.ar\/2021\/#website\",\"url\":\"https:\/\/www.noticiasradioreflejos.com.ar\/2021\/\",\"name\":\"Noticias Radio Reflejos\",\"description\":\"Las noticias de mi comarca\",\"potentialAction\":[{\"@type\":\"SearchAction\",\"target\":{\"@type\":\"EntryPoint\",\"urlTemplate\":\"https:\/\/www.noticiasradioreflejos.com.ar\/2021\/?s={search_term_string}\"},\"query-input\":{\"@type\":\"PropertyValueSpecification\",\"valueRequired\":true,\"valueName\":\"search_term_string\"}}],\"inLanguage\":\"es\"},{\"@type\":\"Person\",\"@id\":\"https:\/\/www.noticiasradioreflejos.com.ar\/2021\/#\/schema\/person\/ad82545263dcc5ec0996818884fd5fb1\",\"name\":\"Arnaldo Botto\",\"image\":{\"@type\":\"ImageObject\",\"inLanguage\":\"es\",\"@id\":\"https:\/\/www.noticiasradioreflejos.com.ar\/2021\/#\/schema\/person\/image\/\",\"url\":\"https:\/\/secure.gravatar.com\/avatar\/55cb5e37c1efa326397366e6974cb338056df65cb50e7d64d1cf314e87504837?s=96&d=mm&r=g\",\"contentUrl\":\"https:\/\/secure.gravatar.com\/avatar\/55cb5e37c1efa326397366e6974cb338056df65cb50e7d64d1cf314e87504837?s=96&d=mm&r=g\",\"caption\":\"Arnaldo Botto\"},\"url\":\"https:\/\/www.noticiasradioreflejos.com.ar\/2021\/author\/arnaldo\/\"}]}<\/script>\n<!-- \/ Yoast SEO plugin. -->","yoast_head_json":{"title":"El Astillero R\u00edo Santiago bot\u00f3 la segunda embarcaci\u00f3n producida en los \u00faltimos seis meses - Noticias Radio Reflejos","robots":{"index":"index","follow":"follow","max-snippet":"max-snippet:-1","max-image-preview":"max-image-preview:large","max-video-preview":"max-video-preview:-1"},"canonical":"https:\/\/www.noticiasradioreflejos.com.ar\/2021\/el-astillero-rio-santiago-boto-la-segunda-embarcacion-producida-en-los-ultimos-seis-meses\/","og_locale":"es_ES","og_type":"article","og_title":"El Astillero R\u00edo Santiago bot\u00f3 la segunda embarcaci\u00f3n producida en los \u00faltimos seis meses - Noticias Radio Reflejos","og_description":"\u00abVenimos de una \u00e9poca donde el programa econ\u00f3mico y la decisi\u00f3n pol\u00edtica era dejarnos sin Astillero, sin industria, ni soberan\u00eda. No pudieron cerrar esta empresa, ni desactivar la industria naval, ni romper un proyecto de pa\u00eds\u00bb, destac\u00f3 Kicillof en en la planta naval.","og_url":"https:\/\/www.noticiasradioreflejos.com.ar\/2021\/el-astillero-rio-santiago-boto-la-segunda-embarcacion-producida-en-los-ultimos-seis-meses\/","og_site_name":"Noticias Radio Reflejos","article_published_time":"2022-03-17T10:47:50+00:00","og_image":[{"url":"https:\/\/www.telam.com.ar\/thumbs\/bluesteel\/advf\/imagenes\/2022\/03\/62322e902f4e8_655.jpg","type":"","width":"","height":""}],"author":"Arnaldo Botto","twitter_card":"summary_large_image","schema":{"@context":"https:\/\/schema.org","@graph":[{"@type":"WebPage","@id":"https:\/\/www.noticiasradioreflejos.com.ar\/2021\/el-astillero-rio-santiago-boto-la-segunda-embarcacion-producida-en-los-ultimos-seis-meses\/","url":"https:\/\/www.noticiasradioreflejos.com.ar\/2021\/el-astillero-rio-santiago-boto-la-segunda-embarcacion-producida-en-los-ultimos-seis-meses\/","name":"El Astillero R\u00edo Santiago bot\u00f3 la segunda embarcaci\u00f3n producida en los \u00faltimos seis meses - Noticias Radio Reflejos","isPartOf":{"@id":"https:\/\/www.noticiasradioreflejos.com.ar\/2021\/#website"},"primaryImageOfPage":{"@id":"https:\/\/www.noticiasradioreflejos.com.ar\/2021\/el-astillero-rio-santiago-boto-la-segunda-embarcacion-producida-en-los-ultimos-seis-meses\/#primaryimage"},"image":{"@id":"https:\/\/www.noticiasradioreflejos.com.ar\/2021\/el-astillero-rio-santiago-boto-la-segunda-embarcacion-producida-en-los-ultimos-seis-meses\/#primaryimage"},"thumbnailUrl":"https:\/\/www.telam.com.ar\/thumbs\/bluesteel\/advf\/imagenes\/2022\/03\/62322e902f4e8_655.jpg","datePublished":"2022-03-17T10:47:50+00:00","author":{"@id":"https:\/\/www.noticiasradioreflejos.com.ar\/2021\/#\/schema\/person\/ad82545263dcc5ec0996818884fd5fb1"},"breadcrumb":{"@id":"https:\/\/www.noticiasradioreflejos.com.ar\/2021\/el-astillero-rio-santiago-boto-la-segunda-embarcacion-producida-en-los-ultimos-seis-meses\/#breadcrumb"},"inLanguage":"es","potentialAction":[{"@type":"ReadAction","target":["https:\/\/www.noticiasradioreflejos.com.ar\/2021\/el-astillero-rio-santiago-boto-la-segunda-embarcacion-producida-en-los-ultimos-seis-meses\/"]}]},{"@type":"ImageObject","inLanguage":"es","@id":"https:\/\/www.noticiasradioreflejos.com.ar\/2021\/el-astillero-rio-santiago-boto-la-segunda-embarcacion-producida-en-los-ultimos-seis-meses\/#primaryimage","url":"https:\/\/www.telam.com.ar\/thumbs\/bluesteel\/advf\/imagenes\/2022\/03\/62322e902f4e8_655.jpg","contentUrl":"https:\/\/www.telam.com.ar\/thumbs\/bluesteel\/advf\/imagenes\/2022\/03\/62322e902f4e8_655.jpg"},{"@type":"BreadcrumbList","@id":"https:\/\/www.noticiasradioreflejos.com.ar\/2021\/el-astillero-rio-santiago-boto-la-segunda-embarcacion-producida-en-los-ultimos-seis-meses\/#breadcrumb","itemListElement":[{"@type":"ListItem","position":1,"name":"Portada","item":"https:\/\/www.noticiasradioreflejos.com.ar\/2021\/"},{"@type":"ListItem","position":2,"name":"El Astillero R\u00edo Santiago bot\u00f3 la segunda embarcaci\u00f3n producida en los \u00faltimos seis meses"}]},{"@type":"WebSite","@id":"https:\/\/www.noticiasradioreflejos.com.ar\/2021\/#website","url":"https:\/\/www.noticiasradioreflejos.com.ar\/2021\/","name":"Noticias Radio Reflejos","description":"Las noticias de mi comarca","potentialAction":[{"@type":"SearchAction","target":{"@type":"EntryPoint","urlTemplate":"https:\/\/www.noticiasradioreflejos.com.ar\/2021\/?s={search_term_string}"},"query-input":{"@type":"PropertyValueSpecification","valueRequired":true,"valueName":"search_term_string"}}],"inLanguage":"es"},{"@type":"Person","@id":"https:\/\/www.noticiasradioreflejos.com.ar\/2021\/#\/schema\/person\/ad82545263dcc5ec0996818884fd5fb1","name":"Arnaldo Botto","image":{"@type":"ImageObject","inLanguage":"es","@id":"https:\/\/www.noticiasradioreflejos.com.ar\/2021\/#\/schema\/person\/image\/","url":"https:\/\/secure.gravatar.com\/avatar\/55cb5e37c1efa326397366e6974cb338056df65cb50e7d64d1cf314e87504837?s=96&d=mm&r=g","contentUrl":"https:\/\/secure.gravatar.com\/avatar\/55cb5e37c1efa326397366e6974cb338056df65cb50e7d64d1cf314e87504837?s=96&d=mm&r=g","caption":"Arnaldo Botto"},"url":"https:\/\/www.noticiasradioreflejos.com.ar\/2021\/author\/arnaldo\/"}]}},"_links":{"self":[{"href":"https:\/\/www.noticiasradioreflejos.com.ar\/2021\/wp-json\/wp\/v2\/posts\/69382","targetHints":{"allow":["GET"]}}],"collection":[{"href":"https:\/\/www.noticiasradioreflejos.com.ar\/2021\/wp-json\/wp\/v2\/posts"}],"about":[{"href":"https:\/\/www.noticiasradioreflejos.com.ar\/2021\/wp-json\/wp\/v2\/types\/post"}],"author":[{"embeddable":true,"href":"https:\/\/www.noticiasradioreflejos.com.ar\/2021\/wp-json\/wp\/v2\/users\/3"}],"replies":[{"embeddable":true,"href":"https:\/\/www.noticiasradioreflejos.com.ar\/2021\/wp-json\/wp\/v2\/comments?post=69382"}],"version-history":[{"count":2,"href":"https:\/\/www.noticiasradioreflejos.com.ar\/2021\/wp-json\/wp\/v2\/posts\/69382\/revisions"}],"predecessor-version":[{"id":69385,"href":"https:\/\/www.noticiasradioreflejos.com.ar\/2021\/wp-json\/wp\/v2\/posts\/69382\/revisions\/69385"}],"wp:attachment":[{"href":"https:\/\/www.noticiasradioreflejos.com.ar\/2021\/wp-json\/wp\/v2\/media?parent=69382"}],"wp:term":[{"taxonomy":"category","embeddable":true,"href":"https:\/\/www.noticiasradioreflejos.com.ar\/2021\/wp-json\/wp\/v2\/categories?post=69382"},{"taxonomy":"post_tag","embeddable":true,"href":"https:\/\/www.noticiasradioreflejos.com.ar\/2021\/wp-json\/wp\/v2\/tags?post=69382"}],"curies":[{"name":"wp","href":"https:\/\/api.w.org\/{rel}","templated":true}]}}