{"id":69369,"date":"2022-03-16T23:57:35","date_gmt":"2022-03-16T23:57:35","guid":{"rendered":"http:\/\/www.noticiasradioreflejos.com.ar\/2021\/?p=69369"},"modified":"2022-03-16T23:57:35","modified_gmt":"2022-03-16T23:57:35","slug":"un-97-de-los-hechos-viales-que-producen-muertes-tienen-que-ver-con-el-factor-humano","status":"publish","type":"post","link":"https:\/\/www.noticiasradioreflejos.com.ar\/2021\/un-97-de-los-hechos-viales-que-producen-muertes-tienen-que-ver-con-el-factor-humano\/","title":{"rendered":"\u00abUn 97 % de los hechos viales que producen muertes tienen que ver con el factor humano\u00bb"},"content":{"rendered":"<p>Integrante del grupo <strong>Estrellas Amarillas de Bah\u00eda Blanca<\/strong> y responsable de la fundaci\u00f3n junto a Laura Cristina Ambrosio Batittel, nos explica un poco de lo que significa esta agrupaci\u00f3n para la localidad y la zona, c\u00f3mo trabajan en conjunto con el \u00e1rea de tr\u00e1nsito del municipio, cu\u00e1les son las actividades que realizan adem\u00e1s de las pintadas de las famosas estrellas amarillas y cu\u00e1les son las estad\u00edsticas que se manejan en t\u00e9rminos de hechos de tr\u00e1nsito.<!--more--><\/p>\n<p><a title=\"Estr. Amarillas (2)\" href=\"https:\/\/www.flickr.com\/photos\/182279889@N02\/51941731457\/in\/dateposted-public\/\" data-flickr-embed=\"true\"><img loading=\"lazy\" decoding=\"async\" src=\"https:\/\/live.staticflickr.com\/65535\/51941731457_30ba195209_c.jpg\" alt=\"Estr. Amarillas (2)\" width=\"800\" height=\"600\" \/><\/a><script async src=\"\/\/embedr.flickr.com\/assets\/client-code.js\" charset=\"utf-8\"><\/script><\/p>\n<p>\u00abLa pandemia y el encierro nos han hecho esperar para salir a hacer desastres\u00bb fue lo primero que mencion\u00f3 Marcos en la nota que le hicimos esta ma\u00f1ana. El presidente de Estrellas Amarillas de Bah\u00eda Blanca se refiri\u00f3 a que la gente a\u00fan no toma consciencia de la peligrosidad que se genera al estar alcoholizado al volante, y que estamos acostumbrados a, en lugar de trabajar para prevenir, lamentarse cuando los hechos ya sucedieron.<\/p>\n<p>\u00abA los j\u00f3venes tratamos de hacer que se imaginen en el estado que quedan los familiares\u00bb expuso el recurso que utiliza el grupo para concientizar a los m\u00e1s chicos sobre los accidentes de tr\u00e1nsito.<\/p>\n<p>\u00abYa no es solamente el celular o un peat\u00f3n, sino tambi\u00e9n el alcohol\u00bb coment\u00f3 lo que puede ver de los controles de los que la agrupaci\u00f3n participa en conjunto con el \u00e1rea de Tr\u00e1nsito del municipio. \u00abTambi\u00e9n participamos de la Mesa de Tr\u00e1nsito, que se re\u00fane una vez al mes, donde tenemos charlas de los controles y tambi\u00e9n planificamos d\u00f3nde hace falta un sem\u00e1foro u ordenar un poquito m\u00e1s el tr\u00e1nsito\u00bb. Aclar\u00f3 que la finalidad de los controles y operativos no es la de multar, sino la de concientizar ya que sostiene que \u00absomos hijos del rigor\u00bb.<\/p>\n<p>Marcos estuvo desarroll\u00e1ndonos c\u00f3mo se conforma esta agrupaci\u00f3n. Mencion\u00f3 que, generalmente, son entre 10 y 15 participantes, de los cuales algunos de ellos lo acompa\u00f1an hace m\u00e1s de 11 a\u00f1os. \u00abTiene que ver con encontrar un sentido de pertenencia y que, m\u00e1s all\u00e1 de rendir un homenaje, generar consciencia. Se hace solamente de coraz\u00f3n\u00bb.<\/p>\n<p><a title=\"Estr. Amarillas (1)\" href=\"https:\/\/www.flickr.com\/photos\/182279889@N02\/51942716371\/in\/dateposted-public\/\" data-flickr-embed=\"true\"><img loading=\"lazy\" decoding=\"async\" class=\"aligncenter\" src=\"https:\/\/live.staticflickr.com\/65535\/51942716371_21061456b6_c.jpg\" alt=\"Estr. Amarillas (1)\" width=\"600\" height=\"800\" \/><\/a><script async src=\"\/\/embedr.flickr.com\/assets\/client-code.js\" charset=\"utf-8\"><\/script><\/p>\n<p>Tambi\u00e9n estuvo cont\u00e1ndonos que el grupo se maneja v\u00eda telef\u00f3nica o por Facebook para coordinar las pintadas nuevas y sino, todos los viernes realizan re-pintadas. Mencion\u00f3 que en su momento, se le habilit\u00f3 el espacio f\u00edsico del \u00e1rea de tr\u00e1nsito para reunirse cada vez que sea necesario y que, tambi\u00e9n, recurren a la plataforma zoom para reunirse virtualmente.<\/p>\n<p>\u00abAccidente es otra cosa, lo que nosotros vemos en la calle son hechos de tr\u00e1nsito. En un 97 % de los hechos viales que producen muertes tienen que ver con el factor humano\u00bb recurri\u00f3 a las estad\u00edsticas para continuar generando consciencia.<\/p>\n<p>Marcos menciona que llevan pintadas unas 240 estrellas amarillas entre Bah\u00eda Blanca y la zona, pero que, lamentablemente, se contin\u00faan sumando constantemente.<\/p>\n<p>Nota completa a continuaci\u00f3n:<br \/>\n<iframe loading=\"lazy\" src=\"https:\/\/w.soundcloud.com\/player\/?url=https%3A\/\/api.soundcloud.com\/tracks\/1233315862&amp;color=%23ff5500&amp;auto_play=false&amp;hide_related=false&amp;show_comments=true&amp;show_user=true&amp;show_reposts=false&amp;show_teaser=true&amp;visual=true\" width=\"100%\" height=\"300\" frameborder=\"no\" scrolling=\"no\"><\/iframe><\/p>\n<div style=\"font-size: 10px; color: #cccccc; line-break: anywhere; word-break: normal; overflow: hidden; white-space: nowrap; text-overflow: ellipsis; font-family: Interstate,Lucida Grande,Lucida Sans Unicode,Lucida Sans,Garuda,Verdana,Tahoma,sans-serif; font-weight: 100;\"><a style=\"color: #cccccc; text-decoration: none;\" title=\"fmreflejos 103.7\" href=\"https:\/\/soundcloud.com\/fmreflejos-103-7\" target=\"_blank\" rel=\"noopener\">fmreflejos 103.7<\/a> \u00b7 <a style=\"color: #cccccc; text-decoration: none;\" title=\"Marcos Navarrete\" href=\"https:\/\/soundcloud.com\/fmreflejos-103-7\/marcos-navarrete\" target=\"_blank\" rel=\"noopener\">Marcos Navarrete<\/a><\/div>\n","protected":false},"excerpt":{"rendered":"<p>Integrante del grupo Estrellas Amarillas de Bah\u00eda Blanca y responsable de la fundaci\u00f3n junto a Laura Cristina Ambrosio Batittel, nos explica un poco de lo que significa esta agrupaci\u00f3n para la localidad y la zona, c\u00f3mo trabajan en conjunto con el \u00e1rea de tr\u00e1nsito del municipio, cu\u00e1les son las actividades que realizan adem\u00e1s de las [&hellip;]<\/p>\n","protected":false},"author":3,"featured_media":0,"comment_status":"closed","ping_status":"closed","sticky":false,"template":"","format":"standard","meta":{"footnotes":""},"categories":[26],"tags":[48],"class_list":["post-69369","post","type-post","status-publish","format-standard","hentry","category-sociedad","tag-destacada"],"yoast_head":"<!-- This site is optimized with the Yoast SEO plugin v25.9 - https:\/\/yoast.com\/wordpress\/plugins\/seo\/ -->\n<title>&quot;Un 97 % de los hechos viales que producen muertes tienen que ver con el factor humano&quot; - Noticias Radio Reflejos<\/title>\n<meta name=\"robots\" content=\"index, follow, max-snippet:-1, max-image-preview:large, max-video-preview:-1\" \/>\n<link rel=\"canonical\" href=\"https:\/\/www.noticiasradioreflejos.com.ar\/2021\/un-97-de-los-hechos-viales-que-producen-muertes-tienen-que-ver-con-el-factor-humano\/\" \/>\n<meta property=\"og:locale\" content=\"es_ES\" \/>\n<meta property=\"og:type\" content=\"article\" \/>\n<meta property=\"og:title\" content=\"&quot;Un 97 % de los hechos viales que producen muertes tienen que ver con el factor humano&quot; - Noticias Radio Reflejos\" \/>\n<meta property=\"og:description\" content=\"Integrante del grupo Estrellas Amarillas de Bah\u00eda Blanca y responsable de la fundaci\u00f3n junto a Laura Cristina Ambrosio Batittel, nos explica un poco de lo que significa esta agrupaci\u00f3n para la localidad y la zona, c\u00f3mo trabajan en conjunto con el \u00e1rea de tr\u00e1nsito del municipio, cu\u00e1les son las actividades que realizan adem\u00e1s de las [&hellip;]\" \/>\n<meta property=\"og:url\" content=\"https:\/\/www.noticiasradioreflejos.com.ar\/2021\/un-97-de-los-hechos-viales-que-producen-muertes-tienen-que-ver-con-el-factor-humano\/\" \/>\n<meta property=\"og:site_name\" content=\"Noticias Radio Reflejos\" \/>\n<meta property=\"article:published_time\" content=\"2022-03-16T23:57:35+00:00\" \/>\n<meta property=\"og:image\" content=\"https:\/\/live.staticflickr.com\/65535\/51941731457_30ba195209_c.jpg\" \/>\n<meta name=\"author\" content=\"Arnaldo Botto\" \/>\n<meta name=\"twitter:card\" content=\"summary_large_image\" \/>\n<script type=\"application\/ld+json\" class=\"yoast-schema-graph\">{\"@context\":\"https:\/\/schema.org\",\"@graph\":[{\"@type\":\"WebPage\",\"@id\":\"https:\/\/www.noticiasradioreflejos.com.ar\/2021\/un-97-de-los-hechos-viales-que-producen-muertes-tienen-que-ver-con-el-factor-humano\/\",\"url\":\"https:\/\/www.noticiasradioreflejos.com.ar\/2021\/un-97-de-los-hechos-viales-que-producen-muertes-tienen-que-ver-con-el-factor-humano\/\",\"name\":\"\\\"Un 97 % de los hechos viales que producen muertes tienen que ver con el factor humano\\\" - Noticias Radio Reflejos\",\"isPartOf\":{\"@id\":\"https:\/\/www.noticiasradioreflejos.com.ar\/2021\/#website\"},\"primaryImageOfPage\":{\"@id\":\"https:\/\/www.noticiasradioreflejos.com.ar\/2021\/un-97-de-los-hechos-viales-que-producen-muertes-tienen-que-ver-con-el-factor-humano\/#primaryimage\"},\"image\":{\"@id\":\"https:\/\/www.noticiasradioreflejos.com.ar\/2021\/un-97-de-los-hechos-viales-que-producen-muertes-tienen-que-ver-con-el-factor-humano\/#primaryimage\"},\"thumbnailUrl\":\"https:\/\/live.staticflickr.com\/65535\/51941731457_30ba195209_c.jpg\",\"datePublished\":\"2022-03-16T23:57:35+00:00\",\"author\":{\"@id\":\"https:\/\/www.noticiasradioreflejos.com.ar\/2021\/#\/schema\/person\/ad82545263dcc5ec0996818884fd5fb1\"},\"breadcrumb\":{\"@id\":\"https:\/\/www.noticiasradioreflejos.com.ar\/2021\/un-97-de-los-hechos-viales-que-producen-muertes-tienen-que-ver-con-el-factor-humano\/#breadcrumb\"},\"inLanguage\":\"es\",\"potentialAction\":[{\"@type\":\"ReadAction\",\"target\":[\"https:\/\/www.noticiasradioreflejos.com.ar\/2021\/un-97-de-los-hechos-viales-que-producen-muertes-tienen-que-ver-con-el-factor-humano\/\"]}]},{\"@type\":\"ImageObject\",\"inLanguage\":\"es\",\"@id\":\"https:\/\/www.noticiasradioreflejos.com.ar\/2021\/un-97-de-los-hechos-viales-que-producen-muertes-tienen-que-ver-con-el-factor-humano\/#primaryimage\",\"url\":\"https:\/\/live.staticflickr.com\/65535\/51941731457_30ba195209_c.jpg\",\"contentUrl\":\"https:\/\/live.staticflickr.com\/65535\/51941731457_30ba195209_c.jpg\"},{\"@type\":\"BreadcrumbList\",\"@id\":\"https:\/\/www.noticiasradioreflejos.com.ar\/2021\/un-97-de-los-hechos-viales-que-producen-muertes-tienen-que-ver-con-el-factor-humano\/#breadcrumb\",\"itemListElement\":[{\"@type\":\"ListItem\",\"position\":1,\"name\":\"Portada\",\"item\":\"https:\/\/www.noticiasradioreflejos.com.ar\/2021\/\"},{\"@type\":\"ListItem\",\"position\":2,\"name\":\"\u00abUn 97 % de los hechos viales que producen muertes tienen que ver con el factor humano\u00bb\"}]},{\"@type\":\"WebSite\",\"@id\":\"https:\/\/www.noticiasradioreflejos.com.ar\/2021\/#website\",\"url\":\"https:\/\/www.noticiasradioreflejos.com.ar\/2021\/\",\"name\":\"Noticias Radio Reflejos\",\"description\":\"Las noticias de mi comarca\",\"potentialAction\":[{\"@type\":\"SearchAction\",\"target\":{\"@type\":\"EntryPoint\",\"urlTemplate\":\"https:\/\/www.noticiasradioreflejos.com.ar\/2021\/?s={search_term_string}\"},\"query-input\":{\"@type\":\"PropertyValueSpecification\",\"valueRequired\":true,\"valueName\":\"search_term_string\"}}],\"inLanguage\":\"es\"},{\"@type\":\"Person\",\"@id\":\"https:\/\/www.noticiasradioreflejos.com.ar\/2021\/#\/schema\/person\/ad82545263dcc5ec0996818884fd5fb1\",\"name\":\"Arnaldo Botto\",\"image\":{\"@type\":\"ImageObject\",\"inLanguage\":\"es\",\"@id\":\"https:\/\/www.noticiasradioreflejos.com.ar\/2021\/#\/schema\/person\/image\/\",\"url\":\"https:\/\/secure.gravatar.com\/avatar\/55cb5e37c1efa326397366e6974cb338056df65cb50e7d64d1cf314e87504837?s=96&d=mm&r=g\",\"contentUrl\":\"https:\/\/secure.gravatar.com\/avatar\/55cb5e37c1efa326397366e6974cb338056df65cb50e7d64d1cf314e87504837?s=96&d=mm&r=g\",\"caption\":\"Arnaldo Botto\"},\"url\":\"https:\/\/www.noticiasradioreflejos.com.ar\/2021\/author\/arnaldo\/\"}]}<\/script>\n<!-- \/ Yoast SEO plugin. -->","yoast_head_json":{"title":"\"Un 97 % de los hechos viales que producen muertes tienen que ver con el factor humano\" - Noticias Radio Reflejos","robots":{"index":"index","follow":"follow","max-snippet":"max-snippet:-1","max-image-preview":"max-image-preview:large","max-video-preview":"max-video-preview:-1"},"canonical":"https:\/\/www.noticiasradioreflejos.com.ar\/2021\/un-97-de-los-hechos-viales-que-producen-muertes-tienen-que-ver-con-el-factor-humano\/","og_locale":"es_ES","og_type":"article","og_title":"\"Un 97 % de los hechos viales que producen muertes tienen que ver con el factor humano\" - Noticias Radio Reflejos","og_description":"Integrante del grupo Estrellas Amarillas de Bah\u00eda Blanca y responsable de la fundaci\u00f3n junto a Laura Cristina Ambrosio Batittel, nos explica un poco de lo que significa esta agrupaci\u00f3n para la localidad y la zona, c\u00f3mo trabajan en conjunto con el \u00e1rea de tr\u00e1nsito del municipio, cu\u00e1les son las actividades que realizan adem\u00e1s de las [&hellip;]","og_url":"https:\/\/www.noticiasradioreflejos.com.ar\/2021\/un-97-de-los-hechos-viales-que-producen-muertes-tienen-que-ver-con-el-factor-humano\/","og_site_name":"Noticias Radio Reflejos","article_published_time":"2022-03-16T23:57:35+00:00","og_image":[{"url":"https:\/\/live.staticflickr.com\/65535\/51941731457_30ba195209_c.jpg","type":"","width":"","height":""}],"author":"Arnaldo Botto","twitter_card":"summary_large_image","schema":{"@context":"https:\/\/schema.org","@graph":[{"@type":"WebPage","@id":"https:\/\/www.noticiasradioreflejos.com.ar\/2021\/un-97-de-los-hechos-viales-que-producen-muertes-tienen-que-ver-con-el-factor-humano\/","url":"https:\/\/www.noticiasradioreflejos.com.ar\/2021\/un-97-de-los-hechos-viales-que-producen-muertes-tienen-que-ver-con-el-factor-humano\/","name":"\"Un 97 % de los hechos viales que producen muertes tienen que ver con el factor humano\" - Noticias Radio Reflejos","isPartOf":{"@id":"https:\/\/www.noticiasradioreflejos.com.ar\/2021\/#website"},"primaryImageOfPage":{"@id":"https:\/\/www.noticiasradioreflejos.com.ar\/2021\/un-97-de-los-hechos-viales-que-producen-muertes-tienen-que-ver-con-el-factor-humano\/#primaryimage"},"image":{"@id":"https:\/\/www.noticiasradioreflejos.com.ar\/2021\/un-97-de-los-hechos-viales-que-producen-muertes-tienen-que-ver-con-el-factor-humano\/#primaryimage"},"thumbnailUrl":"https:\/\/live.staticflickr.com\/65535\/51941731457_30ba195209_c.jpg","datePublished":"2022-03-16T23:57:35+00:00","author":{"@id":"https:\/\/www.noticiasradioreflejos.com.ar\/2021\/#\/schema\/person\/ad82545263dcc5ec0996818884fd5fb1"},"breadcrumb":{"@id":"https:\/\/www.noticiasradioreflejos.com.ar\/2021\/un-97-de-los-hechos-viales-que-producen-muertes-tienen-que-ver-con-el-factor-humano\/#breadcrumb"},"inLanguage":"es","potentialAction":[{"@type":"ReadAction","target":["https:\/\/www.noticiasradioreflejos.com.ar\/2021\/un-97-de-los-hechos-viales-que-producen-muertes-tienen-que-ver-con-el-factor-humano\/"]}]},{"@type":"ImageObject","inLanguage":"es","@id":"https:\/\/www.noticiasradioreflejos.com.ar\/2021\/un-97-de-los-hechos-viales-que-producen-muertes-tienen-que-ver-con-el-factor-humano\/#primaryimage","url":"https:\/\/live.staticflickr.com\/65535\/51941731457_30ba195209_c.jpg","contentUrl":"https:\/\/live.staticflickr.com\/65535\/51941731457_30ba195209_c.jpg"},{"@type":"BreadcrumbList","@id":"https:\/\/www.noticiasradioreflejos.com.ar\/2021\/un-97-de-los-hechos-viales-que-producen-muertes-tienen-que-ver-con-el-factor-humano\/#breadcrumb","itemListElement":[{"@type":"ListItem","position":1,"name":"Portada","item":"https:\/\/www.noticiasradioreflejos.com.ar\/2021\/"},{"@type":"ListItem","position":2,"name":"\u00abUn 97 % de los hechos viales que producen muertes tienen que ver con el factor humano\u00bb"}]},{"@type":"WebSite","@id":"https:\/\/www.noticiasradioreflejos.com.ar\/2021\/#website","url":"https:\/\/www.noticiasradioreflejos.com.ar\/2021\/","name":"Noticias Radio Reflejos","description":"Las noticias de mi comarca","potentialAction":[{"@type":"SearchAction","target":{"@type":"EntryPoint","urlTemplate":"https:\/\/www.noticiasradioreflejos.com.ar\/2021\/?s={search_term_string}"},"query-input":{"@type":"PropertyValueSpecification","valueRequired":true,"valueName":"search_term_string"}}],"inLanguage":"es"},{"@type":"Person","@id":"https:\/\/www.noticiasradioreflejos.com.ar\/2021\/#\/schema\/person\/ad82545263dcc5ec0996818884fd5fb1","name":"Arnaldo Botto","image":{"@type":"ImageObject","inLanguage":"es","@id":"https:\/\/www.noticiasradioreflejos.com.ar\/2021\/#\/schema\/person\/image\/","url":"https:\/\/secure.gravatar.com\/avatar\/55cb5e37c1efa326397366e6974cb338056df65cb50e7d64d1cf314e87504837?s=96&d=mm&r=g","contentUrl":"https:\/\/secure.gravatar.com\/avatar\/55cb5e37c1efa326397366e6974cb338056df65cb50e7d64d1cf314e87504837?s=96&d=mm&r=g","caption":"Arnaldo Botto"},"url":"https:\/\/www.noticiasradioreflejos.com.ar\/2021\/author\/arnaldo\/"}]}},"_links":{"self":[{"href":"https:\/\/www.noticiasradioreflejos.com.ar\/2021\/wp-json\/wp\/v2\/posts\/69369","targetHints":{"allow":["GET"]}}],"collection":[{"href":"https:\/\/www.noticiasradioreflejos.com.ar\/2021\/wp-json\/wp\/v2\/posts"}],"about":[{"href":"https:\/\/www.noticiasradioreflejos.com.ar\/2021\/wp-json\/wp\/v2\/types\/post"}],"author":[{"embeddable":true,"href":"https:\/\/www.noticiasradioreflejos.com.ar\/2021\/wp-json\/wp\/v2\/users\/3"}],"replies":[{"embeddable":true,"href":"https:\/\/www.noticiasradioreflejos.com.ar\/2021\/wp-json\/wp\/v2\/comments?post=69369"}],"version-history":[{"count":2,"href":"https:\/\/www.noticiasradioreflejos.com.ar\/2021\/wp-json\/wp\/v2\/posts\/69369\/revisions"}],"predecessor-version":[{"id":69373,"href":"https:\/\/www.noticiasradioreflejos.com.ar\/2021\/wp-json\/wp\/v2\/posts\/69369\/revisions\/69373"}],"wp:attachment":[{"href":"https:\/\/www.noticiasradioreflejos.com.ar\/2021\/wp-json\/wp\/v2\/media?parent=69369"}],"wp:term":[{"taxonomy":"category","embeddable":true,"href":"https:\/\/www.noticiasradioreflejos.com.ar\/2021\/wp-json\/wp\/v2\/categories?post=69369"},{"taxonomy":"post_tag","embeddable":true,"href":"https:\/\/www.noticiasradioreflejos.com.ar\/2021\/wp-json\/wp\/v2\/tags?post=69369"}],"curies":[{"name":"wp","href":"https:\/\/api.w.org\/{rel}","templated":true}]}}