{"id":69368,"date":"2022-03-16T21:22:54","date_gmt":"2022-03-16T21:22:54","guid":{"rendered":"http:\/\/www.noticiasradioreflejos.com.ar\/2021\/?p=69368"},"modified":"2022-03-16T21:22:54","modified_gmt":"2022-03-16T21:22:54","slug":"sindicalistas-y-empresarios-acordaron-un-nuevo-salario-minimo-de-47-850","status":"publish","type":"post","link":"https:\/\/www.noticiasradioreflejos.com.ar\/2021\/sindicalistas-y-empresarios-acordaron-un-nuevo-salario-minimo-de-47-850\/","title":{"rendered":"Sindicalistas y empresarios acordaron un nuevo salario m\u00ednimo de $47.850"},"content":{"rendered":"<header id=\"mvp-post-head\" class=\"left relative\">El nuevo salario m\u00ednimo ser\u00e1 de $47.850 para fin de a\u00f1o tras la reuni\u00f3n del consejo integrado por empresarios y sindicalistas. El aumento estipulado ser\u00e1 del 45% en cuatro tramos, seg\u00fan inform\u00f3 el Ministerio de Trabajo.<\/p>\n<\/header>\n<p><!--more--><\/p>\n<div class=\"mvp-post-main-out left relative\">\n<div class=\"mvp-post-main-in\">\n<div id=\"mvp-post-content\" class=\"left relative\">\n<div id=\"mvp-content-wrap\" class=\"left relative\">\n<div class=\"mvp-post-soc-out right relative\">\n<div class=\"mvp-post-soc-in\">\n<div id=\"mvp-content-body\" class=\"left relative\">\n<div id=\"mvp-content-body-top\" class=\"left relative\">\n<div id=\"mvp-content-main\" class=\"left relative\">\n<div id=\"textbody\">\n<p>El incremento se har\u00e1 efectivo de la siguiente manera: 18% en abril, 10% en junio, 10% en agosto, y 7% en diciembre y las partes podr\u00e1n solicitar a partir del mes de agosto una nueva reuni\u00f3n para su revisi\u00f3n, informaron. La votaci\u00f3n fue por unanimidad, con 31 votos afirmativos y una abstenci\u00f3n.<\/p>\n<div id=\"sm-it-main-container-1647465631957\" class=\"sm-it-main-container\" data-it=\"88868243-bf49-4dfa-95e6-44ae351effec\" data-device=\"desktop\" data-index=\"0\">\n<div id=\"sm-reference-1647465631957\" class=\"sm-reference\"><\/div>\n<\/div>\n<div class=\"code-block code-block-11\"><\/div>\n<p>Con presencia de ejecutivos empresarios, dirigentes sindicales y del ministro de Trabajo Claudio Moroni protagonizaron esta tarde la primera reuni\u00f3n del Consejo del Salario M\u00ednimo, Vital y M\u00f3vil del a\u00f1o para definir una pauta de incremento del piso de remuneraciones laborales. La puja entre sindicatos y c\u00e1maras empresarias tuvo lugar en el marco de algunas negociaciones paritarias relevantes que cerraron en torno del 45% y de una aceleraci\u00f3n inflacionaria que se reflej\u00f3 en el aumento mensual de alimentos m\u00e1s elevado en cinco a\u00f1os.<\/p>\n<p>El SMVM es importante no solo porque representa un piso de ingreso para los empleados sino tambi\u00e9n porque impacta en los montos de determinadas prestaciones sociales que brinda el Estado. De hecho, la mayor\u00eda de los convenios colectivos de trabajo ya tienen m\u00ednimos salariales por encima del que queda establecido a\u00f1o a a\u00f1o en este consejo.<\/p>\n<div class=\"code-block code-block-1\"><\/div>\n<p>El nuevo salario m\u00ednimo que se acuerde en la mesa tripartita impactar\u00e1 en distintas prestaciones sociales que est\u00e1n atadas a ese monto. En primer lugar, las jubilaciones de personas que completen los 30 a\u00f1os de aporte: sus haberes equivalen al 82% del SMVM. Luego, distintas prestaciones sociales que depende del piso salarial. En ese sentido, en las becas Progresar el salario m\u00ednimo vital y m\u00f3vil funciona como tope para la entrega de la beca de estudio. El beneficiario, menor de 24 a\u00f1os, lo cobra si su familia gana menos de tres salarios m\u00ednimos.<\/p>\n<\/div>\n<\/div>\n<\/div>\n<\/div>\n<\/div>\n<\/div>\n<\/div>\n<\/div>\n<\/div>\n<\/div>\n","protected":false},"excerpt":{"rendered":"<p>El nuevo salario m\u00ednimo ser\u00e1 de $47.850 para fin de a\u00f1o tras la reuni\u00f3n del consejo integrado por empresarios y sindicalistas. El aumento estipulado ser\u00e1 del 45% en cuatro tramos, seg\u00fan inform\u00f3 el Ministerio de Trabajo.<\/p>\n","protected":false},"author":3,"featured_media":40217,"comment_status":"closed","ping_status":"closed","sticky":false,"template":"","format":"standard","meta":{"footnotes":""},"categories":[36,24],"tags":[],"class_list":["post-69368","post","type-post","status-publish","format-standard","has-post-thumbnail","hentry","category-economia","category-politica"],"yoast_head":"<!-- This site is optimized with the Yoast SEO plugin v25.9 - https:\/\/yoast.com\/wordpress\/plugins\/seo\/ -->\n<title>Sindicalistas y empresarios acordaron un nuevo salario m\u00ednimo de $47.850 - Noticias Radio Reflejos<\/title>\n<meta name=\"robots\" content=\"index, follow, max-snippet:-1, max-image-preview:large, max-video-preview:-1\" \/>\n<link rel=\"canonical\" href=\"https:\/\/www.noticiasradioreflejos.com.ar\/2021\/sindicalistas-y-empresarios-acordaron-un-nuevo-salario-minimo-de-47-850\/\" \/>\n<meta property=\"og:locale\" content=\"es_ES\" \/>\n<meta property=\"og:type\" content=\"article\" \/>\n<meta property=\"og:title\" content=\"Sindicalistas y empresarios acordaron un nuevo salario m\u00ednimo de $47.850 - Noticias Radio Reflejos\" \/>\n<meta property=\"og:description\" content=\"El nuevo salario m\u00ednimo ser\u00e1 de $47.850 para fin de a\u00f1o tras la reuni\u00f3n del consejo integrado por empresarios y sindicalistas. El aumento estipulado ser\u00e1 del 45% en cuatro tramos, seg\u00fan inform\u00f3 el Ministerio de Trabajo.\" \/>\n<meta property=\"og:url\" content=\"https:\/\/www.noticiasradioreflejos.com.ar\/2021\/sindicalistas-y-empresarios-acordaron-un-nuevo-salario-minimo-de-47-850\/\" \/>\n<meta property=\"og:site_name\" content=\"Noticias Radio Reflejos\" \/>\n<meta property=\"article:published_time\" content=\"2022-03-16T21:22:54+00:00\" \/>\n<meta property=\"og:image\" content=\"https:\/\/www.noticiasradioreflejos.com.ar\/2021\/wp-content\/uploads\/2020\/03\/pesos.jpg\" \/>\n\t<meta property=\"og:image:width\" content=\"870\" \/>\n\t<meta property=\"og:image:height\" content=\"580\" \/>\n\t<meta property=\"og:image:type\" content=\"image\/jpeg\" \/>\n<meta name=\"author\" content=\"Arnaldo Botto\" \/>\n<meta name=\"twitter:card\" content=\"summary_large_image\" \/>\n<script type=\"application\/ld+json\" class=\"yoast-schema-graph\">{\"@context\":\"https:\/\/schema.org\",\"@graph\":[{\"@type\":\"WebPage\",\"@id\":\"https:\/\/www.noticiasradioreflejos.com.ar\/2021\/sindicalistas-y-empresarios-acordaron-un-nuevo-salario-minimo-de-47-850\/\",\"url\":\"https:\/\/www.noticiasradioreflejos.com.ar\/2021\/sindicalistas-y-empresarios-acordaron-un-nuevo-salario-minimo-de-47-850\/\",\"name\":\"Sindicalistas y empresarios acordaron un nuevo salario m\u00ednimo de $47.850 - Noticias Radio Reflejos\",\"isPartOf\":{\"@id\":\"https:\/\/www.noticiasradioreflejos.com.ar\/2021\/#website\"},\"primaryImageOfPage\":{\"@id\":\"https:\/\/www.noticiasradioreflejos.com.ar\/2021\/sindicalistas-y-empresarios-acordaron-un-nuevo-salario-minimo-de-47-850\/#primaryimage\"},\"image\":{\"@id\":\"https:\/\/www.noticiasradioreflejos.com.ar\/2021\/sindicalistas-y-empresarios-acordaron-un-nuevo-salario-minimo-de-47-850\/#primaryimage\"},\"thumbnailUrl\":\"https:\/\/www.noticiasradioreflejos.com.ar\/2021\/wp-content\/uploads\/2020\/03\/pesos.jpg\",\"datePublished\":\"2022-03-16T21:22:54+00:00\",\"author\":{\"@id\":\"https:\/\/www.noticiasradioreflejos.com.ar\/2021\/#\/schema\/person\/ad82545263dcc5ec0996818884fd5fb1\"},\"breadcrumb\":{\"@id\":\"https:\/\/www.noticiasradioreflejos.com.ar\/2021\/sindicalistas-y-empresarios-acordaron-un-nuevo-salario-minimo-de-47-850\/#breadcrumb\"},\"inLanguage\":\"es\",\"potentialAction\":[{\"@type\":\"ReadAction\",\"target\":[\"https:\/\/www.noticiasradioreflejos.com.ar\/2021\/sindicalistas-y-empresarios-acordaron-un-nuevo-salario-minimo-de-47-850\/\"]}]},{\"@type\":\"ImageObject\",\"inLanguage\":\"es\",\"@id\":\"https:\/\/www.noticiasradioreflejos.com.ar\/2021\/sindicalistas-y-empresarios-acordaron-un-nuevo-salario-minimo-de-47-850\/#primaryimage\",\"url\":\"https:\/\/www.noticiasradioreflejos.com.ar\/2021\/wp-content\/uploads\/2020\/03\/pesos.jpg\",\"contentUrl\":\"https:\/\/www.noticiasradioreflejos.com.ar\/2021\/wp-content\/uploads\/2020\/03\/pesos.jpg\",\"width\":870,\"height\":580},{\"@type\":\"BreadcrumbList\",\"@id\":\"https:\/\/www.noticiasradioreflejos.com.ar\/2021\/sindicalistas-y-empresarios-acordaron-un-nuevo-salario-minimo-de-47-850\/#breadcrumb\",\"itemListElement\":[{\"@type\":\"ListItem\",\"position\":1,\"name\":\"Portada\",\"item\":\"https:\/\/www.noticiasradioreflejos.com.ar\/2021\/\"},{\"@type\":\"ListItem\",\"position\":2,\"name\":\"Sindicalistas y empresarios acordaron un nuevo salario m\u00ednimo de $47.850\"}]},{\"@type\":\"WebSite\",\"@id\":\"https:\/\/www.noticiasradioreflejos.com.ar\/2021\/#website\",\"url\":\"https:\/\/www.noticiasradioreflejos.com.ar\/2021\/\",\"name\":\"Noticias Radio Reflejos\",\"description\":\"Las noticias de mi comarca\",\"potentialAction\":[{\"@type\":\"SearchAction\",\"target\":{\"@type\":\"EntryPoint\",\"urlTemplate\":\"https:\/\/www.noticiasradioreflejos.com.ar\/2021\/?s={search_term_string}\"},\"query-input\":{\"@type\":\"PropertyValueSpecification\",\"valueRequired\":true,\"valueName\":\"search_term_string\"}}],\"inLanguage\":\"es\"},{\"@type\":\"Person\",\"@id\":\"https:\/\/www.noticiasradioreflejos.com.ar\/2021\/#\/schema\/person\/ad82545263dcc5ec0996818884fd5fb1\",\"name\":\"Arnaldo Botto\",\"image\":{\"@type\":\"ImageObject\",\"inLanguage\":\"es\",\"@id\":\"https:\/\/www.noticiasradioreflejos.com.ar\/2021\/#\/schema\/person\/image\/\",\"url\":\"https:\/\/secure.gravatar.com\/avatar\/55cb5e37c1efa326397366e6974cb338056df65cb50e7d64d1cf314e87504837?s=96&d=mm&r=g\",\"contentUrl\":\"https:\/\/secure.gravatar.com\/avatar\/55cb5e37c1efa326397366e6974cb338056df65cb50e7d64d1cf314e87504837?s=96&d=mm&r=g\",\"caption\":\"Arnaldo Botto\"},\"url\":\"https:\/\/www.noticiasradioreflejos.com.ar\/2021\/author\/arnaldo\/\"}]}<\/script>\n<!-- \/ Yoast SEO plugin. -->","yoast_head_json":{"title":"Sindicalistas y empresarios acordaron un nuevo salario m\u00ednimo de $47.850 - Noticias Radio Reflejos","robots":{"index":"index","follow":"follow","max-snippet":"max-snippet:-1","max-image-preview":"max-image-preview:large","max-video-preview":"max-video-preview:-1"},"canonical":"https:\/\/www.noticiasradioreflejos.com.ar\/2021\/sindicalistas-y-empresarios-acordaron-un-nuevo-salario-minimo-de-47-850\/","og_locale":"es_ES","og_type":"article","og_title":"Sindicalistas y empresarios acordaron un nuevo salario m\u00ednimo de $47.850 - Noticias Radio Reflejos","og_description":"El nuevo salario m\u00ednimo ser\u00e1 de $47.850 para fin de a\u00f1o tras la reuni\u00f3n del consejo integrado por empresarios y sindicalistas. El aumento estipulado ser\u00e1 del 45% en cuatro tramos, seg\u00fan inform\u00f3 el Ministerio de Trabajo.","og_url":"https:\/\/www.noticiasradioreflejos.com.ar\/2021\/sindicalistas-y-empresarios-acordaron-un-nuevo-salario-minimo-de-47-850\/","og_site_name":"Noticias Radio Reflejos","article_published_time":"2022-03-16T21:22:54+00:00","og_image":[{"width":870,"height":580,"url":"https:\/\/www.noticiasradioreflejos.com.ar\/2021\/wp-content\/uploads\/2020\/03\/pesos.jpg","type":"image\/jpeg"}],"author":"Arnaldo Botto","twitter_card":"summary_large_image","schema":{"@context":"https:\/\/schema.org","@graph":[{"@type":"WebPage","@id":"https:\/\/www.noticiasradioreflejos.com.ar\/2021\/sindicalistas-y-empresarios-acordaron-un-nuevo-salario-minimo-de-47-850\/","url":"https:\/\/www.noticiasradioreflejos.com.ar\/2021\/sindicalistas-y-empresarios-acordaron-un-nuevo-salario-minimo-de-47-850\/","name":"Sindicalistas y empresarios acordaron un nuevo salario m\u00ednimo de $47.850 - Noticias Radio Reflejos","isPartOf":{"@id":"https:\/\/www.noticiasradioreflejos.com.ar\/2021\/#website"},"primaryImageOfPage":{"@id":"https:\/\/www.noticiasradioreflejos.com.ar\/2021\/sindicalistas-y-empresarios-acordaron-un-nuevo-salario-minimo-de-47-850\/#primaryimage"},"image":{"@id":"https:\/\/www.noticiasradioreflejos.com.ar\/2021\/sindicalistas-y-empresarios-acordaron-un-nuevo-salario-minimo-de-47-850\/#primaryimage"},"thumbnailUrl":"https:\/\/www.noticiasradioreflejos.com.ar\/2021\/wp-content\/uploads\/2020\/03\/pesos.jpg","datePublished":"2022-03-16T21:22:54+00:00","author":{"@id":"https:\/\/www.noticiasradioreflejos.com.ar\/2021\/#\/schema\/person\/ad82545263dcc5ec0996818884fd5fb1"},"breadcrumb":{"@id":"https:\/\/www.noticiasradioreflejos.com.ar\/2021\/sindicalistas-y-empresarios-acordaron-un-nuevo-salario-minimo-de-47-850\/#breadcrumb"},"inLanguage":"es","potentialAction":[{"@type":"ReadAction","target":["https:\/\/www.noticiasradioreflejos.com.ar\/2021\/sindicalistas-y-empresarios-acordaron-un-nuevo-salario-minimo-de-47-850\/"]}]},{"@type":"ImageObject","inLanguage":"es","@id":"https:\/\/www.noticiasradioreflejos.com.ar\/2021\/sindicalistas-y-empresarios-acordaron-un-nuevo-salario-minimo-de-47-850\/#primaryimage","url":"https:\/\/www.noticiasradioreflejos.com.ar\/2021\/wp-content\/uploads\/2020\/03\/pesos.jpg","contentUrl":"https:\/\/www.noticiasradioreflejos.com.ar\/2021\/wp-content\/uploads\/2020\/03\/pesos.jpg","width":870,"height":580},{"@type":"BreadcrumbList","@id":"https:\/\/www.noticiasradioreflejos.com.ar\/2021\/sindicalistas-y-empresarios-acordaron-un-nuevo-salario-minimo-de-47-850\/#breadcrumb","itemListElement":[{"@type":"ListItem","position":1,"name":"Portada","item":"https:\/\/www.noticiasradioreflejos.com.ar\/2021\/"},{"@type":"ListItem","position":2,"name":"Sindicalistas y empresarios acordaron un nuevo salario m\u00ednimo de $47.850"}]},{"@type":"WebSite","@id":"https:\/\/www.noticiasradioreflejos.com.ar\/2021\/#website","url":"https:\/\/www.noticiasradioreflejos.com.ar\/2021\/","name":"Noticias Radio Reflejos","description":"Las noticias de mi comarca","potentialAction":[{"@type":"SearchAction","target":{"@type":"EntryPoint","urlTemplate":"https:\/\/www.noticiasradioreflejos.com.ar\/2021\/?s={search_term_string}"},"query-input":{"@type":"PropertyValueSpecification","valueRequired":true,"valueName":"search_term_string"}}],"inLanguage":"es"},{"@type":"Person","@id":"https:\/\/www.noticiasradioreflejos.com.ar\/2021\/#\/schema\/person\/ad82545263dcc5ec0996818884fd5fb1","name":"Arnaldo Botto","image":{"@type":"ImageObject","inLanguage":"es","@id":"https:\/\/www.noticiasradioreflejos.com.ar\/2021\/#\/schema\/person\/image\/","url":"https:\/\/secure.gravatar.com\/avatar\/55cb5e37c1efa326397366e6974cb338056df65cb50e7d64d1cf314e87504837?s=96&d=mm&r=g","contentUrl":"https:\/\/secure.gravatar.com\/avatar\/55cb5e37c1efa326397366e6974cb338056df65cb50e7d64d1cf314e87504837?s=96&d=mm&r=g","caption":"Arnaldo Botto"},"url":"https:\/\/www.noticiasradioreflejos.com.ar\/2021\/author\/arnaldo\/"}]}},"_links":{"self":[{"href":"https:\/\/www.noticiasradioreflejos.com.ar\/2021\/wp-json\/wp\/v2\/posts\/69368","targetHints":{"allow":["GET"]}}],"collection":[{"href":"https:\/\/www.noticiasradioreflejos.com.ar\/2021\/wp-json\/wp\/v2\/posts"}],"about":[{"href":"https:\/\/www.noticiasradioreflejos.com.ar\/2021\/wp-json\/wp\/v2\/types\/post"}],"author":[{"embeddable":true,"href":"https:\/\/www.noticiasradioreflejos.com.ar\/2021\/wp-json\/wp\/v2\/users\/3"}],"replies":[{"embeddable":true,"href":"https:\/\/www.noticiasradioreflejos.com.ar\/2021\/wp-json\/wp\/v2\/comments?post=69368"}],"version-history":[{"count":1,"href":"https:\/\/www.noticiasradioreflejos.com.ar\/2021\/wp-json\/wp\/v2\/posts\/69368\/revisions"}],"predecessor-version":[{"id":69370,"href":"https:\/\/www.noticiasradioreflejos.com.ar\/2021\/wp-json\/wp\/v2\/posts\/69368\/revisions\/69370"}],"wp:featuredmedia":[{"embeddable":true,"href":"https:\/\/www.noticiasradioreflejos.com.ar\/2021\/wp-json\/wp\/v2\/media\/40217"}],"wp:attachment":[{"href":"https:\/\/www.noticiasradioreflejos.com.ar\/2021\/wp-json\/wp\/v2\/media?parent=69368"}],"wp:term":[{"taxonomy":"category","embeddable":true,"href":"https:\/\/www.noticiasradioreflejos.com.ar\/2021\/wp-json\/wp\/v2\/categories?post=69368"},{"taxonomy":"post_tag","embeddable":true,"href":"https:\/\/www.noticiasradioreflejos.com.ar\/2021\/wp-json\/wp\/v2\/tags?post=69368"}],"curies":[{"name":"wp","href":"https:\/\/api.w.org\/{rel}","templated":true}]}}