{"id":69361,"date":"2022-03-16T20:11:36","date_gmt":"2022-03-16T20:11:36","guid":{"rendered":"http:\/\/www.noticiasradioreflejos.com.ar\/2021\/?p=69361"},"modified":"2022-03-16T20:11:36","modified_gmt":"2022-03-16T20:11:36","slug":"el-gobierno-y-gremios-universitarios-acordaron-un-aumento-del-41-en-4-tramos","status":"publish","type":"post","link":"https:\/\/www.noticiasradioreflejos.com.ar\/2021\/el-gobierno-y-gremios-universitarios-acordaron-un-aumento-del-41-en-4-tramos\/","title":{"rendered":"El Gobierno y gremios universitarios acordaron un aumento del 41% en 4 tramos"},"content":{"rendered":"<div class=\"wrapper-header\">\n<div class=\"container-xl\">\n<div class=\"row\">\n<div class=\"col-12\">\n<div class=\"head-content mb-4\">\n<div class=\"my-3\">\n<div class=\"social mt-3\">La recomposici\u00f3n salarial ser\u00e1 abonada un 13% en marzo, 12% en junio, 6% en agosto y 10% final en septiembre, seg\u00fan lo confirmado por el ministerio de Educaci\u00f3n.<\/div>\n<\/div>\n<\/div>\n<\/div>\n<\/div>\n<\/div>\n<\/div>\n<p><!--more--><\/p>\n<div class=\"wrapper-editable-content\">\n<div>\n<div class=\"wrapper-editable-content\">\n<div>\n<div class=\"container-md\">\n<div class=\"row\">\n<div class=\"col-md-12 speak\">\n<div class=\"paragraph\">\n<figure class=\"mb-3\"><img decoding=\"async\" src=\"https:\/\/www.telam.com.ar\/thumbs\/bluesteel\/advf\/imagenes\/2021\/12\/61c8845753140_900.jpg\" alt=\"El nuevo encuentro paritario fue encabezado por el ministro de Educacin Jaime Perczyk y el secretario de Polticas Universitarias Oscar Alpa\" width=\"100%\" height=\"100%\" \/><\/p>\n<div class=\"media-icons\"><\/div><figcaption>El nuevo encuentro paritario fue encabezado por el ministro de Educaci\u00f3n, Jaime Perczyk; y el secretario de Pol\u00edticas Universitarias, Oscar Alpa.<\/figcaption><\/figure>\n<p>El Gobierno y los gremios docentes y no docentes de universidades nacionales acordaron este martes en paritarias una mejora salarial del 41% en cuatro tramos, mientras el total de aumento acumulado para 2021 fue sellado en el 53%, confirmaron la\u00a0<a href=\"https:\/\/www.argentina.gob.ar\/noticias\/el-gobierno-acordo-un-41-de-aumento-con-gremios-docentes-y-no-docentes-de-universidades\" target=\"_blank\" rel=\"noopener\">cartera de Educaci\u00f3n<\/a>\u00a0y los sindicatos de la actividad.<\/p>\n<p>El nuevo encuentro paritario fue\u00a0<strong>encabezado por el ministro de Educaci\u00f3n, Jaime Perczyk<\/strong>; y el secretario de Pol\u00edticas Universitarias, Oscar Alpa; y<strong>\u00a0la recomposici\u00f3n ser\u00e1 abonada un 13% en marzo, 12 en junio, 6 en agosto y 10% final en septiembre pr\u00f3ximo<\/strong>, confirm\u00f3 la cartera estatal.<\/p>\n<p>Adem\u00e1s,<strong>\u00a0el acta-acuerdo contempl\u00f3 otro 3% de incremento a percibir con los haberes de este mes y correspondiente al per\u00edodo 2021<\/strong>, lo que en total gener\u00f3 un acumulado del 53% ese a\u00f1o, es decir, un 2,1 por sobre la inflaci\u00f3n.<\/p>\n<p>Funcionarios y sindicalistas tambi\u00e9n\u00a0<strong>convinieron una cl\u00e1usula de revisi\u00f3n en septiembre y el monitoreo permanente del \u00edndice del proceso inflacionario.<\/strong><\/p>\n<p>\u00ab<strong>El Gobierno tiene el objetivo claro de que los salarios se recuperen frente a la inflaci\u00f3n. Hoy se cumpli\u00f3 el compromiso asumido de revisar el acuerdo paritario de 2021 y concretar la negociaci\u00f3n salarial de este a\u00f1o<\/strong>\u00ab, asegur\u00f3 el ministro.<\/p>\n<p>Perczyk a\u00f1adi\u00f3 luego del encuentro que \u00abla discusi\u00f3n salarial es parte central de la pol\u00edtica educativa para que las universidades p\u00fablicas sean una plataforma de desarrollo\u00bb, en tanto Alpa resalt\u00f3 que \u00abel compromiso del Gobierno es reconocer el esfuerzo de cada uno de los trabajadores universitarios, por lo que la propuesta procur\u00f3 recuperar el nivel adquisitivo de los salarios frente a la inflaci\u00f3n\u00bb.<\/p>\n<p>De la paritaria participaron representantes sindicales de los gremios\u00a0<strong>Conadu, Conadu Hist\u00f3rica, Fedun, Fagdut, UDA y Ctera y el sindicato no docente Fatun.<\/strong><\/p>\n<p>Tambi\u00e9n lo hicieron C\u00e9sar Albornoz, subsecretario de Pol\u00edticas Universitarias; Leandro Quiroga, de Fortalecimiento de Trayectorias Estudiantiles; Daniel L\u00f3pez, director nacional de Calidad Universitaria, y el presidente del CIN, Rodolfo Tecchi.<\/p>\n<p><strong>La Fagdut, que lidera Norberto Heyaca y agrupa a los docentes de la UTN<\/strong>, sostuvo en un documento que el acuerdo beneficia a 150 mil profesionales y que los aumentos salariales ser\u00e1n \u00abno acumulativos\u00bb sobre el nuevo valor de cierre de la paritaria 2021, y resalt\u00f3 \u00ablas mejoras obtenidas respecto de la primera oferta\u00bb.<\/p>\n<div class=\"twitter-tweet twitter-tweet-rendered\"><iframe id=\"twitter-widget-0\" class=\"\" title=\"Twitter Tweet\" src=\"https:\/\/platform.twitter.com\/embed\/Tweet.html?creatorScreenName=agenciatelam&amp;dnt=false&amp;embedId=twitter-widget-0&amp;features=eyJ0ZndfZXhwZXJpbWVudHNfY29va2llX2V4cGlyYXRpb24iOnsiYnVja2V0IjoxMjA5NjAwLCJ2ZXJzaW9uIjpudWxsfSwidGZ3X2hvcml6b25fdHdlZXRfZW1iZWRfOTU1NSI6eyJidWNrZXQiOiJodGUiLCJ2ZXJzaW9uIjpudWxsfSwidGZ3X3NrZWxldG9uX2xvYWRpbmdfMTMzOTgiOnsiYnVja2V0IjoiY3RhIiwidmVyc2lvbiI6bnVsbH0sInRmd19zcGFjZV9jYXJkIjp7ImJ1Y2tldCI6Im9mZiIsInZlcnNpb24iOm51bGx9fQ%3D%3D&amp;frame=false&amp;hideCard=false&amp;hideThread=false&amp;id=1503838204675338240&amp;lang=es&amp;origin=https%3A%2F%2Fwww.telam.com.ar%2Fnotas%2F202203%2F586488-el-gobierno-y-gremios-universitarios-acordaron-un-aumento-del-41-en-4-tramos.html&amp;sessionId=7675db8c556fab5f71acb72c9c77eea37cad5917&amp;siteScreenName=agenciatelam&amp;theme=light&amp;widgetsVersion=2582c61%3A1645036219416&amp;width=550px\" frameborder=\"0\" scrolling=\"no\" allowfullscreen=\"allowfullscreen\" data-tweet-id=\"1503838204675338240\" data-mce-fragment=\"1\"><\/iframe><\/div>\n<p>Luego de una consulta nacional, las bases del gremio aceptaron la propuesta oficial a trav\u00e9s de un formulario, y participaron 31 seccionales y menos del 20 por ciento votaron en contra, seg\u00fan dijo Oscar Rufin\u00e9, dirigentes de la filial Paran\u00e1.<\/p>\n<p>Seg\u00fan el gremio,\u00a0<strong>el acuerdo contempl\u00f3 tambi\u00e9n la continuidad del pago del Fondo Nacional de Incentivo Docente (Fonid) para niveles preuniversitarios, el Programa de Capacitaci\u00f3n Gratuito y el incremento de la garant\u00eda salarial,\u00a0<\/strong>concluy\u00f3.<\/p>\n<p>La Fedun, que lidera Daniel Ricci, explic\u00f3 adem\u00e1s que \u00abse constituy\u00f3 una comisi\u00f3n de seguimiento permanente del salario contra la inflaci\u00f3n\u00bb y que continuar\u00e1n \u00ablas rentas para los docentes ad honorem, el pase de ayudante de primera a jefes de trabajos pr\u00e1cticos y el presupuesto para capacitaci\u00f3n\u00bb, sostuvo en un comunicado.<\/p><\/div>\n<\/div>\n<\/div>\n<\/div>\n<\/div>\n<\/div>\n<\/div>\n<\/div>\n","protected":false},"excerpt":{"rendered":"<p>La recomposici\u00f3n salarial ser\u00e1 abonada un 13% en marzo, 12% en junio, 6% en agosto y 10% final en septiembre, seg\u00fan lo confirmado por el ministerio de Educaci\u00f3n.<\/p>\n","protected":false},"author":3,"featured_media":0,"comment_status":"closed","ping_status":"closed","sticky":false,"template":"","format":"standard","meta":{"footnotes":""},"categories":[36,34,24],"tags":[],"class_list":["post-69361","post","type-post","status-publish","format-standard","hentry","category-economia","category-educacion","category-politica"],"yoast_head":"<!-- This site is optimized with the Yoast SEO plugin v25.9 - https:\/\/yoast.com\/wordpress\/plugins\/seo\/ -->\n<title>El Gobierno y gremios universitarios acordaron un aumento del 41% en 4 tramos - Noticias Radio Reflejos<\/title>\n<meta name=\"robots\" content=\"index, follow, max-snippet:-1, max-image-preview:large, max-video-preview:-1\" \/>\n<link rel=\"canonical\" href=\"https:\/\/www.noticiasradioreflejos.com.ar\/2021\/el-gobierno-y-gremios-universitarios-acordaron-un-aumento-del-41-en-4-tramos\/\" \/>\n<meta property=\"og:locale\" content=\"es_ES\" \/>\n<meta property=\"og:type\" content=\"article\" \/>\n<meta property=\"og:title\" content=\"El Gobierno y gremios universitarios acordaron un aumento del 41% en 4 tramos - Noticias Radio Reflejos\" \/>\n<meta property=\"og:description\" content=\"La recomposici\u00f3n salarial ser\u00e1 abonada un 13% en marzo, 12% en junio, 6% en agosto y 10% final en septiembre, seg\u00fan lo confirmado por el ministerio de Educaci\u00f3n.\" \/>\n<meta property=\"og:url\" content=\"https:\/\/www.noticiasradioreflejos.com.ar\/2021\/el-gobierno-y-gremios-universitarios-acordaron-un-aumento-del-41-en-4-tramos\/\" \/>\n<meta property=\"og:site_name\" content=\"Noticias Radio Reflejos\" \/>\n<meta property=\"article:published_time\" content=\"2022-03-16T20:11:36+00:00\" \/>\n<meta property=\"og:image\" content=\"https:\/\/www.telam.com.ar\/thumbs\/bluesteel\/advf\/imagenes\/2021\/12\/61c8845753140_900.jpg\" \/>\n<meta name=\"author\" content=\"Arnaldo Botto\" \/>\n<meta name=\"twitter:card\" content=\"summary_large_image\" \/>\n<script type=\"application\/ld+json\" class=\"yoast-schema-graph\">{\"@context\":\"https:\/\/schema.org\",\"@graph\":[{\"@type\":\"WebPage\",\"@id\":\"https:\/\/www.noticiasradioreflejos.com.ar\/2021\/el-gobierno-y-gremios-universitarios-acordaron-un-aumento-del-41-en-4-tramos\/\",\"url\":\"https:\/\/www.noticiasradioreflejos.com.ar\/2021\/el-gobierno-y-gremios-universitarios-acordaron-un-aumento-del-41-en-4-tramos\/\",\"name\":\"El Gobierno y gremios universitarios acordaron un aumento del 41% en 4 tramos - Noticias Radio Reflejos\",\"isPartOf\":{\"@id\":\"https:\/\/www.noticiasradioreflejos.com.ar\/2021\/#website\"},\"primaryImageOfPage\":{\"@id\":\"https:\/\/www.noticiasradioreflejos.com.ar\/2021\/el-gobierno-y-gremios-universitarios-acordaron-un-aumento-del-41-en-4-tramos\/#primaryimage\"},\"image\":{\"@id\":\"https:\/\/www.noticiasradioreflejos.com.ar\/2021\/el-gobierno-y-gremios-universitarios-acordaron-un-aumento-del-41-en-4-tramos\/#primaryimage\"},\"thumbnailUrl\":\"https:\/\/www.telam.com.ar\/thumbs\/bluesteel\/advf\/imagenes\/2021\/12\/61c8845753140_900.jpg\",\"datePublished\":\"2022-03-16T20:11:36+00:00\",\"author\":{\"@id\":\"https:\/\/www.noticiasradioreflejos.com.ar\/2021\/#\/schema\/person\/ad82545263dcc5ec0996818884fd5fb1\"},\"breadcrumb\":{\"@id\":\"https:\/\/www.noticiasradioreflejos.com.ar\/2021\/el-gobierno-y-gremios-universitarios-acordaron-un-aumento-del-41-en-4-tramos\/#breadcrumb\"},\"inLanguage\":\"es\",\"potentialAction\":[{\"@type\":\"ReadAction\",\"target\":[\"https:\/\/www.noticiasradioreflejos.com.ar\/2021\/el-gobierno-y-gremios-universitarios-acordaron-un-aumento-del-41-en-4-tramos\/\"]}]},{\"@type\":\"ImageObject\",\"inLanguage\":\"es\",\"@id\":\"https:\/\/www.noticiasradioreflejos.com.ar\/2021\/el-gobierno-y-gremios-universitarios-acordaron-un-aumento-del-41-en-4-tramos\/#primaryimage\",\"url\":\"https:\/\/www.telam.com.ar\/thumbs\/bluesteel\/advf\/imagenes\/2021\/12\/61c8845753140_900.jpg\",\"contentUrl\":\"https:\/\/www.telam.com.ar\/thumbs\/bluesteel\/advf\/imagenes\/2021\/12\/61c8845753140_900.jpg\"},{\"@type\":\"BreadcrumbList\",\"@id\":\"https:\/\/www.noticiasradioreflejos.com.ar\/2021\/el-gobierno-y-gremios-universitarios-acordaron-un-aumento-del-41-en-4-tramos\/#breadcrumb\",\"itemListElement\":[{\"@type\":\"ListItem\",\"position\":1,\"name\":\"Portada\",\"item\":\"https:\/\/www.noticiasradioreflejos.com.ar\/2021\/\"},{\"@type\":\"ListItem\",\"position\":2,\"name\":\"El Gobierno y gremios universitarios acordaron un aumento del 41% en 4 tramos\"}]},{\"@type\":\"WebSite\",\"@id\":\"https:\/\/www.noticiasradioreflejos.com.ar\/2021\/#website\",\"url\":\"https:\/\/www.noticiasradioreflejos.com.ar\/2021\/\",\"name\":\"Noticias Radio Reflejos\",\"description\":\"Las noticias de mi comarca\",\"potentialAction\":[{\"@type\":\"SearchAction\",\"target\":{\"@type\":\"EntryPoint\",\"urlTemplate\":\"https:\/\/www.noticiasradioreflejos.com.ar\/2021\/?s={search_term_string}\"},\"query-input\":{\"@type\":\"PropertyValueSpecification\",\"valueRequired\":true,\"valueName\":\"search_term_string\"}}],\"inLanguage\":\"es\"},{\"@type\":\"Person\",\"@id\":\"https:\/\/www.noticiasradioreflejos.com.ar\/2021\/#\/schema\/person\/ad82545263dcc5ec0996818884fd5fb1\",\"name\":\"Arnaldo Botto\",\"image\":{\"@type\":\"ImageObject\",\"inLanguage\":\"es\",\"@id\":\"https:\/\/www.noticiasradioreflejos.com.ar\/2021\/#\/schema\/person\/image\/\",\"url\":\"https:\/\/secure.gravatar.com\/avatar\/55cb5e37c1efa326397366e6974cb338056df65cb50e7d64d1cf314e87504837?s=96&d=mm&r=g\",\"contentUrl\":\"https:\/\/secure.gravatar.com\/avatar\/55cb5e37c1efa326397366e6974cb338056df65cb50e7d64d1cf314e87504837?s=96&d=mm&r=g\",\"caption\":\"Arnaldo Botto\"},\"url\":\"https:\/\/www.noticiasradioreflejos.com.ar\/2021\/author\/arnaldo\/\"}]}<\/script>\n<!-- \/ Yoast SEO plugin. -->","yoast_head_json":{"title":"El Gobierno y gremios universitarios acordaron un aumento del 41% en 4 tramos - Noticias Radio Reflejos","robots":{"index":"index","follow":"follow","max-snippet":"max-snippet:-1","max-image-preview":"max-image-preview:large","max-video-preview":"max-video-preview:-1"},"canonical":"https:\/\/www.noticiasradioreflejos.com.ar\/2021\/el-gobierno-y-gremios-universitarios-acordaron-un-aumento-del-41-en-4-tramos\/","og_locale":"es_ES","og_type":"article","og_title":"El Gobierno y gremios universitarios acordaron un aumento del 41% en 4 tramos - Noticias Radio Reflejos","og_description":"La recomposici\u00f3n salarial ser\u00e1 abonada un 13% en marzo, 12% en junio, 6% en agosto y 10% final en septiembre, seg\u00fan lo confirmado por el ministerio de Educaci\u00f3n.","og_url":"https:\/\/www.noticiasradioreflejos.com.ar\/2021\/el-gobierno-y-gremios-universitarios-acordaron-un-aumento-del-41-en-4-tramos\/","og_site_name":"Noticias Radio Reflejos","article_published_time":"2022-03-16T20:11:36+00:00","og_image":[{"url":"https:\/\/www.telam.com.ar\/thumbs\/bluesteel\/advf\/imagenes\/2021\/12\/61c8845753140_900.jpg","type":"","width":"","height":""}],"author":"Arnaldo Botto","twitter_card":"summary_large_image","schema":{"@context":"https:\/\/schema.org","@graph":[{"@type":"WebPage","@id":"https:\/\/www.noticiasradioreflejos.com.ar\/2021\/el-gobierno-y-gremios-universitarios-acordaron-un-aumento-del-41-en-4-tramos\/","url":"https:\/\/www.noticiasradioreflejos.com.ar\/2021\/el-gobierno-y-gremios-universitarios-acordaron-un-aumento-del-41-en-4-tramos\/","name":"El Gobierno y gremios universitarios acordaron un aumento del 41% en 4 tramos - Noticias Radio Reflejos","isPartOf":{"@id":"https:\/\/www.noticiasradioreflejos.com.ar\/2021\/#website"},"primaryImageOfPage":{"@id":"https:\/\/www.noticiasradioreflejos.com.ar\/2021\/el-gobierno-y-gremios-universitarios-acordaron-un-aumento-del-41-en-4-tramos\/#primaryimage"},"image":{"@id":"https:\/\/www.noticiasradioreflejos.com.ar\/2021\/el-gobierno-y-gremios-universitarios-acordaron-un-aumento-del-41-en-4-tramos\/#primaryimage"},"thumbnailUrl":"https:\/\/www.telam.com.ar\/thumbs\/bluesteel\/advf\/imagenes\/2021\/12\/61c8845753140_900.jpg","datePublished":"2022-03-16T20:11:36+00:00","author":{"@id":"https:\/\/www.noticiasradioreflejos.com.ar\/2021\/#\/schema\/person\/ad82545263dcc5ec0996818884fd5fb1"},"breadcrumb":{"@id":"https:\/\/www.noticiasradioreflejos.com.ar\/2021\/el-gobierno-y-gremios-universitarios-acordaron-un-aumento-del-41-en-4-tramos\/#breadcrumb"},"inLanguage":"es","potentialAction":[{"@type":"ReadAction","target":["https:\/\/www.noticiasradioreflejos.com.ar\/2021\/el-gobierno-y-gremios-universitarios-acordaron-un-aumento-del-41-en-4-tramos\/"]}]},{"@type":"ImageObject","inLanguage":"es","@id":"https:\/\/www.noticiasradioreflejos.com.ar\/2021\/el-gobierno-y-gremios-universitarios-acordaron-un-aumento-del-41-en-4-tramos\/#primaryimage","url":"https:\/\/www.telam.com.ar\/thumbs\/bluesteel\/advf\/imagenes\/2021\/12\/61c8845753140_900.jpg","contentUrl":"https:\/\/www.telam.com.ar\/thumbs\/bluesteel\/advf\/imagenes\/2021\/12\/61c8845753140_900.jpg"},{"@type":"BreadcrumbList","@id":"https:\/\/www.noticiasradioreflejos.com.ar\/2021\/el-gobierno-y-gremios-universitarios-acordaron-un-aumento-del-41-en-4-tramos\/#breadcrumb","itemListElement":[{"@type":"ListItem","position":1,"name":"Portada","item":"https:\/\/www.noticiasradioreflejos.com.ar\/2021\/"},{"@type":"ListItem","position":2,"name":"El Gobierno y gremios universitarios acordaron un aumento del 41% en 4 tramos"}]},{"@type":"WebSite","@id":"https:\/\/www.noticiasradioreflejos.com.ar\/2021\/#website","url":"https:\/\/www.noticiasradioreflejos.com.ar\/2021\/","name":"Noticias Radio Reflejos","description":"Las noticias de mi comarca","potentialAction":[{"@type":"SearchAction","target":{"@type":"EntryPoint","urlTemplate":"https:\/\/www.noticiasradioreflejos.com.ar\/2021\/?s={search_term_string}"},"query-input":{"@type":"PropertyValueSpecification","valueRequired":true,"valueName":"search_term_string"}}],"inLanguage":"es"},{"@type":"Person","@id":"https:\/\/www.noticiasradioreflejos.com.ar\/2021\/#\/schema\/person\/ad82545263dcc5ec0996818884fd5fb1","name":"Arnaldo Botto","image":{"@type":"ImageObject","inLanguage":"es","@id":"https:\/\/www.noticiasradioreflejos.com.ar\/2021\/#\/schema\/person\/image\/","url":"https:\/\/secure.gravatar.com\/avatar\/55cb5e37c1efa326397366e6974cb338056df65cb50e7d64d1cf314e87504837?s=96&d=mm&r=g","contentUrl":"https:\/\/secure.gravatar.com\/avatar\/55cb5e37c1efa326397366e6974cb338056df65cb50e7d64d1cf314e87504837?s=96&d=mm&r=g","caption":"Arnaldo Botto"},"url":"https:\/\/www.noticiasradioreflejos.com.ar\/2021\/author\/arnaldo\/"}]}},"_links":{"self":[{"href":"https:\/\/www.noticiasradioreflejos.com.ar\/2021\/wp-json\/wp\/v2\/posts\/69361","targetHints":{"allow":["GET"]}}],"collection":[{"href":"https:\/\/www.noticiasradioreflejos.com.ar\/2021\/wp-json\/wp\/v2\/posts"}],"about":[{"href":"https:\/\/www.noticiasradioreflejos.com.ar\/2021\/wp-json\/wp\/v2\/types\/post"}],"author":[{"embeddable":true,"href":"https:\/\/www.noticiasradioreflejos.com.ar\/2021\/wp-json\/wp\/v2\/users\/3"}],"replies":[{"embeddable":true,"href":"https:\/\/www.noticiasradioreflejos.com.ar\/2021\/wp-json\/wp\/v2\/comments?post=69361"}],"version-history":[{"count":1,"href":"https:\/\/www.noticiasradioreflejos.com.ar\/2021\/wp-json\/wp\/v2\/posts\/69361\/revisions"}],"predecessor-version":[{"id":69364,"href":"https:\/\/www.noticiasradioreflejos.com.ar\/2021\/wp-json\/wp\/v2\/posts\/69361\/revisions\/69364"}],"wp:attachment":[{"href":"https:\/\/www.noticiasradioreflejos.com.ar\/2021\/wp-json\/wp\/v2\/media?parent=69361"}],"wp:term":[{"taxonomy":"category","embeddable":true,"href":"https:\/\/www.noticiasradioreflejos.com.ar\/2021\/wp-json\/wp\/v2\/categories?post=69361"},{"taxonomy":"post_tag","embeddable":true,"href":"https:\/\/www.noticiasradioreflejos.com.ar\/2021\/wp-json\/wp\/v2\/tags?post=69361"}],"curies":[{"name":"wp","href":"https:\/\/api.w.org\/{rel}","templated":true}]}}